{"id":9972,"date":"2024-09-26T15:05:24","date_gmt":"2024-09-26T18:05:24","guid":{"rendered":"https:\/\/dedemesquita.com.br\/?p=9972"},"modified":"2024-09-26T15:05:29","modified_gmt":"2024-09-26T18:05:29","slug":"teatro-e-oficina-de-ceramica-estao-na-programacao-cultural-do-ccba-neste-final-de-semana","status":"publish","type":"post","link":"https:\/\/dedemesquita.com.br\/?p=9972","title":{"rendered":"Teatro e oficina de cer\u00e2mica est\u00e3o na programa\u00e7\u00e3o cultural do CCBA, neste final de semana"},"content":{"rendered":"\n<p><strong>Bel\u00e9m, 26 de setembro de 2024 &#8211;<\/strong> Este site, <em>grazadeus<\/em>, N\u00c3O vive s\u00f3 de tretas e fofocas, mas traz umas dicas bacanas pra voc\u00eas. Bora, te alui!<\/p>\n\n\n\n<p>A programa\u00e7\u00e3o deste final de semana do <strong>Centro Cultural Bienal das Amaz\u00f4nias &#8211; CCBA<\/strong> apresenta a magia de um espet\u00e1culo teatral e um workshop de introdu\u00e7\u00e3o \u00e0 cer\u00e2mica para todas as idades. O CCBA tem patroc\u00ednio do <strong>Nubank<\/strong>, <strong>Shell<\/strong> e <strong>Instituto Cultural Vale<\/strong>. <strong>A visita\u00e7\u00e3o \u00e9 gratuita.<\/strong><\/p>\n\n\n<div class=\"wp-block-image\">\n<figure class=\"aligncenter size-full\"><img loading=\"lazy\" decoding=\"async\" width=\"750\" height=\"562\" src=\"https:\/\/dedemesquita.com.br\/wp-content\/uploads\/2024\/09\/WhatsApp-Image-2024-09-26-at-14.15.52-1.jpeg\" alt=\"\" class=\"wp-image-9974\"\/><figcaption class=\"wp-element-caption\">Fa\u00edsca ministra oficina de cer\u00e2mica no CCBA<\/figcaption><\/figure><\/div>\n\n\n<pre class=\"wp-block-code\"><code><strong>Na sexta, 27, e no s\u00e1bado, 28, ser\u00e1 realizado o workshop \u201cIntrodu\u00e7\u00e3o \u00e0 cer\u00e2mica\u201d, ministrado pelo artista pl\u00e1stico Fa\u00edsca, apresentando ao p\u00fablico os princ\u00edpios b\u00e1sicos da prepara\u00e7\u00e3o da argila para a t\u00e9cnica da cer\u00e2mica, uma etapa essencial para obten\u00e7\u00e3o de bons resultados na cria\u00e7\u00e3o de esculturas e objetos. A oficina ser\u00e1 sempre das 15 \u00e0s 18h, com faixa et\u00e1ria m\u00ednima de 16 anos.<\/strong><\/code><\/pre>\n\n\n\n<p>No domingo , 29, o espet\u00e1culo \u201cMagya e o Myst\u00e9rio\u201d toma conta do CCBA. Trata-se de uma pe\u00e7a teatral do grupo Folhas de Papel, que ser\u00e1 apresentado \u00e0s 10 horas. Magya &#8211; a assistente atrapalhada &#8211; e Myst\u00e9rio &#8211; o m\u00e1gico glamoroso combinam palha\u00e7aria, m\u00e1gica e ilusionismo, conduzido pelos artistas Tais Sawaki e Ajota, que fazem uma apresenta\u00e7\u00e3o repleta de surpresas e risadas.\u00a0<\/p>\n\n\n\n<p><strong>Exposi\u00e7\u00f5es &#8211; <\/strong>Paralelamente \u00e0 programa\u00e7\u00e3o especial do final de semana, o Centro Cultural Bienal das Amaz\u00f4nias continua com <strong>quatro exposi\u00e7\u00f5es imperd\u00edveis<\/strong>, com uma diversidade de temas que abordam o cotidiano das pessoas.\u00a0<\/p>\n\n\n\n<pre class=\"wp-block-code\"><code><strong>A exposi\u00e7\u00e3o \u201cInsurg\u00eancias e o Contraponto do Longe\u201d celebra a pot\u00eancia art\u00edstica dos sub\u00farbios e das quebradas, propondo uma curadoria coletiva que se estrutura como um quilombo, um espa\u00e7o de vida, sa\u00fade e sabedoria.\n\n\u201cAs Revoltosas\" \u00e9 uma s\u00e9rie composta por personagens que explora as complexidades e resist\u00eancias das mulheres na sociedade contempor\u00e2nea, abordando a luta por direitos, a desconstru\u00e7\u00e3o de padr\u00f5es sociais e de g\u00eanero, e principalmente a celebra\u00e7\u00e3o da identidade que estava adormecida e soterrada.\n\n\u201cMoeda Cabana\u201d tamb\u00e9m fala de resist\u00eancia, al\u00e9m de mem\u00f3ria e identidade. Andr\u00e9 Penteado usa a fotografia como ferramenta para reimaginar momentos importantes da Hist\u00f3ria do Brasil e busca conduzir o p\u00fablico a um processo de ressignifica\u00e7\u00e3o e conscientiza\u00e7\u00e3o da import\u00e2ncia do reconhecimento desses relatos muitas vezes t\u00e3o complexos.\n\n\u201cPassos de Encantamento\u201d \u00e9 uma experi\u00eancia para ser sentida no corpo, percebida na alma, um territ\u00f3rio onde as conven\u00e7\u00f5es de g\u00eanero se dissolvem poeticamente, atrav\u00e9s de obras que exploram encantamento, magia e espiritualidade, desenvolvidos em constru\u00e7\u00f5es po\u00e9ticas, est\u00e9ticas e materiais.<\/strong><\/code><\/pre>\n\n\n\n<p><strong>Servi\u00e7o: <\/strong><br><strong>Workshop &#8211;<\/strong> Introdu\u00e7\u00e3o \u00e0 cer\u00e2mica, com o artista Fa\u00edsca, dias 27 e 28 de setembro, das 15h \u00e0s 18h. <br>Faixa et\u00e1ria: 16 anos<\/p>\n\n\n\n<p><strong>Espet\u00e1culo<\/strong> \u201cMagya e Myst\u00e9rio\u201d &#8211; Teatro infantil, domingo, 29, \u00e0s 10 horas. <\/p>\n\n\n\n<p><strong>Exposi\u00e7\u00f5es: <\/strong><br>Hor\u00e1rio de funcionamento: segunda e ter\u00e7a, fechado; quarta e quinta, das 9h \u00e0s 17h; sexta e s\u00e1bado, das 10h \u00e0s 20h; domingos e feriados, das 10h \u00e0s 15h. \u00daltima entrada sempre 1 hora antes do fechamento, <strong>no Centro Cultural Bienal das Amaz\u00f4nias<\/strong>, na rua Senador Manoel Barata, 400, bairro da Campina. <strong>Entrada gratuita.<\/strong><\/p>\n\n\n\n<p>Mais informa\u00e7\u00f5es no site <strong><a href=\"http:\/\/www.bienalamazonias.org.br\">www.bienalamazonias.org.br<\/a> <\/strong>ou no Instagram<strong> <a href=\"http:\/\/@ccba.belem\">@ccba.belem<\/a><\/strong>.\u00a0<\/p>\n\n\n\n<p><\/p>\n","protected":false},"excerpt":{"rendered":"<p>Bel\u00e9m, 26 de setembro de 2024 &#8211; Este site, grazadeus, N\u00c3O vive s\u00f3 de tretas e fofocas, mas traz umas dicas bacanas pra voc\u00eas. Bora, te alui! A programa\u00e7\u00e3o deste final de semana do Centro Cultural Bienal das Amaz\u00f4nias &#8211; CCBA apresenta a magia de um espet\u00e1culo teatral e um workshop de introdu\u00e7\u00e3o \u00e0 cer\u00e2mica [&hellip;]<\/p>\n","protected":false},"author":2,"featured_media":9975,"comment_status":"open","ping_status":"open","sticky":false,"template":"","format":"standard","meta":{"footnotes":""},"categories":[51,14],"tags":[757,754,756,758,119,120,755],"class_list":["post-9972","post","type-post","status-publish","format-standard","has-post-thumbnail","hentry","category-destaque","category-imprensa","tag-artes-plasticas","tag-ccba","tag-ceramica","tag-faisca","tag-jornalismo","tag-jornalistas-paraenses-em-acao","tag-teatro"],"yoast_head":"<!-- This site is optimized with the Yoast SEO plugin v19.10 - https:\/\/yoast.com\/wordpress\/plugins\/seo\/ -->\n<title>Teatro e oficina de cer\u00e2mica est\u00e3o na programa\u00e7\u00e3o cultural do CCBA, neste final de semana - Ded\u00e9 Mesquita<\/title>\n<meta name=\"robots\" content=\"index, follow, max-snippet:-1, max-image-preview:large, max-video-preview:-1\" \/>\n<link rel=\"canonical\" href=\"https:\/\/dedemesquita.com.br\/?p=9972\" \/>\n<meta property=\"og:locale\" content=\"pt_BR\" \/>\n<meta property=\"og:type\" content=\"article\" \/>\n<meta property=\"og:title\" content=\"Teatro e oficina de cer\u00e2mica est\u00e3o na programa\u00e7\u00e3o cultural do CCBA, neste final de semana - Ded\u00e9 Mesquita\" \/>\n<meta property=\"og:description\" content=\"Bel\u00e9m, 26 de setembro de 2024 &#8211; Este site, grazadeus, N\u00c3O vive s\u00f3 de tretas e fofocas, mas traz umas dicas bacanas pra voc\u00eas. Bora, te alui! A programa\u00e7\u00e3o deste final de semana do Centro Cultural Bienal das Amaz\u00f4nias &#8211; CCBA apresenta a magia de um espet\u00e1culo teatral e um workshop de introdu\u00e7\u00e3o \u00e0 cer\u00e2mica [&hellip;]\" \/>\n<meta property=\"og:url\" content=\"https:\/\/dedemesquita.com.br\/?p=9972\" \/>\n<meta property=\"og:site_name\" content=\"Ded\u00e9 Mesquita\" \/>\n<meta property=\"article:publisher\" content=\"https:\/\/www.facebook.com\/dede.mesquita\" \/>\n<meta property=\"article:published_time\" content=\"2024-09-26T18:05:24+00:00\" \/>\n<meta property=\"article:modified_time\" content=\"2024-09-26T18:05:29+00:00\" \/>\n<meta property=\"og:image\" content=\"https:\/\/dedemesquita.com.br\/wp-content\/uploads\/2024\/09\/WhatsApp-Image-2024-09-26-at-14.15.52.jpeg\" \/>\n\t<meta property=\"og:image:width\" content=\"950\" \/>\n\t<meta property=\"og:image:height\" content=\"671\" \/>\n\t<meta property=\"og:image:type\" content=\"image\/jpeg\" \/>\n<meta name=\"author\" content=\"Ded\u00e9 Mesquita\" \/>\n<meta name=\"twitter:card\" content=\"summary_large_image\" \/>\n<meta name=\"twitter:creator\" content=\"@dedemesquita\" \/>\n<meta name=\"twitter:site\" content=\"@dedemesquita\" \/>\n<meta name=\"twitter:label1\" content=\"Escrito por\" \/>\n\t<meta name=\"twitter:data1\" content=\"Ded\u00e9 Mesquita\" \/>\n\t<meta name=\"twitter:label2\" content=\"Est. tempo de leitura\" \/>\n\t<meta name=\"twitter:data2\" content=\"3 minutos\" \/>\n<script type=\"application\/ld+json\" class=\"yoast-schema-graph\">{\"@context\":\"https:\/\/schema.org\",\"@graph\":[{\"@type\":\"WebPage\",\"@id\":\"https:\/\/dedemesquita.com.br\/?p=9972\",\"url\":\"https:\/\/dedemesquita.com.br\/?p=9972\",\"name\":\"Teatro e oficina de cer\u00e2mica est\u00e3o na programa\u00e7\u00e3o cultural do CCBA, neste final de semana - Ded\u00e9 Mesquita\",\"isPartOf\":{\"@id\":\"https:\/\/dedemesquita.com.br\/#website\"},\"datePublished\":\"2024-09-26T18:05:24+00:00\",\"dateModified\":\"2024-09-26T18:05:29+00:00\",\"author\":{\"@id\":\"https:\/\/dedemesquita.com.br\/#\/schema\/person\/36571f81dd2d76dc3ab37231542c9e24\"},\"breadcrumb\":{\"@id\":\"https:\/\/dedemesquita.com.br\/?p=9972#breadcrumb\"},\"inLanguage\":\"pt-BR\",\"potentialAction\":[{\"@type\":\"ReadAction\",\"target\":[\"https:\/\/dedemesquita.com.br\/?p=9972\"]}]},{\"@type\":\"BreadcrumbList\",\"@id\":\"https:\/\/dedemesquita.com.br\/?p=9972#breadcrumb\",\"itemListElement\":[{\"@type\":\"ListItem\",\"position\":1,\"name\":\"In\u00edcio\",\"item\":\"https:\/\/dedemesquita.com.br\/\"},{\"@type\":\"ListItem\",\"position\":2,\"name\":\"Teatro e oficina de cer\u00e2mica est\u00e3o na programa\u00e7\u00e3o cultural do CCBA, neste final de semana\"}]},{\"@type\":\"WebSite\",\"@id\":\"https:\/\/dedemesquita.com.br\/#website\",\"url\":\"https:\/\/dedemesquita.com.br\/\",\"name\":\"Ded\u00e9 Mesquita\",\"description\":\"Um site que mostra os bastidores da imprensa no estado do Par\u00e1 e em Bel\u00e9m\",\"potentialAction\":[{\"@type\":\"SearchAction\",\"target\":{\"@type\":\"EntryPoint\",\"urlTemplate\":\"https:\/\/dedemesquita.com.br\/?s={search_term_string}\"},\"query-input\":\"required name=search_term_string\"}],\"inLanguage\":\"pt-BR\"},{\"@type\":\"Person\",\"@id\":\"https:\/\/dedemesquita.com.br\/#\/schema\/person\/36571f81dd2d76dc3ab37231542c9e24\",\"name\":\"Ded\u00e9 Mesquita\",\"image\":{\"@type\":\"ImageObject\",\"inLanguage\":\"pt-BR\",\"@id\":\"https:\/\/dedemesquita.com.br\/#\/schema\/person\/image\/\",\"url\":\"https:\/\/dedemesquita.com.br\/wp-content\/uploads\/2021\/02\/foto_perfil-150x150.jpg\",\"contentUrl\":\"https:\/\/dedemesquita.com.br\/wp-content\/uploads\/2021\/02\/foto_perfil-150x150.jpg\",\"caption\":\"Ded\u00e9 Mesquita\"},\"sameAs\":[\"https:\/\/dedemesquita.com.br\"]}]}<\/script>\n<!-- \/ Yoast SEO plugin. -->","yoast_head_json":{"title":"Teatro e oficina de cer\u00e2mica est\u00e3o na programa\u00e7\u00e3o cultural do CCBA, neste final de semana - Ded\u00e9 Mesquita","robots":{"index":"index","follow":"follow","max-snippet":"max-snippet:-1","max-image-preview":"max-image-preview:large","max-video-preview":"max-video-preview:-1"},"canonical":"https:\/\/dedemesquita.com.br\/?p=9972","og_locale":"pt_BR","og_type":"article","og_title":"Teatro e oficina de cer\u00e2mica est\u00e3o na programa\u00e7\u00e3o cultural do CCBA, neste final de semana - Ded\u00e9 Mesquita","og_description":"Bel\u00e9m, 26 de setembro de 2024 &#8211; Este site, grazadeus, N\u00c3O vive s\u00f3 de tretas e fofocas, mas traz umas dicas bacanas pra voc\u00eas. Bora, te alui! A programa\u00e7\u00e3o deste final de semana do Centro Cultural Bienal das Amaz\u00f4nias &#8211; CCBA apresenta a magia de um espet\u00e1culo teatral e um workshop de introdu\u00e7\u00e3o \u00e0 cer\u00e2mica [&hellip;]","og_url":"https:\/\/dedemesquita.com.br\/?p=9972","og_site_name":"Ded\u00e9 Mesquita","article_publisher":"https:\/\/www.facebook.com\/dede.mesquita","article_published_time":"2024-09-26T18:05:24+00:00","article_modified_time":"2024-09-26T18:05:29+00:00","og_image":[{"width":950,"height":671,"url":"https:\/\/dedemesquita.com.br\/wp-content\/uploads\/2024\/09\/WhatsApp-Image-2024-09-26-at-14.15.52.jpeg","type":"image\/jpeg"}],"author":"Ded\u00e9 Mesquita","twitter_card":"summary_large_image","twitter_creator":"@dedemesquita","twitter_site":"@dedemesquita","twitter_misc":{"Escrito por":"Ded\u00e9 Mesquita","Est. tempo de leitura":"3 minutos"},"schema":{"@context":"https:\/\/schema.org","@graph":[{"@type":"WebPage","@id":"https:\/\/dedemesquita.com.br\/?p=9972","url":"https:\/\/dedemesquita.com.br\/?p=9972","name":"Teatro e oficina de cer\u00e2mica est\u00e3o na programa\u00e7\u00e3o cultural do CCBA, neste final de semana - Ded\u00e9 Mesquita","isPartOf":{"@id":"https:\/\/dedemesquita.com.br\/#website"},"datePublished":"2024-09-26T18:05:24+00:00","dateModified":"2024-09-26T18:05:29+00:00","author":{"@id":"https:\/\/dedemesquita.com.br\/#\/schema\/person\/36571f81dd2d76dc3ab37231542c9e24"},"breadcrumb":{"@id":"https:\/\/dedemesquita.com.br\/?p=9972#breadcrumb"},"inLanguage":"pt-BR","potentialAction":[{"@type":"ReadAction","target":["https:\/\/dedemesquita.com.br\/?p=9972"]}]},{"@type":"BreadcrumbList","@id":"https:\/\/dedemesquita.com.br\/?p=9972#breadcrumb","itemListElement":[{"@type":"ListItem","position":1,"name":"In\u00edcio","item":"https:\/\/dedemesquita.com.br\/"},{"@type":"ListItem","position":2,"name":"Teatro e oficina de cer\u00e2mica est\u00e3o na programa\u00e7\u00e3o cultural do CCBA, neste final de semana"}]},{"@type":"WebSite","@id":"https:\/\/dedemesquita.com.br\/#website","url":"https:\/\/dedemesquita.com.br\/","name":"Ded\u00e9 Mesquita","description":"Um site que mostra os bastidores da imprensa no estado do Par\u00e1 e em Bel\u00e9m","potentialAction":[{"@type":"SearchAction","target":{"@type":"EntryPoint","urlTemplate":"https:\/\/dedemesquita.com.br\/?s={search_term_string}"},"query-input":"required name=search_term_string"}],"inLanguage":"pt-BR"},{"@type":"Person","@id":"https:\/\/dedemesquita.com.br\/#\/schema\/person\/36571f81dd2d76dc3ab37231542c9e24","name":"Ded\u00e9 Mesquita","image":{"@type":"ImageObject","inLanguage":"pt-BR","@id":"https:\/\/dedemesquita.com.br\/#\/schema\/person\/image\/","url":"https:\/\/dedemesquita.com.br\/wp-content\/uploads\/2021\/02\/foto_perfil-150x150.jpg","contentUrl":"https:\/\/dedemesquita.com.br\/wp-content\/uploads\/2021\/02\/foto_perfil-150x150.jpg","caption":"Ded\u00e9 Mesquita"},"sameAs":["https:\/\/dedemesquita.com.br"]}]}},"_links":{"self":[{"href":"https:\/\/dedemesquita.com.br\/index.php?rest_route=\/wp\/v2\/posts\/9972"}],"collection":[{"href":"https:\/\/dedemesquita.com.br\/index.php?rest_route=\/wp\/v2\/posts"}],"about":[{"href":"https:\/\/dedemesquita.com.br\/index.php?rest_route=\/wp\/v2\/types\/post"}],"author":[{"embeddable":true,"href":"https:\/\/dedemesquita.com.br\/index.php?rest_route=\/wp\/v2\/users\/2"}],"replies":[{"embeddable":true,"href":"https:\/\/dedemesquita.com.br\/index.php?rest_route=%2Fwp%2Fv2%2Fcomments&post=9972"}],"version-history":[{"count":2,"href":"https:\/\/dedemesquita.com.br\/index.php?rest_route=\/wp\/v2\/posts\/9972\/revisions"}],"predecessor-version":[{"id":9976,"href":"https:\/\/dedemesquita.com.br\/index.php?rest_route=\/wp\/v2\/posts\/9972\/revisions\/9976"}],"wp:featuredmedia":[{"embeddable":true,"href":"https:\/\/dedemesquita.com.br\/index.php?rest_route=\/wp\/v2\/media\/9975"}],"wp:attachment":[{"href":"https:\/\/dedemesquita.com.br\/index.php?rest_route=%2Fwp%2Fv2%2Fmedia&parent=9972"}],"wp:term":[{"taxonomy":"category","embeddable":true,"href":"https:\/\/dedemesquita.com.br\/index.php?rest_route=%2Fwp%2Fv2%2Fcategories&post=9972"},{"taxonomy":"post_tag","embeddable":true,"href":"https:\/\/dedemesquita.com.br\/index.php?rest_route=%2Fwp%2Fv2%2Ftags&post=9972"}],"curies":[{"name":"wp","href":"https:\/\/api.w.org\/{rel}","templated":true}]}}