{"id":9807,"date":"2024-09-21T16:12:14","date_gmt":"2024-09-21T19:12:14","guid":{"rendered":"https:\/\/dedemesquita.com.br\/?p=9807"},"modified":"2024-09-21T16:12:34","modified_gmt":"2024-09-21T19:12:34","slug":"projeto-amazonia-para-sempre-do-rock-in-rio-tera-palco-flutuante-sobre-as-aguas-do-rio-guama-em-setembro-de-2025","status":"publish","type":"post","link":"https:\/\/dedemesquita.com.br\/?p=9807","title":{"rendered":"Projeto &#8220;Amaz\u00f4nia Para Sempre&#8221; do Rock in Rio ter\u00e1 palco flutuante sobre as \u00e1guas do rio Guam\u00e1 em setembro de 2025"},"content":{"rendered":"\n<p><strong>Rio de Janeiro, 21 de setembro de 2024 &#8211;<\/strong> Se Bel\u00e9m vai ser o centro das discuss\u00f5es, voltadas para o futuro do planeta com a COP 30 em 2025, antes, um evento de cultura e m\u00fasica e com foco ainda maior em sustentabilidade, vai colocar os olhos do Brasil e do mundo sobre a capital paraense. Neste s\u00e1bado, 21, o <strong>Rock in Rio<\/strong> e o <strong>The Town<\/strong>, em parceria com o Governo do Par\u00e1 e Vale, mostraram, em coletiva de imprensa, na Cidade do Rock, no Rio de Janeiro, o projeto <strong>\u201cAmaz\u00f4nia Para Sempre\u201d.<\/strong><\/p>\n\n\n<div class=\"wp-block-image\">\n<figure class=\"aligncenter size-full\"><img loading=\"lazy\" decoding=\"async\" width=\"800\" height=\"532\" src=\"https:\/\/dedemesquita.com.br\/wp-content\/uploads\/2024\/09\/Amazonia-para-Sempre-Foto_-OXIDANY.jpg\" alt=\"\" class=\"wp-image-9809\" srcset=\"https:\/\/dedemesquita.com.br\/wp-content\/uploads\/2024\/09\/Amazonia-para-Sempre-Foto_-OXIDANY.jpg 800w, https:\/\/dedemesquita.com.br\/wp-content\/uploads\/2024\/09\/Amazonia-para-Sempre-Foto_-OXIDANY-768x511.jpg 768w, https:\/\/dedemesquita.com.br\/wp-content\/uploads\/2024\/09\/Amazonia-para-Sempre-Foto_-OXIDANY-600x398.jpg 600w\" sizes=\"(max-width: 800px) 100vw, 800px\" \/><figcaption class=\"wp-element-caption\">Roberta Medina, vice-presidente do Rock in Rio &#8211; foto de OXIDANY<\/figcaption><\/figure><\/div>\n\n\n<p><strong>Roberta Medina<\/strong>, vice-presidente da Rock World, empresa promotora dos dois festivais, falou que uma grande preocupa\u00e7\u00e3o desses eventos \u00e9 a sustentabilidade, a destina\u00e7\u00e3o dos res\u00edduos s\u00f3lidos e a reciclagem. Em 2018, o Rock in Rio promoveu o Amaz\u00f4nia Live que tinha como madrinhas Ivete Sangalo e Gisele B\u00fcndchen e mostrou que a Amaz\u00f4nia tinha que ser olhada com mais aten\u00e7\u00e3o.<\/p>\n\n\n\n<p>Roberta Medina cita que \u201cN\u00e3o h\u00e1 Brasil sem Amaz\u00f4nia. N\u00f3s aqui n\u00e3o temos autoridade para falar sobre a Amaz\u00f4nia, mas vamos nos juntar com quem realmente sabe sobre a regi\u00e3o, que s\u00e3o as pessoas que nasceram e vivem l\u00e1\u201d, disse.<\/p>\n\n\n\n<p><strong>Shows &#8211; <\/strong>Em 2025, Bel\u00e9m recebe a COP 30 em novembro, mas antes desse grande evento, em setembro, a capital do Par\u00e1 vai receber dois shows-concertos que v\u00e3o marcar a hist\u00f3ria da cidade. O primeiro show ser\u00e1 sobre as \u00e1guas do rio Guam\u00e1, em um grande palco em formato de vit\u00f3ria-r\u00e9gia e com uma atra\u00e7\u00e3o internacional, com cenografia e ilumina\u00e7\u00e3o criadas, exclusivamente, para promover um encontro m\u00e1gico entre m\u00fasica e natureza.<\/p>\n\n\n\n<p>O segundo show, tamb\u00e9m ter\u00e1 atra\u00e7\u00e3o internacional e nacional e ser\u00e1 em um lugar mais fechado que ainda est\u00e1 sendo estudado. Como embaixadora dos eventos e toda a grande programa\u00e7\u00e3o que os acompanhar\u00e1 foi escolhida a cantora paraense <strong>Gaby Amarantos<\/strong>, que estava presente na coletiva.<\/p>\n\n\n<div class=\"wp-block-image\">\n<figure class=\"aligncenter size-full\"><img loading=\"lazy\" decoding=\"async\" width=\"800\" height=\"532\" src=\"https:\/\/dedemesquita.com.br\/wp-content\/uploads\/2024\/09\/Amazonia-para-Sempre-3-Foto_-OXIDANY.jpg\" alt=\"\" class=\"wp-image-9810\" srcset=\"https:\/\/dedemesquita.com.br\/wp-content\/uploads\/2024\/09\/Amazonia-para-Sempre-3-Foto_-OXIDANY.jpg 800w, https:\/\/dedemesquita.com.br\/wp-content\/uploads\/2024\/09\/Amazonia-para-Sempre-3-Foto_-OXIDANY-768x511.jpg 768w, https:\/\/dedemesquita.com.br\/wp-content\/uploads\/2024\/09\/Amazonia-para-Sempre-3-Foto_-OXIDANY-600x398.jpg 600w\" sizes=\"(max-width: 800px) 100vw, 800px\" \/><figcaption class=\"wp-element-caption\">Roberta Medina, Gaby Amarantos e Alexandre D\u2019 Ambrosio <\/figcaption><\/figure><\/div>\n\n\n<p>As atra\u00e7\u00f5es dos dois shows n\u00e3o foram revelados e ser\u00e3o conhecidas proximamente na edi\u00e7\u00e3o do The Town, que ser\u00e1 nos dias 6, 7, 12, 13 e 14 de setembro de 2025. O patroc\u00ednio master dos shows \u00e9 da mineradora Vale, cujo diretor <strong>Alexandre D\u2019 Ambrosio<\/strong> estava na coletiva.<\/p>\n\n\n\n<p>&nbsp;D\u2019 Ambrosio falou que se estranha ainda quando se fala sobre minera\u00e7\u00e3o na Amaz\u00f4nia, mas sintetiza que a Vale tem uma rela\u00e7\u00e3o simbi\u00f3tica com a floresta, e por isso \u201ca minera\u00e7\u00e3o tem tudo a ver com a floresta\u201d.<\/p>\n\n\n\n<p><strong>Edital \u2013<\/strong> Para come\u00e7ar as iniciativas do projeto foi lan\u00e7ado o Edital Amaz\u00f4nia Para Sempre, que vai destinar R$ 2 milh\u00f5es para financiamento de iniciativas no Par\u00e1 que atuam com bioeconomia, empreendedorismo e os povos da floresta. As inscri\u00e7\u00f5es ser\u00e3o no per\u00edodo de 4 a 18 de outubro deste ano.<\/p>\n\n\n\n<p><strong>Bel\u00e9m e a COP \u2013<\/strong> O governador do Par\u00e1, <strong>Helder Barbalho<\/strong>, o Heldissssss, disse que a Amaz\u00f4nia precisa ser discutida, \u201cmas com o p\u00e9 ficado na Amaz\u00f4nia\u201d.<\/p>\n\n\n\n<p>Barbalho enfatizou que os problemas para Bel\u00e9m receber a COP s\u00e3o imensos, mas todos, governos e iniciativa privada, est\u00e3o trabalhando em parceria para que a COP 30, que vai reunir na capital paraense 140 chefes de Estado, representantes de 196 pa\u00edses e ter\u00e1 mais de 70 mil pessoas participando nos 12 dias do evento, seja um sucesso e que se proporcione que todos conhe\u00e7am as diferentes \u201camaz\u00f4nias\u201d.<\/p>\n\n\n\n<p>\u201cTeremos v\u00e1rias COPs em uma s\u00f3, do Brasil, da floresta e da Amaz\u00f4nia, que deixar\u00e3o um legado para as futuras gera\u00e7\u00f5es, porque cuidar da floresta, antes de tudo, \u00e9 cuidar das pessoas que s\u00e3o oriundas desses locais\u201d, destacou o governador. &nbsp;<\/p>\n\n\n<div class=\"wp-block-image\">\n<figure class=\"aligncenter size-full\"><img loading=\"lazy\" decoding=\"async\" width=\"800\" height=\"532\" src=\"https:\/\/dedemesquita.com.br\/wp-content\/uploads\/2024\/09\/Amazonia-para-Sempre-4-Foto_-OXIDANY.jpg\" alt=\"\" class=\"wp-image-9811\" srcset=\"https:\/\/dedemesquita.com.br\/wp-content\/uploads\/2024\/09\/Amazonia-para-Sempre-4-Foto_-OXIDANY.jpg 800w, https:\/\/dedemesquita.com.br\/wp-content\/uploads\/2024\/09\/Amazonia-para-Sempre-4-Foto_-OXIDANY-768x511.jpg 768w, https:\/\/dedemesquita.com.br\/wp-content\/uploads\/2024\/09\/Amazonia-para-Sempre-4-Foto_-OXIDANY-600x398.jpg 600w\" sizes=\"(max-width: 800px) 100vw, 800px\" \/><figcaption class=\"wp-element-caption\">\u00darsula Vidal, Heldisss, Gaby, Alexandre, Roberta <\/figcaption><\/figure><\/div>\n\n\n<p class=\"has-text-align-right\"><strong><em>O site foi convidado pelo Rock in Rio para fazer a cobertura da coletiva de imprensa no Rio de Janeiro.<\/em><\/strong><\/p>\n","protected":false},"excerpt":{"rendered":"<p>Rio de Janeiro, 21 de setembro de 2024 &#8211; Se Bel\u00e9m vai ser o centro das discuss\u00f5es, voltadas para o futuro do planeta com a COP 30 em 2025, antes, um evento de cultura e m\u00fasica e com foco ainda maior em sustentabilidade, vai colocar os olhos do Brasil e do mundo sobre a capital [&hellip;]<\/p>\n","protected":false},"author":2,"featured_media":9808,"comment_status":"open","ping_status":"open","sticky":false,"template":"","format":"standard","meta":{"footnotes":""},"categories":[51,14,29],"tags":[726,206,727,119,120,724,725,456],"class_list":["post-9807","post","type-post","status-publish","format-standard","has-post-thumbnail","hentry","category-destaque","category-imprensa","category-jornalismo","tag-amazonia-para-sempre","tag-approach-comunicacao","tag-cop-30","tag-jornalismo","tag-jornalistas-paraenses-em-acao","tag-rock-in-rio","tag-the-town","tag-vale"],"yoast_head":"<!-- This site is optimized with the Yoast SEO plugin v19.10 - https:\/\/yoast.com\/wordpress\/plugins\/seo\/ -->\n<title>Projeto &quot;Amaz\u00f4nia Para Sempre&quot; do Rock in Rio ter\u00e1 palco flutuante sobre as \u00e1guas do rio Guam\u00e1 em setembro de 2025 - Ded\u00e9 Mesquita<\/title>\n<meta name=\"robots\" content=\"index, follow, max-snippet:-1, max-image-preview:large, max-video-preview:-1\" \/>\n<link rel=\"canonical\" href=\"https:\/\/dedemesquita.com.br\/?p=9807\" \/>\n<meta property=\"og:locale\" content=\"pt_BR\" \/>\n<meta property=\"og:type\" content=\"article\" \/>\n<meta property=\"og:title\" content=\"Projeto &quot;Amaz\u00f4nia Para Sempre&quot; do Rock in Rio ter\u00e1 palco flutuante sobre as \u00e1guas do rio Guam\u00e1 em setembro de 2025 - Ded\u00e9 Mesquita\" \/>\n<meta property=\"og:description\" content=\"Rio de Janeiro, 21 de setembro de 2024 &#8211; Se Bel\u00e9m vai ser o centro das discuss\u00f5es, voltadas para o futuro do planeta com a COP 30 em 2025, antes, um evento de cultura e m\u00fasica e com foco ainda maior em sustentabilidade, vai colocar os olhos do Brasil e do mundo sobre a capital [&hellip;]\" \/>\n<meta property=\"og:url\" content=\"https:\/\/dedemesquita.com.br\/?p=9807\" \/>\n<meta property=\"og:site_name\" content=\"Ded\u00e9 Mesquita\" \/>\n<meta property=\"article:publisher\" content=\"https:\/\/www.facebook.com\/dede.mesquita\" \/>\n<meta property=\"article:published_time\" content=\"2024-09-21T19:12:14+00:00\" \/>\n<meta property=\"article:modified_time\" content=\"2024-09-21T19:12:34+00:00\" \/>\n<meta property=\"og:image\" content=\"https:\/\/dedemesquita.com.br\/wp-content\/uploads\/2024\/09\/Final11000.png\" \/>\n\t<meta property=\"og:image:width\" content=\"950\" \/>\n\t<meta property=\"og:image:height\" content=\"533\" \/>\n\t<meta property=\"og:image:type\" content=\"image\/png\" \/>\n<meta name=\"author\" content=\"Ded\u00e9 Mesquita\" \/>\n<meta name=\"twitter:card\" content=\"summary_large_image\" \/>\n<meta name=\"twitter:creator\" content=\"@dedemesquita\" \/>\n<meta name=\"twitter:site\" content=\"@dedemesquita\" \/>\n<meta name=\"twitter:label1\" content=\"Escrito por\" \/>\n\t<meta name=\"twitter:data1\" content=\"Ded\u00e9 Mesquita\" \/>\n\t<meta name=\"twitter:label2\" content=\"Est. tempo de leitura\" \/>\n\t<meta name=\"twitter:data2\" content=\"5 minutos\" \/>\n<script type=\"application\/ld+json\" class=\"yoast-schema-graph\">{\"@context\":\"https:\/\/schema.org\",\"@graph\":[{\"@type\":\"WebPage\",\"@id\":\"https:\/\/dedemesquita.com.br\/?p=9807\",\"url\":\"https:\/\/dedemesquita.com.br\/?p=9807\",\"name\":\"Projeto \\\"Amaz\u00f4nia Para Sempre\\\" do Rock in Rio ter\u00e1 palco flutuante sobre as \u00e1guas do rio Guam\u00e1 em setembro de 2025 - Ded\u00e9 Mesquita\",\"isPartOf\":{\"@id\":\"https:\/\/dedemesquita.com.br\/#website\"},\"datePublished\":\"2024-09-21T19:12:14+00:00\",\"dateModified\":\"2024-09-21T19:12:34+00:00\",\"author\":{\"@id\":\"https:\/\/dedemesquita.com.br\/#\/schema\/person\/36571f81dd2d76dc3ab37231542c9e24\"},\"breadcrumb\":{\"@id\":\"https:\/\/dedemesquita.com.br\/?p=9807#breadcrumb\"},\"inLanguage\":\"pt-BR\",\"potentialAction\":[{\"@type\":\"ReadAction\",\"target\":[\"https:\/\/dedemesquita.com.br\/?p=9807\"]}]},{\"@type\":\"BreadcrumbList\",\"@id\":\"https:\/\/dedemesquita.com.br\/?p=9807#breadcrumb\",\"itemListElement\":[{\"@type\":\"ListItem\",\"position\":1,\"name\":\"In\u00edcio\",\"item\":\"https:\/\/dedemesquita.com.br\/\"},{\"@type\":\"ListItem\",\"position\":2,\"name\":\"Projeto &#8220;Amaz\u00f4nia Para Sempre&#8221; do Rock in Rio ter\u00e1 palco flutuante sobre as \u00e1guas do rio Guam\u00e1 em setembro de 2025\"}]},{\"@type\":\"WebSite\",\"@id\":\"https:\/\/dedemesquita.com.br\/#website\",\"url\":\"https:\/\/dedemesquita.com.br\/\",\"name\":\"Ded\u00e9 Mesquita\",\"description\":\"Um site que mostra os bastidores da imprensa no estado do Par\u00e1 e em Bel\u00e9m\",\"potentialAction\":[{\"@type\":\"SearchAction\",\"target\":{\"@type\":\"EntryPoint\",\"urlTemplate\":\"https:\/\/dedemesquita.com.br\/?s={search_term_string}\"},\"query-input\":\"required name=search_term_string\"}],\"inLanguage\":\"pt-BR\"},{\"@type\":\"Person\",\"@id\":\"https:\/\/dedemesquita.com.br\/#\/schema\/person\/36571f81dd2d76dc3ab37231542c9e24\",\"name\":\"Ded\u00e9 Mesquita\",\"image\":{\"@type\":\"ImageObject\",\"inLanguage\":\"pt-BR\",\"@id\":\"https:\/\/dedemesquita.com.br\/#\/schema\/person\/image\/\",\"url\":\"https:\/\/dedemesquita.com.br\/wp-content\/uploads\/2021\/02\/foto_perfil-150x150.jpg\",\"contentUrl\":\"https:\/\/dedemesquita.com.br\/wp-content\/uploads\/2021\/02\/foto_perfil-150x150.jpg\",\"caption\":\"Ded\u00e9 Mesquita\"},\"sameAs\":[\"https:\/\/dedemesquita.com.br\"]}]}<\/script>\n<!-- \/ Yoast SEO plugin. -->","yoast_head_json":{"title":"Projeto \"Amaz\u00f4nia Para Sempre\" do Rock in Rio ter\u00e1 palco flutuante sobre as \u00e1guas do rio Guam\u00e1 em setembro de 2025 - Ded\u00e9 Mesquita","robots":{"index":"index","follow":"follow","max-snippet":"max-snippet:-1","max-image-preview":"max-image-preview:large","max-video-preview":"max-video-preview:-1"},"canonical":"https:\/\/dedemesquita.com.br\/?p=9807","og_locale":"pt_BR","og_type":"article","og_title":"Projeto \"Amaz\u00f4nia Para Sempre\" do Rock in Rio ter\u00e1 palco flutuante sobre as \u00e1guas do rio Guam\u00e1 em setembro de 2025 - Ded\u00e9 Mesquita","og_description":"Rio de Janeiro, 21 de setembro de 2024 &#8211; Se Bel\u00e9m vai ser o centro das discuss\u00f5es, voltadas para o futuro do planeta com a COP 30 em 2025, antes, um evento de cultura e m\u00fasica e com foco ainda maior em sustentabilidade, vai colocar os olhos do Brasil e do mundo sobre a capital [&hellip;]","og_url":"https:\/\/dedemesquita.com.br\/?p=9807","og_site_name":"Ded\u00e9 Mesquita","article_publisher":"https:\/\/www.facebook.com\/dede.mesquita","article_published_time":"2024-09-21T19:12:14+00:00","article_modified_time":"2024-09-21T19:12:34+00:00","og_image":[{"width":950,"height":533,"url":"https:\/\/dedemesquita.com.br\/wp-content\/uploads\/2024\/09\/Final11000.png","type":"image\/png"}],"author":"Ded\u00e9 Mesquita","twitter_card":"summary_large_image","twitter_creator":"@dedemesquita","twitter_site":"@dedemesquita","twitter_misc":{"Escrito por":"Ded\u00e9 Mesquita","Est. tempo de leitura":"5 minutos"},"schema":{"@context":"https:\/\/schema.org","@graph":[{"@type":"WebPage","@id":"https:\/\/dedemesquita.com.br\/?p=9807","url":"https:\/\/dedemesquita.com.br\/?p=9807","name":"Projeto \"Amaz\u00f4nia Para Sempre\" do Rock in Rio ter\u00e1 palco flutuante sobre as \u00e1guas do rio Guam\u00e1 em setembro de 2025 - Ded\u00e9 Mesquita","isPartOf":{"@id":"https:\/\/dedemesquita.com.br\/#website"},"datePublished":"2024-09-21T19:12:14+00:00","dateModified":"2024-09-21T19:12:34+00:00","author":{"@id":"https:\/\/dedemesquita.com.br\/#\/schema\/person\/36571f81dd2d76dc3ab37231542c9e24"},"breadcrumb":{"@id":"https:\/\/dedemesquita.com.br\/?p=9807#breadcrumb"},"inLanguage":"pt-BR","potentialAction":[{"@type":"ReadAction","target":["https:\/\/dedemesquita.com.br\/?p=9807"]}]},{"@type":"BreadcrumbList","@id":"https:\/\/dedemesquita.com.br\/?p=9807#breadcrumb","itemListElement":[{"@type":"ListItem","position":1,"name":"In\u00edcio","item":"https:\/\/dedemesquita.com.br\/"},{"@type":"ListItem","position":2,"name":"Projeto &#8220;Amaz\u00f4nia Para Sempre&#8221; do Rock in Rio ter\u00e1 palco flutuante sobre as \u00e1guas do rio Guam\u00e1 em setembro de 2025"}]},{"@type":"WebSite","@id":"https:\/\/dedemesquita.com.br\/#website","url":"https:\/\/dedemesquita.com.br\/","name":"Ded\u00e9 Mesquita","description":"Um site que mostra os bastidores da imprensa no estado do Par\u00e1 e em Bel\u00e9m","potentialAction":[{"@type":"SearchAction","target":{"@type":"EntryPoint","urlTemplate":"https:\/\/dedemesquita.com.br\/?s={search_term_string}"},"query-input":"required name=search_term_string"}],"inLanguage":"pt-BR"},{"@type":"Person","@id":"https:\/\/dedemesquita.com.br\/#\/schema\/person\/36571f81dd2d76dc3ab37231542c9e24","name":"Ded\u00e9 Mesquita","image":{"@type":"ImageObject","inLanguage":"pt-BR","@id":"https:\/\/dedemesquita.com.br\/#\/schema\/person\/image\/","url":"https:\/\/dedemesquita.com.br\/wp-content\/uploads\/2021\/02\/foto_perfil-150x150.jpg","contentUrl":"https:\/\/dedemesquita.com.br\/wp-content\/uploads\/2021\/02\/foto_perfil-150x150.jpg","caption":"Ded\u00e9 Mesquita"},"sameAs":["https:\/\/dedemesquita.com.br"]}]}},"_links":{"self":[{"href":"https:\/\/dedemesquita.com.br\/index.php?rest_route=\/wp\/v2\/posts\/9807"}],"collection":[{"href":"https:\/\/dedemesquita.com.br\/index.php?rest_route=\/wp\/v2\/posts"}],"about":[{"href":"https:\/\/dedemesquita.com.br\/index.php?rest_route=\/wp\/v2\/types\/post"}],"author":[{"embeddable":true,"href":"https:\/\/dedemesquita.com.br\/index.php?rest_route=\/wp\/v2\/users\/2"}],"replies":[{"embeddable":true,"href":"https:\/\/dedemesquita.com.br\/index.php?rest_route=%2Fwp%2Fv2%2Fcomments&post=9807"}],"version-history":[{"count":1,"href":"https:\/\/dedemesquita.com.br\/index.php?rest_route=\/wp\/v2\/posts\/9807\/revisions"}],"predecessor-version":[{"id":9812,"href":"https:\/\/dedemesquita.com.br\/index.php?rest_route=\/wp\/v2\/posts\/9807\/revisions\/9812"}],"wp:featuredmedia":[{"embeddable":true,"href":"https:\/\/dedemesquita.com.br\/index.php?rest_route=\/wp\/v2\/media\/9808"}],"wp:attachment":[{"href":"https:\/\/dedemesquita.com.br\/index.php?rest_route=%2Fwp%2Fv2%2Fmedia&parent=9807"}],"wp:term":[{"taxonomy":"category","embeddable":true,"href":"https:\/\/dedemesquita.com.br\/index.php?rest_route=%2Fwp%2Fv2%2Fcategories&post=9807"},{"taxonomy":"post_tag","embeddable":true,"href":"https:\/\/dedemesquita.com.br\/index.php?rest_route=%2Fwp%2Fv2%2Ftags&post=9807"}],"curies":[{"name":"wp","href":"https:\/\/api.w.org\/{rel}","templated":true}]}}