{"id":9722,"date":"2024-09-10T10:36:19","date_gmt":"2024-09-10T13:36:19","guid":{"rendered":"https:\/\/dedemesquita.com.br\/?p=9722"},"modified":"2024-09-10T11:59:09","modified_gmt":"2024-09-10T14:59:09","slug":"esclarecimentos-sobre-a-questao-da-agua-em-o-liberal-mudancas-de-postos-dos-coleguinhas-josue-costa-e-escritor-e-outras-noticias-da-imprensa","status":"publish","type":"post","link":"https:\/\/dedemesquita.com.br\/?p=9722","title":{"rendered":"Esclarecimentos sobre a quest\u00e3o da \u00e1gua em O Liberal, mudan\u00e7as de postos dos coleguinhas, Josu\u00e9 Costa \u00e9 escritor e outras not\u00edcias da imprensa"},"content":{"rendered":"\n<p><strong>Bel\u00e9m, 10 de setembro de 2024 &#8211;<\/strong> Est\u00e3o pensando o qu\u00ea? A ter\u00e7a-feira e por aqui, na reda\u00e7\u00e3o, \u00e9 de muito trabalho. Tem muitas novidades e sem mais delongas, vamos a elas: <\/p>\n\n\n\n<p><strong>ERRAMOS &#8211;<\/strong> Depois da not\u00edcia aqui publicada no site sobre o problema com a \u00e1gua no pr\u00e9dio da Reda\u00e7\u00e3o Integrada <strong>O Liberal<\/strong>, recebi uma nota que transcrevo a seguir: \u201cSobre a den\u00fancia\/boato de \u2018poss\u00edvel contamina\u00e7\u00e3o da \u00e1gua\u2019, foi apurado pelo t\u00e9cnico de Seguran\u00e7a do Trabalho, <strong>Gabriel Rocha<\/strong>, realizada em 1\u00ba de setembro, \u00e0s 8h, a execu\u00e7\u00e3o de troca de tr\u00eas registros das tubula\u00e7\u00f5es da caixa d&#8217;\u00e1gua do n\u00edvel superior do pr\u00e9dio do jornal, processo no qual, foi necess\u00e1rio a secagem do reservat\u00f3rio. Um comunicado foi direcionado aos respons\u00e1veis de cada setor da empresa avisando sobre o servi\u00e7o de manuten\u00e7\u00e3o hidr\u00e1ulica. Dias depois, Gabriel foi novamente ao n\u00edvel superior com a ajuda do senhor Luiz, respons\u00e1vel no dia pela infraestrutura, e atestou que <em><strong>\u2018a caixa d\u2019\u00e1gua est\u00e1 devidamente vedada\u2019<\/strong><\/em>, descartando a possibilidade de contamina\u00e7\u00e3o externa e liberando, inclusive, o uso pelos funcion\u00e1rios da empresa. O diretor de conte\u00fado de<strong> O Liberal,<\/strong> <strong>Felipe Melo<\/strong>, est\u00e1 ciente do fato e ressalta que \u2018at\u00e9 o momento n\u00e3o h\u00e1 nenhum embasamento sobre a veracidade desta situa\u00e7\u00e3o [\u00e1gua contaminada]\u2019, e disse que a empresa est\u00e1 acompanhando isso com toda responsabilidade. A <strong>Cipa do jornal<\/strong> solicitou uma nova vistoria e acesso aos relat\u00f3rios de limpeza do reservat\u00f3rio, e segue na fiscaliza\u00e7\u00e3o em prol da sa\u00fade dos trabalhadores da empresa\u201d. <strong>Pe\u00e7o desculpas pela informa\u00e7\u00e3o equivocada.<\/strong><\/p>\n\n\n\n<p><strong>NOTA DA REDA\u00c7\u00c3O &#8211;<\/strong> O grupo <strong>Ronda 24 Horas<\/strong>, agora chamado <strong>Ronda de Comunica\u00e7\u00e3o<\/strong>, solicitou fazer <strong>esclarecimentos <\/strong>sobre a confus\u00e3o de Tutu <strong><em>&#8211; Veja postagem anterior &#8211;<\/em><\/strong> no grupo. Veja a <strong>nota:<\/strong> &#8220;O grupo <strong>Ronda de Comunica\u00e7\u00e3o<\/strong> vem a p\u00fablico refor\u00e7ar que n\u00e3o compactua com desaven\u00e7as entre seus membros, especialmente quando discuss\u00f5es evoluem para ofensas pessoais. Al\u00e9m disso, o grupo desaprova a pr\u00e1tica de tirar prints das conversas com o intuito de prejudicar colegas. O Ronda de Comunica\u00e7\u00e3o, que completa 10 anos em outubro, foi criado para reunir jornalistas que cobrem a \u00e1rea policial, mas cresceu ao longo do tempo e hoje se tornou um espa\u00e7o independente, promovendo eventos e intera\u00e7\u00f5es entre profissionais de diferentes \u00e1reas. O grupo <strong>n\u00e3o tem nenhuma rela\u00e7\u00e3o com conflitos pessoais<\/strong> e espera que os <strong>envolvidos resolvam suas quest\u00f5es de forma direta<\/strong>, sem envolver este espa\u00e7o de troca e colabora\u00e7\u00e3o profissional&#8221;.<\/p>\n\n\n\n<p><\/p>\n\n\n\n<p class=\"has-text-align-center\"><strong>AGORA AS NOVIDADES DA IMPRENSA<\/strong><\/p>\n\n\n\n<p><strong>Alice no Amaz\u00f4nia Vox &#8211; Alice Martins<\/strong>, com passagem pela revista Liberal Amazon, do grupo O Liberal, assumiu o cargo de gerente de conte\u00fado na plataforma <strong>Amaz\u00f4nia Vox<\/strong>.<\/p>\n\n\n<div class=\"wp-block-image\">\n<figure class=\"aligncenter size-full\"><img loading=\"lazy\" decoding=\"async\" width=\"596\" height=\"704\" src=\"https:\/\/dedemesquita.com.br\/wp-content\/uploads\/2024\/09\/WhatsApp-Image-2024-09-10-at-10.23.49.jpeg\" alt=\"\" class=\"wp-image-9736\"\/><figcaption class=\"wp-element-caption\">Alice Martins no Amaz\u00f4nia Vox<\/figcaption><\/figure><\/div>\n\n\n<p><strong>Iolanda deixou a CBN &#8211; <\/strong>Na <strong>r\u00e1dio CBN Bel\u00e9m<\/strong>, mais uma baixa: a rep\u00f3rter <strong>Iolanda Lopes<\/strong> pediu para sair da emissora. Ela era a rep\u00f3rter mais premiada da r\u00e1dio, mas agora est\u00e1 na r\u00e1dio <strong>Boas Novas Bel\u00e9m<\/strong>.<\/p>\n\n\n<div class=\"wp-block-image\">\n<figure class=\"aligncenter size-full\"><img loading=\"lazy\" decoding=\"async\" width=\"571\" height=\"363\" src=\"https:\/\/dedemesquita.com.br\/wp-content\/uploads\/2024\/09\/WhatsApp-Image-2024-09-10-at-10.24.40.jpeg\" alt=\"\" class=\"wp-image-9735\"\/><figcaption class=\"wp-element-caption\">Iolanda Borges trocou a r\u00e1dio CBN Bel\u00e9m pela Boas Novas Bel\u00e9m <\/figcaption><\/figure><\/div>\n\n\n<p><strong>Mudan\u00e7a na Aberje &#8211; <\/strong>A jornalista paraense <strong>M\u00f4nica Alvarez<\/strong>, da comunica\u00e7\u00e3o da <strong>Alubar<\/strong>, em Barcarena, assumiu a lideran\u00e7a do <strong>Cap\u00edtulo Aberje Amaz\u00f4nia<\/strong>, dentro da Associa\u00e7\u00e3o Brasileira de Comunica\u00e7\u00e3o Empresarial &#8211; Aberje, substituindo a maranhense Elis Ramos, da comunica\u00e7\u00e3o da Vale. &nbsp;<\/p>\n\n\n<div class=\"wp-block-image\">\n<figure class=\"aligncenter size-full\"><img loading=\"lazy\" decoding=\"async\" width=\"621\" height=\"610\" src=\"https:\/\/dedemesquita.com.br\/wp-content\/uploads\/2024\/09\/WhatsApp-Image-2024-09-10-at-10.27.22.jpeg\" alt=\"\" class=\"wp-image-9734\"\/><figcaption class=\"wp-element-caption\">M\u00f4nica Alvarez \u00e9 coordenadora de comunica\u00e7\u00e3o da Alubar <\/figcaption><\/figure><\/div>\n\n\n<p><strong>Rota Par\u00e1 &#8211; Tiago Chaves<\/strong> come\u00e7ou em um novo cargo de Especialista em Comunica\u00e7\u00e3o na <strong>Rota do Par\u00e1<\/strong>, empresa respons\u00e1vel pela presta\u00e7\u00e3o de servi\u00e7os p\u00fablicos de recupera\u00e7\u00e3o, de melhorias e manuten\u00e7\u00e3o do n\u00edvel de servi\u00e7o de trechos de rodovias no estado do Par\u00e1 PAs 150, 475, 252, 151, 483 e Al\u00e7a Vi\u00e1ria de Bel\u00e9m.<\/p>\n\n\n<div class=\"wp-block-image\">\n<figure class=\"aligncenter size-full\"><img loading=\"lazy\" decoding=\"async\" width=\"593\" height=\"633\" src=\"https:\/\/dedemesquita.com.br\/wp-content\/uploads\/2024\/09\/WhatsApp-Image-2024-09-10-at-10.28.19.jpeg\" alt=\"\" class=\"wp-image-9733\"\/><figcaption class=\"wp-element-caption\">Tiago Chaves na empresa Rota do Par\u00e1<\/figcaption><\/figure><\/div>\n\n\n<p><strong>La Rocha na RBA TV &#8211; <\/strong>Ela chegou caladinha, mas aqui tudo se sabe. <strong>Renata Rocha<\/strong>, aquela mesma que \u201cdava a vida\u201d pela <strong>Rede TV Bel\u00e9m<\/strong>, se mudou de malas e cuias para a <strong>RBA TV<\/strong>, no cargo de editora. A pergunta que n\u00e3o quer calar: ela, que ainda n\u00e3o se formou em jornalismo, continua indo para faculdade de crach\u00e1 pendurado no pesco\u00e7o? E assim, coleguinhas da RBA, cuidado, hein? Se bem que na Torre o <strong>serpent\u00e1rio grita!<\/strong><\/p>\n\n\n<div class=\"wp-block-image\">\n<figure class=\"aligncenter size-full\"><img loading=\"lazy\" decoding=\"async\" width=\"564\" height=\"584\" src=\"https:\/\/dedemesquita.com.br\/wp-content\/uploads\/2024\/09\/WhatsApp-Image-2024-09-10-at-10.15.30.jpeg\" alt=\"\" class=\"wp-image-9726\"\/><figcaption class=\"wp-element-caption\">Renata Rocha, claro, ostentando o novo crach\u00e1 na RBA TV <\/figcaption><\/figure><\/div>\n\n\n<p><strong>Virada &#8211; <\/strong>No final de semana passada, foi realizada em Bel\u00e9m a <strong>Virada Cultural Amaz\u00f4nia de P\u00e9<\/strong>, na qual foi debatido o papel essencial da comunica\u00e7\u00e3o na preserva\u00e7\u00e3o da Amaz\u00f4nia e como ela pode ser uma poderosa aliada na luta por um futuro sustent\u00e1vel. O local foi a faculdade <strong>Est\u00e1cio\/ FAP<\/strong>.<\/p>\n\n\n<div class=\"wp-block-image\">\n<figure class=\"aligncenter size-full\"><img loading=\"lazy\" decoding=\"async\" width=\"750\" height=\"452\" src=\"https:\/\/dedemesquita.com.br\/wp-content\/uploads\/2024\/09\/WhatsApp-Image-2024-09-09-at-19.13.17.jpeg\" alt=\"\" class=\"wp-image-9727\"\/><figcaption class=\"wp-element-caption\">A professora e jornalista Arc\u00e2ngela Sena &#8211; de cal\u00e7a branca &#8211; foi uma das anfitri\u00e3s da Virada Cultural Amaz\u00f4nia em P\u00e9 <\/figcaption><\/figure><\/div>\n\n\n<p><strong>Wilma e L\u00facio Fl\u00e1vio &#8211; <\/strong>A jornalista paraense <strong>Wilma Reis<\/strong>, com passagem pela <strong>r\u00e1dio Liberal<\/strong>, mas morando atualmente em Coimbra, Portugal, veio a Bel\u00e9m com a miss\u00e3o de entrevistar, durante duas semanas, o jornalista <strong>Lucio Flavio Pinto<\/strong>. A <strong>entrevista faz parte de um projeto<\/strong> que vai amplificar, um pouco mais, a voz de Lucio, j\u00e1 debilitada pelo avan\u00e7o do Mal de Parkinson. L\u00facio recebeu quatro pr\u00eamios Esso e dois da FENAJ; por seu trabalho em defesa da verdade e contra as injusti\u00e7as sociais, recebeu em Roma, em 1997, o pr\u00eamio Colombe d\u2019oro per La Pace e, em 2005, o pr\u00eamio anual do Committee to Protect Journalists, em Nova York. Publicou 28 livros &#8211; todos sobre a Amaz\u00f4nia, e \u00e9 o \u00fanico jornalista brasileiro eleito entre os 100 her\u00f3is da liberdade de imprensa, pela organiza\u00e7\u00e3o Rep\u00f3rteres Sem Fronteira &#8211; RSF.<\/p>\n\n\n<div class=\"wp-block-image\">\n<figure class=\"aligncenter size-full\"><img loading=\"lazy\" decoding=\"async\" width=\"750\" height=\"651\" src=\"https:\/\/dedemesquita.com.br\/wp-content\/uploads\/2024\/09\/wilma-reis_Lucio-Flavio.jpg\" alt=\"\" class=\"wp-image-9728\"\/><figcaption class=\"wp-element-caption\">Os jornalistas Lucio Flavio Pinto e Wilma Reis durante as sess\u00f5es de entrevistas &#8211; foto de Guy Veloso <\/figcaption><\/figure><\/div>\n\n\n<p><strong>Josu\u00e9 escritor &#8211; <\/strong>O jornalista, advogado e professor <strong>Josu\u00e9 Costa<\/strong>, com passagem pelo <strong>jornal O Libera<\/strong>l e uma das pessoas que mais entende de C\u00edrio de Nazar\u00e9 em Bel\u00e9m, se tornou escritor. Ele acaba de lan\u00e7ar o livro <strong>\u201cFantasmas do Casar\u00e3o\u201d<\/strong>, primeiro de uma s\u00e9rie, em parceria com a editora Dalc\u00eddio Jurandir, que foi sucesso do estande da editora, durante a Feira Pan-Amaz\u00f4nica do Livro e das Multivozes, realizada no m\u00eas passado. \u201cNo pr\u00f3ximo livro, estar\u00e3o os casos de visagens da Santa Casa de Miseric\u00f3rdia do Par\u00e1, assim como a s\u00e9rie segue sobre outros pr\u00e9dios hist\u00f3ricos visagentos de Bel\u00e9m\u201d, conta o novo escritor. <strong>\u201cFantasmas do Casar\u00e3o\u201d<\/strong>, com hist\u00f3rias do col\u00e9gio Estadual Paes de Carvalho, est\u00e1 \u00e0 venda nas livrarias e, mais em conta, pelo <strong>WhatsApp 91 98084-9265.<\/strong><\/p>\n\n\n<div class=\"wp-block-image\">\n<figure class=\"aligncenter size-full\"><img loading=\"lazy\" decoding=\"async\" width=\"585\" height=\"800\" src=\"https:\/\/dedemesquita.com.br\/wp-content\/uploads\/2024\/09\/Livro_Josue_Costa.jpeg\" alt=\"\" class=\"wp-image-9729\"\/><figcaption class=\"wp-element-caption\">Primeiro livro de Josu\u00e9 Costa j\u00e1 est\u00e1 \u00e0 venda <\/figcaption><\/figure><\/div>\n\n\n<p><strong>Amaz\u00f4nia Vox no Jeduca &#8211;<\/strong> Com o tema \u201cA\u00e7\u00f5es inovadoras para combater os desafios relacionados \u00e0 Lei de Cotas\u201d, a jornalista <strong>Vit\u00f3ria Faria<\/strong>, analista de conte\u00fado do Amaz\u00f4nia Vox, teve sua proposta de reportagem selecionada no <strong>6\u00ba edital da&nbsp;Associa\u00e7\u00e3o de Jornalistas de Educa\u00e7\u00e3o &#8211; Jeduca<\/strong>.&nbsp;Entre as 69 propostas apresentadas e avaliadas pela Comiss\u00e3o Julgadora e Editorial, 12 foram selecionadas em todo o Brasil, entre elas a de Vit\u00f3ria, de <strong>Porto Velho &#8211; RO<\/strong>. Os jornalistas selecionados receber\u00e3o bolsas para produzirem reportagens relacionadas \u00e0 educa\u00e7\u00e3o.&nbsp;Al\u00e9m de integrante do Amaz\u00f4nia Vox, Vit\u00f3ria \u00e9 jornalista graduada pela Faculdade UniSapiens, com foco em ci\u00eancia clim\u00e1tica, pol\u00edtica e direitos humanos. Tem experi\u00eancia na Casaquatro, e j\u00e1 contribuiu em reda\u00e7\u00f5es como G1 Rond\u00f4nia, CBN Amaz\u00f4nia e TV Meridional Band.<\/p>\n\n\n<div class=\"wp-block-image\">\n<figure class=\"aligncenter size-full\"><img loading=\"lazy\" decoding=\"async\" width=\"331\" height=\"443\" src=\"https:\/\/dedemesquita.com.br\/wp-content\/uploads\/2024\/09\/Vitoria-Faria.jpeg\" alt=\"\" class=\"wp-image-9731\"\/><figcaption class=\"wp-element-caption\">Jornalista Vit\u00f3ria Faria \u00e9 de Rond\u00f4nia e uma das colaboradores do Amaz\u00f4nia Vox<\/figcaption><\/figure><\/div>\n\n\n<p><strong>Carta Amaz\u00f4nia nas elei\u00e7\u00f5es &#8211; <\/strong>A <strong>\u00c9nois Laborat\u00f3rio de Jornalismo<\/strong> lan\u00e7ou no \u00faltimo dia 15 de agosto o programa <strong>Diversidade nas Reda\u00e7\u00f5es &#8211; Desinforma\u00e7\u00e3o e Elei\u00e7\u00f5es<\/strong>. A iniciativa, patrocinada pelo Google News Initiative, com o apoio da Ag\u00eancia Lupa, Ag\u00eancia Tatu, do Desinformante e do Reocupa, tem parceria com dez organiza\u00e7\u00f5es de comunica\u00e7\u00e3o do Pa\u00eds, entre elas, a ag\u00eancia <strong>Carta Amaz\u00f4nia<\/strong>, \u00fanico ve\u00edculo do Par\u00e1 a participar do programa. O objetivo \u00e9 combater a desinforma\u00e7\u00e3o eleitoral de maneira assertiva, em rede e conhecendo os diversos territ\u00f3rios populares do Brasil. A ag\u00eancia <strong>Carta Amaz\u00f4nia<\/strong>, fundada por <strong>Adison Ferreira<\/strong>, <strong>Eraldo Paulino<\/strong> e <strong>Cec\u00edlia Amorim<\/strong>, em Bel\u00e9m, tamb\u00e9m est\u00e1 concorrendo ao pr\u00eamio <strong>&#8220;Jornalistas +Admirados do Brasil &#8211; 2024&#8221;<\/strong>, na categoria ve\u00edculo liderado por pessoas negras.  <\/p>\n\n\n<div class=\"wp-block-image\">\n<figure class=\"aligncenter size-full\"><img loading=\"lazy\" decoding=\"async\" width=\"743\" height=\"750\" src=\"https:\/\/dedemesquita.com.br\/wp-content\/uploads\/2024\/09\/WhatsApp-Image-2024-09-10-at-09.48.18-1.jpeg\" alt=\"\" class=\"wp-image-9737\" srcset=\"https:\/\/dedemesquita.com.br\/wp-content\/uploads\/2024\/09\/WhatsApp-Image-2024-09-10-at-09.48.18-1.jpeg 743w, https:\/\/dedemesquita.com.br\/wp-content\/uploads\/2024\/09\/WhatsApp-Image-2024-09-10-at-09.48.18-1-150x150.jpeg 150w\" sizes=\"(max-width: 743px) 100vw, 743px\" \/><figcaption class=\"wp-element-caption\">Carta Amaz\u00f4nia em vota\u00e7\u00e3o nacional para premia\u00e7\u00e3o <\/figcaption><\/figure><\/div>\n\n\n<p><strong>Universo cripto &#8211; <\/strong>A <strong>&#8220;Press Aula Maya: universo cripto e cobertura jornal\u00edstica\u201d<\/strong> foi promovida nesta ter\u00e7a-feira, 10, no final da manh\u00e3, ministrada por <strong>Luiz Oct\u00e1vio Gon\u00e7alves Neto<\/strong>, fundador e CEO da DUX; <strong>Jo\u00e3o Pedro Novochadl<\/strong>o, CMO da DUX, e <strong>Guta Nascimento<\/strong>, jornalista, colunista do Web3News, que foi diretora da <strong>revista CLAUDIA<\/strong>, diretora de conte\u00fado da plataforma online feminina Escola de Voc\u00ea e co-fundadora do portal Tempo de Mulher, com passagens pelas TVs Globo, SBT, Record e Band. Os promotores acreditam que os conhecimentos sobre <em>blockchain<\/em>, <em>web3<\/em>, <em>metaverso<\/em> passam por diferentes editorias, como mercado financeiro, economia, carreira e neg\u00f3cios, pol\u00edtica, elei\u00e7\u00f5es, internacional, esporte, cultura, sa\u00fade, cidades, ESG, entretenimento, moda etc., sendo mais uma oportunidade de entender mais e se antenar para possibilidades de pautas no universo da cobertura.<\/p>\n\n\n<div class=\"wp-block-image\">\n<figure class=\"aligncenter size-full\"><img loading=\"lazy\" decoding=\"async\" width=\"542\" height=\"650\" src=\"https:\/\/dedemesquita.com.br\/wp-content\/uploads\/2024\/09\/WhatsApp-Image-2024-09-10-at-11.57.15-1.jpeg\" alt=\"\" class=\"wp-image-9757\"\/><figcaption class=\"wp-element-caption\">Ag\u00eancia Maya promoveu palestra sobre universo cripto <\/figcaption><\/figure><\/div>\n\n\n<p><strong>Coleguinha n\u00e3o decepciona &#8211; <\/strong>E novo <strong>coordenador de comunica\u00e7\u00e3o da Equatorial Energia<\/strong>, hein? O que foi que falei? Pois o rapaz j\u00e1 come\u00e7ou a \u201carrepiar\u201d e dois coleguinhas j\u00e1 deixaram aquela assessoria de comunica\u00e7\u00e3o, confirmando assim o que j\u00e1 sabemos: ele n\u00e3o decepciona nunca e vai continuar oprimindo os coordenados por ele. Afe!! <\/p>\n\n\n\n<p><strong>Cadeiras &#8211;<\/strong> Sobre <strong>\u201cfalta da cadeiras\u201d<\/strong> na Reda\u00e7\u00e3o Integrada O Liberal, a informa\u00e7\u00e3o que o site recebeu \u00e9 que em julho, a reda\u00e7\u00e3o recebeu <strong>10 cadeiras novas<\/strong>, e no m\u00eas passado, <strong>chegaram mais 25<\/strong>, n\u00e3o procedendo, assim, a den\u00fancia de que as cadeiras s\u00e3o antigas do <em><strong>\u201ctempo de adolescente do \u2018seu\u2019 Romulo\u201d<\/strong><\/em>.<\/p>\n\n\n\n<p><strong>EM PAUTA<\/strong><\/p>\n\n\n\n<p>E vamos de sess\u00e3o de fotos dos coleguinhas. <\/p>\n\n\n<div class=\"wp-block-image\">\n<figure class=\"aligncenter size-full\"><img loading=\"lazy\" decoding=\"async\" width=\"800\" height=\"454\" src=\"https:\/\/dedemesquita.com.br\/wp-content\/uploads\/2024\/09\/WhatsApp-Image-2024-09-09-at-21.03.35.jpeg\" alt=\"\" class=\"wp-image-9744\" srcset=\"https:\/\/dedemesquita.com.br\/wp-content\/uploads\/2024\/09\/WhatsApp-Image-2024-09-09-at-21.03.35.jpeg 800w, https:\/\/dedemesquita.com.br\/wp-content\/uploads\/2024\/09\/WhatsApp-Image-2024-09-09-at-21.03.35-768x436.jpeg 768w\" sizes=\"(max-width: 800px) 100vw, 800px\" \/><figcaption class=\"wp-element-caption\">Equipe da Reda\u00e7\u00e3o Integrada O Liberal na tradicional pauta do pato para o almo\u00e7o do C\u00edrio de Nazar\u00e9, em Santa Izabel do Par\u00e1<\/figcaption><\/figure><\/div>\n\n<div class=\"wp-block-image\">\n<figure class=\"aligncenter size-full\"><img loading=\"lazy\" decoding=\"async\" width=\"800\" height=\"469\" src=\"https:\/\/dedemesquita.com.br\/wp-content\/uploads\/2024\/09\/WhatsApp-Image-2024-09-09-at-21.03.35-1.jpeg\" alt=\"\" class=\"wp-image-9746\" srcset=\"https:\/\/dedemesquita.com.br\/wp-content\/uploads\/2024\/09\/WhatsApp-Image-2024-09-09-at-21.03.35-1.jpeg 800w, https:\/\/dedemesquita.com.br\/wp-content\/uploads\/2024\/09\/WhatsApp-Image-2024-09-09-at-21.03.35-1-768x450.jpeg 768w\" sizes=\"(max-width: 800px) 100vw, 800px\" \/><figcaption class=\"wp-element-caption\">E agora a foto da pauta com o personagem principal: o pato <\/figcaption><\/figure><\/div>\n\n\n<p><\/p>\n","protected":false},"excerpt":{"rendered":"<p>Bel\u00e9m, 10 de setembro de 2024 &#8211; Est\u00e3o pensando o qu\u00ea? A ter\u00e7a-feira e por aqui, na reda\u00e7\u00e3o, \u00e9 de muito trabalho. Tem muitas novidades e sem mais delongas, vamos a elas: ERRAMOS &#8211; Depois da not\u00edcia aqui publicada no site sobre o problema com a \u00e1gua no pr\u00e9dio da Reda\u00e7\u00e3o Integrada O Liberal, recebi [&hellip;]<\/p>\n","protected":false},"author":2,"featured_media":9725,"comment_status":"open","ping_status":"open","sticky":false,"template":"","format":"standard","meta":{"footnotes":""},"categories":[51,14,29],"tags":[475,713,377,367,715,577,242,716,490,119,120,144,717,204,212,426,719,718],"class_list":["post-9722","post","type-post","status-publish","format-standard","has-post-thumbnail","hentry","category-destaque","category-imprensa","category-jornalismo","tag-aberje","tag-alubar","tag-amazonia-vox","tag-carta-amazonia","tag-enois-laboratorio-de-jornalismo","tag-equatorial","tag-estacio-fap","tag-henrique-miranda","tag-jeduca","tag-jornalismo","tag-jornalistas-paraenses-em-acao","tag-o-liberal","tag-radio-boas-novas-belem","tag-radio-cbn-belem","tag-rba-tv","tag-rede-tv-belem","tag-ronda-de-comunicacao","tag-rota-do-para"],"yoast_head":"<!-- This site is optimized with the Yoast SEO plugin v19.10 - https:\/\/yoast.com\/wordpress\/plugins\/seo\/ -->\n<title>Esclarecimentos sobre a quest\u00e3o da \u00e1gua em O Liberal, mudan\u00e7as de postos dos coleguinhas, Josu\u00e9 Costa \u00e9 escritor e outras not\u00edcias da imprensa - Ded\u00e9 Mesquita<\/title>\n<meta name=\"robots\" content=\"index, follow, max-snippet:-1, max-image-preview:large, max-video-preview:-1\" \/>\n<link rel=\"canonical\" href=\"https:\/\/dedemesquita.com.br\/?p=9722\" \/>\n<meta property=\"og:locale\" content=\"pt_BR\" \/>\n<meta property=\"og:type\" content=\"article\" \/>\n<meta property=\"og:title\" content=\"Esclarecimentos sobre a quest\u00e3o da \u00e1gua em O Liberal, mudan\u00e7as de postos dos coleguinhas, Josu\u00e9 Costa \u00e9 escritor e outras not\u00edcias da imprensa - Ded\u00e9 Mesquita\" \/>\n<meta property=\"og:description\" content=\"Bel\u00e9m, 10 de setembro de 2024 &#8211; Est\u00e3o pensando o qu\u00ea? A ter\u00e7a-feira e por aqui, na reda\u00e7\u00e3o, \u00e9 de muito trabalho. Tem muitas novidades e sem mais delongas, vamos a elas: ERRAMOS &#8211; Depois da not\u00edcia aqui publicada no site sobre o problema com a \u00e1gua no pr\u00e9dio da Reda\u00e7\u00e3o Integrada O Liberal, recebi [&hellip;]\" \/>\n<meta property=\"og:url\" content=\"https:\/\/dedemesquita.com.br\/?p=9722\" \/>\n<meta property=\"og:site_name\" content=\"Ded\u00e9 Mesquita\" \/>\n<meta property=\"article:publisher\" content=\"https:\/\/www.facebook.com\/dede.mesquita\" \/>\n<meta property=\"article:published_time\" content=\"2024-09-10T13:36:19+00:00\" \/>\n<meta property=\"article:modified_time\" content=\"2024-09-10T14:59:09+00:00\" \/>\n<meta property=\"og:image\" content=\"https:\/\/dedemesquita.com.br\/wp-content\/uploads\/2024\/09\/WhatsApp-Image-2024-09-10-at-10.12.38.jpeg\" \/>\n\t<meta property=\"og:image:width\" content=\"950\" \/>\n\t<meta property=\"og:image:height\" content=\"510\" \/>\n\t<meta property=\"og:image:type\" content=\"image\/jpeg\" \/>\n<meta name=\"author\" content=\"Ded\u00e9 Mesquita\" \/>\n<meta name=\"twitter:card\" content=\"summary_large_image\" \/>\n<meta name=\"twitter:creator\" content=\"@dedemesquita\" \/>\n<meta name=\"twitter:site\" content=\"@dedemesquita\" \/>\n<meta name=\"twitter:label1\" content=\"Escrito por\" \/>\n\t<meta name=\"twitter:data1\" content=\"Ded\u00e9 Mesquita\" \/>\n\t<meta name=\"twitter:label2\" content=\"Est. tempo de leitura\" \/>\n\t<meta name=\"twitter:data2\" content=\"12 minutos\" \/>\n<script type=\"application\/ld+json\" class=\"yoast-schema-graph\">{\"@context\":\"https:\/\/schema.org\",\"@graph\":[{\"@type\":\"WebPage\",\"@id\":\"https:\/\/dedemesquita.com.br\/?p=9722\",\"url\":\"https:\/\/dedemesquita.com.br\/?p=9722\",\"name\":\"Esclarecimentos sobre a quest\u00e3o da \u00e1gua em O Liberal, mudan\u00e7as de postos dos coleguinhas, Josu\u00e9 Costa \u00e9 escritor e outras not\u00edcias da imprensa - Ded\u00e9 Mesquita\",\"isPartOf\":{\"@id\":\"https:\/\/dedemesquita.com.br\/#website\"},\"datePublished\":\"2024-09-10T13:36:19+00:00\",\"dateModified\":\"2024-09-10T14:59:09+00:00\",\"author\":{\"@id\":\"https:\/\/dedemesquita.com.br\/#\/schema\/person\/36571f81dd2d76dc3ab37231542c9e24\"},\"breadcrumb\":{\"@id\":\"https:\/\/dedemesquita.com.br\/?p=9722#breadcrumb\"},\"inLanguage\":\"pt-BR\",\"potentialAction\":[{\"@type\":\"ReadAction\",\"target\":[\"https:\/\/dedemesquita.com.br\/?p=9722\"]}]},{\"@type\":\"BreadcrumbList\",\"@id\":\"https:\/\/dedemesquita.com.br\/?p=9722#breadcrumb\",\"itemListElement\":[{\"@type\":\"ListItem\",\"position\":1,\"name\":\"In\u00edcio\",\"item\":\"https:\/\/dedemesquita.com.br\/\"},{\"@type\":\"ListItem\",\"position\":2,\"name\":\"Esclarecimentos sobre a quest\u00e3o da \u00e1gua em O Liberal, mudan\u00e7as de postos dos coleguinhas, Josu\u00e9 Costa \u00e9 escritor e outras not\u00edcias da imprensa\"}]},{\"@type\":\"WebSite\",\"@id\":\"https:\/\/dedemesquita.com.br\/#website\",\"url\":\"https:\/\/dedemesquita.com.br\/\",\"name\":\"Ded\u00e9 Mesquita\",\"description\":\"Um site que mostra os bastidores da imprensa no estado do Par\u00e1 e em Bel\u00e9m\",\"potentialAction\":[{\"@type\":\"SearchAction\",\"target\":{\"@type\":\"EntryPoint\",\"urlTemplate\":\"https:\/\/dedemesquita.com.br\/?s={search_term_string}\"},\"query-input\":\"required name=search_term_string\"}],\"inLanguage\":\"pt-BR\"},{\"@type\":\"Person\",\"@id\":\"https:\/\/dedemesquita.com.br\/#\/schema\/person\/36571f81dd2d76dc3ab37231542c9e24\",\"name\":\"Ded\u00e9 Mesquita\",\"image\":{\"@type\":\"ImageObject\",\"inLanguage\":\"pt-BR\",\"@id\":\"https:\/\/dedemesquita.com.br\/#\/schema\/person\/image\/\",\"url\":\"https:\/\/dedemesquita.com.br\/wp-content\/uploads\/2021\/02\/foto_perfil-150x150.jpg\",\"contentUrl\":\"https:\/\/dedemesquita.com.br\/wp-content\/uploads\/2021\/02\/foto_perfil-150x150.jpg\",\"caption\":\"Ded\u00e9 Mesquita\"},\"sameAs\":[\"https:\/\/dedemesquita.com.br\"]}]}<\/script>\n<!-- \/ Yoast SEO plugin. -->","yoast_head_json":{"title":"Esclarecimentos sobre a quest\u00e3o da \u00e1gua em O Liberal, mudan\u00e7as de postos dos coleguinhas, Josu\u00e9 Costa \u00e9 escritor e outras not\u00edcias da imprensa - Ded\u00e9 Mesquita","robots":{"index":"index","follow":"follow","max-snippet":"max-snippet:-1","max-image-preview":"max-image-preview:large","max-video-preview":"max-video-preview:-1"},"canonical":"https:\/\/dedemesquita.com.br\/?p=9722","og_locale":"pt_BR","og_type":"article","og_title":"Esclarecimentos sobre a quest\u00e3o da \u00e1gua em O Liberal, mudan\u00e7as de postos dos coleguinhas, Josu\u00e9 Costa \u00e9 escritor e outras not\u00edcias da imprensa - Ded\u00e9 Mesquita","og_description":"Bel\u00e9m, 10 de setembro de 2024 &#8211; Est\u00e3o pensando o qu\u00ea? A ter\u00e7a-feira e por aqui, na reda\u00e7\u00e3o, \u00e9 de muito trabalho. Tem muitas novidades e sem mais delongas, vamos a elas: ERRAMOS &#8211; Depois da not\u00edcia aqui publicada no site sobre o problema com a \u00e1gua no pr\u00e9dio da Reda\u00e7\u00e3o Integrada O Liberal, recebi [&hellip;]","og_url":"https:\/\/dedemesquita.com.br\/?p=9722","og_site_name":"Ded\u00e9 Mesquita","article_publisher":"https:\/\/www.facebook.com\/dede.mesquita","article_published_time":"2024-09-10T13:36:19+00:00","article_modified_time":"2024-09-10T14:59:09+00:00","og_image":[{"width":950,"height":510,"url":"https:\/\/dedemesquita.com.br\/wp-content\/uploads\/2024\/09\/WhatsApp-Image-2024-09-10-at-10.12.38.jpeg","type":"image\/jpeg"}],"author":"Ded\u00e9 Mesquita","twitter_card":"summary_large_image","twitter_creator":"@dedemesquita","twitter_site":"@dedemesquita","twitter_misc":{"Escrito por":"Ded\u00e9 Mesquita","Est. tempo de leitura":"12 minutos"},"schema":{"@context":"https:\/\/schema.org","@graph":[{"@type":"WebPage","@id":"https:\/\/dedemesquita.com.br\/?p=9722","url":"https:\/\/dedemesquita.com.br\/?p=9722","name":"Esclarecimentos sobre a quest\u00e3o da \u00e1gua em O Liberal, mudan\u00e7as de postos dos coleguinhas, Josu\u00e9 Costa \u00e9 escritor e outras not\u00edcias da imprensa - Ded\u00e9 Mesquita","isPartOf":{"@id":"https:\/\/dedemesquita.com.br\/#website"},"datePublished":"2024-09-10T13:36:19+00:00","dateModified":"2024-09-10T14:59:09+00:00","author":{"@id":"https:\/\/dedemesquita.com.br\/#\/schema\/person\/36571f81dd2d76dc3ab37231542c9e24"},"breadcrumb":{"@id":"https:\/\/dedemesquita.com.br\/?p=9722#breadcrumb"},"inLanguage":"pt-BR","potentialAction":[{"@type":"ReadAction","target":["https:\/\/dedemesquita.com.br\/?p=9722"]}]},{"@type":"BreadcrumbList","@id":"https:\/\/dedemesquita.com.br\/?p=9722#breadcrumb","itemListElement":[{"@type":"ListItem","position":1,"name":"In\u00edcio","item":"https:\/\/dedemesquita.com.br\/"},{"@type":"ListItem","position":2,"name":"Esclarecimentos sobre a quest\u00e3o da \u00e1gua em O Liberal, mudan\u00e7as de postos dos coleguinhas, Josu\u00e9 Costa \u00e9 escritor e outras not\u00edcias da imprensa"}]},{"@type":"WebSite","@id":"https:\/\/dedemesquita.com.br\/#website","url":"https:\/\/dedemesquita.com.br\/","name":"Ded\u00e9 Mesquita","description":"Um site que mostra os bastidores da imprensa no estado do Par\u00e1 e em Bel\u00e9m","potentialAction":[{"@type":"SearchAction","target":{"@type":"EntryPoint","urlTemplate":"https:\/\/dedemesquita.com.br\/?s={search_term_string}"},"query-input":"required name=search_term_string"}],"inLanguage":"pt-BR"},{"@type":"Person","@id":"https:\/\/dedemesquita.com.br\/#\/schema\/person\/36571f81dd2d76dc3ab37231542c9e24","name":"Ded\u00e9 Mesquita","image":{"@type":"ImageObject","inLanguage":"pt-BR","@id":"https:\/\/dedemesquita.com.br\/#\/schema\/person\/image\/","url":"https:\/\/dedemesquita.com.br\/wp-content\/uploads\/2021\/02\/foto_perfil-150x150.jpg","contentUrl":"https:\/\/dedemesquita.com.br\/wp-content\/uploads\/2021\/02\/foto_perfil-150x150.jpg","caption":"Ded\u00e9 Mesquita"},"sameAs":["https:\/\/dedemesquita.com.br"]}]}},"_links":{"self":[{"href":"https:\/\/dedemesquita.com.br\/index.php?rest_route=\/wp\/v2\/posts\/9722"}],"collection":[{"href":"https:\/\/dedemesquita.com.br\/index.php?rest_route=\/wp\/v2\/posts"}],"about":[{"href":"https:\/\/dedemesquita.com.br\/index.php?rest_route=\/wp\/v2\/types\/post"}],"author":[{"embeddable":true,"href":"https:\/\/dedemesquita.com.br\/index.php?rest_route=\/wp\/v2\/users\/2"}],"replies":[{"embeddable":true,"href":"https:\/\/dedemesquita.com.br\/index.php?rest_route=%2Fwp%2Fv2%2Fcomments&post=9722"}],"version-history":[{"count":13,"href":"https:\/\/dedemesquita.com.br\/index.php?rest_route=\/wp\/v2\/posts\/9722\/revisions"}],"predecessor-version":[{"id":9758,"href":"https:\/\/dedemesquita.com.br\/index.php?rest_route=\/wp\/v2\/posts\/9722\/revisions\/9758"}],"wp:featuredmedia":[{"embeddable":true,"href":"https:\/\/dedemesquita.com.br\/index.php?rest_route=\/wp\/v2\/media\/9725"}],"wp:attachment":[{"href":"https:\/\/dedemesquita.com.br\/index.php?rest_route=%2Fwp%2Fv2%2Fmedia&parent=9722"}],"wp:term":[{"taxonomy":"category","embeddable":true,"href":"https:\/\/dedemesquita.com.br\/index.php?rest_route=%2Fwp%2Fv2%2Fcategories&post=9722"},{"taxonomy":"post_tag","embeddable":true,"href":"https:\/\/dedemesquita.com.br\/index.php?rest_route=%2Fwp%2Fv2%2Ftags&post=9722"}],"curies":[{"name":"wp","href":"https:\/\/api.w.org\/{rel}","templated":true}]}}