{"id":9715,"date":"2024-09-10T08:35:25","date_gmt":"2024-09-10T11:35:25","guid":{"rendered":"https:\/\/dedemesquita.com.br\/?p=9715"},"modified":"2024-09-10T10:38:04","modified_gmt":"2024-09-10T13:38:04","slug":"em-menos-de-dois-meses-tutu-comeca-a-aprontar-no-grupo-o-liberal-e-ainda-tem-que-noticiar-a-prisao-do-tio-ao-vivo-na-radio","status":"publish","type":"post","link":"https:\/\/dedemesquita.com.br\/?p=9715","title":{"rendered":"Em menos de dois meses, Tutu come\u00e7a a aprontar no grupo O Liberal e ainda tem que noticiar a pris\u00e3o do tio, ao vivo, na r\u00e1dio"},"content":{"rendered":"\n<p><strong>Bel\u00e9m, 10 de setembro de 2024 &#8211;<\/strong> Eu deveria ter feito uma aposta nesses neg\u00f3cios de BET pra c\u00e1, BET pra l\u00e1, mas eu iria perder, porque eu \u201cdei\u201d tr\u00eas meses para Tutu come\u00e7ar a aprontar <strong>na r\u00e1dio Liberal +<\/strong>, e na segunda-feira, 9, menos de <strong>DOIS meses depois<\/strong> de Tutu ter atravessado a Almirante Barroso, j\u00e1 veio mais uma <strong>confus\u00e3o protagonizada <\/strong>pelo \u201cnobre\u201d colega, com direito a prints, telefonemas, \u00e1udios e mensagens cifradas pela internet. &nbsp;<\/p>\n\n\n\n<p>Tudo come\u00e7a no j\u00e1 emblem\u00e1tico <strong>grupo de WhatsApp Ronda 24 Horas<\/strong>. Segundo consta, Tutu, que nunca foi ba\u00fa e tem a l\u00edngua solta, com a certeza da impunidade, andou falando mal dos atuais chefes deles na <strong>r\u00e1dio Liberal<\/strong> <strong>+<\/strong>, nesse grupo, do qual ele faz parte. Veja bem, reclamar em um grupo de WhatsApp, com muitos membros, \u00e9 querer ser exposto. <strong>E foi o que aconteceu. <\/strong><\/p>\n\n\n\n<p>Segundo me contaram <strong>\u2013 e eu tamb\u00e9m n\u00e3o sou ba\u00fa \u2013<\/strong> algu\u00e9m do grupo deu uns prints que chegaram no <strong>grupo O Liberal<\/strong> e parece que alguns telefonemas <strong>diretamente da Rep\u00fablica de Ananindeua <\/strong>tamb\u00e9m foram dados. Tutu, claro, \u201cfoi chamado no saco\u201d. E o que faz Tutu? Ao inv\u00e9s de baixar a bola e refletir que o que ele faz N\u00c3O se faz, <strong>foi reclamar no grupo Ronda 24 Horas e acusou uma antiga desafeta dele.<\/strong> <\/p>\n\n\n\n<p><strong>Tutu tem a l\u00edngua &#8211; e os dedos &#8211; enlouquecidos &#8211; <\/strong>Se \u00e9 para vazar mensagens <strong>do Ronda<\/strong>, vamos l\u00e1: <em>\u201cAten\u00e7\u00e3o, colegas! Na semana passada, solicitei \u00e0 administra\u00e7\u00e3o do grupo Ronda a remo\u00e7\u00e3o de membros que est\u00e3o vazando prints das nossas conversas aqui. Hoje [dia 9], vi que essa pessoa ainda est\u00e1 no grupo, ent\u00e3o estou avisando a todos para que tenham cuidado com o que compartilham. Infelizmente, h\u00e1 pessoas mal-intencionadas entre n\u00f3s, dispostas a qualquer coisa. Algu\u00e9m t\u00e3o inconsequente com sigo mesma dificilmente vai respeitar um colega de profiss\u00e3o. CUIDADO, PESSOAL!\u201d<\/em>, disse Tutu em mensagem ao grupo. <\/p>\n\n\n<div class=\"wp-block-image\">\n<figure class=\"aligncenter size-full\"><img loading=\"lazy\" decoding=\"async\" width=\"600\" height=\"358\" src=\"https:\/\/dedemesquita.com.br\/wp-content\/uploads\/2024\/09\/WhatsApp-Image-2024-09-10-at-08.28.18.jpeg\" alt=\"\" class=\"wp-image-9717\"\/><figcaption class=\"wp-element-caption\">Mensagem de Tutu no grupo de WhatsApp Ronda 24 Horas, na segunda-feira, 9<\/figcaption><\/figure><\/div>\n\n\n<p><strong>&#8220;Quero saber se tu TIGA?&#8221; &#8211; <\/strong>A resposta foi imediata e a \u201cacusada\u201d somente deu uns berros com Tutu, em \u00e1udios, e s\u00f3 \u201cn\u00e3o o chamou de santo\u201d. Olha, a coisa foi pesada e a colega disse com todas as vogais <em>\u201cTutu, tu n\u00e3o tens nada contra mim, agora, eu tenho muita coisa contra ti. Tu queres que eu vaze esses conte\u00fados?\u201d<\/em> Quero s\u00f3 dizer que esses \u00e1udios <strong>\u201ctirando dos cachorros e colocando em Tutu\u201d<\/strong> chegaram em <strong>n\u00famero de tr\u00eas, de diferentes coleguinhas<\/strong>, aqui na reda\u00e7\u00e3o. Se eu quero que ela vaze &#8220;os podres&#8221; de Tutu? O que voc\u00eas acham?<\/p>\n\n\n<div class=\"wp-block-image\">\n<figure class=\"aligncenter size-full\"><img loading=\"lazy\" decoding=\"async\" width=\"424\" height=\"750\" src=\"https:\/\/dedemesquita.com.br\/wp-content\/uploads\/2024\/09\/WhatsApp-Image-2024-09-09-at-13.02.21.jpeg\" alt=\"\" class=\"wp-image-9718\"\/><figcaption class=\"wp-element-caption\">Postagem que o algoritmo do Instagram jogou &#8220;na minha cara&#8221;, justamente quando a hist\u00f3ria de Tutu &#8220;bocudo&#8221; apareceu. Pode at\u00e9 n\u00e3o ter nada a ver com o que aconteceu nas ondas da internet, mas eu aposto que sim.<\/figcaption><\/figure><\/div>\n\n\n<p><strong>Titio condenado &#8211; <\/strong>Para completar o inferno astral de Tutu,<strong> o tio dele acaba <\/strong>de ser condenado a 12 anos de pris\u00e3o em regime fechado, por cinco crimes. A decis\u00e3o \u00e9 do <strong>TRE Par\u00e1<\/strong>, que aplicou ainda uma multa de <strong>mais de R$ 175 mil<\/strong> e negou o pedido do ex-deputado federal de recorrer da senten\u00e7a em liberdade, e quem <strong>teve que dar a not\u00edcia, ao vivo, foi Tutu, o sobrinho.<\/strong> Juro que n\u00e3o foi \u201cpraga\u201d minha. Juro!<\/p>\n","protected":false},"excerpt":{"rendered":"<p>Bel\u00e9m, 10 de setembro de 2024 &#8211; Eu deveria ter feito uma aposta nesses neg\u00f3cios de BET pra c\u00e1, BET pra l\u00e1, mas eu iria perder, porque eu \u201cdei\u201d tr\u00eas meses para Tutu come\u00e7ar a aprontar na r\u00e1dio Liberal +, e na segunda-feira, 9, menos de DOIS meses depois de Tutu ter atravessado a Almirante [&hellip;]<\/p>\n","protected":false},"author":2,"featured_media":9716,"comment_status":"open","ping_status":"open","sticky":false,"template":"","format":"standard","meta":{"footnotes":""},"categories":[51,14,29],"tags":[710,645,119,120,712,144,711,157,203,631,573],"class_list":["post-9715","post","type-post","status-publish","format-standard","has-post-thumbnail","hentry","category-destaque","category-imprensa","category-jornalismo","tag-audios-2","tag-grupo-ronda-24h","tag-jornalismo","tag-jornalistas-paraenses-em-acao","tag-mensagens","tag-o-liberal","tag-prints","tag-radio-liberal","tag-redacao-integrada-o-liberal","tag-tutu","tag-tutubarao"],"yoast_head":"<!-- This site is optimized with the Yoast SEO plugin v19.10 - https:\/\/yoast.com\/wordpress\/plugins\/seo\/ -->\n<title>Em menos de dois meses, Tutu come\u00e7a a aprontar no grupo O Liberal e ainda tem que noticiar a pris\u00e3o do tio, ao vivo, na r\u00e1dio - Ded\u00e9 Mesquita<\/title>\n<meta name=\"robots\" content=\"index, follow, max-snippet:-1, max-image-preview:large, max-video-preview:-1\" \/>\n<link rel=\"canonical\" href=\"https:\/\/dedemesquita.com.br\/?p=9715\" \/>\n<meta property=\"og:locale\" content=\"pt_BR\" \/>\n<meta property=\"og:type\" content=\"article\" \/>\n<meta property=\"og:title\" content=\"Em menos de dois meses, Tutu come\u00e7a a aprontar no grupo O Liberal e ainda tem que noticiar a pris\u00e3o do tio, ao vivo, na r\u00e1dio - Ded\u00e9 Mesquita\" \/>\n<meta property=\"og:description\" content=\"Bel\u00e9m, 10 de setembro de 2024 &#8211; Eu deveria ter feito uma aposta nesses neg\u00f3cios de BET pra c\u00e1, BET pra l\u00e1, mas eu iria perder, porque eu \u201cdei\u201d tr\u00eas meses para Tutu come\u00e7ar a aprontar na r\u00e1dio Liberal +, e na segunda-feira, 9, menos de DOIS meses depois de Tutu ter atravessado a Almirante [&hellip;]\" \/>\n<meta property=\"og:url\" content=\"https:\/\/dedemesquita.com.br\/?p=9715\" \/>\n<meta property=\"og:site_name\" content=\"Ded\u00e9 Mesquita\" \/>\n<meta property=\"article:publisher\" content=\"https:\/\/www.facebook.com\/dede.mesquita\" \/>\n<meta property=\"article:published_time\" content=\"2024-09-10T11:35:25+00:00\" \/>\n<meta property=\"article:modified_time\" content=\"2024-09-10T13:38:04+00:00\" \/>\n<meta property=\"og:image\" content=\"https:\/\/dedemesquita.com.br\/wp-content\/uploads\/2024\/09\/1013120-df_img_8609.webp\" \/>\n\t<meta property=\"og:image:width\" content=\"1024\" \/>\n\t<meta property=\"og:image:height\" content=\"768\" \/>\n\t<meta property=\"og:image:type\" content=\"image\/webp\" \/>\n<meta name=\"author\" content=\"Ded\u00e9 Mesquita\" \/>\n<meta name=\"twitter:card\" content=\"summary_large_image\" \/>\n<meta name=\"twitter:creator\" content=\"@dedemesquita\" \/>\n<meta name=\"twitter:site\" content=\"@dedemesquita\" \/>\n<meta name=\"twitter:label1\" content=\"Escrito por\" \/>\n\t<meta name=\"twitter:data1\" content=\"Ded\u00e9 Mesquita\" \/>\n\t<meta name=\"twitter:label2\" content=\"Est. tempo de leitura\" \/>\n\t<meta name=\"twitter:data2\" content=\"4 minutos\" \/>\n<script type=\"application\/ld+json\" class=\"yoast-schema-graph\">{\"@context\":\"https:\/\/schema.org\",\"@graph\":[{\"@type\":\"WebPage\",\"@id\":\"https:\/\/dedemesquita.com.br\/?p=9715\",\"url\":\"https:\/\/dedemesquita.com.br\/?p=9715\",\"name\":\"Em menos de dois meses, Tutu come\u00e7a a aprontar no grupo O Liberal e ainda tem que noticiar a pris\u00e3o do tio, ao vivo, na r\u00e1dio - Ded\u00e9 Mesquita\",\"isPartOf\":{\"@id\":\"https:\/\/dedemesquita.com.br\/#website\"},\"datePublished\":\"2024-09-10T11:35:25+00:00\",\"dateModified\":\"2024-09-10T13:38:04+00:00\",\"author\":{\"@id\":\"https:\/\/dedemesquita.com.br\/#\/schema\/person\/36571f81dd2d76dc3ab37231542c9e24\"},\"breadcrumb\":{\"@id\":\"https:\/\/dedemesquita.com.br\/?p=9715#breadcrumb\"},\"inLanguage\":\"pt-BR\",\"potentialAction\":[{\"@type\":\"ReadAction\",\"target\":[\"https:\/\/dedemesquita.com.br\/?p=9715\"]}]},{\"@type\":\"BreadcrumbList\",\"@id\":\"https:\/\/dedemesquita.com.br\/?p=9715#breadcrumb\",\"itemListElement\":[{\"@type\":\"ListItem\",\"position\":1,\"name\":\"In\u00edcio\",\"item\":\"https:\/\/dedemesquita.com.br\/\"},{\"@type\":\"ListItem\",\"position\":2,\"name\":\"Em menos de dois meses, Tutu come\u00e7a a aprontar no grupo O Liberal e ainda tem que noticiar a pris\u00e3o do tio, ao vivo, na r\u00e1dio\"}]},{\"@type\":\"WebSite\",\"@id\":\"https:\/\/dedemesquita.com.br\/#website\",\"url\":\"https:\/\/dedemesquita.com.br\/\",\"name\":\"Ded\u00e9 Mesquita\",\"description\":\"Um site que mostra os bastidores da imprensa no estado do Par\u00e1 e em Bel\u00e9m\",\"potentialAction\":[{\"@type\":\"SearchAction\",\"target\":{\"@type\":\"EntryPoint\",\"urlTemplate\":\"https:\/\/dedemesquita.com.br\/?s={search_term_string}\"},\"query-input\":\"required name=search_term_string\"}],\"inLanguage\":\"pt-BR\"},{\"@type\":\"Person\",\"@id\":\"https:\/\/dedemesquita.com.br\/#\/schema\/person\/36571f81dd2d76dc3ab37231542c9e24\",\"name\":\"Ded\u00e9 Mesquita\",\"image\":{\"@type\":\"ImageObject\",\"inLanguage\":\"pt-BR\",\"@id\":\"https:\/\/dedemesquita.com.br\/#\/schema\/person\/image\/\",\"url\":\"https:\/\/dedemesquita.com.br\/wp-content\/uploads\/2021\/02\/foto_perfil-150x150.jpg\",\"contentUrl\":\"https:\/\/dedemesquita.com.br\/wp-content\/uploads\/2021\/02\/foto_perfil-150x150.jpg\",\"caption\":\"Ded\u00e9 Mesquita\"},\"sameAs\":[\"https:\/\/dedemesquita.com.br\"]}]}<\/script>\n<!-- \/ Yoast SEO plugin. -->","yoast_head_json":{"title":"Em menos de dois meses, Tutu come\u00e7a a aprontar no grupo O Liberal e ainda tem que noticiar a pris\u00e3o do tio, ao vivo, na r\u00e1dio - Ded\u00e9 Mesquita","robots":{"index":"index","follow":"follow","max-snippet":"max-snippet:-1","max-image-preview":"max-image-preview:large","max-video-preview":"max-video-preview:-1"},"canonical":"https:\/\/dedemesquita.com.br\/?p=9715","og_locale":"pt_BR","og_type":"article","og_title":"Em menos de dois meses, Tutu come\u00e7a a aprontar no grupo O Liberal e ainda tem que noticiar a pris\u00e3o do tio, ao vivo, na r\u00e1dio - Ded\u00e9 Mesquita","og_description":"Bel\u00e9m, 10 de setembro de 2024 &#8211; Eu deveria ter feito uma aposta nesses neg\u00f3cios de BET pra c\u00e1, BET pra l\u00e1, mas eu iria perder, porque eu \u201cdei\u201d tr\u00eas meses para Tutu come\u00e7ar a aprontar na r\u00e1dio Liberal +, e na segunda-feira, 9, menos de DOIS meses depois de Tutu ter atravessado a Almirante [&hellip;]","og_url":"https:\/\/dedemesquita.com.br\/?p=9715","og_site_name":"Ded\u00e9 Mesquita","article_publisher":"https:\/\/www.facebook.com\/dede.mesquita","article_published_time":"2024-09-10T11:35:25+00:00","article_modified_time":"2024-09-10T13:38:04+00:00","og_image":[{"width":1024,"height":768,"url":"https:\/\/dedemesquita.com.br\/wp-content\/uploads\/2024\/09\/1013120-df_img_8609.webp","type":"image\/webp"}],"author":"Ded\u00e9 Mesquita","twitter_card":"summary_large_image","twitter_creator":"@dedemesquita","twitter_site":"@dedemesquita","twitter_misc":{"Escrito por":"Ded\u00e9 Mesquita","Est. tempo de leitura":"4 minutos"},"schema":{"@context":"https:\/\/schema.org","@graph":[{"@type":"WebPage","@id":"https:\/\/dedemesquita.com.br\/?p=9715","url":"https:\/\/dedemesquita.com.br\/?p=9715","name":"Em menos de dois meses, Tutu come\u00e7a a aprontar no grupo O Liberal e ainda tem que noticiar a pris\u00e3o do tio, ao vivo, na r\u00e1dio - Ded\u00e9 Mesquita","isPartOf":{"@id":"https:\/\/dedemesquita.com.br\/#website"},"datePublished":"2024-09-10T11:35:25+00:00","dateModified":"2024-09-10T13:38:04+00:00","author":{"@id":"https:\/\/dedemesquita.com.br\/#\/schema\/person\/36571f81dd2d76dc3ab37231542c9e24"},"breadcrumb":{"@id":"https:\/\/dedemesquita.com.br\/?p=9715#breadcrumb"},"inLanguage":"pt-BR","potentialAction":[{"@type":"ReadAction","target":["https:\/\/dedemesquita.com.br\/?p=9715"]}]},{"@type":"BreadcrumbList","@id":"https:\/\/dedemesquita.com.br\/?p=9715#breadcrumb","itemListElement":[{"@type":"ListItem","position":1,"name":"In\u00edcio","item":"https:\/\/dedemesquita.com.br\/"},{"@type":"ListItem","position":2,"name":"Em menos de dois meses, Tutu come\u00e7a a aprontar no grupo O Liberal e ainda tem que noticiar a pris\u00e3o do tio, ao vivo, na r\u00e1dio"}]},{"@type":"WebSite","@id":"https:\/\/dedemesquita.com.br\/#website","url":"https:\/\/dedemesquita.com.br\/","name":"Ded\u00e9 Mesquita","description":"Um site que mostra os bastidores da imprensa no estado do Par\u00e1 e em Bel\u00e9m","potentialAction":[{"@type":"SearchAction","target":{"@type":"EntryPoint","urlTemplate":"https:\/\/dedemesquita.com.br\/?s={search_term_string}"},"query-input":"required name=search_term_string"}],"inLanguage":"pt-BR"},{"@type":"Person","@id":"https:\/\/dedemesquita.com.br\/#\/schema\/person\/36571f81dd2d76dc3ab37231542c9e24","name":"Ded\u00e9 Mesquita","image":{"@type":"ImageObject","inLanguage":"pt-BR","@id":"https:\/\/dedemesquita.com.br\/#\/schema\/person\/image\/","url":"https:\/\/dedemesquita.com.br\/wp-content\/uploads\/2021\/02\/foto_perfil-150x150.jpg","contentUrl":"https:\/\/dedemesquita.com.br\/wp-content\/uploads\/2021\/02\/foto_perfil-150x150.jpg","caption":"Ded\u00e9 Mesquita"},"sameAs":["https:\/\/dedemesquita.com.br"]}]}},"_links":{"self":[{"href":"https:\/\/dedemesquita.com.br\/index.php?rest_route=\/wp\/v2\/posts\/9715"}],"collection":[{"href":"https:\/\/dedemesquita.com.br\/index.php?rest_route=\/wp\/v2\/posts"}],"about":[{"href":"https:\/\/dedemesquita.com.br\/index.php?rest_route=\/wp\/v2\/types\/post"}],"author":[{"embeddable":true,"href":"https:\/\/dedemesquita.com.br\/index.php?rest_route=\/wp\/v2\/users\/2"}],"replies":[{"embeddable":true,"href":"https:\/\/dedemesquita.com.br\/index.php?rest_route=%2Fwp%2Fv2%2Fcomments&post=9715"}],"version-history":[{"count":4,"href":"https:\/\/dedemesquita.com.br\/index.php?rest_route=\/wp\/v2\/posts\/9715\/revisions"}],"predecessor-version":[{"id":9741,"href":"https:\/\/dedemesquita.com.br\/index.php?rest_route=\/wp\/v2\/posts\/9715\/revisions\/9741"}],"wp:featuredmedia":[{"embeddable":true,"href":"https:\/\/dedemesquita.com.br\/index.php?rest_route=\/wp\/v2\/media\/9716"}],"wp:attachment":[{"href":"https:\/\/dedemesquita.com.br\/index.php?rest_route=%2Fwp%2Fv2%2Fmedia&parent=9715"}],"wp:term":[{"taxonomy":"category","embeddable":true,"href":"https:\/\/dedemesquita.com.br\/index.php?rest_route=%2Fwp%2Fv2%2Fcategories&post=9715"},{"taxonomy":"post_tag","embeddable":true,"href":"https:\/\/dedemesquita.com.br\/index.php?rest_route=%2Fwp%2Fv2%2Ftags&post=9715"}],"curies":[{"name":"wp","href":"https:\/\/api.w.org\/{rel}","templated":true}]}}