{"id":9686,"date":"2024-09-09T09:25:16","date_gmt":"2024-09-09T12:25:16","guid":{"rendered":"https:\/\/dedemesquita.com.br\/?p=9686"},"modified":"2024-09-09T09:46:49","modified_gmt":"2024-09-09T12:46:49","slug":"coleguinhas-no-sete-setembro-tietando-paolo-oliveira-um-casamento-e-mais-e-mais-fotos","status":"publish","type":"post","link":"https:\/\/dedemesquita.com.br\/?p=9686","title":{"rendered":"Coleguinhas no Sete Setembro, tietando Paola Oliveira, um casamento e mais e mais fotos"},"content":{"rendered":"\n<p><strong>Bel\u00e9m, 9 de setembro de 2024 &#8211; <\/strong>Come\u00e7amos a semana com uma sess\u00e3o que eu gosto muito de fazer aqui no site: mostrar fotos dos coleguinhas em eventos, sejam de trabalho ou de eventos sociais. Temos aqui a cobertura do Sete de Setembro, um casamento e a passagem fara\u00f4nica da atriz Paola Oliveira por Bel\u00e9m, em reuni\u00f5es recentes. <\/p>\n\n\n\n<p><strong>Cobertura do Sete de Setembro <\/strong><\/p>\n\n\n<div class=\"wp-block-image\">\n<figure class=\"aligncenter size-full\"><img loading=\"lazy\" decoding=\"async\" width=\"531\" height=\"800\" src=\"https:\/\/dedemesquita.com.br\/wp-content\/uploads\/2024\/09\/WhatsApp-Image-2024-09-07-at-11.54.06.jpeg\" alt=\"\" class=\"wp-image-9687\"\/><figcaption class=\"wp-element-caption\">Marco Santos pela Secom\/ Ag\u00eancia Par\u00e1<\/figcaption><\/figure><\/div>\n\n<div class=\"wp-block-image\">\n<figure class=\"aligncenter size-full\"><img loading=\"lazy\" decoding=\"async\" width=\"660\" height=\"800\" src=\"https:\/\/dedemesquita.com.br\/wp-content\/uploads\/2024\/09\/WhatsApp-Image-2024-09-08-at-10.27.37-3.jpeg\" alt=\"\" class=\"wp-image-9688\"\/><figcaption class=\"wp-element-caption\">Irene Almeida, do jornal Di\u00e1rio do Par\u00e1, em foto de Osmarino Souza<\/figcaption><\/figure><\/div>\n\n<div class=\"wp-block-image\">\n<figure class=\"aligncenter size-full\"><img loading=\"lazy\" decoding=\"async\" width=\"688\" height=\"800\" src=\"https:\/\/dedemesquita.com.br\/wp-content\/uploads\/2024\/09\/WhatsApp-Image-2024-09-07-at-16.17.13.jpeg\" alt=\"\" class=\"wp-image-9689\"\/><figcaption class=\"wp-element-caption\">As meninas jornalistas &#8220;militares&#8221;, Ize sena e Anna Cristina Campos, pelo Ex\u00e9rcito, e \u00c2ngela Bazzoni, pela Marinha<\/figcaption><\/figure><\/div>\n\n<div class=\"wp-block-image\">\n<figure class=\"aligncenter size-full\"><img loading=\"lazy\" decoding=\"async\" width=\"530\" height=\"800\" src=\"https:\/\/dedemesquita.com.br\/wp-content\/uploads\/2024\/09\/WhatsApp-Image-2024-09-07-at-16.18.02.jpeg\" alt=\"\" class=\"wp-image-9690\"\/><figcaption class=\"wp-element-caption\">Fabyo Cruz, do jornal O Liberal, Mateus Miranda, da TV Cultura, e Ize Sena <\/figcaption><\/figure><\/div>\n\n<div class=\"wp-block-image\">\n<figure class=\"aligncenter size-full\"><img loading=\"lazy\" decoding=\"async\" width=\"800\" height=\"677\" src=\"https:\/\/dedemesquita.com.br\/wp-content\/uploads\/2024\/09\/WhatsApp-Image-2024-09-07-at-11.50.33.jpeg\" alt=\"\" class=\"wp-image-9691\" srcset=\"https:\/\/dedemesquita.com.br\/wp-content\/uploads\/2024\/09\/WhatsApp-Image-2024-09-07-at-11.50.33.jpeg 800w, https:\/\/dedemesquita.com.br\/wp-content\/uploads\/2024\/09\/WhatsApp-Image-2024-09-07-at-11.50.33-768x650.jpeg 768w\" sizes=\"(max-width: 800px) 100vw, 800px\" \/><figcaption class=\"wp-element-caption\">Oswaldo Forte, Thiago Gomes, de O Liberal, e Raimundo Pacc\u00f3 na cobertura do Grito dos Exclu\u00eddos, tamb\u00e9m no dia 7 de Setembro <\/figcaption><\/figure><\/div>\n\n\n<p><\/p>\n\n\n\n<p>No s\u00e1bado, dia 7, a <strong>Escola de Samba Grande Rio,<\/strong> do Rio de Janeiro, promoveu <strong>seletiva de samba enredo em Bel\u00e9m<\/strong>, com a presen\u00e7a da atriz <strong>Paola Oliveira<\/strong>, madrinha de bateria da escola:<\/p>\n\n\n<div class=\"wp-block-image\">\n<figure class=\"aligncenter size-full\"><img loading=\"lazy\" decoding=\"async\" width=\"459\" height=\"530\" src=\"https:\/\/dedemesquita.com.br\/wp-content\/uploads\/2024\/09\/WhatsApp-Image-2024-09-09-at-09.42.40.jpeg\" alt=\"\" class=\"wp-image-9712\"\/><figcaption class=\"wp-element-caption\">Mestre Damasceno, de Salvaterra, e \u00darsula Vidal, da Secult-PA. Ele \u00e9 um dos compositores do samba da Escola Deixa Falar, de Bel\u00e9m, que foi classificado na seletiva da Grande Rio, que ser\u00e1 no Rio de Janeiro. O outro samba classificado \u00e9 da Escola Bole Bole.<\/figcaption><\/figure><\/div>\n\n<div class=\"wp-block-image\">\n<figure class=\"aligncenter size-full\"><img loading=\"lazy\" decoding=\"async\" width=\"558\" height=\"800\" src=\"https:\/\/dedemesquita.com.br\/wp-content\/uploads\/2024\/09\/WhatsApp-Image-2024-09-08-at-10.27.37.jpeg\" alt=\"\" class=\"wp-image-9692\"\/><figcaption class=\"wp-element-caption\">Turma da imprensa de Bel\u00e9m na seletiva da Grande Rio no Porto Futuro, Reduto, em Bel\u00e9m. Reconhe\u00e7o a\u00ed Christian Emanoel, Elielson Almeida e Vin\u00edcius Macedo, da TV Liberal; e Gilberto Neto, da TV Cultura <\/figcaption><\/figure><\/div>\n\n<div class=\"wp-block-image\">\n<figure class=\"aligncenter size-full\"><img loading=\"lazy\" decoding=\"async\" width=\"617\" height=\"800\" src=\"https:\/\/dedemesquita.com.br\/wp-content\/uploads\/2024\/09\/WhatsApp-Image-2024-09-08-at-10.27.38.jpeg\" alt=\"\" class=\"wp-image-9693\"\/><figcaption class=\"wp-element-caption\">Vin\u00edcius Mac\u00eado, da TV Liberal, e Paola Oliveira<\/figcaption><\/figure><\/div>\n\n<div class=\"wp-block-image\">\n<figure class=\"aligncenter size-full\"><img loading=\"lazy\" decoding=\"async\" width=\"597\" height=\"800\" src=\"https:\/\/dedemesquita.com.br\/wp-content\/uploads\/2024\/09\/WhatsApp-Image-2024-09-08-at-10.27.37-2.jpeg\" alt=\"\" class=\"wp-image-9694\"\/><figcaption class=\"wp-element-caption\">Guilherme Guerreiro Neto foi um dos compositores do samba da escola Quem S\u00e3o Eles <\/figcaption><\/figure><\/div>\n\n<div class=\"wp-block-image\">\n<figure class=\"aligncenter size-full\"><img loading=\"lazy\" decoding=\"async\" width=\"800\" height=\"591\" src=\"https:\/\/dedemesquita.com.br\/wp-content\/uploads\/2024\/09\/WhatsApp-Image-2024-09-08-at-10.27.37-1.jpeg\" alt=\"\" class=\"wp-image-9695\" srcset=\"https:\/\/dedemesquita.com.br\/wp-content\/uploads\/2024\/09\/WhatsApp-Image-2024-09-08-at-10.27.37-1.jpeg 800w, https:\/\/dedemesquita.com.br\/wp-content\/uploads\/2024\/09\/WhatsApp-Image-2024-09-08-at-10.27.37-1-768x567.jpeg 768w\" sizes=\"(max-width: 800px) 100vw, 800px\" \/><figcaption class=\"wp-element-caption\">Fam\u00edlia e amigos prestigiaram Guilherme Neto na seletiva da Grande Rio<\/figcaption><\/figure><\/div>\n\n\n<p><\/p>\n\n\n\n<p>A <strong>Confer\u00eancia Clim\u00e1tica Regional de Juventudes Latinoamericanas &#8211; RCOY Latinoam\u00e9rica 2024<\/strong> est\u00e1 sendo realizada em Bel\u00e9m, na ilha do Combu, onde <strong>come\u00e7ou na sexta-feira, dia 6<\/strong>, e segue em Bel\u00e9m at\u00e9 ter\u00e7a-feira, 10, em quatro diferentes locais: no territ\u00f3rio quilombola Furo da Paci\u00eancia, na <strong>Ilha do Combu<\/strong>; na <strong>Usina da Paz Jurunas\/Condor<\/strong>; no <strong>teatro Maria Sylvia Nunes<\/strong>, na Esta\u00e7\u00e3o das Docas; e no <strong>N\u00facleo de Oficinas Curro Velho<\/strong>, no bairro do Tel\u00e9grafo.<\/p>\n\n\n<div class=\"wp-block-image\">\n<figure class=\"aligncenter size-full\"><img loading=\"lazy\" decoding=\"async\" width=\"800\" height=\"808\" src=\"https:\/\/dedemesquita.com.br\/wp-content\/uploads\/2024\/09\/WhatsApp-Image-2024-09-08-at-10.27.38-3.jpeg\" alt=\"\" class=\"wp-image-9697\" srcset=\"https:\/\/dedemesquita.com.br\/wp-content\/uploads\/2024\/09\/WhatsApp-Image-2024-09-08-at-10.27.38-3.jpeg 800w, https:\/\/dedemesquita.com.br\/wp-content\/uploads\/2024\/09\/WhatsApp-Image-2024-09-08-at-10.27.38-3-768x776.jpeg 768w\" sizes=\"(max-width: 800px) 100vw, 800px\" \/><figcaption class=\"wp-element-caption\">Elielson Almeida, da TV Liberal, e Gilberto Neto, da TV Cultura na cobertura da abertura da Confer\u00eancia no Combu<\/figcaption><\/figure><\/div>\n\n<div class=\"wp-block-image\">\n<figure class=\"aligncenter size-full\"><img loading=\"lazy\" decoding=\"async\" width=\"574\" height=\"800\" src=\"https:\/\/dedemesquita.com.br\/wp-content\/uploads\/2024\/09\/WhatsApp-Image-2024-09-08-at-10.27.38-2.jpeg\" alt=\"\" class=\"wp-image-9698\"\/><figcaption class=\"wp-element-caption\">Elielson Almeida, da TV Liberal, e Carlos Brito, da TV Record Bel\u00e9m, no Combu<\/figcaption><\/figure><\/div>\n\n\n<p><\/p>\n\n\n\n<p><strong>Evento na Natura &#8211; <\/strong>Rosana Pinto, da ag\u00eancia Eko, foi a anfitri\u00e3 da visita \u00e0 f\u00e1brica de sabonetes da Natura, em Benevides, na Regi\u00e3o Metropolitana de Bel\u00e9m    <\/p>\n\n\n<div class=\"wp-block-image\">\n<figure class=\"aligncenter size-full\"><img loading=\"lazy\" decoding=\"async\" width=\"800\" height=\"749\" src=\"https:\/\/dedemesquita.com.br\/wp-content\/uploads\/2024\/09\/WhatsApp-Image-2024-09-08-at-10.27.38-4.jpeg\" alt=\"\" class=\"wp-image-9699\" srcset=\"https:\/\/dedemesquita.com.br\/wp-content\/uploads\/2024\/09\/WhatsApp-Image-2024-09-08-at-10.27.38-4.jpeg 800w, https:\/\/dedemesquita.com.br\/wp-content\/uploads\/2024\/09\/WhatsApp-Image-2024-09-08-at-10.27.38-4-768x719.jpeg 768w\" sizes=\"(max-width: 800px) 100vw, 800px\" \/><figcaption class=\"wp-element-caption\">Tain\u00e1 Dias, da Reda\u00e7\u00e3o Integrada O Liberal, e Rosana Pinto, da Eko<\/figcaption><\/figure><\/div>\n\n\n<p><\/p>\n\n\n\n<p><strong>Casamento de Rodolfo e Fernanda &#8211; <\/strong>No s\u00e1bado, 7, foi o casamento do <strong>Rodolfo<\/strong>, da R\u00e1dio Liberal + e <strong>Fernanda<\/strong>, com os coleguinhas da r\u00e1dio prestigiando o nova casal. Felicidades!<\/p>\n\n\n<div class=\"wp-block-image\">\n<figure class=\"aligncenter size-full\"><img loading=\"lazy\" decoding=\"async\" width=\"597\" height=\"800\" src=\"https:\/\/dedemesquita.com.br\/wp-content\/uploads\/2024\/09\/WhatsApp-Image-2024-09-08-at-10.27.36.jpeg\" alt=\"\" class=\"wp-image-9701\"\/><figcaption class=\"wp-element-caption\">Fernanda e Rodolfo muito felizes <\/figcaption><\/figure><\/div>\n\n<div class=\"wp-block-image\">\n<figure class=\"aligncenter size-full\"><img loading=\"lazy\" decoding=\"async\" width=\"492\" height=\"577\" src=\"https:\/\/dedemesquita.com.br\/wp-content\/uploads\/2024\/09\/WhatsApp-Image-2024-09-08-at-10.11.26.jpeg\" alt=\"\" class=\"wp-image-9702\"\/><figcaption class=\"wp-element-caption\">Tarso Sarraf, Abner Luiz e Edmilson Mota no casamento de Rodolfo e Fernanda<\/figcaption><\/figure><\/div>\n\n<div class=\"wp-block-image\">\n<figure class=\"aligncenter size-full\"><img loading=\"lazy\" decoding=\"async\" width=\"491\" height=\"671\" src=\"https:\/\/dedemesquita.com.br\/wp-content\/uploads\/2024\/09\/WhatsApp-Image-2024-09-08-at-10.11.47.jpeg\" alt=\"\" class=\"wp-image-9703\"\/><figcaption class=\"wp-element-caption\">Tarso, Fernanda e Rodolfo<\/figcaption><\/figure><\/div>\n\n<div class=\"wp-block-image\">\n<figure class=\"aligncenter size-full\"><img loading=\"lazy\" decoding=\"async\" width=\"617\" height=\"666\" src=\"https:\/\/dedemesquita.com.br\/wp-content\/uploads\/2024\/09\/WhatsApp-Image-2024-09-09-at-08.55.06.jpeg\" alt=\"\" class=\"wp-image-9704\"\/><figcaption class=\"wp-element-caption\">Elisa Vaz, da Reda\u00e7\u00e3o Integrada O Liberal, no casamento de Rodolfo e Fernanda<\/figcaption><\/figure><\/div>","protected":false},"excerpt":{"rendered":"<p>Bel\u00e9m, 9 de setembro de 2024 &#8211; Come\u00e7amos a semana com uma sess\u00e3o que eu gosto muito de fazer aqui no site: mostrar fotos dos coleguinhas em eventos, sejam de trabalho ou de eventos sociais. Temos aqui a cobertura do Sete de Setembro, um casamento e a passagem fara\u00f4nica da atriz Paola Oliveira por Bel\u00e9m, [&hellip;]<\/p>\n","protected":false},"author":2,"featured_media":9705,"comment_status":"open","ping_status":"open","sticky":false,"template":"","format":"standard","meta":{"footnotes":""},"categories":[51,14,29],"tags":[119,120,150],"class_list":["post-9686","post","type-post","status-publish","format-standard","has-post-thumbnail","hentry","category-destaque","category-imprensa","category-jornalismo","tag-jornalismo","tag-jornalistas-paraenses-em-acao","tag-secom-pa"],"yoast_head":"<!-- This site is optimized with the Yoast SEO plugin v19.10 - https:\/\/yoast.com\/wordpress\/plugins\/seo\/ -->\n<title>Coleguinhas no Sete Setembro, tietando Paola Oliveira, um casamento e mais e mais fotos - Ded\u00e9 Mesquita<\/title>\n<meta name=\"robots\" content=\"index, follow, max-snippet:-1, max-image-preview:large, max-video-preview:-1\" \/>\n<link rel=\"canonical\" href=\"https:\/\/dedemesquita.com.br\/?p=9686\" \/>\n<meta property=\"og:locale\" content=\"pt_BR\" \/>\n<meta property=\"og:type\" content=\"article\" \/>\n<meta property=\"og:title\" content=\"Coleguinhas no Sete Setembro, tietando Paola Oliveira, um casamento e mais e mais fotos - Ded\u00e9 Mesquita\" \/>\n<meta property=\"og:description\" content=\"Bel\u00e9m, 9 de setembro de 2024 &#8211; Come\u00e7amos a semana com uma sess\u00e3o que eu gosto muito de fazer aqui no site: mostrar fotos dos coleguinhas em eventos, sejam de trabalho ou de eventos sociais. Temos aqui a cobertura do Sete de Setembro, um casamento e a passagem fara\u00f4nica da atriz Paola Oliveira por Bel\u00e9m, [&hellip;]\" \/>\n<meta property=\"og:url\" content=\"https:\/\/dedemesquita.com.br\/?p=9686\" \/>\n<meta property=\"og:site_name\" content=\"Ded\u00e9 Mesquita\" \/>\n<meta property=\"article:publisher\" content=\"https:\/\/www.facebook.com\/dede.mesquita\" \/>\n<meta property=\"article:published_time\" content=\"2024-09-09T12:25:16+00:00\" \/>\n<meta property=\"article:modified_time\" content=\"2024-09-09T12:46:49+00:00\" \/>\n<meta property=\"og:image\" content=\"https:\/\/dedemesquita.com.br\/wp-content\/uploads\/2024\/09\/bela.jpg\" \/>\n\t<meta property=\"og:image:width\" content=\"898\" \/>\n\t<meta property=\"og:image:height\" content=\"628\" \/>\n\t<meta property=\"og:image:type\" content=\"image\/jpeg\" \/>\n<meta name=\"author\" content=\"Ded\u00e9 Mesquita\" \/>\n<meta name=\"twitter:card\" content=\"summary_large_image\" \/>\n<meta name=\"twitter:creator\" content=\"@dedemesquita\" \/>\n<meta name=\"twitter:site\" content=\"@dedemesquita\" \/>\n<meta name=\"twitter:label1\" content=\"Escrito por\" \/>\n\t<meta name=\"twitter:data1\" content=\"Ded\u00e9 Mesquita\" \/>\n\t<meta name=\"twitter:label2\" content=\"Est. tempo de leitura\" \/>\n\t<meta name=\"twitter:data2\" content=\"7 minutos\" \/>\n<script type=\"application\/ld+json\" class=\"yoast-schema-graph\">{\"@context\":\"https:\/\/schema.org\",\"@graph\":[{\"@type\":\"WebPage\",\"@id\":\"https:\/\/dedemesquita.com.br\/?p=9686\",\"url\":\"https:\/\/dedemesquita.com.br\/?p=9686\",\"name\":\"Coleguinhas no Sete Setembro, tietando Paola Oliveira, um casamento e mais e mais fotos - Ded\u00e9 Mesquita\",\"isPartOf\":{\"@id\":\"https:\/\/dedemesquita.com.br\/#website\"},\"datePublished\":\"2024-09-09T12:25:16+00:00\",\"dateModified\":\"2024-09-09T12:46:49+00:00\",\"author\":{\"@id\":\"https:\/\/dedemesquita.com.br\/#\/schema\/person\/36571f81dd2d76dc3ab37231542c9e24\"},\"breadcrumb\":{\"@id\":\"https:\/\/dedemesquita.com.br\/?p=9686#breadcrumb\"},\"inLanguage\":\"pt-BR\",\"potentialAction\":[{\"@type\":\"ReadAction\",\"target\":[\"https:\/\/dedemesquita.com.br\/?p=9686\"]}]},{\"@type\":\"BreadcrumbList\",\"@id\":\"https:\/\/dedemesquita.com.br\/?p=9686#breadcrumb\",\"itemListElement\":[{\"@type\":\"ListItem\",\"position\":1,\"name\":\"In\u00edcio\",\"item\":\"https:\/\/dedemesquita.com.br\/\"},{\"@type\":\"ListItem\",\"position\":2,\"name\":\"Coleguinhas no Sete Setembro, tietando Paola Oliveira, um casamento e mais e mais fotos\"}]},{\"@type\":\"WebSite\",\"@id\":\"https:\/\/dedemesquita.com.br\/#website\",\"url\":\"https:\/\/dedemesquita.com.br\/\",\"name\":\"Ded\u00e9 Mesquita\",\"description\":\"Um site que mostra os bastidores da imprensa no estado do Par\u00e1 e em Bel\u00e9m\",\"potentialAction\":[{\"@type\":\"SearchAction\",\"target\":{\"@type\":\"EntryPoint\",\"urlTemplate\":\"https:\/\/dedemesquita.com.br\/?s={search_term_string}\"},\"query-input\":\"required name=search_term_string\"}],\"inLanguage\":\"pt-BR\"},{\"@type\":\"Person\",\"@id\":\"https:\/\/dedemesquita.com.br\/#\/schema\/person\/36571f81dd2d76dc3ab37231542c9e24\",\"name\":\"Ded\u00e9 Mesquita\",\"image\":{\"@type\":\"ImageObject\",\"inLanguage\":\"pt-BR\",\"@id\":\"https:\/\/dedemesquita.com.br\/#\/schema\/person\/image\/\",\"url\":\"https:\/\/dedemesquita.com.br\/wp-content\/uploads\/2021\/02\/foto_perfil-150x150.jpg\",\"contentUrl\":\"https:\/\/dedemesquita.com.br\/wp-content\/uploads\/2021\/02\/foto_perfil-150x150.jpg\",\"caption\":\"Ded\u00e9 Mesquita\"},\"sameAs\":[\"https:\/\/dedemesquita.com.br\"]}]}<\/script>\n<!-- \/ Yoast SEO plugin. -->","yoast_head_json":{"title":"Coleguinhas no Sete Setembro, tietando Paola Oliveira, um casamento e mais e mais fotos - Ded\u00e9 Mesquita","robots":{"index":"index","follow":"follow","max-snippet":"max-snippet:-1","max-image-preview":"max-image-preview:large","max-video-preview":"max-video-preview:-1"},"canonical":"https:\/\/dedemesquita.com.br\/?p=9686","og_locale":"pt_BR","og_type":"article","og_title":"Coleguinhas no Sete Setembro, tietando Paola Oliveira, um casamento e mais e mais fotos - Ded\u00e9 Mesquita","og_description":"Bel\u00e9m, 9 de setembro de 2024 &#8211; Come\u00e7amos a semana com uma sess\u00e3o que eu gosto muito de fazer aqui no site: mostrar fotos dos coleguinhas em eventos, sejam de trabalho ou de eventos sociais. Temos aqui a cobertura do Sete de Setembro, um casamento e a passagem fara\u00f4nica da atriz Paola Oliveira por Bel\u00e9m, [&hellip;]","og_url":"https:\/\/dedemesquita.com.br\/?p=9686","og_site_name":"Ded\u00e9 Mesquita","article_publisher":"https:\/\/www.facebook.com\/dede.mesquita","article_published_time":"2024-09-09T12:25:16+00:00","article_modified_time":"2024-09-09T12:46:49+00:00","og_image":[{"width":898,"height":628,"url":"https:\/\/dedemesquita.com.br\/wp-content\/uploads\/2024\/09\/bela.jpg","type":"image\/jpeg"}],"author":"Ded\u00e9 Mesquita","twitter_card":"summary_large_image","twitter_creator":"@dedemesquita","twitter_site":"@dedemesquita","twitter_misc":{"Escrito por":"Ded\u00e9 Mesquita","Est. tempo de leitura":"7 minutos"},"schema":{"@context":"https:\/\/schema.org","@graph":[{"@type":"WebPage","@id":"https:\/\/dedemesquita.com.br\/?p=9686","url":"https:\/\/dedemesquita.com.br\/?p=9686","name":"Coleguinhas no Sete Setembro, tietando Paola Oliveira, um casamento e mais e mais fotos - Ded\u00e9 Mesquita","isPartOf":{"@id":"https:\/\/dedemesquita.com.br\/#website"},"datePublished":"2024-09-09T12:25:16+00:00","dateModified":"2024-09-09T12:46:49+00:00","author":{"@id":"https:\/\/dedemesquita.com.br\/#\/schema\/person\/36571f81dd2d76dc3ab37231542c9e24"},"breadcrumb":{"@id":"https:\/\/dedemesquita.com.br\/?p=9686#breadcrumb"},"inLanguage":"pt-BR","potentialAction":[{"@type":"ReadAction","target":["https:\/\/dedemesquita.com.br\/?p=9686"]}]},{"@type":"BreadcrumbList","@id":"https:\/\/dedemesquita.com.br\/?p=9686#breadcrumb","itemListElement":[{"@type":"ListItem","position":1,"name":"In\u00edcio","item":"https:\/\/dedemesquita.com.br\/"},{"@type":"ListItem","position":2,"name":"Coleguinhas no Sete Setembro, tietando Paola Oliveira, um casamento e mais e mais fotos"}]},{"@type":"WebSite","@id":"https:\/\/dedemesquita.com.br\/#website","url":"https:\/\/dedemesquita.com.br\/","name":"Ded\u00e9 Mesquita","description":"Um site que mostra os bastidores da imprensa no estado do Par\u00e1 e em Bel\u00e9m","potentialAction":[{"@type":"SearchAction","target":{"@type":"EntryPoint","urlTemplate":"https:\/\/dedemesquita.com.br\/?s={search_term_string}"},"query-input":"required name=search_term_string"}],"inLanguage":"pt-BR"},{"@type":"Person","@id":"https:\/\/dedemesquita.com.br\/#\/schema\/person\/36571f81dd2d76dc3ab37231542c9e24","name":"Ded\u00e9 Mesquita","image":{"@type":"ImageObject","inLanguage":"pt-BR","@id":"https:\/\/dedemesquita.com.br\/#\/schema\/person\/image\/","url":"https:\/\/dedemesquita.com.br\/wp-content\/uploads\/2021\/02\/foto_perfil-150x150.jpg","contentUrl":"https:\/\/dedemesquita.com.br\/wp-content\/uploads\/2021\/02\/foto_perfil-150x150.jpg","caption":"Ded\u00e9 Mesquita"},"sameAs":["https:\/\/dedemesquita.com.br"]}]}},"_links":{"self":[{"href":"https:\/\/dedemesquita.com.br\/index.php?rest_route=\/wp\/v2\/posts\/9686"}],"collection":[{"href":"https:\/\/dedemesquita.com.br\/index.php?rest_route=\/wp\/v2\/posts"}],"about":[{"href":"https:\/\/dedemesquita.com.br\/index.php?rest_route=\/wp\/v2\/types\/post"}],"author":[{"embeddable":true,"href":"https:\/\/dedemesquita.com.br\/index.php?rest_route=\/wp\/v2\/users\/2"}],"replies":[{"embeddable":true,"href":"https:\/\/dedemesquita.com.br\/index.php?rest_route=%2Fwp%2Fv2%2Fcomments&post=9686"}],"version-history":[{"count":6,"href":"https:\/\/dedemesquita.com.br\/index.php?rest_route=\/wp\/v2\/posts\/9686\/revisions"}],"predecessor-version":[{"id":9714,"href":"https:\/\/dedemesquita.com.br\/index.php?rest_route=\/wp\/v2\/posts\/9686\/revisions\/9714"}],"wp:featuredmedia":[{"embeddable":true,"href":"https:\/\/dedemesquita.com.br\/index.php?rest_route=\/wp\/v2\/media\/9705"}],"wp:attachment":[{"href":"https:\/\/dedemesquita.com.br\/index.php?rest_route=%2Fwp%2Fv2%2Fmedia&parent=9686"}],"wp:term":[{"taxonomy":"category","embeddable":true,"href":"https:\/\/dedemesquita.com.br\/index.php?rest_route=%2Fwp%2Fv2%2Fcategories&post=9686"},{"taxonomy":"post_tag","embeddable":true,"href":"https:\/\/dedemesquita.com.br\/index.php?rest_route=%2Fwp%2Fv2%2Ftags&post=9686"}],"curies":[{"name":"wp","href":"https:\/\/api.w.org\/{rel}","templated":true}]}}