{"id":9470,"date":"2024-08-06T14:03:01","date_gmt":"2024-08-06T17:03:01","guid":{"rendered":"https:\/\/dedemesquita.com.br\/?p=9470"},"modified":"2024-08-06T14:17:33","modified_gmt":"2024-08-06T17:17:33","slug":"filme-mexicano-o-labirinto-do-fauno-e-exibido-de-graca-no-cine-libero-luxardo-nesta-quarta-feira-7","status":"publish","type":"post","link":"https:\/\/dedemesquita.com.br\/?p=9470","title":{"rendered":"Filme mexicano &#8220;O Labirinto do Fauno&#8221; \u00e9 exibido, de gra\u00e7a, no Cine L\u00edbero Luxardo, nesta quarta-feira, 7"},"content":{"rendered":"\n<p><strong>Bel\u00e9m, 6 de agosto de 2024 &#8211; <\/strong>O M\u00e9xico \u00e9 o pa\u00eds homenageado pela programa\u00e7\u00e3o <strong>Cine Mundi &#8211; Sess\u00f5es Latinas<\/strong>, nesta quarta-feira, 7, \u00e0s 19h30, com a exibi\u00e7\u00e3o do premiado filme <strong>\u201cO Labirinto do Fauno\u201d<\/strong>, dire\u00e7\u00e3o de <strong>Guillermo Del Toro<\/strong>, no <strong>Cine L\u00edbero Luxardo<\/strong>, no Centur. \u00c9 mais uma edi\u00e7\u00e3o da parceria do <strong>Cineclube Paraense<\/strong> e aquele cinema, <strong>com entrada franca<\/strong>.<\/p>\n\n\n\n<p>Como em toda a programa\u00e7\u00e3o do Cine Mundi, um debate com o p\u00fablico acompanha a exibi\u00e7\u00e3o. A conversa desta quarta-feira ser\u00e1 conduzida pelo professor, especialista em HQ e membro do Cineclube Paraense,<strong> Vince Souza<\/strong>, que vai mostrar aspectos do filme e tamb\u00e9m o contexto hist\u00f3rico no qual a hist\u00f3ria se passa.<\/p>\n\n\n\n<p><strong>Sinopse &#8211;<\/strong> A hist\u00f3ria se desenrola na Espanha, em 1944, quando oficialmente a Guerra Civil j\u00e1 havia terminado, mas um grupo de rebeldes ainda luta nas montanhas ao norte de Navarra. <strong>Of\u00e9lia<\/strong> (Ivana Baquero), de 10 anos, muda-se para a regi\u00e3o com a m\u00e3e, <strong>Carmen<\/strong> (Ariadna Gil). L\u00e1 as espera seu novo padrasto, um oficial fascista que luta para exterminar os guerrilheiros da localidade.<\/p>\n\n\n<div class=\"wp-block-image\">\n<figure class=\"aligncenter size-full\"><img loading=\"lazy\" decoding=\"async\" width=\"800\" height=\"450\" src=\"https:\/\/dedemesquita.com.br\/wp-content\/uploads\/2024\/08\/labirinto_03.jpg\" alt=\"\" class=\"wp-image-9472\" srcset=\"https:\/\/dedemesquita.com.br\/wp-content\/uploads\/2024\/08\/labirinto_03.jpg 800w, https:\/\/dedemesquita.com.br\/wp-content\/uploads\/2024\/08\/labirinto_03-768x432.jpg 768w\" sizes=\"(max-width: 800px) 100vw, 800px\" \/><figcaption class=\"wp-element-caption\">Of\u00e9lia \u00e9 a menina de 10 anos que conduz a hist\u00f3ria de &#8220;O Labirinto do Fauno&#8221; <\/figcaption><\/figure><\/div>\n\n\n<p>Solit\u00e1ria, a menina logo descobre a amizade de <strong>Mercedes<\/strong> (Maribel Verd\u00fa), jovem cozinheira da casa, que serve de contato secreto dos rebeldes. Al\u00e9m disso, em seus passeios pelo jardim da imensa mans\u00e3o em que moram, Of\u00e9lia descobre um labirinto que faz com que todo um mundo de fantasias se abra para ela, mas trazendo consequ\u00eancias para todos \u00e0 sua volta.<\/p>\n\n\n\n<p><strong>Li\u00e7\u00f5es &#8211; <\/strong>Nesse tempo sombrio para a Espanha e o mundo todo, as fantasias assombrosas na mente de Of\u00e9lia se fundem com a realidade, dando origem a essa terra de criaturas fant\u00e1sticas e destinos secretos.<\/p>\n\n\n\n<p>A t\u00f4nica da a\u00e7\u00e3o dos personagens e desse tr\u00e2nsito entre realidades e mundos diferentes \u00e9 a desobedi\u00eancia, e \u00e9 o esp\u00edrito da desobedi\u00eancia que garante a autonomia e a liberdade.<\/p>\n\n\n\n<p><strong>Produ\u00e7\u00e3o &#8211;<\/strong> As filmagens de \u201cO Labirinto do Fauno\u201d ocorreram entre 11 de julho e 15 de outubro de 2005. A hist\u00f3ria foi lan\u00e7ada no ano seguinte e representou o M\u00e9xico, em 2007, como Melhor Filme Internacional, sendo premiado nessa categoria. Ganhou tamb\u00e9m os <strong>Oscar<\/strong> de Melhor Dire\u00e7\u00e3o de Arte, Melhor Fotografia e Melhor Maquiagem. Ganhou tamb\u00e9m, nesse ano, o Globo de Ouro e o BAFTA.<\/p>\n\n\n<div class=\"wp-block-image\">\n<figure class=\"aligncenter size-full\"><img loading=\"lazy\" decoding=\"async\" width=\"800\" height=\"450\" src=\"https:\/\/dedemesquita.com.br\/wp-content\/uploads\/2024\/08\/labirinto_02.jpeg\" alt=\"\" class=\"wp-image-9473\" srcset=\"https:\/\/dedemesquita.com.br\/wp-content\/uploads\/2024\/08\/labirinto_02.jpeg 800w, https:\/\/dedemesquita.com.br\/wp-content\/uploads\/2024\/08\/labirinto_02-768x432.jpeg 768w\" sizes=\"(max-width: 800px) 100vw, 800px\" \/><figcaption class=\"wp-element-caption\">O ator Doug Jones era submetido a maquiagem pesada para encarnar o personagem do m\u00edtico fauno <\/figcaption><\/figure><\/div>\n\n\n<p>Falando em Melhor Maquiagem, o ator Doug Jones, que interpreta o fauno do t\u00edtulo, ficava 5 horas na sala de maquiagem para que fosse caracterizado como o homem p\u00e1lido e o m\u00edtico animal. Ap\u00f3s este processo, o ator precisava usar os buracos do nariz do personagem para poder enxergar.<\/p>\n\n\n\n<p>Jones \u00e9 um ass\u00edduo ator nas produ\u00e7\u00f5es de Del Toro. Ele foi a criatura marinha no filme <strong>\u201cA Forma da \u00c1gua\u201d<\/strong> que ganhou os Oscar de Melhor Filme e Dire\u00e7\u00e3o em 2018.<\/p>\n\n\n\n<p><strong>Medianeras &#8211;<\/strong> O Cineclube Paraense vai exibir o filme argentino \u201cMedianeras &#8211; Buenos Aires na Era do Amor Virtual\u201d, com dire\u00e7\u00e3o e roteiro de Gustavo Taretto, no Cine Mundi &#8211; Sess\u00f5es Latinas do m\u00eas de setembro. N\u00e3o deixe de assistir que a programa\u00e7\u00e3o \u00e9 gratuita.<\/p>\n\n\n\n<p><strong>Servi\u00e7o:<\/strong> Cine Mundi &#8211; Sess\u00f5es Latinas exibe o filme mexicano <strong>\u201cO Labirinto do Fauno\u201d<\/strong>, dire\u00e7\u00e3o de Guillermo Del Toro, na quarta-feira, 7, \u00e0s 19h30, no Cine L\u00edbero Luxardo. Parceria do Cineclube Paraense e o cinema. <strong>Entrada gratuita.<\/strong><\/p>\n","protected":false},"excerpt":{"rendered":"<p>Bel\u00e9m, 6 de agosto de 2024 &#8211; O M\u00e9xico \u00e9 o pa\u00eds homenageado pela programa\u00e7\u00e3o Cine Mundi &#8211; Sess\u00f5es Latinas, nesta quarta-feira, 7, \u00e0s 19h30, com a exibi\u00e7\u00e3o do premiado filme \u201cO Labirinto do Fauno\u201d, dire\u00e7\u00e3o de Guillermo Del Toro, no Cine L\u00edbero Luxardo, no Centur. \u00c9 mais uma edi\u00e7\u00e3o da parceria do Cineclube Paraense [&hellip;]<\/p>\n","protected":false},"author":2,"featured_media":9471,"comment_status":"open","ping_status":"open","sticky":false,"template":"","format":"standard","meta":{"footnotes":""},"categories":[51,14,29],"tags":[298,586,290,166,671,119,120],"class_list":["post-9470","post","type-post","status-publish","format-standard","has-post-thumbnail","hentry","category-destaque","category-imprensa","category-jornalismo","tag-cine-libero-luxardo","tag-cine-mundi-sessoes-latinas","tag-cineclube-paraense","tag-cinema","tag-guillermo-del-toro","tag-jornalismo","tag-jornalistas-paraenses-em-acao"],"yoast_head":"<!-- This site is optimized with the Yoast SEO plugin v19.10 - https:\/\/yoast.com\/wordpress\/plugins\/seo\/ -->\n<title>Filme mexicano &quot;O Labirinto do Fauno&quot; \u00e9 exibido, de gra\u00e7a, no Cine L\u00edbero Luxardo, nesta quarta-feira, 7 - Ded\u00e9 Mesquita<\/title>\n<meta name=\"robots\" content=\"index, follow, max-snippet:-1, max-image-preview:large, max-video-preview:-1\" \/>\n<link rel=\"canonical\" href=\"https:\/\/dedemesquita.com.br\/?p=9470\" \/>\n<meta property=\"og:locale\" content=\"pt_BR\" \/>\n<meta property=\"og:type\" content=\"article\" \/>\n<meta property=\"og:title\" content=\"Filme mexicano &quot;O Labirinto do Fauno&quot; \u00e9 exibido, de gra\u00e7a, no Cine L\u00edbero Luxardo, nesta quarta-feira, 7 - Ded\u00e9 Mesquita\" \/>\n<meta property=\"og:description\" content=\"Bel\u00e9m, 6 de agosto de 2024 &#8211; O M\u00e9xico \u00e9 o pa\u00eds homenageado pela programa\u00e7\u00e3o Cine Mundi &#8211; Sess\u00f5es Latinas, nesta quarta-feira, 7, \u00e0s 19h30, com a exibi\u00e7\u00e3o do premiado filme \u201cO Labirinto do Fauno\u201d, dire\u00e7\u00e3o de Guillermo Del Toro, no Cine L\u00edbero Luxardo, no Centur. \u00c9 mais uma edi\u00e7\u00e3o da parceria do Cineclube Paraense [&hellip;]\" \/>\n<meta property=\"og:url\" content=\"https:\/\/dedemesquita.com.br\/?p=9470\" \/>\n<meta property=\"og:site_name\" content=\"Ded\u00e9 Mesquita\" \/>\n<meta property=\"article:publisher\" content=\"https:\/\/www.facebook.com\/dede.mesquita\" \/>\n<meta property=\"article:published_time\" content=\"2024-08-06T17:03:01+00:00\" \/>\n<meta property=\"article:modified_time\" content=\"2024-08-06T17:17:33+00:00\" \/>\n<meta property=\"og:image\" content=\"https:\/\/dedemesquita.com.br\/wp-content\/uploads\/2024\/08\/labirinto_01.jpg\" \/>\n\t<meta property=\"og:image:width\" content=\"950\" \/>\n\t<meta property=\"og:image:height\" content=\"633\" \/>\n\t<meta property=\"og:image:type\" content=\"image\/jpeg\" \/>\n<meta name=\"author\" content=\"Ded\u00e9 Mesquita\" \/>\n<meta name=\"twitter:card\" content=\"summary_large_image\" \/>\n<meta name=\"twitter:creator\" content=\"@dedemesquita\" \/>\n<meta name=\"twitter:site\" content=\"@dedemesquita\" \/>\n<meta name=\"twitter:label1\" content=\"Escrito por\" \/>\n\t<meta name=\"twitter:data1\" content=\"Ded\u00e9 Mesquita\" \/>\n\t<meta name=\"twitter:label2\" content=\"Est. tempo de leitura\" \/>\n\t<meta name=\"twitter:data2\" content=\"3 minutos\" \/>\n<script type=\"application\/ld+json\" class=\"yoast-schema-graph\">{\"@context\":\"https:\/\/schema.org\",\"@graph\":[{\"@type\":\"WebPage\",\"@id\":\"https:\/\/dedemesquita.com.br\/?p=9470\",\"url\":\"https:\/\/dedemesquita.com.br\/?p=9470\",\"name\":\"Filme mexicano \\\"O Labirinto do Fauno\\\" \u00e9 exibido, de gra\u00e7a, no Cine L\u00edbero Luxardo, nesta quarta-feira, 7 - Ded\u00e9 Mesquita\",\"isPartOf\":{\"@id\":\"https:\/\/dedemesquita.com.br\/#website\"},\"datePublished\":\"2024-08-06T17:03:01+00:00\",\"dateModified\":\"2024-08-06T17:17:33+00:00\",\"author\":{\"@id\":\"https:\/\/dedemesquita.com.br\/#\/schema\/person\/36571f81dd2d76dc3ab37231542c9e24\"},\"breadcrumb\":{\"@id\":\"https:\/\/dedemesquita.com.br\/?p=9470#breadcrumb\"},\"inLanguage\":\"pt-BR\",\"potentialAction\":[{\"@type\":\"ReadAction\",\"target\":[\"https:\/\/dedemesquita.com.br\/?p=9470\"]}]},{\"@type\":\"BreadcrumbList\",\"@id\":\"https:\/\/dedemesquita.com.br\/?p=9470#breadcrumb\",\"itemListElement\":[{\"@type\":\"ListItem\",\"position\":1,\"name\":\"In\u00edcio\",\"item\":\"https:\/\/dedemesquita.com.br\/\"},{\"@type\":\"ListItem\",\"position\":2,\"name\":\"Filme mexicano &#8220;O Labirinto do Fauno&#8221; \u00e9 exibido, de gra\u00e7a, no Cine L\u00edbero Luxardo, nesta quarta-feira, 7\"}]},{\"@type\":\"WebSite\",\"@id\":\"https:\/\/dedemesquita.com.br\/#website\",\"url\":\"https:\/\/dedemesquita.com.br\/\",\"name\":\"Ded\u00e9 Mesquita\",\"description\":\"Um site que mostra os bastidores da imprensa no estado do Par\u00e1 e em Bel\u00e9m\",\"potentialAction\":[{\"@type\":\"SearchAction\",\"target\":{\"@type\":\"EntryPoint\",\"urlTemplate\":\"https:\/\/dedemesquita.com.br\/?s={search_term_string}\"},\"query-input\":\"required name=search_term_string\"}],\"inLanguage\":\"pt-BR\"},{\"@type\":\"Person\",\"@id\":\"https:\/\/dedemesquita.com.br\/#\/schema\/person\/36571f81dd2d76dc3ab37231542c9e24\",\"name\":\"Ded\u00e9 Mesquita\",\"image\":{\"@type\":\"ImageObject\",\"inLanguage\":\"pt-BR\",\"@id\":\"https:\/\/dedemesquita.com.br\/#\/schema\/person\/image\/\",\"url\":\"https:\/\/dedemesquita.com.br\/wp-content\/uploads\/2021\/02\/foto_perfil-150x150.jpg\",\"contentUrl\":\"https:\/\/dedemesquita.com.br\/wp-content\/uploads\/2021\/02\/foto_perfil-150x150.jpg\",\"caption\":\"Ded\u00e9 Mesquita\"},\"sameAs\":[\"https:\/\/dedemesquita.com.br\"]}]}<\/script>\n<!-- \/ Yoast SEO plugin. -->","yoast_head_json":{"title":"Filme mexicano \"O Labirinto do Fauno\" \u00e9 exibido, de gra\u00e7a, no Cine L\u00edbero Luxardo, nesta quarta-feira, 7 - Ded\u00e9 Mesquita","robots":{"index":"index","follow":"follow","max-snippet":"max-snippet:-1","max-image-preview":"max-image-preview:large","max-video-preview":"max-video-preview:-1"},"canonical":"https:\/\/dedemesquita.com.br\/?p=9470","og_locale":"pt_BR","og_type":"article","og_title":"Filme mexicano \"O Labirinto do Fauno\" \u00e9 exibido, de gra\u00e7a, no Cine L\u00edbero Luxardo, nesta quarta-feira, 7 - Ded\u00e9 Mesquita","og_description":"Bel\u00e9m, 6 de agosto de 2024 &#8211; O M\u00e9xico \u00e9 o pa\u00eds homenageado pela programa\u00e7\u00e3o Cine Mundi &#8211; Sess\u00f5es Latinas, nesta quarta-feira, 7, \u00e0s 19h30, com a exibi\u00e7\u00e3o do premiado filme \u201cO Labirinto do Fauno\u201d, dire\u00e7\u00e3o de Guillermo Del Toro, no Cine L\u00edbero Luxardo, no Centur. \u00c9 mais uma edi\u00e7\u00e3o da parceria do Cineclube Paraense [&hellip;]","og_url":"https:\/\/dedemesquita.com.br\/?p=9470","og_site_name":"Ded\u00e9 Mesquita","article_publisher":"https:\/\/www.facebook.com\/dede.mesquita","article_published_time":"2024-08-06T17:03:01+00:00","article_modified_time":"2024-08-06T17:17:33+00:00","og_image":[{"width":950,"height":633,"url":"https:\/\/dedemesquita.com.br\/wp-content\/uploads\/2024\/08\/labirinto_01.jpg","type":"image\/jpeg"}],"author":"Ded\u00e9 Mesquita","twitter_card":"summary_large_image","twitter_creator":"@dedemesquita","twitter_site":"@dedemesquita","twitter_misc":{"Escrito por":"Ded\u00e9 Mesquita","Est. tempo de leitura":"3 minutos"},"schema":{"@context":"https:\/\/schema.org","@graph":[{"@type":"WebPage","@id":"https:\/\/dedemesquita.com.br\/?p=9470","url":"https:\/\/dedemesquita.com.br\/?p=9470","name":"Filme mexicano \"O Labirinto do Fauno\" \u00e9 exibido, de gra\u00e7a, no Cine L\u00edbero Luxardo, nesta quarta-feira, 7 - Ded\u00e9 Mesquita","isPartOf":{"@id":"https:\/\/dedemesquita.com.br\/#website"},"datePublished":"2024-08-06T17:03:01+00:00","dateModified":"2024-08-06T17:17:33+00:00","author":{"@id":"https:\/\/dedemesquita.com.br\/#\/schema\/person\/36571f81dd2d76dc3ab37231542c9e24"},"breadcrumb":{"@id":"https:\/\/dedemesquita.com.br\/?p=9470#breadcrumb"},"inLanguage":"pt-BR","potentialAction":[{"@type":"ReadAction","target":["https:\/\/dedemesquita.com.br\/?p=9470"]}]},{"@type":"BreadcrumbList","@id":"https:\/\/dedemesquita.com.br\/?p=9470#breadcrumb","itemListElement":[{"@type":"ListItem","position":1,"name":"In\u00edcio","item":"https:\/\/dedemesquita.com.br\/"},{"@type":"ListItem","position":2,"name":"Filme mexicano &#8220;O Labirinto do Fauno&#8221; \u00e9 exibido, de gra\u00e7a, no Cine L\u00edbero Luxardo, nesta quarta-feira, 7"}]},{"@type":"WebSite","@id":"https:\/\/dedemesquita.com.br\/#website","url":"https:\/\/dedemesquita.com.br\/","name":"Ded\u00e9 Mesquita","description":"Um site que mostra os bastidores da imprensa no estado do Par\u00e1 e em Bel\u00e9m","potentialAction":[{"@type":"SearchAction","target":{"@type":"EntryPoint","urlTemplate":"https:\/\/dedemesquita.com.br\/?s={search_term_string}"},"query-input":"required name=search_term_string"}],"inLanguage":"pt-BR"},{"@type":"Person","@id":"https:\/\/dedemesquita.com.br\/#\/schema\/person\/36571f81dd2d76dc3ab37231542c9e24","name":"Ded\u00e9 Mesquita","image":{"@type":"ImageObject","inLanguage":"pt-BR","@id":"https:\/\/dedemesquita.com.br\/#\/schema\/person\/image\/","url":"https:\/\/dedemesquita.com.br\/wp-content\/uploads\/2021\/02\/foto_perfil-150x150.jpg","contentUrl":"https:\/\/dedemesquita.com.br\/wp-content\/uploads\/2021\/02\/foto_perfil-150x150.jpg","caption":"Ded\u00e9 Mesquita"},"sameAs":["https:\/\/dedemesquita.com.br"]}]}},"_links":{"self":[{"href":"https:\/\/dedemesquita.com.br\/index.php?rest_route=\/wp\/v2\/posts\/9470"}],"collection":[{"href":"https:\/\/dedemesquita.com.br\/index.php?rest_route=\/wp\/v2\/posts"}],"about":[{"href":"https:\/\/dedemesquita.com.br\/index.php?rest_route=\/wp\/v2\/types\/post"}],"author":[{"embeddable":true,"href":"https:\/\/dedemesquita.com.br\/index.php?rest_route=\/wp\/v2\/users\/2"}],"replies":[{"embeddable":true,"href":"https:\/\/dedemesquita.com.br\/index.php?rest_route=%2Fwp%2Fv2%2Fcomments&post=9470"}],"version-history":[{"count":2,"href":"https:\/\/dedemesquita.com.br\/index.php?rest_route=\/wp\/v2\/posts\/9470\/revisions"}],"predecessor-version":[{"id":9476,"href":"https:\/\/dedemesquita.com.br\/index.php?rest_route=\/wp\/v2\/posts\/9470\/revisions\/9476"}],"wp:featuredmedia":[{"embeddable":true,"href":"https:\/\/dedemesquita.com.br\/index.php?rest_route=\/wp\/v2\/media\/9471"}],"wp:attachment":[{"href":"https:\/\/dedemesquita.com.br\/index.php?rest_route=%2Fwp%2Fv2%2Fmedia&parent=9470"}],"wp:term":[{"taxonomy":"category","embeddable":true,"href":"https:\/\/dedemesquita.com.br\/index.php?rest_route=%2Fwp%2Fv2%2Fcategories&post=9470"},{"taxonomy":"post_tag","embeddable":true,"href":"https:\/\/dedemesquita.com.br\/index.php?rest_route=%2Fwp%2Fv2%2Ftags&post=9470"}],"curies":[{"name":"wp","href":"https:\/\/api.w.org\/{rel}","templated":true}]}}