{"id":9282,"date":"2024-06-20T16:12:56","date_gmt":"2024-06-20T19:12:56","guid":{"rendered":"https:\/\/dedemesquita.com.br\/?p=9282"},"modified":"2024-06-20T16:27:12","modified_gmt":"2024-06-20T19:27:12","slug":"grupo-ronda-24h-realiza-a-primeira-festa-junina-exclusiva-para-profissionais-da-comunicacao","status":"publish","type":"post","link":"https:\/\/dedemesquita.com.br\/?p=9282","title":{"rendered":"Grupo Ronda 24h realiza a primeira festa junina exclusiva para profissionais da comunica\u00e7\u00e3o"},"content":{"rendered":"\n<p><strong>Bel\u00e9m, 20 de junho de 2024 &#8211; <\/strong>Em fevereiro deste ano, no carnaval, eles prometeram e, ent\u00e3o, cumpriram: o <strong>grupo Ronda 24h<\/strong>, composto por jornalistas da \u00e1rea policial e de outras editorias, promove sua primeira festa junina, o <strong>\u201cArrai\u00e1 do Ronda\u201d.<\/strong><\/p>\n\n\n\n<p><strong>Fest\u00e3o &#8211;<\/strong> O evento, dedicado exclusivamente aos profissionais da comunica\u00e7\u00e3o, ser\u00e1 no domingo, dia 23 de junho, a partir das 9 horas, no <strong>S\u00edtio das Palmeiras<\/strong>, em Benevides, na Grande Bel\u00e9m. Os ingressos <strong>custam R$ 100<\/strong> e garantem comida e bebida \u00e0 vontade. Para facilitar o acesso, uma van ser\u00e1 disponibilizada por <strong>R$ 35, ida e volta<\/strong>, com pontos de embarque a serem definidos em breve pela organiza\u00e7\u00e3o.<\/p>\n\n\n\n<p>Para animar os participantes, o <strong>DJ Me Gusta<\/strong> promete uma apresenta\u00e7\u00e3o ecl\u00e9tica, agradando a todos os gostos musicais. \u201cEstou muito ansioso para esse momento. Preparamos um setlist variado para garantir que todos se divirtam muito. Vai ser uma festa inesquec\u00edvel\u201d, afirma o DJ.<\/p>\n\n\n<div class=\"wp-block-image\">\n<figure class=\"aligncenter size-full\"><img loading=\"lazy\" decoding=\"async\" width=\"459\" height=\"498\" src=\"https:\/\/dedemesquita.com.br\/wp-content\/uploads\/2024\/06\/WhatsApp-Image-2024-06-20-at-16.07.27.jpeg\" alt=\"\" class=\"wp-image-9284\"\/><figcaption class=\"wp-element-caption\">DJ Me Gusta promete um setlist para todos se divertirem <\/figcaption><\/figure><\/div>\n\n\n<p><strong>Para celebrar &#8211;<\/strong> O objetivo do evento \u00e9 proporcionar momentos de celebra\u00e7\u00e3o e uni\u00e3o entre os profissionais da comunica\u00e7\u00e3o. Rosana Pinto, coordenadora de eventos do grupo Ronda 24h, destaca a import\u00e2ncia desse encontro. \u201cEsse evento \u00e9 uma oportunidade \u00fanica para que os colegas possam sair da rotina das reda\u00e7\u00f5es e desfrutar de momentos de alegria, cultura, m\u00fasica e muita divers\u00e3o\u201d, ressalta.<\/p>\n\n\n\n<p>Os ingressos podem ser adquiridos diretamente com os organizadores, os jornalistas Matheus Freire <strong><a href=\"https:\/\/www.instagram.com\/eimatheusfreire\/\">https:\/\/www.instagram.com\/eimatheusfreire\/<\/a> <\/strong><\/p>\n\n\n\n<p>Matheus Viggo <a href=\"https:\/\/www.instagram.com\/matheusviggo\/\"><strong>https:\/\/www.instagram.com\/matheusviggo\/<\/strong><\/a>, <\/p>\n\n\n\n<p>Rosana Pinto <a href=\"https:\/\/www.instagram.com\/rosanacarlapinto\/\"><strong>https:\/\/www.instagram.com\/rosanacarlapinto\/<\/strong><\/a><\/p>\n\n\n\n<p>e Ana Laura Carvalho <a href=\"https:\/\/www.instagram.com\/lauracarvalhooo\/\"><strong>https:\/\/www.instagram.com\/lauracarvalhooo\/<\/strong><\/a><\/p>\n\n\n\n<p><strong>Patroc\u00ednio &#8211;<\/strong> O \u201cArrai\u00e1 do Ronda\u201d conta com o patroc\u00ednio do escrit\u00f3rio S\u00e1 Souza Advogados, NTW Contabilidade e Gest\u00e3o Empresarial, Lenara Store, Ag\u00eancia Da\u2019 Mata Comunica\u00e7\u00e3o e Carvalhos Tur.<\/p>\n\n\n\n<p><strong> Servi\u00e7o:<\/strong> <strong>\u201cArrai\u00e1 do Ronda\u201d<\/strong>, domingo, <strong>dia 23 de junho<\/strong>, a partir das 9h, no <strong>S\u00edtio das Palmeiras<\/strong>, em Benevides. Ingressos: R$ 100,00 &#8211; com bebida e comida \u00e0 vontade &#8211; e transporte por R$ 35,00, ida e volta.<\/p>\n","protected":false},"excerpt":{"rendered":"<p>Bel\u00e9m, 20 de junho de 2024 &#8211; Em fevereiro deste ano, no carnaval, eles prometeram e, ent\u00e3o, cumpriram: o grupo Ronda 24h, composto por jornalistas da \u00e1rea policial e de outras editorias, promove sua primeira festa junina, o \u201cArrai\u00e1 do Ronda\u201d. Fest\u00e3o &#8211; O evento, dedicado exclusivamente aos profissionais da comunica\u00e7\u00e3o, ser\u00e1 no domingo, dia [&hellip;]<\/p>\n","protected":false},"author":2,"featured_media":9283,"comment_status":"open","ping_status":"open","sticky":false,"template":"","format":"standard","meta":{"footnotes":""},"categories":[51,14,29],"tags":[649,646,651,652,645,119,120,650,648,406,647],"class_list":["post-9282","post","type-post","status-publish","format-standard","has-post-thumbnail","hentry","category-destaque","category-imprensa","category-jornalismo","tag-ana-laura-carvalho","tag-arraia-do-ronda","tag-benevides","tag-dj-me-gusta","tag-grupo-ronda-24h","tag-jornalismo","tag-jornalistas-paraenses-em-acao","tag-junho","tag-matheus-freire","tag-matheus-viggo","tag-rosana-pinto"],"yoast_head":"<!-- This site is optimized with the Yoast SEO plugin v19.10 - https:\/\/yoast.com\/wordpress\/plugins\/seo\/ -->\n<title>Grupo Ronda 24h realiza a primeira festa junina exclusiva para profissionais da comunica\u00e7\u00e3o - Ded\u00e9 Mesquita<\/title>\n<meta name=\"robots\" content=\"index, follow, max-snippet:-1, max-image-preview:large, max-video-preview:-1\" \/>\n<link rel=\"canonical\" href=\"https:\/\/dedemesquita.com.br\/?p=9282\" \/>\n<meta property=\"og:locale\" content=\"pt_BR\" \/>\n<meta property=\"og:type\" content=\"article\" \/>\n<meta property=\"og:title\" content=\"Grupo Ronda 24h realiza a primeira festa junina exclusiva para profissionais da comunica\u00e7\u00e3o - Ded\u00e9 Mesquita\" \/>\n<meta property=\"og:description\" content=\"Bel\u00e9m, 20 de junho de 2024 &#8211; Em fevereiro deste ano, no carnaval, eles prometeram e, ent\u00e3o, cumpriram: o grupo Ronda 24h, composto por jornalistas da \u00e1rea policial e de outras editorias, promove sua primeira festa junina, o \u201cArrai\u00e1 do Ronda\u201d. Fest\u00e3o &#8211; O evento, dedicado exclusivamente aos profissionais da comunica\u00e7\u00e3o, ser\u00e1 no domingo, dia [&hellip;]\" \/>\n<meta property=\"og:url\" content=\"https:\/\/dedemesquita.com.br\/?p=9282\" \/>\n<meta property=\"og:site_name\" content=\"Ded\u00e9 Mesquita\" \/>\n<meta property=\"article:publisher\" content=\"https:\/\/www.facebook.com\/dede.mesquita\" \/>\n<meta property=\"article:published_time\" content=\"2024-06-20T19:12:56+00:00\" \/>\n<meta property=\"article:modified_time\" content=\"2024-06-20T19:27:12+00:00\" \/>\n<meta property=\"og:image\" content=\"https:\/\/dedemesquita.com.br\/wp-content\/uploads\/2024\/06\/festa.jpg\" \/>\n\t<meta property=\"og:image:width\" content=\"950\" \/>\n\t<meta property=\"og:image:height\" content=\"633\" \/>\n\t<meta property=\"og:image:type\" content=\"image\/jpeg\" \/>\n<meta name=\"author\" content=\"Ded\u00e9 Mesquita\" \/>\n<meta name=\"twitter:card\" content=\"summary_large_image\" \/>\n<meta name=\"twitter:creator\" content=\"@dedemesquita\" \/>\n<meta name=\"twitter:site\" content=\"@dedemesquita\" \/>\n<meta name=\"twitter:label1\" content=\"Escrito por\" \/>\n\t<meta name=\"twitter:data1\" content=\"Ded\u00e9 Mesquita\" \/>\n\t<meta name=\"twitter:label2\" content=\"Est. tempo de leitura\" \/>\n\t<meta name=\"twitter:data2\" content=\"2 minutos\" \/>\n<script type=\"application\/ld+json\" class=\"yoast-schema-graph\">{\"@context\":\"https:\/\/schema.org\",\"@graph\":[{\"@type\":\"WebPage\",\"@id\":\"https:\/\/dedemesquita.com.br\/?p=9282\",\"url\":\"https:\/\/dedemesquita.com.br\/?p=9282\",\"name\":\"Grupo Ronda 24h realiza a primeira festa junina exclusiva para profissionais da comunica\u00e7\u00e3o - Ded\u00e9 Mesquita\",\"isPartOf\":{\"@id\":\"https:\/\/dedemesquita.com.br\/#website\"},\"datePublished\":\"2024-06-20T19:12:56+00:00\",\"dateModified\":\"2024-06-20T19:27:12+00:00\",\"author\":{\"@id\":\"https:\/\/dedemesquita.com.br\/#\/schema\/person\/36571f81dd2d76dc3ab37231542c9e24\"},\"breadcrumb\":{\"@id\":\"https:\/\/dedemesquita.com.br\/?p=9282#breadcrumb\"},\"inLanguage\":\"pt-BR\",\"potentialAction\":[{\"@type\":\"ReadAction\",\"target\":[\"https:\/\/dedemesquita.com.br\/?p=9282\"]}]},{\"@type\":\"BreadcrumbList\",\"@id\":\"https:\/\/dedemesquita.com.br\/?p=9282#breadcrumb\",\"itemListElement\":[{\"@type\":\"ListItem\",\"position\":1,\"name\":\"In\u00edcio\",\"item\":\"https:\/\/dedemesquita.com.br\/\"},{\"@type\":\"ListItem\",\"position\":2,\"name\":\"Grupo Ronda 24h realiza a primeira festa junina exclusiva para profissionais da comunica\u00e7\u00e3o\"}]},{\"@type\":\"WebSite\",\"@id\":\"https:\/\/dedemesquita.com.br\/#website\",\"url\":\"https:\/\/dedemesquita.com.br\/\",\"name\":\"Ded\u00e9 Mesquita\",\"description\":\"Um site que mostra os bastidores da imprensa no estado do Par\u00e1 e em Bel\u00e9m\",\"potentialAction\":[{\"@type\":\"SearchAction\",\"target\":{\"@type\":\"EntryPoint\",\"urlTemplate\":\"https:\/\/dedemesquita.com.br\/?s={search_term_string}\"},\"query-input\":\"required name=search_term_string\"}],\"inLanguage\":\"pt-BR\"},{\"@type\":\"Person\",\"@id\":\"https:\/\/dedemesquita.com.br\/#\/schema\/person\/36571f81dd2d76dc3ab37231542c9e24\",\"name\":\"Ded\u00e9 Mesquita\",\"image\":{\"@type\":\"ImageObject\",\"inLanguage\":\"pt-BR\",\"@id\":\"https:\/\/dedemesquita.com.br\/#\/schema\/person\/image\/\",\"url\":\"https:\/\/dedemesquita.com.br\/wp-content\/uploads\/2021\/02\/foto_perfil-150x150.jpg\",\"contentUrl\":\"https:\/\/dedemesquita.com.br\/wp-content\/uploads\/2021\/02\/foto_perfil-150x150.jpg\",\"caption\":\"Ded\u00e9 Mesquita\"},\"sameAs\":[\"https:\/\/dedemesquita.com.br\"]}]}<\/script>\n<!-- \/ Yoast SEO plugin. -->","yoast_head_json":{"title":"Grupo Ronda 24h realiza a primeira festa junina exclusiva para profissionais da comunica\u00e7\u00e3o - Ded\u00e9 Mesquita","robots":{"index":"index","follow":"follow","max-snippet":"max-snippet:-1","max-image-preview":"max-image-preview:large","max-video-preview":"max-video-preview:-1"},"canonical":"https:\/\/dedemesquita.com.br\/?p=9282","og_locale":"pt_BR","og_type":"article","og_title":"Grupo Ronda 24h realiza a primeira festa junina exclusiva para profissionais da comunica\u00e7\u00e3o - Ded\u00e9 Mesquita","og_description":"Bel\u00e9m, 20 de junho de 2024 &#8211; Em fevereiro deste ano, no carnaval, eles prometeram e, ent\u00e3o, cumpriram: o grupo Ronda 24h, composto por jornalistas da \u00e1rea policial e de outras editorias, promove sua primeira festa junina, o \u201cArrai\u00e1 do Ronda\u201d. Fest\u00e3o &#8211; O evento, dedicado exclusivamente aos profissionais da comunica\u00e7\u00e3o, ser\u00e1 no domingo, dia [&hellip;]","og_url":"https:\/\/dedemesquita.com.br\/?p=9282","og_site_name":"Ded\u00e9 Mesquita","article_publisher":"https:\/\/www.facebook.com\/dede.mesquita","article_published_time":"2024-06-20T19:12:56+00:00","article_modified_time":"2024-06-20T19:27:12+00:00","og_image":[{"width":950,"height":633,"url":"https:\/\/dedemesquita.com.br\/wp-content\/uploads\/2024\/06\/festa.jpg","type":"image\/jpeg"}],"author":"Ded\u00e9 Mesquita","twitter_card":"summary_large_image","twitter_creator":"@dedemesquita","twitter_site":"@dedemesquita","twitter_misc":{"Escrito por":"Ded\u00e9 Mesquita","Est. tempo de leitura":"2 minutos"},"schema":{"@context":"https:\/\/schema.org","@graph":[{"@type":"WebPage","@id":"https:\/\/dedemesquita.com.br\/?p=9282","url":"https:\/\/dedemesquita.com.br\/?p=9282","name":"Grupo Ronda 24h realiza a primeira festa junina exclusiva para profissionais da comunica\u00e7\u00e3o - Ded\u00e9 Mesquita","isPartOf":{"@id":"https:\/\/dedemesquita.com.br\/#website"},"datePublished":"2024-06-20T19:12:56+00:00","dateModified":"2024-06-20T19:27:12+00:00","author":{"@id":"https:\/\/dedemesquita.com.br\/#\/schema\/person\/36571f81dd2d76dc3ab37231542c9e24"},"breadcrumb":{"@id":"https:\/\/dedemesquita.com.br\/?p=9282#breadcrumb"},"inLanguage":"pt-BR","potentialAction":[{"@type":"ReadAction","target":["https:\/\/dedemesquita.com.br\/?p=9282"]}]},{"@type":"BreadcrumbList","@id":"https:\/\/dedemesquita.com.br\/?p=9282#breadcrumb","itemListElement":[{"@type":"ListItem","position":1,"name":"In\u00edcio","item":"https:\/\/dedemesquita.com.br\/"},{"@type":"ListItem","position":2,"name":"Grupo Ronda 24h realiza a primeira festa junina exclusiva para profissionais da comunica\u00e7\u00e3o"}]},{"@type":"WebSite","@id":"https:\/\/dedemesquita.com.br\/#website","url":"https:\/\/dedemesquita.com.br\/","name":"Ded\u00e9 Mesquita","description":"Um site que mostra os bastidores da imprensa no estado do Par\u00e1 e em Bel\u00e9m","potentialAction":[{"@type":"SearchAction","target":{"@type":"EntryPoint","urlTemplate":"https:\/\/dedemesquita.com.br\/?s={search_term_string}"},"query-input":"required name=search_term_string"}],"inLanguage":"pt-BR"},{"@type":"Person","@id":"https:\/\/dedemesquita.com.br\/#\/schema\/person\/36571f81dd2d76dc3ab37231542c9e24","name":"Ded\u00e9 Mesquita","image":{"@type":"ImageObject","inLanguage":"pt-BR","@id":"https:\/\/dedemesquita.com.br\/#\/schema\/person\/image\/","url":"https:\/\/dedemesquita.com.br\/wp-content\/uploads\/2021\/02\/foto_perfil-150x150.jpg","contentUrl":"https:\/\/dedemesquita.com.br\/wp-content\/uploads\/2021\/02\/foto_perfil-150x150.jpg","caption":"Ded\u00e9 Mesquita"},"sameAs":["https:\/\/dedemesquita.com.br"]}]}},"_links":{"self":[{"href":"https:\/\/dedemesquita.com.br\/index.php?rest_route=\/wp\/v2\/posts\/9282"}],"collection":[{"href":"https:\/\/dedemesquita.com.br\/index.php?rest_route=\/wp\/v2\/posts"}],"about":[{"href":"https:\/\/dedemesquita.com.br\/index.php?rest_route=\/wp\/v2\/types\/post"}],"author":[{"embeddable":true,"href":"https:\/\/dedemesquita.com.br\/index.php?rest_route=\/wp\/v2\/users\/2"}],"replies":[{"embeddable":true,"href":"https:\/\/dedemesquita.com.br\/index.php?rest_route=%2Fwp%2Fv2%2Fcomments&post=9282"}],"version-history":[{"count":1,"href":"https:\/\/dedemesquita.com.br\/index.php?rest_route=\/wp\/v2\/posts\/9282\/revisions"}],"predecessor-version":[{"id":9285,"href":"https:\/\/dedemesquita.com.br\/index.php?rest_route=\/wp\/v2\/posts\/9282\/revisions\/9285"}],"wp:featuredmedia":[{"embeddable":true,"href":"https:\/\/dedemesquita.com.br\/index.php?rest_route=\/wp\/v2\/media\/9283"}],"wp:attachment":[{"href":"https:\/\/dedemesquita.com.br\/index.php?rest_route=%2Fwp%2Fv2%2Fmedia&parent=9282"}],"wp:term":[{"taxonomy":"category","embeddable":true,"href":"https:\/\/dedemesquita.com.br\/index.php?rest_route=%2Fwp%2Fv2%2Fcategories&post=9282"},{"taxonomy":"post_tag","embeddable":true,"href":"https:\/\/dedemesquita.com.br\/index.php?rest_route=%2Fwp%2Fv2%2Ftags&post=9282"}],"curies":[{"name":"wp","href":"https:\/\/api.w.org\/{rel}","templated":true}]}}