{"id":9235,"date":"2024-06-18T16:41:20","date_gmt":"2024-06-18T19:41:20","guid":{"rendered":"https:\/\/dedemesquita.com.br\/?p=9235"},"modified":"2024-06-18T18:23:57","modified_gmt":"2024-06-18T21:23:57","slug":"arraia-do-grupo-ronda-24h-formacao-on-line-promovida-pela-amazonia-vox-link-produtora-descredencia-jornalista-e-outras-noticias","status":"publish","type":"post","link":"https:\/\/dedemesquita.com.br\/?p=9235","title":{"rendered":"Arrai\u00e1 do grupo Ronda 24h, forma\u00e7\u00e3o on line promovida pela Amaz\u00f4nia Vox, Roma Eventos e Bis descredenciam jornalista e outras not\u00edcias"},"content":{"rendered":"\n<p><strong>Bel\u00e9m, 18 de junho de 2024 &#8211;<\/strong> E chegando no ritmo das festas juninas, o site est\u00e1 com v\u00e1rias e diversas notinhas, e at\u00e9 sobre um segmento que n\u00e3o faz parte da imprensa, mas \u00e9 uma bela fofoca, da qual teve at\u00e9 foto &#8211; mas n\u00e3o a tenho, passou rapidinho por aqui. Afe! <\/p>\n\n\n\n<p><strong>Arrai\u00e1 &#8211; <\/strong>Eles prometeram e cumpriram: o grupo <strong>Ronda 24h<\/strong>, composto por jornalistas da \u00e1rea policial e de outras editorias, anuncia sua primeira festa junina, o <strong>\u201cArrai\u00e1 do Ronda\u201d<\/strong>. O evento, dedicado exclusivamente aos profissionais da comunica\u00e7\u00e3o, ser\u00e1 no pr\u00f3ximo dia <strong>23 de junho<\/strong>, <strong>domingo<\/strong>, a partir das 9h, no <strong>S\u00edtio das Palmeiras<\/strong>, em <strong>Benevides<\/strong>, na Grande Bel\u00e9m. Os ingressos custam <strong>R$ 100<\/strong> e garantem comida e bebida \u00e0 vontade. Para facilitar o acesso, uma van ser\u00e1 disponibilizada por R$ 35,00, ida e volta, com pontos de embarque a serem definidos em breve pela organiza\u00e7\u00e3o. <strong><em>N\u00e3o perde!! <\/em><\/strong><\/p>\n\n\n\n<p><strong>Amaz\u00f4nia Vox e forma\u00e7\u00e3o &#8211; <\/strong>A plataforma <strong>Amaz\u00f4nia Vox <\/strong>abriu inscri\u00e7\u00f5es para jornalistas e comunicadores da regi\u00e3o amaz\u00f4nica para concorrer a uma das 50 vagas da <strong>II Forma\u00e7\u00e3o Online Amaz\u00f4nia Vox<\/strong>, iniciativa <strong>gratuita<\/strong> promovida em correaliza\u00e7\u00e3o com a <strong>Funda\u00e7\u00e3o Lemann<\/strong>. As inscri\u00e7\u00f5es ficam abertas at\u00e9 1\u00ba de julho, com as sess\u00f5es online, entre julho e setembro. A divulga\u00e7\u00e3o dos selecionados ser\u00e1 no dia 10 de julho e a escolha dos participantes vai considerar a diversidade \u00e9tnico-racial, regional e de g\u00eanero. Ser\u00e3o escolhidos pelo menos cinco participantes dos estados Acre, Amazonas, Amap\u00e1, Roraima, Rond\u00f4nia, Par\u00e1, Mato Grosso, Tocantins e Maranh\u00e3o. Entre os ministrantes da forma\u00e7\u00e3o est\u00e3o <strong>Daniel Nardin<\/strong>, <strong>Larissa Noguchi<\/strong>, <strong>Amanda Campelo<\/strong>, <strong>Alice Martins<\/strong>, <strong>Joice Santos<\/strong>, entre outros. Acesse o link:<strong> <a href=\"http:\/\/www.amazoniavox.com\/\">http:\/\/www.amazoniavox.com\/<\/a><\/strong><\/p>\n\n\n<div class=\"wp-block-image\">\n<figure class=\"aligncenter size-full\"><img loading=\"lazy\" decoding=\"async\" width=\"467\" height=\"466\" src=\"https:\/\/dedemesquita.com.br\/wp-content\/uploads\/2024\/06\/Amazonia-Vox.jpeg\" alt=\"\" class=\"wp-image-9237\" srcset=\"https:\/\/dedemesquita.com.br\/wp-content\/uploads\/2024\/06\/Amazonia-Vox.jpeg 467w, https:\/\/dedemesquita.com.br\/wp-content\/uploads\/2024\/06\/Amazonia-Vox-150x150.jpeg 150w\" sizes=\"(max-width: 467px) 100vw, 467px\" \/><figcaption class=\"wp-element-caption\">Bela oportunidade para jornalista amaz\u00f4nicos, de gra\u00e7a!<\/figcaption><\/figure><\/div>\n\n\n<p><strong>Prefeitura de Ananindeua &#8211; <\/strong>Na semana passada, foi noticiado aqui que <strong>Amanda Duarte<\/strong> est\u00e1 na assessoria de comunica\u00e7\u00e3o da Prefeitura de Ananindeua. O complemento \u00e9 que ela \u00e9 a nova assessora da <strong>Segef &#8211; Gest\u00e3o Fazend\u00e1ria<\/strong> e da <strong>Semmu &#8211; Secretaria da Mulher<\/strong>, e atende pelo <strong>91 99826-9101<\/strong>.<\/p>\n\n\n<div class=\"wp-block-image\">\n<figure class=\"aligncenter size-full\"><img loading=\"lazy\" decoding=\"async\" width=\"466\" height=\"506\" src=\"https:\/\/dedemesquita.com.br\/wp-content\/uploads\/2024\/06\/WhatsApp-Image-2024-06-18-at-16.20.39.jpeg\" alt=\"\" class=\"wp-image-9250\"\/><figcaption class=\"wp-element-caption\">Amanda Duarte est\u00e1 assessorando duas secretarias <\/figcaption><\/figure><\/div>\n\n\n<p><strong>Mais Ananin &#8211; <\/strong>Ainda sobre a Prefeitura de Ananindeua, <strong>Nilmara de Melo<\/strong> \u00e9 a nova assessora da <strong>Secretaria de Educa\u00e7\u00e3o<\/strong>, no contato <strong>91 98734-6197<\/strong>; <strong>J\u00fanior Lima<\/strong> \u00e9 o novo assessor de comunica\u00e7\u00e3o do <strong>Semutran &#8211; Tr\u00e2nsito<\/strong>, no contato <strong>91 98330-3915<\/strong>; e por fim, <strong>Raphael Albuquerque<\/strong>, que era estagi\u00e1rio do portal DOL, assume fun\u00e7\u00e3o de rep\u00f3rter web na comunica\u00e7\u00e3o da <strong>Secult-Ananindeua<\/strong>, no contato <strong>91 98623-6767<\/strong>.<\/p>\n\n\n<div class=\"wp-block-image\">\n<figure class=\"aligncenter size-full\"><img loading=\"lazy\" decoding=\"async\" width=\"408\" height=\"393\" src=\"https:\/\/dedemesquita.com.br\/wp-content\/uploads\/2024\/06\/WhatsApp-Image-2024-06-18-at-16.21.36.jpeg\" alt=\"\" class=\"wp-image-9251\"\/><figcaption class=\"wp-element-caption\">Nilmara de Melo est\u00e1 na Semed Ananindeua <\/figcaption><\/figure><\/div>\n\n<div class=\"wp-block-image\">\n<figure class=\"aligncenter size-full\"><img loading=\"lazy\" decoding=\"async\" width=\"497\" height=\"477\" src=\"https:\/\/dedemesquita.com.br\/wp-content\/uploads\/2024\/06\/WhatsApp-Image-2024-06-18-at-16.19.40.jpeg\" alt=\"\" class=\"wp-image-9252\"\/><figcaption class=\"wp-element-caption\">J\u00fanior Lima est\u00e1 no Semutran<\/figcaption><\/figure><\/div>\n\n<div class=\"wp-block-image\">\n<figure class=\"aligncenter size-full\"><img loading=\"lazy\" decoding=\"async\" width=\"391\" height=\"422\" src=\"https:\/\/dedemesquita.com.br\/wp-content\/uploads\/2024\/06\/Raphael-Albuquerque.jpeg\" alt=\"\" class=\"wp-image-9238\"\/><figcaption class=\"wp-element-caption\">Raphael Albuquerque est\u00e1 na Secult-Ananindeua <\/figcaption><\/figure><\/div>\n\n\n<p><strong>TV Liberal sem mais um &#8211; <\/strong>Mais um a deixar a TV Liberal. Desta vez, \u00e9 <strong>Thiago Lopes<\/strong>, que &#8220;jogava nas 11&#8221; naquela emissora, como editor de imagens, de jornalismos, rep\u00f3rter e produtor. Um p\u00e9-de-moleque para quem disser para onde ele foi&#8230; Acertou quem chutou acertadamente, <strong>Secom\/Ag\u00eancia Par\u00e1<\/strong>. <\/p>\n\n\n<div class=\"wp-block-image\">\n<figure class=\"aligncenter size-full\"><img loading=\"lazy\" decoding=\"async\" width=\"600\" height=\"448\" src=\"https:\/\/dedemesquita.com.br\/wp-content\/uploads\/2024\/06\/WhatsApp-Image-2024-06-18-at-13.25.57.jpeg\" alt=\"\" class=\"wp-image-9239\"\/><figcaption class=\"wp-element-caption\">Thiago Lopes \u00e9 mais um que faz a travessia TV Liberal &#8211; Secom-PA<\/figcaption><\/figure><\/div>\n\n\n<p><strong>Kzan &#8211; <\/strong>O novo diretor da <strong>R\u00e1dio Cultura FM<\/strong> \u00e9 <strong>Ricardo Kzan<\/strong>, em substitui\u00e7\u00e3o a Marcelo Mendes.<\/p>\n\n\n\n<p><strong>Nagano &#8211; <\/strong>O filmmaker <strong>Marcio Nagano<\/strong>, que trabalhou em O Liberal, come\u00e7ou em novo cargo de produtor audiovisual na empresa<strong> Carbonext.<\/strong><\/p>\n\n\n<div class=\"wp-block-image\">\n<figure class=\"aligncenter size-full\"><img loading=\"lazy\" decoding=\"async\" width=\"598\" height=\"507\" src=\"https:\/\/dedemesquita.com.br\/wp-content\/uploads\/2024\/06\/WhatsApp-Image-2024-06-18-at-16.24.29-2.jpeg\" alt=\"\" class=\"wp-image-9259\"\/><figcaption class=\"wp-element-caption\">Marcio Nagano est\u00e1 em nova empresa <\/figcaption><\/figure><\/div>\n\n\n<p><strong>Gabriela &#8211; <\/strong>Gabriela Sobral, com passagens pelas ag\u00eancias <strong>Eko<\/strong> e <strong>Temple<\/strong>, come\u00e7ou em novo cargo como coordenadora da <strong>Casa da Cultura de Cana\u00e3 dos Caraj\u00e1s<\/strong>.<\/p>\n\n\n<div class=\"wp-block-image\">\n<figure class=\"aligncenter size-full\"><img loading=\"lazy\" decoding=\"async\" width=\"413\" height=\"451\" src=\"https:\/\/dedemesquita.com.br\/wp-content\/uploads\/2024\/06\/WhatsApp-Image-2024-06-18-at-16.31.17.jpeg\" alt=\"\" class=\"wp-image-9257\"\/><figcaption class=\"wp-element-caption\">Gabriela Sobral passa a dirigir a Casa de Cultura de Cana\u00e3 dos Caraj\u00e1s <\/figcaption><\/figure><\/div>\n\n\n<p><strong>Pol\u00edcia Civil &#8211;<\/strong> Quem deixou a coordena\u00e7\u00e3o da comunica\u00e7\u00e3o da Pol\u00edcia Civil foi <strong>La\u00eds Menezes<\/strong>, que assumiu um cargo na <strong>Temple Comunica\u00e7\u00e3o<\/strong>. Para o lugar de La\u00eds, assumiu <strong>L\u00edlian Guedes<\/strong>. <\/p>\n\n\n<div class=\"wp-block-image\">\n<figure class=\"aligncenter size-full\"><img loading=\"lazy\" decoding=\"async\" width=\"591\" height=\"478\" src=\"https:\/\/dedemesquita.com.br\/wp-content\/uploads\/2024\/06\/WhatsApp-Image-2024-06-18-at-16.30.03.jpeg\" alt=\"\" class=\"wp-image-9256\"\/><figcaption class=\"wp-element-caption\">La\u00eds Menezes trocou a Pol\u00edcia Civil pela Temple <\/figcaption><\/figure><\/div>\n\n\n<p><strong>Viggo e o descredenciamento &#8211;<\/strong> J\u00e1 era para essa not\u00edcia ter sa\u00eddo aqui, mas como ele mesmo faz a \u201cassessoria\u201d dele, s\u00f3 para confirmar que <strong>Matheus Viggo<\/strong> deixou o<strong> portal Roma News<\/strong>, semanas atr\u00e1s. Na condi\u00e7\u00e3o de influencer, sem amarras e livre, ele come\u00e7ou a cobertura do evento junino<strong> Par\u00e1arrai\u00e1<\/strong>, no \u00faltimo fim de semana, no Mangueir\u00e3o. Mas no domingo, 16, depois de tr\u00eas dias de intensa cobertura, Viggo foi descredenciado do Par\u00e1arrai\u00e1 e n\u00e3o pode trabalhar nesse dia. O motivo foi que Viggo foi um dos muitos perfis que publicou sobre a treta da <strong>cantora Hellen Patr\u00edcia<\/strong>, da banda <strong>Xeiro Verde<\/strong>, que denunciou o desrespeito de ficar sem camarim para trocar de roupa e de ver um funcion\u00e1rio da <strong>Roma Eventos, de Giovanni Maiorana, <\/strong>ou da <strong>Bis Entretenimento<\/strong>, as promotoras do evento, colocar um cadeado para que ela e a banda n\u00e3o usassem um refrigerador. Viggo e outros perfis noticiaram a den\u00fancia de Hellen, as duas produtoras n\u00e3o gostaram e se sentiram &#8220;ofendidas&#8221;, e o jornalista foi o alvo que ficou sem ter como cobrir o \u00faltimo dia do evento.<\/p>\n\n\n<div class=\"wp-block-image\">\n<figure class=\"aligncenter size-full\"><img loading=\"lazy\" decoding=\"async\" width=\"520\" height=\"800\" src=\"https:\/\/dedemesquita.com.br\/wp-content\/uploads\/2024\/06\/WhatsApp-Image-2024-06-18-at-10.47.11.jpeg\" alt=\"\" class=\"wp-image-9240\"\/><figcaption class=\"wp-element-caption\">Comunicado de Matheus Viggo sobre descredenciamento <\/figcaption><\/figure><\/div>\n\n\n<p><strong>Sem no\u00e7\u00e3o &#8211; <\/strong>Falando de <strong>Par\u00e1arrai\u00e1<\/strong>, chegou aqui no \u201cmeu ponto\u201d que <strong>Christian Emanoel<\/strong>, colunista e chefe de reportagem da TV Liberal, foi o respons\u00e1vel pelo atendimento de assessoria de imprensa do evento, mas <strong>teve problemas com alguns coleguinhas<\/strong>. Segundo o que chegou por c\u00e1,<strong> influencers<\/strong> e <strong>assessores de comunica\u00e7\u00e3o de secretarias do Estado<\/strong>, que faziam cobertura local, queriam aproveitar a \u201cdeixa\u201d e entrevistar as atra\u00e7\u00f5es nacionais. <em>Hum, hum<\/em>, como diria o fil\u00f3sofo Mudinho.<\/p>\n\n\n<div class=\"wp-block-image\">\n<figure class=\"aligncenter size-full\"><img loading=\"lazy\" decoding=\"async\" width=\"600\" height=\"607\" src=\"https:\/\/dedemesquita.com.br\/wp-content\/uploads\/2024\/06\/WhatsApp-Image-2024-06-18-at-16.38.32.jpeg\" alt=\"\" class=\"wp-image-9260\"\/><figcaption class=\"wp-element-caption\">Coleguinhas deram bastante trabalho no Par\u00e1arrai\u00e1 para Christian Emanoel <\/figcaption><\/figure><\/div>\n\n\n<p><strong>Samara de volta &#8211; <\/strong>A influencer <strong>Samara Castro<\/strong>, que \u00e9 publicit\u00e1ria e est\u00e1 solteira novamente, foi contratada pela produtora <strong>Vibbe<\/strong> para fazer a cobertura do <strong>Par\u00e1arrai\u00e1.<\/strong><\/p>\n\n\n<div class=\"wp-block-image\">\n<figure class=\"aligncenter size-full\"><img loading=\"lazy\" decoding=\"async\" width=\"421\" height=\"420\" src=\"https:\/\/dedemesquita.com.br\/wp-content\/uploads\/2024\/06\/WhatsApp-Image-2024-06-18-at-16.35.00.jpeg\" alt=\"\" class=\"wp-image-9258\" srcset=\"https:\/\/dedemesquita.com.br\/wp-content\/uploads\/2024\/06\/WhatsApp-Image-2024-06-18-at-16.35.00.jpeg 421w, https:\/\/dedemesquita.com.br\/wp-content\/uploads\/2024\/06\/WhatsApp-Image-2024-06-18-at-16.35.00-150x150.jpeg 150w\" sizes=\"(max-width: 421px) 100vw, 421px\" \/><figcaption class=\"wp-element-caption\">Samara Castro, vestida \u00e0 rigor, no Par\u00e1arrai\u00e1 2024 <\/figcaption><\/figure><\/div>\n\n\n<p><strong>Ah! o amor &#8211; <\/strong>Ainda as fofocas do <strong>Par\u00e1arrai\u00e1:<\/strong> um <strong>deputado estadual<\/strong>, eleito pela sigla bolsonarista, marcou presen\u00e7a no evento junino e, diga-se de passagem, estava bem \u00e0 vontade. O deputado, <strong>que mudou de partido recentemente<\/strong>, foi visto por l\u00e1 de m\u00e3os dadas com <strong>o assessor de um outro colega de Parlamento<\/strong>. Essa fofoca \u00e9 antiga pelos corredores da <strong>Alepa<\/strong> e j\u00e1 saiu em alguns portais, a diferen\u00e7a, agora, \u00e9 que o pol\u00edtico parece estar disposto a assumir esse amor.<\/p>\n\n\n\n<p><strong>Pr\u00e9-c\u00fapula Y20 &#8211; <\/strong>A <strong>JGL Comunica\u00e7\u00e3o e Marketing<\/strong>, sob comando do jornalista <strong>Gleydson Souza<\/strong>, assumiu a assessoria de imprensa local da pr\u00e9-c\u00fapula do Grupo de Juventude do G20, o <strong>Y20<\/strong>. O evento, in\u00e9dito no Par\u00e1, come\u00e7ou no dia 17 e segue at\u00e9 quarta-feira, 19, em Bel\u00e9m.<\/p>\n\n\n<div class=\"wp-block-image\">\n<figure class=\"aligncenter size-full\"><img loading=\"lazy\" decoding=\"async\" width=\"640\" height=\"800\" src=\"https:\/\/dedemesquita.com.br\/wp-content\/uploads\/2024\/06\/Gleydson-Souza-1.jpeg\" alt=\"\" class=\"wp-image-9242\"\/><figcaption class=\"wp-element-caption\">Gleydson Souza e ag\u00eancia est\u00e3o na cobertura de evento em Bel\u00e9m <\/figcaption><\/figure><\/div>\n\n\n<p><strong>Cinema &#8211; <\/strong>A <strong>Casa PanAmaz\u00f4nica<\/strong> promove o curso livre de<strong> \u201cInicia\u00e7\u00e3o ao Cinema\u201d<\/strong>, com <strong>Ronaldo Rosa<\/strong>, que \u00e9 fot\u00f3grafo, cineasta, diretor de fotografia e produtor paraense Ronaldo Rosa \u00e9 o ministrante do curso livre de \u201cInicia\u00e7\u00e3o ao Cinema\u201d, de 18 a 21 de junho, na Casa PanAmaz\u00f4nica, em Bel\u00e9m. &nbsp;O curso come\u00e7a nesta <strong>ter\u00e7a, 18, e segue at\u00e9 sexta-feira, 21, das 18h30 \u00e0s 22h<\/strong>, na Casa PanAmaz\u00f4nica, travessa Padre Eut\u00edquio, 643, pr\u00f3ximo \u00e0 pra\u00e7a da Bandeira, na Cidade Velha, em Bel\u00e9m. Investimento: R$ 300,00. Inscri\u00e7\u00f5es: 91 99121-3355<\/p>\n\n\n<div class=\"wp-block-image\">\n<figure class=\"aligncenter size-full\"><img loading=\"lazy\" decoding=\"async\" width=\"529\" height=\"750\" src=\"https:\/\/dedemesquita.com.br\/wp-content\/uploads\/2024\/06\/Iniciacao-ao-Cinema.jpg\" alt=\"\" class=\"wp-image-9243\"\/><figcaption class=\"wp-element-caption\">Curso come\u00e7a nesta ter\u00e7a-feira, 18 <\/figcaption><\/figure><\/div>\n\n\n<p><strong>Aberje Amaz\u00f4nia &#8211; <\/strong>O blog <strong>Cap\u00edtulo Aberje Amaz\u00f4nia<\/strong> fez sua estreia com um artigo produzido pelas s\u00f3cias-diretoras da ag\u00eancia paraense <strong>Jambo Estrat\u00e9gias em Comunica\u00e7\u00e3o<\/strong>, <strong>Rita Soares<\/strong> e <strong>Ivana Oliveira<\/strong>. O Cap\u00edtulo foi criado em agosto de 2023 para representar as associadas dos estados da Amaz\u00f4nia Legal e contribuir com o debate da comunica\u00e7\u00e3o na regi\u00e3o. Na estreia do espa\u00e7o virtual, as jornalistas abordam a tem\u00e1tica do \u201cser amaz\u00f4nida\u201d em um texto que discute a express\u00e3o com um passeio hist\u00f3rico, refor\u00e7ando sua import\u00e2ncia cultural para definir uma comunidade diversa e consciente de sua identidade. Leia o artigo na \u00edntegra: <a href=\"https:\/\/bit.ly\/3VJ6lSz\"><strong>https:\/\/bit.ly\/3VJ6lSz<\/strong><\/a><\/p>\n\n\n<div class=\"wp-block-image\">\n<figure class=\"aligncenter size-full\"><img loading=\"lazy\" decoding=\"async\" width=\"700\" height=\"559\" src=\"https:\/\/dedemesquita.com.br\/wp-content\/uploads\/2024\/06\/Rita-Soares_Ivana-Oliveira.jpeg\" alt=\"\" class=\"wp-image-9244\"\/><figcaption class=\"wp-element-caption\">Rita Soares e Ivana Oliveira, da Jambo, escreveram artigo para Cap\u00edtulo Aberje Amaz\u00f4nia<\/figcaption><\/figure><\/div>\n\n\n<p><strong>Antenor homenageado &#8211; <\/strong>O jornalista <strong>Antenor Filho<\/strong> foi um dos homenageados pela passagem pelo <strong>Dia Nacional da Imprensa<\/strong>, em Sess\u00e3o Especial na <strong>Assembleia Legislativa do Par\u00e1<\/strong> <strong>&#8211; Alepa<\/strong>. A sess\u00e3o foi proposta pelos deputados Thiago Ara\u00fajo e F\u00e1bio Freitas, ambos do Republicanos, na quinta-feira, dia 6 passado.<\/p>\n\n\n<div class=\"wp-block-image\">\n<figure class=\"aligncenter size-full\"><img loading=\"lazy\" decoding=\"async\" width=\"467\" height=\"750\" src=\"https:\/\/dedemesquita.com.br\/wp-content\/uploads\/2024\/06\/Antenor-Filho.jpeg\" alt=\"\" class=\"wp-image-9245\"\/><figcaption class=\"wp-element-caption\">Antenor Filho foi homenageado na Alepa <\/figcaption><\/figure><\/div>","protected":false},"excerpt":{"rendered":"<p>Bel\u00e9m, 18 de junho de 2024 &#8211; E chegando no ritmo das festas juninas, o site est\u00e1 com v\u00e1rias e diversas notinhas, e at\u00e9 sobre um segmento que n\u00e3o faz parte da imprensa, mas \u00e9 uma bela fofoca, da qual teve at\u00e9 foto &#8211; mas n\u00e3o a tenho, passou rapidinho por aqui. Afe! Arrai\u00e1 &#8211; [&hellip;]<\/p>\n","protected":false},"author":2,"featured_media":9248,"comment_status":"open","ping_status":"open","sticky":false,"template":"","format":"standard","meta":{"footnotes":""},"categories":[51,14,29],"tags":[475,191,377,641,557,637,635,184,161,455,640,119,120,144,638,273,143,642,183,150,162,137,456],"class_list":["post-9235","post","type-post","status-publish","format-standard","has-post-thumbnail","hentry","category-destaque","category-imprensa","category-jornalismo","tag-aberje","tag-alepa","tag-amazonia-vox","tag-bis-entretenimento","tag-bloco-do-ronda-24h","tag-carbonext","tag-casa-panamazonica","tag-dol","tag-eko-estrategias-em-comunicacao","tag-jambo-comunicacao","tag-jgl-comunicacao","tag-jornalismo","tag-jornalistas-paraenses-em-acao","tag-o-liberal","tag-paraarraia","tag-prefeitura-de-ananindeua","tag-radio-cultura-fm","tag-roma-eventos","tag-roma-news","tag-secom-pa","tag-temple-comunicacao","tag-tv-liberal","tag-vale"],"yoast_head":"<!-- This site is optimized with the Yoast SEO plugin v19.10 - https:\/\/yoast.com\/wordpress\/plugins\/seo\/ -->\n<title>Arrai\u00e1 do grupo Ronda 24h, forma\u00e7\u00e3o on line promovida pela Amaz\u00f4nia Vox, Roma Eventos e Bis descredenciam jornalista e outras not\u00edcias - Ded\u00e9 Mesquita<\/title>\n<meta name=\"robots\" content=\"index, follow, max-snippet:-1, max-image-preview:large, max-video-preview:-1\" \/>\n<link rel=\"canonical\" href=\"https:\/\/dedemesquita.com.br\/?p=9235\" \/>\n<meta property=\"og:locale\" content=\"pt_BR\" \/>\n<meta property=\"og:type\" content=\"article\" \/>\n<meta property=\"og:title\" content=\"Arrai\u00e1 do grupo Ronda 24h, forma\u00e7\u00e3o on line promovida pela Amaz\u00f4nia Vox, Roma Eventos e Bis descredenciam jornalista e outras not\u00edcias - Ded\u00e9 Mesquita\" \/>\n<meta property=\"og:description\" content=\"Bel\u00e9m, 18 de junho de 2024 &#8211; E chegando no ritmo das festas juninas, o site est\u00e1 com v\u00e1rias e diversas notinhas, e at\u00e9 sobre um segmento que n\u00e3o faz parte da imprensa, mas \u00e9 uma bela fofoca, da qual teve at\u00e9 foto &#8211; mas n\u00e3o a tenho, passou rapidinho por aqui. Afe! Arrai\u00e1 &#8211; [&hellip;]\" \/>\n<meta property=\"og:url\" content=\"https:\/\/dedemesquita.com.br\/?p=9235\" \/>\n<meta property=\"og:site_name\" content=\"Ded\u00e9 Mesquita\" \/>\n<meta property=\"article:publisher\" content=\"https:\/\/www.facebook.com\/dede.mesquita\" \/>\n<meta property=\"article:published_time\" content=\"2024-06-18T19:41:20+00:00\" \/>\n<meta property=\"article:modified_time\" content=\"2024-06-18T21:23:57+00:00\" \/>\n<meta property=\"og:image\" content=\"https:\/\/dedemesquita.com.br\/wp-content\/uploads\/2024\/06\/WhatsApp-Image-2024-06-18-at-16.07.36.jpeg\" \/>\n\t<meta property=\"og:image:width\" content=\"860\" \/>\n\t<meta property=\"og:image:height\" content=\"572\" \/>\n\t<meta property=\"og:image:type\" content=\"image\/jpeg\" \/>\n<meta name=\"author\" content=\"Ded\u00e9 Mesquita\" \/>\n<meta name=\"twitter:card\" content=\"summary_large_image\" \/>\n<meta name=\"twitter:creator\" content=\"@dedemesquita\" \/>\n<meta name=\"twitter:site\" content=\"@dedemesquita\" \/>\n<meta name=\"twitter:label1\" content=\"Escrito por\" \/>\n\t<meta name=\"twitter:data1\" content=\"Ded\u00e9 Mesquita\" \/>\n\t<meta name=\"twitter:label2\" content=\"Est. tempo de leitura\" \/>\n\t<meta name=\"twitter:data2\" content=\"7 minutos\" \/>\n<script type=\"application\/ld+json\" class=\"yoast-schema-graph\">{\"@context\":\"https:\/\/schema.org\",\"@graph\":[{\"@type\":\"WebPage\",\"@id\":\"https:\/\/dedemesquita.com.br\/?p=9235\",\"url\":\"https:\/\/dedemesquita.com.br\/?p=9235\",\"name\":\"Arrai\u00e1 do grupo Ronda 24h, forma\u00e7\u00e3o on line promovida pela Amaz\u00f4nia Vox, Roma Eventos e Bis descredenciam jornalista e outras not\u00edcias - Ded\u00e9 Mesquita\",\"isPartOf\":{\"@id\":\"https:\/\/dedemesquita.com.br\/#website\"},\"datePublished\":\"2024-06-18T19:41:20+00:00\",\"dateModified\":\"2024-06-18T21:23:57+00:00\",\"author\":{\"@id\":\"https:\/\/dedemesquita.com.br\/#\/schema\/person\/36571f81dd2d76dc3ab37231542c9e24\"},\"breadcrumb\":{\"@id\":\"https:\/\/dedemesquita.com.br\/?p=9235#breadcrumb\"},\"inLanguage\":\"pt-BR\",\"potentialAction\":[{\"@type\":\"ReadAction\",\"target\":[\"https:\/\/dedemesquita.com.br\/?p=9235\"]}]},{\"@type\":\"BreadcrumbList\",\"@id\":\"https:\/\/dedemesquita.com.br\/?p=9235#breadcrumb\",\"itemListElement\":[{\"@type\":\"ListItem\",\"position\":1,\"name\":\"In\u00edcio\",\"item\":\"https:\/\/dedemesquita.com.br\/\"},{\"@type\":\"ListItem\",\"position\":2,\"name\":\"Arrai\u00e1 do grupo Ronda 24h, forma\u00e7\u00e3o on line promovida pela Amaz\u00f4nia Vox, Roma Eventos e Bis descredenciam jornalista e outras not\u00edcias\"}]},{\"@type\":\"WebSite\",\"@id\":\"https:\/\/dedemesquita.com.br\/#website\",\"url\":\"https:\/\/dedemesquita.com.br\/\",\"name\":\"Ded\u00e9 Mesquita\",\"description\":\"Um site que mostra os bastidores da imprensa no estado do Par\u00e1 e em Bel\u00e9m\",\"potentialAction\":[{\"@type\":\"SearchAction\",\"target\":{\"@type\":\"EntryPoint\",\"urlTemplate\":\"https:\/\/dedemesquita.com.br\/?s={search_term_string}\"},\"query-input\":\"required name=search_term_string\"}],\"inLanguage\":\"pt-BR\"},{\"@type\":\"Person\",\"@id\":\"https:\/\/dedemesquita.com.br\/#\/schema\/person\/36571f81dd2d76dc3ab37231542c9e24\",\"name\":\"Ded\u00e9 Mesquita\",\"image\":{\"@type\":\"ImageObject\",\"inLanguage\":\"pt-BR\",\"@id\":\"https:\/\/dedemesquita.com.br\/#\/schema\/person\/image\/\",\"url\":\"https:\/\/dedemesquita.com.br\/wp-content\/uploads\/2021\/02\/foto_perfil-150x150.jpg\",\"contentUrl\":\"https:\/\/dedemesquita.com.br\/wp-content\/uploads\/2021\/02\/foto_perfil-150x150.jpg\",\"caption\":\"Ded\u00e9 Mesquita\"},\"sameAs\":[\"https:\/\/dedemesquita.com.br\"]}]}<\/script>\n<!-- \/ Yoast SEO plugin. -->","yoast_head_json":{"title":"Arrai\u00e1 do grupo Ronda 24h, forma\u00e7\u00e3o on line promovida pela Amaz\u00f4nia Vox, Roma Eventos e Bis descredenciam jornalista e outras not\u00edcias - Ded\u00e9 Mesquita","robots":{"index":"index","follow":"follow","max-snippet":"max-snippet:-1","max-image-preview":"max-image-preview:large","max-video-preview":"max-video-preview:-1"},"canonical":"https:\/\/dedemesquita.com.br\/?p=9235","og_locale":"pt_BR","og_type":"article","og_title":"Arrai\u00e1 do grupo Ronda 24h, forma\u00e7\u00e3o on line promovida pela Amaz\u00f4nia Vox, Roma Eventos e Bis descredenciam jornalista e outras not\u00edcias - Ded\u00e9 Mesquita","og_description":"Bel\u00e9m, 18 de junho de 2024 &#8211; E chegando no ritmo das festas juninas, o site est\u00e1 com v\u00e1rias e diversas notinhas, e at\u00e9 sobre um segmento que n\u00e3o faz parte da imprensa, mas \u00e9 uma bela fofoca, da qual teve at\u00e9 foto &#8211; mas n\u00e3o a tenho, passou rapidinho por aqui. Afe! Arrai\u00e1 &#8211; [&hellip;]","og_url":"https:\/\/dedemesquita.com.br\/?p=9235","og_site_name":"Ded\u00e9 Mesquita","article_publisher":"https:\/\/www.facebook.com\/dede.mesquita","article_published_time":"2024-06-18T19:41:20+00:00","article_modified_time":"2024-06-18T21:23:57+00:00","og_image":[{"width":860,"height":572,"url":"https:\/\/dedemesquita.com.br\/wp-content\/uploads\/2024\/06\/WhatsApp-Image-2024-06-18-at-16.07.36.jpeg","type":"image\/jpeg"}],"author":"Ded\u00e9 Mesquita","twitter_card":"summary_large_image","twitter_creator":"@dedemesquita","twitter_site":"@dedemesquita","twitter_misc":{"Escrito por":"Ded\u00e9 Mesquita","Est. tempo de leitura":"7 minutos"},"schema":{"@context":"https:\/\/schema.org","@graph":[{"@type":"WebPage","@id":"https:\/\/dedemesquita.com.br\/?p=9235","url":"https:\/\/dedemesquita.com.br\/?p=9235","name":"Arrai\u00e1 do grupo Ronda 24h, forma\u00e7\u00e3o on line promovida pela Amaz\u00f4nia Vox, Roma Eventos e Bis descredenciam jornalista e outras not\u00edcias - Ded\u00e9 Mesquita","isPartOf":{"@id":"https:\/\/dedemesquita.com.br\/#website"},"datePublished":"2024-06-18T19:41:20+00:00","dateModified":"2024-06-18T21:23:57+00:00","author":{"@id":"https:\/\/dedemesquita.com.br\/#\/schema\/person\/36571f81dd2d76dc3ab37231542c9e24"},"breadcrumb":{"@id":"https:\/\/dedemesquita.com.br\/?p=9235#breadcrumb"},"inLanguage":"pt-BR","potentialAction":[{"@type":"ReadAction","target":["https:\/\/dedemesquita.com.br\/?p=9235"]}]},{"@type":"BreadcrumbList","@id":"https:\/\/dedemesquita.com.br\/?p=9235#breadcrumb","itemListElement":[{"@type":"ListItem","position":1,"name":"In\u00edcio","item":"https:\/\/dedemesquita.com.br\/"},{"@type":"ListItem","position":2,"name":"Arrai\u00e1 do grupo Ronda 24h, forma\u00e7\u00e3o on line promovida pela Amaz\u00f4nia Vox, Roma Eventos e Bis descredenciam jornalista e outras not\u00edcias"}]},{"@type":"WebSite","@id":"https:\/\/dedemesquita.com.br\/#website","url":"https:\/\/dedemesquita.com.br\/","name":"Ded\u00e9 Mesquita","description":"Um site que mostra os bastidores da imprensa no estado do Par\u00e1 e em Bel\u00e9m","potentialAction":[{"@type":"SearchAction","target":{"@type":"EntryPoint","urlTemplate":"https:\/\/dedemesquita.com.br\/?s={search_term_string}"},"query-input":"required name=search_term_string"}],"inLanguage":"pt-BR"},{"@type":"Person","@id":"https:\/\/dedemesquita.com.br\/#\/schema\/person\/36571f81dd2d76dc3ab37231542c9e24","name":"Ded\u00e9 Mesquita","image":{"@type":"ImageObject","inLanguage":"pt-BR","@id":"https:\/\/dedemesquita.com.br\/#\/schema\/person\/image\/","url":"https:\/\/dedemesquita.com.br\/wp-content\/uploads\/2021\/02\/foto_perfil-150x150.jpg","contentUrl":"https:\/\/dedemesquita.com.br\/wp-content\/uploads\/2021\/02\/foto_perfil-150x150.jpg","caption":"Ded\u00e9 Mesquita"},"sameAs":["https:\/\/dedemesquita.com.br"]}]}},"_links":{"self":[{"href":"https:\/\/dedemesquita.com.br\/index.php?rest_route=\/wp\/v2\/posts\/9235"}],"collection":[{"href":"https:\/\/dedemesquita.com.br\/index.php?rest_route=\/wp\/v2\/posts"}],"about":[{"href":"https:\/\/dedemesquita.com.br\/index.php?rest_route=\/wp\/v2\/types\/post"}],"author":[{"embeddable":true,"href":"https:\/\/dedemesquita.com.br\/index.php?rest_route=\/wp\/v2\/users\/2"}],"replies":[{"embeddable":true,"href":"https:\/\/dedemesquita.com.br\/index.php?rest_route=%2Fwp%2Fv2%2Fcomments&post=9235"}],"version-history":[{"count":11,"href":"https:\/\/dedemesquita.com.br\/index.php?rest_route=\/wp\/v2\/posts\/9235\/revisions"}],"predecessor-version":[{"id":9269,"href":"https:\/\/dedemesquita.com.br\/index.php?rest_route=\/wp\/v2\/posts\/9235\/revisions\/9269"}],"wp:featuredmedia":[{"embeddable":true,"href":"https:\/\/dedemesquita.com.br\/index.php?rest_route=\/wp\/v2\/media\/9248"}],"wp:attachment":[{"href":"https:\/\/dedemesquita.com.br\/index.php?rest_route=%2Fwp%2Fv2%2Fmedia&parent=9235"}],"wp:term":[{"taxonomy":"category","embeddable":true,"href":"https:\/\/dedemesquita.com.br\/index.php?rest_route=%2Fwp%2Fv2%2Fcategories&post=9235"},{"taxonomy":"post_tag","embeddable":true,"href":"https:\/\/dedemesquita.com.br\/index.php?rest_route=%2Fwp%2Fv2%2Ftags&post=9235"}],"curies":[{"name":"wp","href":"https:\/\/api.w.org\/{rel}","templated":true}]}}