{"id":9140,"date":"2024-05-28T15:58:05","date_gmt":"2024-05-28T18:58:05","guid":{"rendered":"https:\/\/dedemesquita.com.br\/?p=9140"},"modified":"2024-05-28T20:27:35","modified_gmt":"2024-05-28T23:27:35","slug":"sinjor-pa-promove-atos-publicos-nova-coordenadora-de-ananindeua-perdidinha-e-uma-grande-danca-das-cadeiras-nas-redacoes","status":"publish","type":"post","link":"https:\/\/dedemesquita.com.br\/?p=9140","title":{"rendered":"Sinjor-PA promove Atos P\u00fablicos, nova secret\u00e1ria de comunica\u00e7\u00e3o de Ananindeua perdidinha e a dan\u00e7a das cadeiras nas reda\u00e7\u00f5es"},"content":{"rendered":"\n<p><strong>Bel\u00e9m, 28 de maio de 2024 &#8211; <\/strong>A semana passada se tornou quase uma pororoca de tantas trocas de emprego nas reda\u00e7\u00f5es de Bel\u00e9m. E c\u00e1 temos um bombom de cupua\u00e7u para quem adivinhar para onde os coleguinhas se mudaram&#8230; E nem precisa pensar muito. Quase todos aterrissaram \u00e0s proximidades da <strong>avenida Visconde de Inha\u00fama, com liga\u00e7\u00e3o direta com a Dr. Freitas<\/strong>, ou seja, na <strong>Secom\/ Ag\u00eancia Par\u00e1<\/strong>.<\/p>\n\n\n\n<p><strong>Condena\u00e7\u00e3o &#8211; <\/strong>Mas antes das mudan\u00e7as, uma not\u00edcia <strong>muito bacana<\/strong> e &#8220;quentinha&#8221;. A <strong>TV Record Bel\u00e9m<\/strong> foi condenada pela desembargadora <strong>Selma Lopes Le\u00e3o<\/strong> a pagar R$ 10 mil de dano moral coletivo por ter negado, reiteradamente, a entrada dos diretores do <strong>Sindicato dos Jornalistas no Estado do Par\u00e1 &#8211; Sinjor-PA<\/strong>. A desembargadora determinou ainda que a TV Record <strong>autorize a entrada do Sinjor<\/strong> em at\u00e9 dez dias, ap\u00f3s o tr\u00e2nsito em julgado.<\/p>\n\n\n\n<p><strong>Andreia &#8211;<\/strong> Come\u00e7amos pelo portal <strong>Roma News<\/strong>, no qual, depois de dois anos, <strong>Andreia Esp\u00edrito Santo<\/strong> deixou aquela reda\u00e7\u00e3o. O destino dela \u00e9 a assessoria de comunica\u00e7\u00e3o da nov\u00edssima <strong>Secretaria das Cidades e Integra\u00e7\u00e3o Regional &#8211; Secir<\/strong>.<\/p>\n\n\n<div class=\"wp-block-image\">\n<figure class=\"aligncenter size-full\"><img loading=\"lazy\" decoding=\"async\" width=\"362\" height=\"366\" src=\"https:\/\/dedemesquita.com.br\/wp-content\/uploads\/2024\/05\/WhatsApp-Image-2024-05-28-at-14.58.34.jpeg\" alt=\"\" class=\"wp-image-9145\"\/><figcaption class=\"wp-element-caption\">Andreia Esp\u00edrito Santo deixou o Roma News<\/figcaption><\/figure><\/div>\n\n<div class=\"wp-block-image\">\n<figure class=\"aligncenter size-full\"><img loading=\"lazy\" decoding=\"async\" width=\"750\" height=\"511\" src=\"https:\/\/dedemesquita.com.br\/wp-content\/uploads\/2024\/05\/Andreia.jpg\" alt=\"\" class=\"wp-image-9146\"\/><figcaption class=\"wp-element-caption\">Dia da despedida da Andreia do portal Roma News, onde ela ficou por quase dois anos <\/figcaption><\/figure><\/div>\n\n\n<p><strong>Monique &#8211;<\/strong> A rep\u00f3rter <strong>Monique Le\u00e3o<\/strong> come\u00e7ou nesta ter\u00e7a-feira, 28, na comunica\u00e7\u00e3o da tamb\u00e9m nova <strong>Ag\u00eancia de Regula\u00e7\u00e3o e Controle dos Servi\u00e7os P\u00fablicos de Transporte &#8211; Artran<\/strong>, e ficar\u00e1 at\u00e9 o final do m\u00eas de junho no portal <strong>Roma News.<\/strong><\/p>\n\n\n<div class=\"wp-block-image\">\n<figure class=\"aligncenter size-full\"><img loading=\"lazy\" decoding=\"async\" width=\"370\" height=\"372\" src=\"https:\/\/dedemesquita.com.br\/wp-content\/uploads\/2024\/05\/WhatsApp-Image-2024-05-28-at-15.48.33.jpeg\" alt=\"\" class=\"wp-image-9158\" srcset=\"https:\/\/dedemesquita.com.br\/wp-content\/uploads\/2024\/05\/WhatsApp-Image-2024-05-28-at-15.48.33.jpeg 370w, https:\/\/dedemesquita.com.br\/wp-content\/uploads\/2024\/05\/WhatsApp-Image-2024-05-28-at-15.48.33-150x150.jpeg 150w\" sizes=\"(max-width: 370px) 100vw, 370px\" \/><figcaption class=\"wp-element-caption\">Monique Le\u00e3o foi para a comunica\u00e7\u00e3o da Artran<\/figcaption><\/figure><\/div>\n\n\n<p><strong>Baixas no grupo RBA &#8211; <\/strong>No jornal <strong>Di\u00e1rio do Par\u00e1 <\/strong>foram duas baixas. <strong>Diego Monteiro<\/strong> deixou a reda\u00e7\u00e3o e \u00e9 o novo assessor de comunica\u00e7\u00e3o do <strong>Hospital Estadual Abelardo Santos<\/strong>, em Icoaraci. E o <strong>Thiago Maia<\/strong>, que era do n\u00facleo de <strong>m\u00eddias sociais do grupo RBA<\/strong>, foi para a <strong>Pol\u00edcia Cient\u00edfica do Par\u00e1<\/strong>, no contato <a href=\"mailto:ascomrc@gmail.com\"><strong>ascomrc@gmail.com<\/strong><\/a><\/p>\n\n\n<div class=\"wp-block-image\">\n<figure class=\"aligncenter size-full\"><img loading=\"lazy\" decoding=\"async\" width=\"750\" height=\"525\" src=\"https:\/\/dedemesquita.com.br\/wp-content\/uploads\/2024\/05\/Diego-Monteiro.jpeg\" alt=\"\" class=\"wp-image-9147\"\/><figcaption class=\"wp-element-caption\">Diego Monteiro deixou o jornal Di\u00e1rio do Par\u00e1<\/figcaption><\/figure><\/div>\n\n<div class=\"wp-block-image\">\n<figure class=\"aligncenter size-full\"><img loading=\"lazy\" decoding=\"async\" width=\"344\" height=\"343\" src=\"https:\/\/dedemesquita.com.br\/wp-content\/uploads\/2024\/05\/Caio.jpg\" alt=\"\" class=\"wp-image-9148\" srcset=\"https:\/\/dedemesquita.com.br\/wp-content\/uploads\/2024\/05\/Caio.jpg 344w, https:\/\/dedemesquita.com.br\/wp-content\/uploads\/2024\/05\/Caio-150x150.jpg 150w\" sizes=\"(max-width: 344px) 100vw, 344px\" \/><figcaption class=\"wp-element-caption\">Thiago Maia foi para a comunica\u00e7\u00e3o da Pol\u00edcia Cient\u00edfica <\/figcaption><\/figure><\/div>\n\n\n<p><strong>Christian &#8211;<\/strong> <strong>Christian Maciel <\/strong>encerrou, na quarta-feira, 22, um ciclo profissional. Desde 2021, ele estava \u00e0 frente da coordenadoria de comunica\u00e7\u00e3o da <strong>Prefeitura de Colares<\/strong>. O trabalho, na verdade, come\u00e7ou em 2019, durante a campanha eleitoral da prefeita daquele munic\u00edpio, Maria Lucimar. Christian continua nos grupos de pesquisa na UFPA.<\/p>\n\n\n<div class=\"wp-block-image\">\n<figure class=\"aligncenter size-full\"><img loading=\"lazy\" decoding=\"async\" width=\"600\" height=\"482\" src=\"https:\/\/dedemesquita.com.br\/wp-content\/uploads\/2024\/05\/Christian-Maciel-e-prefeitta.png\" alt=\"\" class=\"wp-image-9149\"\/><figcaption class=\"wp-element-caption\">Christian Maciel e prefeita Maria Lucimar, de Colares<\/figcaption><\/figure><\/div>\n\n\n<p><strong>Luiz Augusto &#8211; <\/strong>O jornalista <strong>Luiz Augusto Andrade<\/strong> deixou a <strong>Funda\u00e7\u00e3o Nazar\u00e9 de Comunica\u00e7\u00e3o<\/strong>, onde trabalhou durante 10 anos, sendo 8 deles dedicados ao controle mestre da televis\u00e3o e outros tr\u00eas no jornalismo da emissora, sendo esse o primeiro emprego dele. Luiz continua na reportagem da <strong>r\u00e1dio CBN Amaz\u00f4nia Bel\u00e9m<\/strong>.<\/p>\n\n\n<div class=\"wp-block-image\">\n<figure class=\"aligncenter size-full\"><img loading=\"lazy\" decoding=\"async\" width=\"351\" height=\"410\" src=\"https:\/\/dedemesquita.com.br\/wp-content\/uploads\/2024\/05\/Luiz-Augusto.jpg\" alt=\"\" class=\"wp-image-9150\"\/><figcaption class=\"wp-element-caption\">Luiz Augusto deixou a Funda\u00e7\u00e3o Nazar\u00e9 <\/figcaption><\/figure><\/div>\n\n\n<p><strong>Pedro &#8211; <\/strong>O jornalista <strong>Pedro Valdez<\/strong>, depois de quase tr\u00eas anos, deixou a reda\u00e7\u00e3o da r\u00e1dio <strong>CBN Amaz\u00f4nia Bel\u00e9m.<\/strong><\/p>\n\n\n<div class=\"wp-block-image\">\n<figure class=\"aligncenter size-full\"><img loading=\"lazy\" decoding=\"async\" width=\"488\" height=\"392\" src=\"https:\/\/dedemesquita.com.br\/wp-content\/uploads\/2024\/05\/Pedro-ex-CBN.jpeg\" alt=\"\" class=\"wp-image-9151\"\/><figcaption class=\"wp-element-caption\">Pedro Valdez n\u00e3o faz mais parte da r\u00e1dio CBN Bel\u00e9m <\/figcaption><\/figure><\/div>\n\n\n<p><strong>Mudan\u00e7a de Christian &#8211;<\/strong> O jornalista <strong>Christian Mendes<\/strong> deixou a assessoria de comunica\u00e7\u00e3o da empresa mineradora <strong>Horizonte Minerals Brasil<\/strong>, mas j\u00e1 come\u00e7ou, nesta semana, em um novo cargo de Analista de Comunica\u00e7\u00e3o S\u00eanior na empresa <strong>Nexa Resources<\/strong>, com atua\u00e7\u00e3o na Comunica\u00e7\u00e3o Interna Global nos segmentos de minera\u00e7\u00e3o e metalurgia, voltada para as opera\u00e7\u00f5es no Brasil e Peru.<\/p>\n\n\n<div class=\"wp-block-image\">\n<figure class=\"aligncenter size-full\"><img loading=\"lazy\" decoding=\"async\" width=\"750\" height=\"694\" src=\"https:\/\/dedemesquita.com.br\/wp-content\/uploads\/2024\/05\/Christian-Mendes.jpg\" alt=\"\" class=\"wp-image-9152\"\/><figcaption class=\"wp-element-caption\">Christian Mendes est\u00e1 na Nexa Resources <\/figcaption><\/figure><\/div>\n\n\n<p><strong>Gal\u00e1pagos &#8211;<\/strong> A paraense <strong>Alice Martins<\/strong> \u00e9 uma das 30 pessoas em todo Brasil escolhidas para a jornada 2024 da Gal\u00e1pagos Newsmaking. Ela e os outros v\u00e3o passar 15 dias em S\u00e3o Paulo em uma programa\u00e7\u00e3o intensa de criatividade e empreendedorismo do jornalismo, incluindo tamb\u00e9m o congresso da <strong>Associa\u00e7\u00e3o Brasileira de Jornalismo Investigativo &#8211; Abraji<\/strong>.<\/p>\n\n\n<div class=\"wp-block-image\">\n<figure class=\"aligncenter size-full\"><img loading=\"lazy\" decoding=\"async\" width=\"377\" height=\"425\" src=\"https:\/\/dedemesquita.com.br\/wp-content\/uploads\/2024\/05\/WhatsApp-Image-2024-05-28-at-15.44.34.jpeg\" alt=\"\" class=\"wp-image-9157\"\/><figcaption class=\"wp-element-caption\">A jornalista paraense Alice Martins est\u00e1 na Jornada Gal\u00e1pagos <\/figcaption><\/figure><\/div>\n\n\n<p><strong>Educa\u00e7\u00e3o Midi\u00e1tica &#8211; Daniel Nardin<\/strong> representou o <strong>Amaz\u00f4nia Vox<\/strong> e participou de uma das mesas redondas da programa\u00e7\u00e3o <strong>Encontro Internacional de Educa\u00e7\u00e3o Midi\u00e1tica<\/strong>, nos dias 23 e 24 de maio passado, no audit\u00f3rio do jornal O Globo, no Rio de Janeiro &#8211; RJ, realizado pelo Instituto Palavra Aberta. Nardin participou na mesa ao lado do secret\u00e1rio de educa\u00e7\u00e3o do Par\u00e1, Rossieli Soares.<\/p>\n\n\n<div class=\"wp-block-image\">\n<figure class=\"aligncenter size-full\"><img loading=\"lazy\" decoding=\"async\" width=\"701\" height=\"800\" src=\"https:\/\/dedemesquita.com.br\/wp-content\/uploads\/2024\/05\/WhatsApp-Image-2024-05-28-at-15.28.08.jpeg\" alt=\"\" class=\"wp-image-9161\"\/><figcaption class=\"wp-element-caption\">Daniel Nardin em evento de educa\u00e7\u00e3o midi\u00e1tica (foto de Larissa Noguchi)<\/figcaption><\/figure><\/div>\n\n<div class=\"wp-block-image\">\n<figure class=\"aligncenter size-full\"><img loading=\"lazy\" decoding=\"async\" width=\"750\" height=\"500\" src=\"https:\/\/dedemesquita.com.br\/wp-content\/uploads\/2024\/05\/Daniel-Nardin.jpg\" alt=\"\" class=\"wp-image-9162\"\/><figcaption class=\"wp-element-caption\">Daniel Nardin e o secret\u00e1rio de educa\u00e7\u00e3o do Par\u00e1 Rossieli Soares <\/figcaption><\/figure><\/div>\n\n<div class=\"wp-block-image\">\n<figure class=\"aligncenter size-full\"><img loading=\"lazy\" decoding=\"async\" width=\"643\" height=\"800\" src=\"https:\/\/dedemesquita.com.br\/wp-content\/uploads\/2024\/05\/WhatsApp-Image-2024-05-28-at-15.28.07.jpeg\" alt=\"\" class=\"wp-image-9163\"\/><figcaption class=\"wp-element-caption\">Daniel Nardin, do Amaz\u00f4nia Vox, e Larissa Noguchi, do Funbio, no evento de educa\u00e7\u00e3o midi\u00e1tica <\/figcaption><\/figure><\/div>\n\n\n<p><strong>Ato P\u00fablico &#8211; <\/strong>Como parte do calend\u00e1rio de mobiliza\u00e7\u00e3o da Campanha Salarial e para unificar as diversas categorias em luta e em greve, o <strong>Sinjor-PA<\/strong> promoveu um <strong>Ato P\u00fablico<\/strong> na sexta-feira, dia 24, \u00e0s 11 horas, em frente ao pr\u00e9dio da TV Liberal, na avenida Nazar\u00e9. Nesse dia, os jornalistas usaram roupas na cor preta, no dia de trabalho.<\/p>\n\n\n<div class=\"wp-block-image\">\n<figure class=\"aligncenter size-full\"><img loading=\"lazy\" decoding=\"async\" width=\"750\" height=\"562\" src=\"https:\/\/dedemesquita.com.br\/wp-content\/uploads\/2024\/05\/WhatsApp-Image-2024-05-24-at-13.48.11-1.jpeg\" alt=\"\" class=\"wp-image-9153\"\/><figcaption class=\"wp-element-caption\">Sinjor-PA em mais um Ato P\u00fablico em Bel\u00e9m, no bairro de Nazar\u00e9 <\/figcaption><\/figure><\/div>\n\n\n<p><strong>Visitas &#8211; <\/strong>O presidente do Sinjor-PA, <strong>Vito Gemaque<\/strong>, fez uma s\u00e9rie de visitas \u00e0s reda\u00e7\u00f5es dos ve\u00edculos de comunica\u00e7\u00e3o nas cidades de <strong>Santar\u00e9m<\/strong>, na regi\u00e3o oeste do Par\u00e1, e pela primeira vez, em <strong>Altamira<\/strong>, no sudoeste do Estado. Em Santar\u00e9m, ele visitou a R\u00e1dio e TV Guarany, afiliadas da Record. Em Altamira, Vito e a secretaria de interior, Karina Pinto, visitaram a R\u00e1dio, TV Vale do Xingu, afiliada SBT; e o portal Confirma Not\u00edcia. Ele tamb\u00e9m foi na r\u00e1dio e TV Mirante, afiliada da Record. A rep\u00f3rter Lidiane Chaves, da TV Band de Altamira, conversou com o Vito e Karina; e a rep\u00f3rter Cristiane Prado e o rep\u00f3rter cinematogr\u00e1fico M\u00e1rio de Paula receberam a visita de Vito, na nova sede da TV Liberal Altamira. <\/p>\n\n\n<div class=\"wp-block-image\">\n<figure class=\"aligncenter size-full\"><img loading=\"lazy\" decoding=\"async\" width=\"750\" height=\"421\" src=\"https:\/\/dedemesquita.com.br\/wp-content\/uploads\/2024\/05\/WhatsApp-Image-2024-05-24-at-13.49.07-1.jpeg\" alt=\"\" class=\"wp-image-9154\"\/><figcaption class=\"wp-element-caption\">Em Santar\u00e9m, Vito Gemaque se reuniu com os colegas jornalistas da R\u00e1dio e TV Guarany<\/figcaption><\/figure><\/div>\n\n<div class=\"wp-block-image\">\n<figure class=\"aligncenter size-full\"><img loading=\"lazy\" decoding=\"async\" width=\"750\" height=\"574\" src=\"https:\/\/dedemesquita.com.br\/wp-content\/uploads\/2024\/05\/WhatsApp-Image-2024-05-24-at-16.50.16.jpeg\" alt=\"\" class=\"wp-image-9155\"\/><figcaption class=\"wp-element-caption\">A rep\u00f3rter Cristiane Prado e o rep\u00f3rter cinematogr\u00e1fico Mario de Paula receberam a visita de Vito Gemaque, em Altamira <\/figcaption><\/figure><\/div>\n\n\n<p><strong>Perdidinha &#8211; <\/strong>O site jura que <strong>est\u00e1 na torcida<\/strong> para que as coisas engrenem, mas&#8230; As informa\u00e7\u00f5es que chegam aqui \u201cno meu ponto\u201d \u00e9 que a nova coordenadora da <strong>Comunica\u00e7\u00e3o Integrada da Prefeitura de Ananindeua<\/strong>, <strong>Inara Soares<\/strong>, estaria <em><strong>perdidinha<\/strong><\/em> da vida dela \u00e0 frente da assessoria. Quem estaria segurando a onda do trabalho \u00e9 a, agora, coordenadora geral, <strong>Nat\u00e1lia Nascimento Fraz\u00e3o<\/strong>, cujo contato \u00e9 este: <strong>91 98189-6162<\/strong>. O que se fala \u00e9 que se Inara perder o celular, no qual vive pendurada, n\u00e3o sabe nem como chegar \u00e0s salas da comunica\u00e7\u00e3o. <\/p>\n\n\n<div class=\"wp-block-image\">\n<figure class=\"aligncenter size-full\"><img loading=\"lazy\" decoding=\"async\" width=\"603\" height=\"800\" src=\"https:\/\/dedemesquita.com.br\/wp-content\/uploads\/2024\/05\/WhatsApp-Image-2024-05-23-at-10.36.22.jpeg\" alt=\"\" class=\"wp-image-9143\"\/><figcaption class=\"wp-element-caption\">Est\u00e3o comentando que se a secret\u00e1ria Inara perder o celular, ficaria mais perdidinha ainda. \u00c9 a conversa dos bastidores em Ananindeua. <\/figcaption><\/figure><\/div>\n\n<div class=\"wp-block-image\">\n<figure class=\"aligncenter size-full\"><img loading=\"lazy\" decoding=\"async\" width=\"360\" height=\"421\" src=\"https:\/\/dedemesquita.com.br\/wp-content\/uploads\/2024\/05\/WhatsApp-Image-2024-05-28-at-15.23.14.jpeg\" alt=\"\" class=\"wp-image-9144\"\/><figcaption class=\"wp-element-caption\">Nat\u00e1lia Nascimento \u00e9, agora, a coordenadora geral no comunica\u00e7\u00e3o da Prefeitura de Ananindeua <\/figcaption><\/figure><\/div>\n\n\n<p><strong>Mamacita n\u00e3o quer largar &#8220;o osso&#8221; &#8211; <\/strong>Inclusive, tamb\u00e9m chegou por aqui que <strong>Mamacita do Mal<\/strong> <strong>de Ananindeua <\/strong>teria ficado resistente em passar <strong>as senhas das redes sociais da Prefeitura<\/strong>, \u201csolicitou\u2019 que fossem repassadas as novas senhas a ela, Mamacita, e ainda levou uns assessores junto, como aquela mo\u00e7a da unha imensa de quem j\u00e1 falamos por aqui. E o que fez a nova coordenadora Inara? <strong><em>Nada!<\/em><\/strong><\/p>\n","protected":false},"excerpt":{"rendered":"<p>Bel\u00e9m, 28 de maio de 2024 &#8211; A semana passada se tornou quase uma pororoca de tantas trocas de emprego nas reda\u00e7\u00f5es de Bel\u00e9m. E c\u00e1 temos um bombom de cupua\u00e7u para quem adivinhar para onde os coleguinhas se mudaram&#8230; E nem precisa pensar muito. Quase todos aterrissaram \u00e0s proximidades da avenida Visconde de Inha\u00fama, [&hellip;]<\/p>\n","protected":false},"author":2,"featured_media":9142,"comment_status":"open","ping_status":"open","sticky":false,"template":"","format":"standard","meta":{"footnotes":""},"categories":[51,14,29],"tags":[377,305,625,119,120,417,624,273,204,145,138,150,626,130,137],"class_list":["post-9140","post","type-post","status-publish","format-standard","has-post-thumbnail","hentry","category-destaque","category-imprensa","category-jornalismo","tag-amazonia-vox","tag-fundacao-nazare","tag-jornada-galapagos","tag-jornalismo","tag-jornalistas-paraenses-em-acao","tag-mamacita-do-mal-de-ananindeua","tag-nexa-resources","tag-prefeitura-de-ananindeua","tag-radio-cbn-belem","tag-rbatv","tag-record-belem","tag-secom-pa","tag-seduc-pa","tag-sinjor-pa","tag-tv-liberal"],"yoast_head":"<!-- This site is optimized with the Yoast SEO plugin v19.10 - https:\/\/yoast.com\/wordpress\/plugins\/seo\/ -->\n<title>Sinjor-PA promove Atos P\u00fablicos, nova secret\u00e1ria de comunica\u00e7\u00e3o de Ananindeua perdidinha e a dan\u00e7a das cadeiras nas reda\u00e7\u00f5es - Ded\u00e9 Mesquita<\/title>\n<meta name=\"robots\" content=\"index, follow, max-snippet:-1, max-image-preview:large, max-video-preview:-1\" \/>\n<link rel=\"canonical\" href=\"https:\/\/dedemesquita.com.br\/?p=9140\" \/>\n<meta property=\"og:locale\" content=\"pt_BR\" \/>\n<meta property=\"og:type\" content=\"article\" \/>\n<meta property=\"og:title\" content=\"Sinjor-PA promove Atos P\u00fablicos, nova secret\u00e1ria de comunica\u00e7\u00e3o de Ananindeua perdidinha e a dan\u00e7a das cadeiras nas reda\u00e7\u00f5es - Ded\u00e9 Mesquita\" \/>\n<meta property=\"og:description\" content=\"Bel\u00e9m, 28 de maio de 2024 &#8211; A semana passada se tornou quase uma pororoca de tantas trocas de emprego nas reda\u00e7\u00f5es de Bel\u00e9m. E c\u00e1 temos um bombom de cupua\u00e7u para quem adivinhar para onde os coleguinhas se mudaram&#8230; E nem precisa pensar muito. Quase todos aterrissaram \u00e0s proximidades da avenida Visconde de Inha\u00fama, [&hellip;]\" \/>\n<meta property=\"og:url\" content=\"https:\/\/dedemesquita.com.br\/?p=9140\" \/>\n<meta property=\"og:site_name\" content=\"Ded\u00e9 Mesquita\" \/>\n<meta property=\"article:publisher\" content=\"https:\/\/www.facebook.com\/dede.mesquita\" \/>\n<meta property=\"article:published_time\" content=\"2024-05-28T18:58:05+00:00\" \/>\n<meta property=\"article:modified_time\" content=\"2024-05-28T23:27:35+00:00\" \/>\n<meta property=\"og:image\" content=\"https:\/\/dedemesquita.com.br\/wp-content\/uploads\/2024\/05\/WhatsApp-Image-2024-05-24-at-13.48.11.jpeg\" \/>\n\t<meta property=\"og:image:width\" content=\"950\" \/>\n\t<meta property=\"og:image:height\" content=\"716\" \/>\n\t<meta property=\"og:image:type\" content=\"image\/jpeg\" \/>\n<meta name=\"author\" content=\"Ded\u00e9 Mesquita\" \/>\n<meta name=\"twitter:card\" content=\"summary_large_image\" \/>\n<meta name=\"twitter:creator\" content=\"@dedemesquita\" \/>\n<meta name=\"twitter:site\" content=\"@dedemesquita\" \/>\n<meta name=\"twitter:label1\" content=\"Escrito por\" \/>\n\t<meta name=\"twitter:data1\" content=\"Ded\u00e9 Mesquita\" \/>\n\t<meta name=\"twitter:label2\" content=\"Est. tempo de leitura\" \/>\n\t<meta name=\"twitter:data2\" content=\"6 minutos\" \/>\n<script type=\"application\/ld+json\" class=\"yoast-schema-graph\">{\"@context\":\"https:\/\/schema.org\",\"@graph\":[{\"@type\":\"WebPage\",\"@id\":\"https:\/\/dedemesquita.com.br\/?p=9140\",\"url\":\"https:\/\/dedemesquita.com.br\/?p=9140\",\"name\":\"Sinjor-PA promove Atos P\u00fablicos, nova secret\u00e1ria de comunica\u00e7\u00e3o de Ananindeua perdidinha e a dan\u00e7a das cadeiras nas reda\u00e7\u00f5es - Ded\u00e9 Mesquita\",\"isPartOf\":{\"@id\":\"https:\/\/dedemesquita.com.br\/#website\"},\"datePublished\":\"2024-05-28T18:58:05+00:00\",\"dateModified\":\"2024-05-28T23:27:35+00:00\",\"author\":{\"@id\":\"https:\/\/dedemesquita.com.br\/#\/schema\/person\/36571f81dd2d76dc3ab37231542c9e24\"},\"breadcrumb\":{\"@id\":\"https:\/\/dedemesquita.com.br\/?p=9140#breadcrumb\"},\"inLanguage\":\"pt-BR\",\"potentialAction\":[{\"@type\":\"ReadAction\",\"target\":[\"https:\/\/dedemesquita.com.br\/?p=9140\"]}]},{\"@type\":\"BreadcrumbList\",\"@id\":\"https:\/\/dedemesquita.com.br\/?p=9140#breadcrumb\",\"itemListElement\":[{\"@type\":\"ListItem\",\"position\":1,\"name\":\"In\u00edcio\",\"item\":\"https:\/\/dedemesquita.com.br\/\"},{\"@type\":\"ListItem\",\"position\":2,\"name\":\"Sinjor-PA promove Atos P\u00fablicos, nova secret\u00e1ria de comunica\u00e7\u00e3o de Ananindeua perdidinha e a dan\u00e7a das cadeiras nas reda\u00e7\u00f5es\"}]},{\"@type\":\"WebSite\",\"@id\":\"https:\/\/dedemesquita.com.br\/#website\",\"url\":\"https:\/\/dedemesquita.com.br\/\",\"name\":\"Ded\u00e9 Mesquita\",\"description\":\"Um site que mostra os bastidores da imprensa no estado do Par\u00e1 e em Bel\u00e9m\",\"potentialAction\":[{\"@type\":\"SearchAction\",\"target\":{\"@type\":\"EntryPoint\",\"urlTemplate\":\"https:\/\/dedemesquita.com.br\/?s={search_term_string}\"},\"query-input\":\"required name=search_term_string\"}],\"inLanguage\":\"pt-BR\"},{\"@type\":\"Person\",\"@id\":\"https:\/\/dedemesquita.com.br\/#\/schema\/person\/36571f81dd2d76dc3ab37231542c9e24\",\"name\":\"Ded\u00e9 Mesquita\",\"image\":{\"@type\":\"ImageObject\",\"inLanguage\":\"pt-BR\",\"@id\":\"https:\/\/dedemesquita.com.br\/#\/schema\/person\/image\/\",\"url\":\"https:\/\/dedemesquita.com.br\/wp-content\/uploads\/2021\/02\/foto_perfil-150x150.jpg\",\"contentUrl\":\"https:\/\/dedemesquita.com.br\/wp-content\/uploads\/2021\/02\/foto_perfil-150x150.jpg\",\"caption\":\"Ded\u00e9 Mesquita\"},\"sameAs\":[\"https:\/\/dedemesquita.com.br\"]}]}<\/script>\n<!-- \/ Yoast SEO plugin. -->","yoast_head_json":{"title":"Sinjor-PA promove Atos P\u00fablicos, nova secret\u00e1ria de comunica\u00e7\u00e3o de Ananindeua perdidinha e a dan\u00e7a das cadeiras nas reda\u00e7\u00f5es - Ded\u00e9 Mesquita","robots":{"index":"index","follow":"follow","max-snippet":"max-snippet:-1","max-image-preview":"max-image-preview:large","max-video-preview":"max-video-preview:-1"},"canonical":"https:\/\/dedemesquita.com.br\/?p=9140","og_locale":"pt_BR","og_type":"article","og_title":"Sinjor-PA promove Atos P\u00fablicos, nova secret\u00e1ria de comunica\u00e7\u00e3o de Ananindeua perdidinha e a dan\u00e7a das cadeiras nas reda\u00e7\u00f5es - Ded\u00e9 Mesquita","og_description":"Bel\u00e9m, 28 de maio de 2024 &#8211; A semana passada se tornou quase uma pororoca de tantas trocas de emprego nas reda\u00e7\u00f5es de Bel\u00e9m. E c\u00e1 temos um bombom de cupua\u00e7u para quem adivinhar para onde os coleguinhas se mudaram&#8230; E nem precisa pensar muito. Quase todos aterrissaram \u00e0s proximidades da avenida Visconde de Inha\u00fama, [&hellip;]","og_url":"https:\/\/dedemesquita.com.br\/?p=9140","og_site_name":"Ded\u00e9 Mesquita","article_publisher":"https:\/\/www.facebook.com\/dede.mesquita","article_published_time":"2024-05-28T18:58:05+00:00","article_modified_time":"2024-05-28T23:27:35+00:00","og_image":[{"width":950,"height":716,"url":"https:\/\/dedemesquita.com.br\/wp-content\/uploads\/2024\/05\/WhatsApp-Image-2024-05-24-at-13.48.11.jpeg","type":"image\/jpeg"}],"author":"Ded\u00e9 Mesquita","twitter_card":"summary_large_image","twitter_creator":"@dedemesquita","twitter_site":"@dedemesquita","twitter_misc":{"Escrito por":"Ded\u00e9 Mesquita","Est. tempo de leitura":"6 minutos"},"schema":{"@context":"https:\/\/schema.org","@graph":[{"@type":"WebPage","@id":"https:\/\/dedemesquita.com.br\/?p=9140","url":"https:\/\/dedemesquita.com.br\/?p=9140","name":"Sinjor-PA promove Atos P\u00fablicos, nova secret\u00e1ria de comunica\u00e7\u00e3o de Ananindeua perdidinha e a dan\u00e7a das cadeiras nas reda\u00e7\u00f5es - Ded\u00e9 Mesquita","isPartOf":{"@id":"https:\/\/dedemesquita.com.br\/#website"},"datePublished":"2024-05-28T18:58:05+00:00","dateModified":"2024-05-28T23:27:35+00:00","author":{"@id":"https:\/\/dedemesquita.com.br\/#\/schema\/person\/36571f81dd2d76dc3ab37231542c9e24"},"breadcrumb":{"@id":"https:\/\/dedemesquita.com.br\/?p=9140#breadcrumb"},"inLanguage":"pt-BR","potentialAction":[{"@type":"ReadAction","target":["https:\/\/dedemesquita.com.br\/?p=9140"]}]},{"@type":"BreadcrumbList","@id":"https:\/\/dedemesquita.com.br\/?p=9140#breadcrumb","itemListElement":[{"@type":"ListItem","position":1,"name":"In\u00edcio","item":"https:\/\/dedemesquita.com.br\/"},{"@type":"ListItem","position":2,"name":"Sinjor-PA promove Atos P\u00fablicos, nova secret\u00e1ria de comunica\u00e7\u00e3o de Ananindeua perdidinha e a dan\u00e7a das cadeiras nas reda\u00e7\u00f5es"}]},{"@type":"WebSite","@id":"https:\/\/dedemesquita.com.br\/#website","url":"https:\/\/dedemesquita.com.br\/","name":"Ded\u00e9 Mesquita","description":"Um site que mostra os bastidores da imprensa no estado do Par\u00e1 e em Bel\u00e9m","potentialAction":[{"@type":"SearchAction","target":{"@type":"EntryPoint","urlTemplate":"https:\/\/dedemesquita.com.br\/?s={search_term_string}"},"query-input":"required name=search_term_string"}],"inLanguage":"pt-BR"},{"@type":"Person","@id":"https:\/\/dedemesquita.com.br\/#\/schema\/person\/36571f81dd2d76dc3ab37231542c9e24","name":"Ded\u00e9 Mesquita","image":{"@type":"ImageObject","inLanguage":"pt-BR","@id":"https:\/\/dedemesquita.com.br\/#\/schema\/person\/image\/","url":"https:\/\/dedemesquita.com.br\/wp-content\/uploads\/2021\/02\/foto_perfil-150x150.jpg","contentUrl":"https:\/\/dedemesquita.com.br\/wp-content\/uploads\/2021\/02\/foto_perfil-150x150.jpg","caption":"Ded\u00e9 Mesquita"},"sameAs":["https:\/\/dedemesquita.com.br"]}]}},"_links":{"self":[{"href":"https:\/\/dedemesquita.com.br\/index.php?rest_route=\/wp\/v2\/posts\/9140"}],"collection":[{"href":"https:\/\/dedemesquita.com.br\/index.php?rest_route=\/wp\/v2\/posts"}],"about":[{"href":"https:\/\/dedemesquita.com.br\/index.php?rest_route=\/wp\/v2\/types\/post"}],"author":[{"embeddable":true,"href":"https:\/\/dedemesquita.com.br\/index.php?rest_route=\/wp\/v2\/users\/2"}],"replies":[{"embeddable":true,"href":"https:\/\/dedemesquita.com.br\/index.php?rest_route=%2Fwp%2Fv2%2Fcomments&post=9140"}],"version-history":[{"count":11,"href":"https:\/\/dedemesquita.com.br\/index.php?rest_route=\/wp\/v2\/posts\/9140\/revisions"}],"predecessor-version":[{"id":9173,"href":"https:\/\/dedemesquita.com.br\/index.php?rest_route=\/wp\/v2\/posts\/9140\/revisions\/9173"}],"wp:featuredmedia":[{"embeddable":true,"href":"https:\/\/dedemesquita.com.br\/index.php?rest_route=\/wp\/v2\/media\/9142"}],"wp:attachment":[{"href":"https:\/\/dedemesquita.com.br\/index.php?rest_route=%2Fwp%2Fv2%2Fmedia&parent=9140"}],"wp:term":[{"taxonomy":"category","embeddable":true,"href":"https:\/\/dedemesquita.com.br\/index.php?rest_route=%2Fwp%2Fv2%2Fcategories&post=9140"},{"taxonomy":"post_tag","embeddable":true,"href":"https:\/\/dedemesquita.com.br\/index.php?rest_route=%2Fwp%2Fv2%2Ftags&post=9140"}],"curies":[{"name":"wp","href":"https:\/\/api.w.org\/{rel}","templated":true}]}}