{"id":9133,"date":"2024-05-25T12:04:34","date_gmt":"2024-05-25T15:04:34","guid":{"rendered":"https:\/\/dedemesquita.com.br\/?p=9133"},"modified":"2024-05-25T12:04:54","modified_gmt":"2024-05-25T15:04:54","slug":"cineclube-paraense-exibe-uma-mulher-fantastica-no-cine-libero-luxardo-na-segunda-feira-27","status":"publish","type":"post","link":"https:\/\/dedemesquita.com.br\/?p=9133","title":{"rendered":"Cineclube Paraense exibe &#8220;Uma Mulher Fant\u00e1stica&#8221; no cine L\u00edbero Luxardo na segunda-feira, 27"},"content":{"rendered":"\n<p><strong>Bel\u00e9m, 25 de maio de 2024 &#8211; <\/strong>\u00c0s v\u00e9speras de ter in\u00edcio mais um <strong>M\u00eas do Orgulho<\/strong>, todo junho, com 30 dias para celebrar, cada vez mais, a aten\u00e7\u00e3o especial dada \u00e0 emancipa\u00e7\u00e3o e aceita\u00e7\u00e3o de gays, l\u00e9sbicas, bissexuais, transexuais, travestis, pessoas transg\u00eanero, queer, intersexo ou ag\u00eanero e assexuais, o Cineclube Paraense exibe no Cine L\u00edbero Luxardo o filme <strong>\u201cUma Mulher Fant\u00e1stica\u201d<\/strong> que t\u00e3o bem soube mostrar essas conquistas.<\/p>\n\n\n\n<p><strong>Convidada &#8211; <\/strong>A sess\u00e3o \u00e9 nesta segunda-feira, 27, \u00e0s 19 horas, no Cine L\u00edbero Luxardo, dentro da parceria cineclub\u00edstica <strong>Cine Mundi &#8211; Sess\u00e3o Latinas<\/strong>. A entrada \u00e9 gratuita, com debate sobre o filme e assuntos correlacionados dele, com o p\u00fablico presente. A conversa ser\u00e1 conduzida por membros do Cineclube Paraense, com participa\u00e7\u00e3o especial de <strong>Leonora Bittencourt<\/strong>, mulher trans, ativista das quest\u00f5es LGBTQIA+, al\u00e9m de ser educadora social e filiada \u00e0 ONG Ol\u00edvia e ABGLT.<\/p>\n\n\n<div class=\"wp-block-image\">\n<figure class=\"aligncenter size-full\"><img loading=\"lazy\" decoding=\"async\" width=\"750\" height=\"530\" src=\"https:\/\/dedemesquita.com.br\/wp-content\/uploads\/2024\/05\/WhatsApp-Image-2024-04-25-at-17.47.48.jpeg\" alt=\"\" class=\"wp-image-9135\"\/><figcaption class=\"wp-element-caption\">&#8220;Uma Mulher Fant\u00e1stica&#8221; \u00e9 a atra\u00e7\u00e3o do Cine Mundi &#8211; Sess\u00f5es Latinas, no Cine L\u00edbero Luxardo, nesta segunda-feira, 27, \u00e0s 19h<\/figcaption><\/figure><\/div>\n\n\n<p><strong>Sinopse &#8211; <\/strong>\u201cUma Mulher Fant\u00e1stica\u201d \u00e9 um filme chileno, do ano de 2017, dirigido por <strong>Sebasti\u00e1n Lelio<\/strong>, mostra a hist\u00f3ria de Marina [Daniela Vega], uma gar\u00e7onete transexual que passa boa parte dos seus dias buscando seu sustento. Seu verdadeiro sonho \u00e9 ser uma cantora de sucesso e, para isso, canta durante a noite em diversos clubes de sua cidade. O problema \u00e9 que, ap\u00f3s a inesperada morte de Orlando [Francisco Reyes], seu namorado e maior companheiro, sua vida d\u00e1 uma guinada total.<\/p>\n\n\n\n<p><strong>Premia\u00e7\u00f5es &#8211; <\/strong>O filme teve grande reconhecimento, n\u00e3o s\u00f3 na Am\u00e9rica Latina, como quando venceu, em 2018, o pr\u00eamio de Melhor Filme Internacional no Globo de Ouro, Spirit Awards e no Oscar, nos EUA; o pr\u00eamio Goya, na Espanha; no Grande Pr\u00eamio do Cinema Brasileiro, e em outros mais. A hist\u00f3ria tamb\u00e9m fez parte da mostra competitiva do Festival de Cinema de Berlim 2018, onde recebeu os pr\u00eamios de Melhor Roteiro, Melhor Filme pelo J\u00fari Ecum\u00eanico e o pr\u00eamio Teddy, categoria na qual s\u00f3 concorrem t\u00edtulos com tem\u00e1tica LGBTQIA+.<\/p>\n\n\n<div class=\"wp-block-image\">\n<figure class=\"aligncenter size-full\"><img loading=\"lazy\" decoding=\"async\" width=\"750\" height=\"500\" src=\"https:\/\/dedemesquita.com.br\/wp-content\/uploads\/2024\/05\/Uma-Mulher-Fantastica1.jpg\" alt=\"\" class=\"wp-image-9136\"\/><figcaption class=\"wp-element-caption\">Marina \u00e9 uma mulher transexual que \u00e9 interpretada por uma atriz tamb\u00e9m transexual, Daniela Vega <\/figcaption><\/figure><\/div>\n\n\n<p>A atriz Daniela Vega tamb\u00e9m quebrou algumas barreiras quando foi a primeira atriz transexual a apresentar uma das categorias da cerim\u00f4nia do Oscar, tamb\u00e9m 2018. Em uma entrevista \u00e0 AFP, Daniela comentou: &#8220;Marina e eu compartilhamos que somos &#8216;trans&#8217;, que gostamos de cantar \u00f3pera e dos homens bonitos, nada mais. Ela \u00e9 muito mais elegante que eu, tem mais paci\u00eancia, \u00e9 uma mulher muito mais pac\u00edfica, eu sou mais explosiva, mais latina\u201d, disse.<\/p>\n\n\n\n<p>A programa\u00e7\u00e3o do <strong>Cine Mundi &#8211; Sess\u00f5es Latinas <\/strong>\u00e9 uma parceria do Cineclube Paraense e Cine L\u00edbero Luxardo, que faz parte das atividades de cineclube do cinema. A pr\u00f3xima atra\u00e7\u00e3o do Cine Mundi ser\u00e1 o document\u00e1rio <strong>\u201cBuena Vista Social Clube\u201d<\/strong>, celebrando Cuba e Am\u00e9rica Central, <strong>em 17 de junho<\/strong>.<\/p>\n\n\n\n<p><strong>Servi\u00e7o:<\/strong> Cine Mundi &#8211; Sess\u00f5es Latina exibe <strong>\u201cUma Mulher Fant\u00e1stica\u201d<\/strong>, segunda-feira, 27, \u00e0s 19h, no Cine L\u00edbero Luxardo, parceria com Cineclube Paraense. <strong>Entrada gratuita<\/strong>, com debate com o p\u00fablico.<\/p>\n","protected":false},"excerpt":{"rendered":"<p>Bel\u00e9m, 25 de maio de 2024 &#8211; \u00c0s v\u00e9speras de ter in\u00edcio mais um M\u00eas do Orgulho, todo junho, com 30 dias para celebrar, cada vez mais, a aten\u00e7\u00e3o especial dada \u00e0 emancipa\u00e7\u00e3o e aceita\u00e7\u00e3o de gays, l\u00e9sbicas, bissexuais, transexuais, travestis, pessoas transg\u00eanero, queer, intersexo ou ag\u00eanero e assexuais, o Cineclube Paraense exibe no Cine [&hellip;]<\/p>\n","protected":false},"author":2,"featured_media":9134,"comment_status":"open","ping_status":"open","sticky":false,"template":"","format":"standard","meta":{"footnotes":""},"categories":[56,51,14,29],"tags":[623,298,586,290,119,120,622],"class_list":["post-9133","post","type-post","status-publish","format-standard","has-post-thumbnail","hentry","category-cinema","category-destaque","category-imprensa","category-jornalismo","tag-chile","tag-cine-libero-luxardo","tag-cine-mundi-sessoes-latinas","tag-cineclube-paraense","tag-jornalismo","tag-jornalistas-paraenses-em-acao","tag-uma-mulher-fantastica"],"yoast_head":"<!-- This site is optimized with the Yoast SEO plugin v19.10 - https:\/\/yoast.com\/wordpress\/plugins\/seo\/ -->\n<title>Cineclube Paraense exibe &quot;Uma Mulher Fant\u00e1stica&quot; no cine L\u00edbero Luxardo na segunda-feira, 27 - Ded\u00e9 Mesquita<\/title>\n<meta name=\"robots\" content=\"index, follow, max-snippet:-1, max-image-preview:large, max-video-preview:-1\" \/>\n<link rel=\"canonical\" href=\"https:\/\/dedemesquita.com.br\/?p=9133\" \/>\n<meta property=\"og:locale\" content=\"pt_BR\" \/>\n<meta property=\"og:type\" content=\"article\" \/>\n<meta property=\"og:title\" content=\"Cineclube Paraense exibe &quot;Uma Mulher Fant\u00e1stica&quot; no cine L\u00edbero Luxardo na segunda-feira, 27 - Ded\u00e9 Mesquita\" \/>\n<meta property=\"og:description\" content=\"Bel\u00e9m, 25 de maio de 2024 &#8211; \u00c0s v\u00e9speras de ter in\u00edcio mais um M\u00eas do Orgulho, todo junho, com 30 dias para celebrar, cada vez mais, a aten\u00e7\u00e3o especial dada \u00e0 emancipa\u00e7\u00e3o e aceita\u00e7\u00e3o de gays, l\u00e9sbicas, bissexuais, transexuais, travestis, pessoas transg\u00eanero, queer, intersexo ou ag\u00eanero e assexuais, o Cineclube Paraense exibe no Cine [&hellip;]\" \/>\n<meta property=\"og:url\" content=\"https:\/\/dedemesquita.com.br\/?p=9133\" \/>\n<meta property=\"og:site_name\" content=\"Ded\u00e9 Mesquita\" \/>\n<meta property=\"article:publisher\" content=\"https:\/\/www.facebook.com\/dede.mesquita\" \/>\n<meta property=\"article:published_time\" content=\"2024-05-25T15:04:34+00:00\" \/>\n<meta property=\"article:modified_time\" content=\"2024-05-25T15:04:54+00:00\" \/>\n<meta property=\"og:image\" content=\"https:\/\/dedemesquita.com.br\/wp-content\/uploads\/2024\/05\/Daniela-Vega.jpg\" \/>\n\t<meta property=\"og:image:width\" content=\"950\" \/>\n\t<meta property=\"og:image:height\" content=\"534\" \/>\n\t<meta property=\"og:image:type\" content=\"image\/jpeg\" \/>\n<meta name=\"author\" content=\"Ded\u00e9 Mesquita\" \/>\n<meta name=\"twitter:card\" content=\"summary_large_image\" \/>\n<meta name=\"twitter:creator\" content=\"@dedemesquita\" \/>\n<meta name=\"twitter:site\" content=\"@dedemesquita\" \/>\n<meta name=\"twitter:label1\" content=\"Escrito por\" \/>\n\t<meta name=\"twitter:data1\" content=\"Ded\u00e9 Mesquita\" \/>\n\t<meta name=\"twitter:label2\" content=\"Est. tempo de leitura\" \/>\n\t<meta name=\"twitter:data2\" content=\"3 minutos\" \/>\n<script type=\"application\/ld+json\" class=\"yoast-schema-graph\">{\"@context\":\"https:\/\/schema.org\",\"@graph\":[{\"@type\":\"WebPage\",\"@id\":\"https:\/\/dedemesquita.com.br\/?p=9133\",\"url\":\"https:\/\/dedemesquita.com.br\/?p=9133\",\"name\":\"Cineclube Paraense exibe \\\"Uma Mulher Fant\u00e1stica\\\" no cine L\u00edbero Luxardo na segunda-feira, 27 - Ded\u00e9 Mesquita\",\"isPartOf\":{\"@id\":\"https:\/\/dedemesquita.com.br\/#website\"},\"datePublished\":\"2024-05-25T15:04:34+00:00\",\"dateModified\":\"2024-05-25T15:04:54+00:00\",\"author\":{\"@id\":\"https:\/\/dedemesquita.com.br\/#\/schema\/person\/36571f81dd2d76dc3ab37231542c9e24\"},\"breadcrumb\":{\"@id\":\"https:\/\/dedemesquita.com.br\/?p=9133#breadcrumb\"},\"inLanguage\":\"pt-BR\",\"potentialAction\":[{\"@type\":\"ReadAction\",\"target\":[\"https:\/\/dedemesquita.com.br\/?p=9133\"]}]},{\"@type\":\"BreadcrumbList\",\"@id\":\"https:\/\/dedemesquita.com.br\/?p=9133#breadcrumb\",\"itemListElement\":[{\"@type\":\"ListItem\",\"position\":1,\"name\":\"In\u00edcio\",\"item\":\"https:\/\/dedemesquita.com.br\/\"},{\"@type\":\"ListItem\",\"position\":2,\"name\":\"Cineclube Paraense exibe &#8220;Uma Mulher Fant\u00e1stica&#8221; no cine L\u00edbero Luxardo na segunda-feira, 27\"}]},{\"@type\":\"WebSite\",\"@id\":\"https:\/\/dedemesquita.com.br\/#website\",\"url\":\"https:\/\/dedemesquita.com.br\/\",\"name\":\"Ded\u00e9 Mesquita\",\"description\":\"Um site que mostra os bastidores da imprensa no estado do Par\u00e1 e em Bel\u00e9m\",\"potentialAction\":[{\"@type\":\"SearchAction\",\"target\":{\"@type\":\"EntryPoint\",\"urlTemplate\":\"https:\/\/dedemesquita.com.br\/?s={search_term_string}\"},\"query-input\":\"required name=search_term_string\"}],\"inLanguage\":\"pt-BR\"},{\"@type\":\"Person\",\"@id\":\"https:\/\/dedemesquita.com.br\/#\/schema\/person\/36571f81dd2d76dc3ab37231542c9e24\",\"name\":\"Ded\u00e9 Mesquita\",\"image\":{\"@type\":\"ImageObject\",\"inLanguage\":\"pt-BR\",\"@id\":\"https:\/\/dedemesquita.com.br\/#\/schema\/person\/image\/\",\"url\":\"https:\/\/dedemesquita.com.br\/wp-content\/uploads\/2021\/02\/foto_perfil-150x150.jpg\",\"contentUrl\":\"https:\/\/dedemesquita.com.br\/wp-content\/uploads\/2021\/02\/foto_perfil-150x150.jpg\",\"caption\":\"Ded\u00e9 Mesquita\"},\"sameAs\":[\"https:\/\/dedemesquita.com.br\"]}]}<\/script>\n<!-- \/ Yoast SEO plugin. -->","yoast_head_json":{"title":"Cineclube Paraense exibe \"Uma Mulher Fant\u00e1stica\" no cine L\u00edbero Luxardo na segunda-feira, 27 - Ded\u00e9 Mesquita","robots":{"index":"index","follow":"follow","max-snippet":"max-snippet:-1","max-image-preview":"max-image-preview:large","max-video-preview":"max-video-preview:-1"},"canonical":"https:\/\/dedemesquita.com.br\/?p=9133","og_locale":"pt_BR","og_type":"article","og_title":"Cineclube Paraense exibe \"Uma Mulher Fant\u00e1stica\" no cine L\u00edbero Luxardo na segunda-feira, 27 - Ded\u00e9 Mesquita","og_description":"Bel\u00e9m, 25 de maio de 2024 &#8211; \u00c0s v\u00e9speras de ter in\u00edcio mais um M\u00eas do Orgulho, todo junho, com 30 dias para celebrar, cada vez mais, a aten\u00e7\u00e3o especial dada \u00e0 emancipa\u00e7\u00e3o e aceita\u00e7\u00e3o de gays, l\u00e9sbicas, bissexuais, transexuais, travestis, pessoas transg\u00eanero, queer, intersexo ou ag\u00eanero e assexuais, o Cineclube Paraense exibe no Cine [&hellip;]","og_url":"https:\/\/dedemesquita.com.br\/?p=9133","og_site_name":"Ded\u00e9 Mesquita","article_publisher":"https:\/\/www.facebook.com\/dede.mesquita","article_published_time":"2024-05-25T15:04:34+00:00","article_modified_time":"2024-05-25T15:04:54+00:00","og_image":[{"width":950,"height":534,"url":"https:\/\/dedemesquita.com.br\/wp-content\/uploads\/2024\/05\/Daniela-Vega.jpg","type":"image\/jpeg"}],"author":"Ded\u00e9 Mesquita","twitter_card":"summary_large_image","twitter_creator":"@dedemesquita","twitter_site":"@dedemesquita","twitter_misc":{"Escrito por":"Ded\u00e9 Mesquita","Est. tempo de leitura":"3 minutos"},"schema":{"@context":"https:\/\/schema.org","@graph":[{"@type":"WebPage","@id":"https:\/\/dedemesquita.com.br\/?p=9133","url":"https:\/\/dedemesquita.com.br\/?p=9133","name":"Cineclube Paraense exibe \"Uma Mulher Fant\u00e1stica\" no cine L\u00edbero Luxardo na segunda-feira, 27 - Ded\u00e9 Mesquita","isPartOf":{"@id":"https:\/\/dedemesquita.com.br\/#website"},"datePublished":"2024-05-25T15:04:34+00:00","dateModified":"2024-05-25T15:04:54+00:00","author":{"@id":"https:\/\/dedemesquita.com.br\/#\/schema\/person\/36571f81dd2d76dc3ab37231542c9e24"},"breadcrumb":{"@id":"https:\/\/dedemesquita.com.br\/?p=9133#breadcrumb"},"inLanguage":"pt-BR","potentialAction":[{"@type":"ReadAction","target":["https:\/\/dedemesquita.com.br\/?p=9133"]}]},{"@type":"BreadcrumbList","@id":"https:\/\/dedemesquita.com.br\/?p=9133#breadcrumb","itemListElement":[{"@type":"ListItem","position":1,"name":"In\u00edcio","item":"https:\/\/dedemesquita.com.br\/"},{"@type":"ListItem","position":2,"name":"Cineclube Paraense exibe &#8220;Uma Mulher Fant\u00e1stica&#8221; no cine L\u00edbero Luxardo na segunda-feira, 27"}]},{"@type":"WebSite","@id":"https:\/\/dedemesquita.com.br\/#website","url":"https:\/\/dedemesquita.com.br\/","name":"Ded\u00e9 Mesquita","description":"Um site que mostra os bastidores da imprensa no estado do Par\u00e1 e em Bel\u00e9m","potentialAction":[{"@type":"SearchAction","target":{"@type":"EntryPoint","urlTemplate":"https:\/\/dedemesquita.com.br\/?s={search_term_string}"},"query-input":"required name=search_term_string"}],"inLanguage":"pt-BR"},{"@type":"Person","@id":"https:\/\/dedemesquita.com.br\/#\/schema\/person\/36571f81dd2d76dc3ab37231542c9e24","name":"Ded\u00e9 Mesquita","image":{"@type":"ImageObject","inLanguage":"pt-BR","@id":"https:\/\/dedemesquita.com.br\/#\/schema\/person\/image\/","url":"https:\/\/dedemesquita.com.br\/wp-content\/uploads\/2021\/02\/foto_perfil-150x150.jpg","contentUrl":"https:\/\/dedemesquita.com.br\/wp-content\/uploads\/2021\/02\/foto_perfil-150x150.jpg","caption":"Ded\u00e9 Mesquita"},"sameAs":["https:\/\/dedemesquita.com.br"]}]}},"_links":{"self":[{"href":"https:\/\/dedemesquita.com.br\/index.php?rest_route=\/wp\/v2\/posts\/9133"}],"collection":[{"href":"https:\/\/dedemesquita.com.br\/index.php?rest_route=\/wp\/v2\/posts"}],"about":[{"href":"https:\/\/dedemesquita.com.br\/index.php?rest_route=\/wp\/v2\/types\/post"}],"author":[{"embeddable":true,"href":"https:\/\/dedemesquita.com.br\/index.php?rest_route=\/wp\/v2\/users\/2"}],"replies":[{"embeddable":true,"href":"https:\/\/dedemesquita.com.br\/index.php?rest_route=%2Fwp%2Fv2%2Fcomments&post=9133"}],"version-history":[{"count":2,"href":"https:\/\/dedemesquita.com.br\/index.php?rest_route=\/wp\/v2\/posts\/9133\/revisions"}],"predecessor-version":[{"id":9138,"href":"https:\/\/dedemesquita.com.br\/index.php?rest_route=\/wp\/v2\/posts\/9133\/revisions\/9138"}],"wp:featuredmedia":[{"embeddable":true,"href":"https:\/\/dedemesquita.com.br\/index.php?rest_route=\/wp\/v2\/media\/9134"}],"wp:attachment":[{"href":"https:\/\/dedemesquita.com.br\/index.php?rest_route=%2Fwp%2Fv2%2Fmedia&parent=9133"}],"wp:term":[{"taxonomy":"category","embeddable":true,"href":"https:\/\/dedemesquita.com.br\/index.php?rest_route=%2Fwp%2Fv2%2Fcategories&post=9133"},{"taxonomy":"post_tag","embeddable":true,"href":"https:\/\/dedemesquita.com.br\/index.php?rest_route=%2Fwp%2Fv2%2Ftags&post=9133"}],"curies":[{"name":"wp","href":"https:\/\/api.w.org\/{rel}","templated":true}]}}