{"id":9074,"date":"2024-05-07T15:16:25","date_gmt":"2024-05-07T18:16:25","guid":{"rendered":"https:\/\/dedemesquita.com.br\/?p=9074"},"modified":"2024-05-07T16:37:52","modified_gmt":"2024-05-07T19:37:52","slug":"nova-coordenadora-de-comunicacao-de-ananindeua-e-apresentada-mais-dois-deixam-a-tv-liberal-e-outras-mudancas","status":"publish","type":"post","link":"https:\/\/dedemesquita.com.br\/?p=9074","title":{"rendered":"Nova coordenadora de comunica\u00e7\u00e3o de Ananindeua \u00e9 apresentada, mais dois deixam a TV Liberal e outras mudan\u00e7as"},"content":{"rendered":"\n<p><strong>Bel\u00e9m, 7 de maio de 2024 &#8211; <\/strong>Nesta ter\u00e7a-feira, o site est\u00e1 quase na vibe da Gabb &#8220;Mona, fica direita&#8221;, porque, olha, s\u00f3 Jesus nas causas tecnol\u00f3gicas que insistem em querer nos derrubar. Mas o site est\u00e1 aqui firme e forte, mesmo contrariando a Lei de (s)Murphy. <\/p>\n\n\n\n<p><strong>Nova coordenadora &#8211; <\/strong>Como o anunciado por aqui, <strong>Mamacita do Mal <\/strong>foi \u201crecambiada\u201d para a chefia de gabinete do prefeito Dr. Daniel, em <strong>Ananindeua<\/strong>. E nesta ter\u00e7a-feira, 7, depois de muitas especula\u00e7\u00f5es, eis que a nova coordenadora de comunica\u00e7\u00e3o daquele munic\u00edpio foi revelada e apresentada. Trata-se da jornalista, formada pela Unama, <strong>Inara Soares Lins<\/strong>. Um suspense que acabou, porque o nome especulado at\u00e9 poucos dias atr\u00e1s era o de <strong>Bruna Lorrane<\/strong>, que dispensa apresenta\u00e7\u00f5es.<\/p>\n\n\n<div class=\"wp-block-image\">\n<figure class=\"aligncenter size-full\"><img loading=\"lazy\" decoding=\"async\" width=\"792\" height=\"782\" src=\"https:\/\/dedemesquita.com.br\/wp-content\/uploads\/2024\/05\/Inara-Soares-1.jpg\" alt=\"\" class=\"wp-image-9077\" srcset=\"https:\/\/dedemesquita.com.br\/wp-content\/uploads\/2024\/05\/Inara-Soares-1.jpg 792w, https:\/\/dedemesquita.com.br\/wp-content\/uploads\/2024\/05\/Inara-Soares-1-768x758.jpg 768w\" sizes=\"(max-width: 792px) 100vw, 792px\" \/><figcaption class=\"wp-element-caption\">Inara Soares \u00e9 a nova coordenadora de comunica\u00e7\u00e3o da Prefeitura de Ananindeua <\/figcaption><\/figure><\/div>\n\n\n<p><strong>Os Lins &#8211; <\/strong>Em uma r\u00e1pida pesquisa, Inara teve uma passagem pela assessoria de comunica\u00e7\u00e3o da <strong>Adepar\u00e1<\/strong>, e ultimamente trabalhava em um banco particular. No mais, ela \u00e9 a esposa de <strong>M\u00e1rcio Lins<\/strong>, apresentador do Bom Dia Par\u00e1, da TV Liberal. Na verdade, uma informa\u00e7\u00e3o que chegou aqui no \u201cmeu ponto\u201d \u00e9 que M\u00e1rcio seria, ele pr\u00f3prio, o coordenador, mas esse fato teria esbarrado em quest\u00f5es contratuais com a Rede Globo, a quem a TV Liberal \u00e9 ligada.<\/p>\n\n\n\n<p><strong>Ensaio de Mamacita &#8211; <\/strong>Desde j\u00e1, o site deseja boa sorte \u00e0 nova coordenadora e que fique de olho nos <strong>\u201censaios de Mamacita\u201d <\/strong>que j\u00e1 surgiram naquela coordenadoria. Tem uma <strong>mocinha<\/strong> que ainda \u00e9 <strong>estagi\u00e1ria<\/strong> e j\u00e1 estava, literalmente, colocando as <strong>UNHAS imensas<\/strong> de fora e cutucando, sem a menor cerim\u00f4nia, os coleguinhas porque, segundo ela, \u201cn\u00e3o estavam fazendo o que foi \u2018recomendado\u2019 pela assessoria\u201d, em um recente evento no Teatro Municipal de Ananindeua. O que contaram foi que <em>\u201c\u00c9 uma estagi\u00e1ria de comunica\u00e7\u00e3o, que logo em seguida se apresentou como assessora de comunica\u00e7\u00e3o da Prefeitura, apertou meu ombro. E ela tem unhas grandes\u201d<\/em>. Manaaaaa, te acalma!!!<\/p>\n\n\n\n<p><strong>O \u00faltimo que sair apaga a luz \u2013<\/strong> Temos mais coleguinhas que deixaram a <strong>TV Liberal<\/strong>. Na sexta-feira, 3, quem anunciou a sa\u00edda foi o rep\u00f3rter <strong>Brenno Rayol<\/strong>, da editoria de Esportes, e para \u201cvariar\u201d, Brenno est\u00e1 na <strong>Secom\/ Ag\u00eancia Par\u00e1<\/strong>, onde foi recebido com pompa e circunst\u00e2ncia por Verinha. Outro que deixou a emissora foi o cinegrafista <strong>Diego Feitosa<\/strong>, que trabalhou por l\u00e1 durante 14 anos.<\/p>\n\n\n<div class=\"wp-block-image\">\n<figure class=\"aligncenter size-full\"><img loading=\"lazy\" decoding=\"async\" width=\"633\" height=\"484\" src=\"https:\/\/dedemesquita.com.br\/wp-content\/uploads\/2024\/05\/WhatsApp-Image-2024-05-06-at-20.03.25.jpeg\" alt=\"\" class=\"wp-image-9078\"\/><figcaption class=\"wp-element-caption\">Era o anivers\u00e1rio de Brenno Rayol e Verinha o recebeu com um bolo na Secom\/ Ag\u00eancia Par\u00e1 <\/figcaption><\/figure><\/div>\n\n<div class=\"wp-block-image\">\n<figure class=\"aligncenter size-full\"><img loading=\"lazy\" decoding=\"async\" width=\"650\" height=\"650\" src=\"https:\/\/dedemesquita.com.br\/wp-content\/uploads\/2024\/05\/WhatsApp-Image-2024-05-07-at-13.44.42.jpeg\" alt=\"\" class=\"wp-image-9079\" srcset=\"https:\/\/dedemesquita.com.br\/wp-content\/uploads\/2024\/05\/WhatsApp-Image-2024-05-07-at-13.44.42.jpeg 650w, https:\/\/dedemesquita.com.br\/wp-content\/uploads\/2024\/05\/WhatsApp-Image-2024-05-07-at-13.44.42-150x150.jpeg 150w\" sizes=\"(max-width: 650px) 100vw, 650px\" \/><figcaption class=\"wp-element-caption\">O cinegrafista Diego Feitosa \u00e9 mais um que deixa a TV Liberal <\/figcaption><\/figure><\/div>\n\n\n<p><strong>Wesley \u2013<\/strong> O rep\u00f3rter <strong>Wesley Costa<\/strong> ficou pouqu\u00edssimo tempo e j\u00e1 deixou a r\u00e1dio <strong>CBN Amaz\u00f4nia Bel\u00e9m<\/strong>.<\/p>\n\n\n<div class=\"wp-block-image\">\n<figure class=\"aligncenter size-full\"><img loading=\"lazy\" decoding=\"async\" width=\"586\" height=\"700\" src=\"https:\/\/dedemesquita.com.br\/wp-content\/uploads\/2024\/05\/WhatsApp-Image-2024-05-07-at-13.45.19.jpeg\" alt=\"\" class=\"wp-image-9080\"\/><figcaption class=\"wp-element-caption\">Despedida de Wesley Costa da r\u00e1dio CBN Bel\u00e9m <\/figcaption><\/figure><\/div>\n\n\n<p><strong>Di\u00e1rio do Par\u00e1 \u2013<\/strong> No jornal Di\u00e1rio do Par\u00e1, houve duas mudan\u00e7as: a primeira foi a chegada da jornalista <strong>Even Oliveira<\/strong>, que passou pela reda\u00e7\u00e3o de O Liberal, para atuar no hor\u00e1rio da manh\u00e3; e a segunda \u00e9 a sa\u00edda do rep\u00f3rter <strong>Alexandre Nascimento<\/strong> \u2013 o Migalha &#8211; que, ap\u00f3s dez anos, deixa o jornal impresso e passa para o <strong>Di\u00e1rio Online &#8211; DOL<\/strong>.<\/p>\n\n\n<div class=\"wp-block-image\">\n<figure class=\"aligncenter size-full\"><img loading=\"lazy\" decoding=\"async\" width=\"541\" height=\"480\" src=\"https:\/\/dedemesquita.com.br\/wp-content\/uploads\/2024\/05\/WhatsApp-Image-2024-05-07-at-15.07.22.jpeg\" alt=\"\" class=\"wp-image-9085\"\/><figcaption class=\"wp-element-caption\">Even Oliveira \u00e9 rep\u00f3rter no jornal Di\u00e1rio do Par\u00e1 <\/figcaption><\/figure><\/div>\n\n\n<p><strong>Paula na Seop &#8211; <\/strong>A fot\u00f3grafa <strong>Paula Lourinho<\/strong> est\u00e1 atuando na assessoria de comunica\u00e7\u00e3o da <strong>Secretaria de Estado de Obras \u2013 Seop<\/strong>.<\/p>\n\n\n<div class=\"wp-block-image\">\n<figure class=\"aligncenter size-full\"><img loading=\"lazy\" decoding=\"async\" width=\"506\" height=\"387\" src=\"https:\/\/dedemesquita.com.br\/wp-content\/uploads\/2024\/05\/paula-lourinho.jpg\" alt=\"\" class=\"wp-image-9086\"\/><figcaption class=\"wp-element-caption\">Depois da OAB-Par\u00e1, Paula Lourinho est\u00e1 na Seop <\/figcaption><\/figure><\/div>\n\n\n<p><strong>Mancada &#8211;<\/strong> Como diria a Gabb: <em>\u201cMona, o ki ki, o ki ki houve? Fica direita!\u201d<\/em> No s\u00e1bado, 4, na home page da <strong>Ag\u00eancia Par\u00e1<\/strong>, em uma mat\u00e9ria da Sefa, estava escrito em caixa alta ao lado do t\u00edtulo <strong>\u201cUSAR ESTA VERS\u00c3O\u201d<\/strong> e assim ficou por um bom tempo. O que ser\u00e1 que tinha de t\u00e3o secreto na vers\u00e3o anterior?<\/p>\n\n\n<div class=\"wp-block-image\">\n<figure class=\"aligncenter size-full\"><img loading=\"lazy\" decoding=\"async\" width=\"750\" height=\"445\" src=\"https:\/\/dedemesquita.com.br\/wp-content\/uploads\/2024\/05\/WhatsApp-Image-2024-05-06-at-11.12.03-1.jpeg\" alt=\"\" class=\"wp-image-9081\"\/><figcaption class=\"wp-element-caption\">Home page da Ag\u00eancia Par\u00e1 ficou assim por um bom tempo <\/figcaption><\/figure><\/div>\n\n\n<p><strong>Beb\u00ea a bordo \u2013<\/strong> Coisa mais linda e emocionante foi o \u201cch\u00e1 de revela\u00e7\u00e3o\u201d, na segunda-feira, 6, para a produtora de rede do <strong>SBT Par\u00e1<\/strong>, <strong>Thais Damasceno<\/strong>, que est\u00e1 esperando o terceiro filho. A revela\u00e7\u00e3o foi feita pela apresentadora <strong>Nara Bandeira<\/strong>, ao vivo, ao final do jornal que ela apresenta, com Thais na telinha. Thais ser\u00e1 mam\u00e3e de mais um menino, <strong>S\u00e9rgio Neto<\/strong>. Parab\u00e9ns!<\/p>\n\n\n<div class=\"wp-block-image\">\n<figure class=\"aligncenter size-full\"><img loading=\"lazy\" decoding=\"async\" width=\"700\" height=\"460\" src=\"https:\/\/dedemesquita.com.br\/wp-content\/uploads\/2024\/05\/WhatsApp-Image-2024-05-07-at-13.44.59.jpeg\" alt=\"\" class=\"wp-image-9082\" srcset=\"https:\/\/dedemesquita.com.br\/wp-content\/uploads\/2024\/05\/WhatsApp-Image-2024-05-07-at-13.44.59.jpeg 700w, https:\/\/dedemesquita.com.br\/wp-content\/uploads\/2024\/05\/WhatsApp-Image-2024-05-07-at-13.44.59-455x300.jpeg 455w\" sizes=\"(max-width: 700px) 100vw, 700px\" \/><figcaption class=\"wp-element-caption\">Nara Bandeira revelou que Thais Damasceno est\u00e1 \u00e0 espera de Sergio Neto, ao vivo e a cores no SBT Par\u00e1 <\/figcaption><\/figure><\/div>\n\n\n<p><strong>No Engenh\u00e3o &#8211; <\/strong>O fot\u00f3grafo <strong>Cezar Magalh\u00e3es<\/strong>, o Magalha, passou uns dias de f\u00e9rias no Rio de Janeiro e aproveitou para ver em campo e fotografar o Botafogo, time do cora\u00e7\u00e3o do Magalha. No domingo, 5, na partida em que o Bahia ganhou do Fog\u00e3o por 2 x 1, Magalha se encontrou com o fot\u00f3grafo Wagner Meier, que trabalhou no jornal Di\u00e1rio do Par\u00e1 e agora atua para a ag\u00eancia Getty Images, na capital carioca.<\/p>\n\n\n<div class=\"wp-block-image\">\n<figure class=\"aligncenter size-full\"><img loading=\"lazy\" decoding=\"async\" width=\"500\" height=\"800\" src=\"https:\/\/dedemesquita.com.br\/wp-content\/uploads\/2024\/05\/WhatsApp-Image-2024-05-07-at-14.27.29.jpeg\" alt=\"\" class=\"wp-image-9083\"\/><figcaption class=\"wp-element-caption\">Os fot\u00f3grafos Wagner Meier e Cezar Magalh\u00e3es no jogo do Botafogo no Engenh\u00e3o, no Rio de Janeiro <\/figcaption><\/figure><\/div>","protected":false},"excerpt":{"rendered":"<p>Bel\u00e9m, 7 de maio de 2024 &#8211; Nesta ter\u00e7a-feira, o site est\u00e1 quase na vibe da Gabb &#8220;Mona, fica direita&#8221;, porque, olha, s\u00f3 Jesus nas causas tecnol\u00f3gicas que insistem em querer nos derrubar. Mas o site est\u00e1 aqui firme e forte, mesmo contrariando a Lei de (s)Murphy. Nova coordenadora &#8211; Como o anunciado por aqui, [&hellip;]<\/p>\n","protected":false},"author":2,"featured_media":9075,"comment_status":"open","ping_status":"open","sticky":false,"template":"","format":"standard","meta":{"footnotes":""},"categories":[51,14,29],"tags":[151,181,184,619,119,120,417,273,204,190,150,137],"class_list":["post-9074","post","type-post","status-publish","format-standard","has-post-thumbnail","hentry","category-destaque","category-imprensa","category-jornalismo","tag-ascom-ananindeua","tag-diario-do-para","tag-dol","tag-getty-images","tag-jornalismo","tag-jornalistas-paraenses-em-acao","tag-mamacita-do-mal-de-ananindeua","tag-prefeitura-de-ananindeua","tag-radio-cbn-belem","tag-sbt-pa","tag-secom-pa","tag-tv-liberal"],"yoast_head":"<!-- This site is optimized with the Yoast SEO plugin v19.10 - https:\/\/yoast.com\/wordpress\/plugins\/seo\/ -->\n<title>Nova coordenadora de comunica\u00e7\u00e3o de Ananindeua \u00e9 apresentada, mais dois deixam a TV Liberal e outras mudan\u00e7as - Ded\u00e9 Mesquita<\/title>\n<meta name=\"robots\" content=\"index, follow, max-snippet:-1, max-image-preview:large, max-video-preview:-1\" \/>\n<link rel=\"canonical\" href=\"https:\/\/dedemesquita.com.br\/?p=9074\" \/>\n<meta property=\"og:locale\" content=\"pt_BR\" \/>\n<meta property=\"og:type\" content=\"article\" \/>\n<meta property=\"og:title\" content=\"Nova coordenadora de comunica\u00e7\u00e3o de Ananindeua \u00e9 apresentada, mais dois deixam a TV Liberal e outras mudan\u00e7as - Ded\u00e9 Mesquita\" \/>\n<meta property=\"og:description\" content=\"Bel\u00e9m, 7 de maio de 2024 &#8211; Nesta ter\u00e7a-feira, o site est\u00e1 quase na vibe da Gabb &#8220;Mona, fica direita&#8221;, porque, olha, s\u00f3 Jesus nas causas tecnol\u00f3gicas que insistem em querer nos derrubar. Mas o site est\u00e1 aqui firme e forte, mesmo contrariando a Lei de (s)Murphy. Nova coordenadora &#8211; Como o anunciado por aqui, [&hellip;]\" \/>\n<meta property=\"og:url\" content=\"https:\/\/dedemesquita.com.br\/?p=9074\" \/>\n<meta property=\"og:site_name\" content=\"Ded\u00e9 Mesquita\" \/>\n<meta property=\"article:publisher\" content=\"https:\/\/www.facebook.com\/dede.mesquita\" \/>\n<meta property=\"article:published_time\" content=\"2024-05-07T18:16:25+00:00\" \/>\n<meta property=\"article:modified_time\" content=\"2024-05-07T19:37:52+00:00\" \/>\n<meta property=\"og:image\" content=\"https:\/\/dedemesquita.com.br\/wp-content\/uploads\/2024\/05\/WhatsApp-Image-2024-05-07-at-14.27.52.jpeg\" \/>\n\t<meta property=\"og:image:width\" content=\"718\" \/>\n\t<meta property=\"og:image:height\" content=\"434\" \/>\n\t<meta property=\"og:image:type\" content=\"image\/jpeg\" \/>\n<meta name=\"author\" content=\"Ded\u00e9 Mesquita\" \/>\n<meta name=\"twitter:card\" content=\"summary_large_image\" \/>\n<meta name=\"twitter:creator\" content=\"@dedemesquita\" \/>\n<meta name=\"twitter:site\" content=\"@dedemesquita\" \/>\n<meta name=\"twitter:label1\" content=\"Escrito por\" \/>\n\t<meta name=\"twitter:data1\" content=\"Ded\u00e9 Mesquita\" \/>\n\t<meta name=\"twitter:label2\" content=\"Est. tempo de leitura\" \/>\n\t<meta name=\"twitter:data2\" content=\"4 minutos\" \/>\n<script type=\"application\/ld+json\" class=\"yoast-schema-graph\">{\"@context\":\"https:\/\/schema.org\",\"@graph\":[{\"@type\":\"WebPage\",\"@id\":\"https:\/\/dedemesquita.com.br\/?p=9074\",\"url\":\"https:\/\/dedemesquita.com.br\/?p=9074\",\"name\":\"Nova coordenadora de comunica\u00e7\u00e3o de Ananindeua \u00e9 apresentada, mais dois deixam a TV Liberal e outras mudan\u00e7as - Ded\u00e9 Mesquita\",\"isPartOf\":{\"@id\":\"https:\/\/dedemesquita.com.br\/#website\"},\"datePublished\":\"2024-05-07T18:16:25+00:00\",\"dateModified\":\"2024-05-07T19:37:52+00:00\",\"author\":{\"@id\":\"https:\/\/dedemesquita.com.br\/#\/schema\/person\/36571f81dd2d76dc3ab37231542c9e24\"},\"breadcrumb\":{\"@id\":\"https:\/\/dedemesquita.com.br\/?p=9074#breadcrumb\"},\"inLanguage\":\"pt-BR\",\"potentialAction\":[{\"@type\":\"ReadAction\",\"target\":[\"https:\/\/dedemesquita.com.br\/?p=9074\"]}]},{\"@type\":\"BreadcrumbList\",\"@id\":\"https:\/\/dedemesquita.com.br\/?p=9074#breadcrumb\",\"itemListElement\":[{\"@type\":\"ListItem\",\"position\":1,\"name\":\"In\u00edcio\",\"item\":\"https:\/\/dedemesquita.com.br\/\"},{\"@type\":\"ListItem\",\"position\":2,\"name\":\"Nova coordenadora de comunica\u00e7\u00e3o de Ananindeua \u00e9 apresentada, mais dois deixam a TV Liberal e outras mudan\u00e7as\"}]},{\"@type\":\"WebSite\",\"@id\":\"https:\/\/dedemesquita.com.br\/#website\",\"url\":\"https:\/\/dedemesquita.com.br\/\",\"name\":\"Ded\u00e9 Mesquita\",\"description\":\"Um site que mostra os bastidores da imprensa no estado do Par\u00e1 e em Bel\u00e9m\",\"potentialAction\":[{\"@type\":\"SearchAction\",\"target\":{\"@type\":\"EntryPoint\",\"urlTemplate\":\"https:\/\/dedemesquita.com.br\/?s={search_term_string}\"},\"query-input\":\"required name=search_term_string\"}],\"inLanguage\":\"pt-BR\"},{\"@type\":\"Person\",\"@id\":\"https:\/\/dedemesquita.com.br\/#\/schema\/person\/36571f81dd2d76dc3ab37231542c9e24\",\"name\":\"Ded\u00e9 Mesquita\",\"image\":{\"@type\":\"ImageObject\",\"inLanguage\":\"pt-BR\",\"@id\":\"https:\/\/dedemesquita.com.br\/#\/schema\/person\/image\/\",\"url\":\"https:\/\/dedemesquita.com.br\/wp-content\/uploads\/2021\/02\/foto_perfil-150x150.jpg\",\"contentUrl\":\"https:\/\/dedemesquita.com.br\/wp-content\/uploads\/2021\/02\/foto_perfil-150x150.jpg\",\"caption\":\"Ded\u00e9 Mesquita\"},\"sameAs\":[\"https:\/\/dedemesquita.com.br\"]}]}<\/script>\n<!-- \/ Yoast SEO plugin. -->","yoast_head_json":{"title":"Nova coordenadora de comunica\u00e7\u00e3o de Ananindeua \u00e9 apresentada, mais dois deixam a TV Liberal e outras mudan\u00e7as - Ded\u00e9 Mesquita","robots":{"index":"index","follow":"follow","max-snippet":"max-snippet:-1","max-image-preview":"max-image-preview:large","max-video-preview":"max-video-preview:-1"},"canonical":"https:\/\/dedemesquita.com.br\/?p=9074","og_locale":"pt_BR","og_type":"article","og_title":"Nova coordenadora de comunica\u00e7\u00e3o de Ananindeua \u00e9 apresentada, mais dois deixam a TV Liberal e outras mudan\u00e7as - Ded\u00e9 Mesquita","og_description":"Bel\u00e9m, 7 de maio de 2024 &#8211; Nesta ter\u00e7a-feira, o site est\u00e1 quase na vibe da Gabb &#8220;Mona, fica direita&#8221;, porque, olha, s\u00f3 Jesus nas causas tecnol\u00f3gicas que insistem em querer nos derrubar. Mas o site est\u00e1 aqui firme e forte, mesmo contrariando a Lei de (s)Murphy. Nova coordenadora &#8211; Como o anunciado por aqui, [&hellip;]","og_url":"https:\/\/dedemesquita.com.br\/?p=9074","og_site_name":"Ded\u00e9 Mesquita","article_publisher":"https:\/\/www.facebook.com\/dede.mesquita","article_published_time":"2024-05-07T18:16:25+00:00","article_modified_time":"2024-05-07T19:37:52+00:00","og_image":[{"width":718,"height":434,"url":"https:\/\/dedemesquita.com.br\/wp-content\/uploads\/2024\/05\/WhatsApp-Image-2024-05-07-at-14.27.52.jpeg","type":"image\/jpeg"}],"author":"Ded\u00e9 Mesquita","twitter_card":"summary_large_image","twitter_creator":"@dedemesquita","twitter_site":"@dedemesquita","twitter_misc":{"Escrito por":"Ded\u00e9 Mesquita","Est. tempo de leitura":"4 minutos"},"schema":{"@context":"https:\/\/schema.org","@graph":[{"@type":"WebPage","@id":"https:\/\/dedemesquita.com.br\/?p=9074","url":"https:\/\/dedemesquita.com.br\/?p=9074","name":"Nova coordenadora de comunica\u00e7\u00e3o de Ananindeua \u00e9 apresentada, mais dois deixam a TV Liberal e outras mudan\u00e7as - Ded\u00e9 Mesquita","isPartOf":{"@id":"https:\/\/dedemesquita.com.br\/#website"},"datePublished":"2024-05-07T18:16:25+00:00","dateModified":"2024-05-07T19:37:52+00:00","author":{"@id":"https:\/\/dedemesquita.com.br\/#\/schema\/person\/36571f81dd2d76dc3ab37231542c9e24"},"breadcrumb":{"@id":"https:\/\/dedemesquita.com.br\/?p=9074#breadcrumb"},"inLanguage":"pt-BR","potentialAction":[{"@type":"ReadAction","target":["https:\/\/dedemesquita.com.br\/?p=9074"]}]},{"@type":"BreadcrumbList","@id":"https:\/\/dedemesquita.com.br\/?p=9074#breadcrumb","itemListElement":[{"@type":"ListItem","position":1,"name":"In\u00edcio","item":"https:\/\/dedemesquita.com.br\/"},{"@type":"ListItem","position":2,"name":"Nova coordenadora de comunica\u00e7\u00e3o de Ananindeua \u00e9 apresentada, mais dois deixam a TV Liberal e outras mudan\u00e7as"}]},{"@type":"WebSite","@id":"https:\/\/dedemesquita.com.br\/#website","url":"https:\/\/dedemesquita.com.br\/","name":"Ded\u00e9 Mesquita","description":"Um site que mostra os bastidores da imprensa no estado do Par\u00e1 e em Bel\u00e9m","potentialAction":[{"@type":"SearchAction","target":{"@type":"EntryPoint","urlTemplate":"https:\/\/dedemesquita.com.br\/?s={search_term_string}"},"query-input":"required name=search_term_string"}],"inLanguage":"pt-BR"},{"@type":"Person","@id":"https:\/\/dedemesquita.com.br\/#\/schema\/person\/36571f81dd2d76dc3ab37231542c9e24","name":"Ded\u00e9 Mesquita","image":{"@type":"ImageObject","inLanguage":"pt-BR","@id":"https:\/\/dedemesquita.com.br\/#\/schema\/person\/image\/","url":"https:\/\/dedemesquita.com.br\/wp-content\/uploads\/2021\/02\/foto_perfil-150x150.jpg","contentUrl":"https:\/\/dedemesquita.com.br\/wp-content\/uploads\/2021\/02\/foto_perfil-150x150.jpg","caption":"Ded\u00e9 Mesquita"},"sameAs":["https:\/\/dedemesquita.com.br"]}]}},"_links":{"self":[{"href":"https:\/\/dedemesquita.com.br\/index.php?rest_route=\/wp\/v2\/posts\/9074"}],"collection":[{"href":"https:\/\/dedemesquita.com.br\/index.php?rest_route=\/wp\/v2\/posts"}],"about":[{"href":"https:\/\/dedemesquita.com.br\/index.php?rest_route=\/wp\/v2\/types\/post"}],"author":[{"embeddable":true,"href":"https:\/\/dedemesquita.com.br\/index.php?rest_route=\/wp\/v2\/users\/2"}],"replies":[{"embeddable":true,"href":"https:\/\/dedemesquita.com.br\/index.php?rest_route=%2Fwp%2Fv2%2Fcomments&post=9074"}],"version-history":[{"count":4,"href":"https:\/\/dedemesquita.com.br\/index.php?rest_route=\/wp\/v2\/posts\/9074\/revisions"}],"predecessor-version":[{"id":9091,"href":"https:\/\/dedemesquita.com.br\/index.php?rest_route=\/wp\/v2\/posts\/9074\/revisions\/9091"}],"wp:featuredmedia":[{"embeddable":true,"href":"https:\/\/dedemesquita.com.br\/index.php?rest_route=\/wp\/v2\/media\/9075"}],"wp:attachment":[{"href":"https:\/\/dedemesquita.com.br\/index.php?rest_route=%2Fwp%2Fv2%2Fmedia&parent=9074"}],"wp:term":[{"taxonomy":"category","embeddable":true,"href":"https:\/\/dedemesquita.com.br\/index.php?rest_route=%2Fwp%2Fv2%2Fcategories&post=9074"},{"taxonomy":"post_tag","embeddable":true,"href":"https:\/\/dedemesquita.com.br\/index.php?rest_route=%2Fwp%2Fv2%2Ftags&post=9074"}],"curies":[{"name":"wp","href":"https:\/\/api.w.org\/{rel}","templated":true}]}}