{"id":8917,"date":"2024-04-09T17:56:15","date_gmt":"2024-04-09T20:56:15","guid":{"rendered":"https:\/\/dedemesquita.com.br\/?p=8917"},"modified":"2024-04-09T18:13:50","modified_gmt":"2024-04-09T21:13:50","slug":"o-rei-na-barriga-de-tutubarao-inchou-demais-e-a-bocalidade-dele-se-derramou-pela-boca","status":"publish","type":"post","link":"https:\/\/dedemesquita.com.br\/?p=8917","title":{"rendered":"O &#8220;rei na barriga&#8221; de Tutubar\u00e3o inchou demais e a bo\u00e7alidade dele se derramou pela boca"},"content":{"rendered":"\n<p><strong>Bel\u00e9m, 9 de abril de 2024<\/strong> &#8211; A<strong> Fofoca da Semana<\/strong> \u00e9 que<strong> Tutubar\u00e3o <\/strong>n\u00e3o se emenda. Em plena segunda-feira, 8, o grupo de jornalistas no WhatsApp, <strong>Ronda 24 Horas<\/strong>, estava em polvorosa. Ainda em meio \u00e0 confus\u00e3o por conta do assassinato de um torcedor do Clube do Remo, no domingo, 7, depois do Re x Pa, por um PM, o Tutubar\u00e3o, \u201cdiz que da not\u00edcia\u201d, estava um \u201cnojo\u201d porque, segundo ele, uma reportagem dele havia sido copiada pelo portal Roma News. <\/p>\n\n\n\n<p>Do alto de sua emp\u00e1fia, Tutu publicou um stories cobrando o que seria um \u201cControl C + Control V\u201d, segundo as vozes da cabe\u00e7a de Tutu. <\/p>\n\n\n<div class=\"wp-block-image\">\n<figure class=\"aligncenter size-full\"><img loading=\"lazy\" decoding=\"async\" width=\"401\" height=\"663\" src=\"https:\/\/dedemesquita.com.br\/wp-content\/uploads\/2024\/04\/WhatsApp-Image-2024-04-08-at-11.07.45.jpeg\" alt=\"\" class=\"wp-image-8918\"\/><figcaption class=\"wp-element-caption\">Stories de Tutubar\u00e3o na segunda-feira, 7<\/figcaption><\/figure><\/div>\n\n\n<p><strong>Onda &#8211; <\/strong>Come\u00e7ou a \u201conda\u201d no grupo. Tutu, ao inv\u00e9s de baixar a bola dele e conversar como gente civilizada, passou a agredir verbalmente o jornalista <strong>C\u00e1ssio Leal<\/strong>, do portal Roma News, chamando-o, entre outras amabilidades, de <strong>\u201csem relev\u00e2ncia\u201d<\/strong>. Vejam a ilus\u00e3o de Tutu, jurando que ele \u00e9 a relev\u00e2ncia em pessoa. Tutu levou v\u00e1rias esculhamba\u00e7\u00f5es das meninas-jornalistas do grupo, para ver assim, se ele se mancava de ser t\u00e3o metido a besta. <\/p>\n\n\n\n<p><strong>Perfil &#8216;bombado&#8217; &#8211; <\/strong>E mais, n\u00e3o contente, Tutubar\u00e3o falou a C\u00e1ssio que ele deveria ter colocado a @ dele e assinar a reportagem, porque \u201cC\u00e1ssio n\u00e3o teria ideia de como a men\u00e7\u00e3o de uma @ no perfil \u2018bombado\u2019 de Tutu se torna o m\u00e1ximo para intera\u00e7\u00f5es e famosidade\u201d. Vejam voc\u00eas. <\/p>\n\n\n\n<p>Ah! Tutu ainda publicou um v\u00eddeo onde diz que <em><strong>\u201cpregui\u00e7osos, abandonem o jornalismo, pfv\u201d<\/strong><\/em>. E, fazendo jus ao seu perfil, fez amea\u00e7as, desta vez, <strong>dizendo que vai &#8220;expor&#8221;<\/strong> os coleguinhas <strong>[veja o v\u00eddeo abaixo]<\/strong>. Mas assim, papai, n\u00e3o nega mesmo que \u00e9 sobrinho de quem \u00e9, o \u201crei na barriga\u201d est\u00e1 gritando e inchando. <\/p>\n\n\n\n<figure class=\"wp-block-video aligncenter\"><video controls src=\"https:\/\/dedemesquita.com.br\/wp-content\/uploads\/2024\/04\/WhatsApp-Video-2024-04-08-at-11.45.37.mp4\"><\/video><figcaption class=\"wp-element-caption\">V\u00eddeo cheio de bo\u00e7alidade e amea\u00e7as de Tutubar\u00e3o <\/figcaption><\/figure>\n\n\n\n<p><strong>Defenestrado &#8211; <\/strong>A <strong>\u00faltima<\/strong> que me chegou era que o grupo estava em uma esp\u00e9cie de vota\u00e7\u00e3o sobre se Tutu seria defenestrado do grupo ou n\u00e3o.<\/p>\n\n\n<div class=\"wp-block-image\">\n<figure class=\"aligncenter size-full\"><img loading=\"lazy\" decoding=\"async\" width=\"663\" height=\"800\" src=\"https:\/\/dedemesquita.com.br\/wp-content\/uploads\/2024\/04\/WhatsApp-Image-2024-04-08-at-22.19.38.jpeg\" alt=\"\" class=\"wp-image-8921\"\/><figcaption class=\"wp-element-caption\">Ser\u00e1 expulso ou n\u00e3o? <\/figcaption><\/figure><\/div>","protected":false},"excerpt":{"rendered":"<p>Bel\u00e9m, 9 de abril de 2024 &#8211; A Fofoca da Semana \u00e9 que Tutubar\u00e3o n\u00e3o se emenda. Em plena segunda-feira, 8, o grupo de jornalistas no WhatsApp, Ronda 24 Horas, estava em polvorosa. Ainda em meio \u00e0 confus\u00e3o por conta do assassinato de um torcedor do Clube do Remo, no domingo, 7, depois do Re [&hellip;]<\/p>\n","protected":false},"author":2,"featured_media":8926,"comment_status":"open","ping_status":"closed","sticky":false,"template":"","format":"standard","meta":{"footnotes":""},"categories":[51,29],"tags":[119,120,145,573,570],"class_list":["post-8917","post","type-post","status-publish","format-standard","has-post-thumbnail","hentry","category-destaque","category-jornalismo","tag-jornalismo","tag-jornalistas-paraenses-em-acao","tag-rbatv","tag-tutubarao","tag-wesley-costa-jr"],"yoast_head":"<!-- This site is optimized with the Yoast SEO plugin v19.10 - https:\/\/yoast.com\/wordpress\/plugins\/seo\/ -->\n<title>O &quot;rei na barriga&quot; de Tutubar\u00e3o inchou demais e a bo\u00e7alidade dele se derramou pela boca - Ded\u00e9 Mesquita<\/title>\n<meta name=\"robots\" content=\"index, follow, max-snippet:-1, max-image-preview:large, max-video-preview:-1\" \/>\n<link rel=\"canonical\" href=\"https:\/\/dedemesquita.com.br\/?p=8917\" \/>\n<meta property=\"og:locale\" content=\"pt_BR\" \/>\n<meta property=\"og:type\" content=\"article\" \/>\n<meta property=\"og:title\" content=\"O &quot;rei na barriga&quot; de Tutubar\u00e3o inchou demais e a bo\u00e7alidade dele se derramou pela boca - Ded\u00e9 Mesquita\" \/>\n<meta property=\"og:description\" content=\"Bel\u00e9m, 9 de abril de 2024 &#8211; A Fofoca da Semana \u00e9 que Tutubar\u00e3o n\u00e3o se emenda. Em plena segunda-feira, 8, o grupo de jornalistas no WhatsApp, Ronda 24 Horas, estava em polvorosa. Ainda em meio \u00e0 confus\u00e3o por conta do assassinato de um torcedor do Clube do Remo, no domingo, 7, depois do Re [&hellip;]\" \/>\n<meta property=\"og:url\" content=\"https:\/\/dedemesquita.com.br\/?p=8917\" \/>\n<meta property=\"og:site_name\" content=\"Ded\u00e9 Mesquita\" \/>\n<meta property=\"article:publisher\" content=\"https:\/\/www.facebook.com\/dede.mesquita\" \/>\n<meta property=\"article:published_time\" content=\"2024-04-09T20:56:15+00:00\" \/>\n<meta property=\"article:modified_time\" content=\"2024-04-09T21:13:50+00:00\" \/>\n<meta property=\"og:image\" content=\"https:\/\/dedemesquita.com.br\/wp-content\/uploads\/2024\/04\/a1-1.jpg\" \/>\n\t<meta property=\"og:image:width\" content=\"828\" \/>\n\t<meta property=\"og:image:height\" content=\"450\" \/>\n\t<meta property=\"og:image:type\" content=\"image\/jpeg\" \/>\n<meta name=\"author\" content=\"Ded\u00e9 Mesquita\" \/>\n<meta name=\"twitter:card\" content=\"summary_large_image\" \/>\n<meta name=\"twitter:creator\" content=\"@dedemesquita\" \/>\n<meta name=\"twitter:site\" content=\"@dedemesquita\" \/>\n<meta name=\"twitter:label1\" content=\"Escrito por\" \/>\n\t<meta name=\"twitter:data1\" content=\"Ded\u00e9 Mesquita\" \/>\n\t<meta name=\"twitter:label2\" content=\"Est. tempo de leitura\" \/>\n\t<meta name=\"twitter:data2\" content=\"2 minutos\" \/>\n<script type=\"application\/ld+json\" class=\"yoast-schema-graph\">{\"@context\":\"https:\/\/schema.org\",\"@graph\":[{\"@type\":\"WebPage\",\"@id\":\"https:\/\/dedemesquita.com.br\/?p=8917\",\"url\":\"https:\/\/dedemesquita.com.br\/?p=8917\",\"name\":\"O \\\"rei na barriga\\\" de Tutubar\u00e3o inchou demais e a bo\u00e7alidade dele se derramou pela boca - Ded\u00e9 Mesquita\",\"isPartOf\":{\"@id\":\"https:\/\/dedemesquita.com.br\/#website\"},\"datePublished\":\"2024-04-09T20:56:15+00:00\",\"dateModified\":\"2024-04-09T21:13:50+00:00\",\"author\":{\"@id\":\"https:\/\/dedemesquita.com.br\/#\/schema\/person\/36571f81dd2d76dc3ab37231542c9e24\"},\"breadcrumb\":{\"@id\":\"https:\/\/dedemesquita.com.br\/?p=8917#breadcrumb\"},\"inLanguage\":\"pt-BR\",\"potentialAction\":[{\"@type\":\"ReadAction\",\"target\":[\"https:\/\/dedemesquita.com.br\/?p=8917\"]}]},{\"@type\":\"BreadcrumbList\",\"@id\":\"https:\/\/dedemesquita.com.br\/?p=8917#breadcrumb\",\"itemListElement\":[{\"@type\":\"ListItem\",\"position\":1,\"name\":\"In\u00edcio\",\"item\":\"https:\/\/dedemesquita.com.br\/\"},{\"@type\":\"ListItem\",\"position\":2,\"name\":\"O &#8220;rei na barriga&#8221; de Tutubar\u00e3o inchou demais e a bo\u00e7alidade dele se derramou pela boca\"}]},{\"@type\":\"WebSite\",\"@id\":\"https:\/\/dedemesquita.com.br\/#website\",\"url\":\"https:\/\/dedemesquita.com.br\/\",\"name\":\"Ded\u00e9 Mesquita\",\"description\":\"Um site que mostra os bastidores da imprensa no estado do Par\u00e1 e em Bel\u00e9m\",\"potentialAction\":[{\"@type\":\"SearchAction\",\"target\":{\"@type\":\"EntryPoint\",\"urlTemplate\":\"https:\/\/dedemesquita.com.br\/?s={search_term_string}\"},\"query-input\":\"required name=search_term_string\"}],\"inLanguage\":\"pt-BR\"},{\"@type\":\"Person\",\"@id\":\"https:\/\/dedemesquita.com.br\/#\/schema\/person\/36571f81dd2d76dc3ab37231542c9e24\",\"name\":\"Ded\u00e9 Mesquita\",\"image\":{\"@type\":\"ImageObject\",\"inLanguage\":\"pt-BR\",\"@id\":\"https:\/\/dedemesquita.com.br\/#\/schema\/person\/image\/\",\"url\":\"https:\/\/dedemesquita.com.br\/wp-content\/uploads\/2021\/02\/foto_perfil-150x150.jpg\",\"contentUrl\":\"https:\/\/dedemesquita.com.br\/wp-content\/uploads\/2021\/02\/foto_perfil-150x150.jpg\",\"caption\":\"Ded\u00e9 Mesquita\"},\"sameAs\":[\"https:\/\/dedemesquita.com.br\"]}]}<\/script>\n<!-- \/ Yoast SEO plugin. -->","yoast_head_json":{"title":"O \"rei na barriga\" de Tutubar\u00e3o inchou demais e a bo\u00e7alidade dele se derramou pela boca - Ded\u00e9 Mesquita","robots":{"index":"index","follow":"follow","max-snippet":"max-snippet:-1","max-image-preview":"max-image-preview:large","max-video-preview":"max-video-preview:-1"},"canonical":"https:\/\/dedemesquita.com.br\/?p=8917","og_locale":"pt_BR","og_type":"article","og_title":"O \"rei na barriga\" de Tutubar\u00e3o inchou demais e a bo\u00e7alidade dele se derramou pela boca - Ded\u00e9 Mesquita","og_description":"Bel\u00e9m, 9 de abril de 2024 &#8211; A Fofoca da Semana \u00e9 que Tutubar\u00e3o n\u00e3o se emenda. Em plena segunda-feira, 8, o grupo de jornalistas no WhatsApp, Ronda 24 Horas, estava em polvorosa. Ainda em meio \u00e0 confus\u00e3o por conta do assassinato de um torcedor do Clube do Remo, no domingo, 7, depois do Re [&hellip;]","og_url":"https:\/\/dedemesquita.com.br\/?p=8917","og_site_name":"Ded\u00e9 Mesquita","article_publisher":"https:\/\/www.facebook.com\/dede.mesquita","article_published_time":"2024-04-09T20:56:15+00:00","article_modified_time":"2024-04-09T21:13:50+00:00","og_image":[{"width":828,"height":450,"url":"https:\/\/dedemesquita.com.br\/wp-content\/uploads\/2024\/04\/a1-1.jpg","type":"image\/jpeg"}],"author":"Ded\u00e9 Mesquita","twitter_card":"summary_large_image","twitter_creator":"@dedemesquita","twitter_site":"@dedemesquita","twitter_misc":{"Escrito por":"Ded\u00e9 Mesquita","Est. tempo de leitura":"2 minutos"},"schema":{"@context":"https:\/\/schema.org","@graph":[{"@type":"WebPage","@id":"https:\/\/dedemesquita.com.br\/?p=8917","url":"https:\/\/dedemesquita.com.br\/?p=8917","name":"O \"rei na barriga\" de Tutubar\u00e3o inchou demais e a bo\u00e7alidade dele se derramou pela boca - Ded\u00e9 Mesquita","isPartOf":{"@id":"https:\/\/dedemesquita.com.br\/#website"},"datePublished":"2024-04-09T20:56:15+00:00","dateModified":"2024-04-09T21:13:50+00:00","author":{"@id":"https:\/\/dedemesquita.com.br\/#\/schema\/person\/36571f81dd2d76dc3ab37231542c9e24"},"breadcrumb":{"@id":"https:\/\/dedemesquita.com.br\/?p=8917#breadcrumb"},"inLanguage":"pt-BR","potentialAction":[{"@type":"ReadAction","target":["https:\/\/dedemesquita.com.br\/?p=8917"]}]},{"@type":"BreadcrumbList","@id":"https:\/\/dedemesquita.com.br\/?p=8917#breadcrumb","itemListElement":[{"@type":"ListItem","position":1,"name":"In\u00edcio","item":"https:\/\/dedemesquita.com.br\/"},{"@type":"ListItem","position":2,"name":"O &#8220;rei na barriga&#8221; de Tutubar\u00e3o inchou demais e a bo\u00e7alidade dele se derramou pela boca"}]},{"@type":"WebSite","@id":"https:\/\/dedemesquita.com.br\/#website","url":"https:\/\/dedemesquita.com.br\/","name":"Ded\u00e9 Mesquita","description":"Um site que mostra os bastidores da imprensa no estado do Par\u00e1 e em Bel\u00e9m","potentialAction":[{"@type":"SearchAction","target":{"@type":"EntryPoint","urlTemplate":"https:\/\/dedemesquita.com.br\/?s={search_term_string}"},"query-input":"required name=search_term_string"}],"inLanguage":"pt-BR"},{"@type":"Person","@id":"https:\/\/dedemesquita.com.br\/#\/schema\/person\/36571f81dd2d76dc3ab37231542c9e24","name":"Ded\u00e9 Mesquita","image":{"@type":"ImageObject","inLanguage":"pt-BR","@id":"https:\/\/dedemesquita.com.br\/#\/schema\/person\/image\/","url":"https:\/\/dedemesquita.com.br\/wp-content\/uploads\/2021\/02\/foto_perfil-150x150.jpg","contentUrl":"https:\/\/dedemesquita.com.br\/wp-content\/uploads\/2021\/02\/foto_perfil-150x150.jpg","caption":"Ded\u00e9 Mesquita"},"sameAs":["https:\/\/dedemesquita.com.br"]}]}},"_links":{"self":[{"href":"https:\/\/dedemesquita.com.br\/index.php?rest_route=\/wp\/v2\/posts\/8917"}],"collection":[{"href":"https:\/\/dedemesquita.com.br\/index.php?rest_route=\/wp\/v2\/posts"}],"about":[{"href":"https:\/\/dedemesquita.com.br\/index.php?rest_route=\/wp\/v2\/types\/post"}],"author":[{"embeddable":true,"href":"https:\/\/dedemesquita.com.br\/index.php?rest_route=\/wp\/v2\/users\/2"}],"replies":[{"embeddable":true,"href":"https:\/\/dedemesquita.com.br\/index.php?rest_route=%2Fwp%2Fv2%2Fcomments&post=8917"}],"version-history":[{"count":4,"href":"https:\/\/dedemesquita.com.br\/index.php?rest_route=\/wp\/v2\/posts\/8917\/revisions"}],"predecessor-version":[{"id":8927,"href":"https:\/\/dedemesquita.com.br\/index.php?rest_route=\/wp\/v2\/posts\/8917\/revisions\/8927"}],"wp:featuredmedia":[{"embeddable":true,"href":"https:\/\/dedemesquita.com.br\/index.php?rest_route=\/wp\/v2\/media\/8926"}],"wp:attachment":[{"href":"https:\/\/dedemesquita.com.br\/index.php?rest_route=%2Fwp%2Fv2%2Fmedia&parent=8917"}],"wp:term":[{"taxonomy":"category","embeddable":true,"href":"https:\/\/dedemesquita.com.br\/index.php?rest_route=%2Fwp%2Fv2%2Fcategories&post=8917"},{"taxonomy":"post_tag","embeddable":true,"href":"https:\/\/dedemesquita.com.br\/index.php?rest_route=%2Fwp%2Fv2%2Ftags&post=8917"}],"curies":[{"name":"wp","href":"https:\/\/api.w.org\/{rel}","templated":true}]}}