{"id":8786,"date":"2024-03-25T12:08:34","date_gmt":"2024-03-25T15:08:34","guid":{"rendered":"https:\/\/dedemesquita.com.br\/?p=8786"},"modified":"2024-03-25T12:08:35","modified_gmt":"2024-03-25T15:08:35","slug":"tv-cultura-do-para-celebra-37-anos-de-aniversario-com-intensa-programacao-na-praca-da-republica","status":"publish","type":"post","link":"https:\/\/dedemesquita.com.br\/?p=8786","title":{"rendered":"TV Cultura do Par\u00e1 celebra 37 anos de anivers\u00e1rio com intensa programa\u00e7\u00e3o na pra\u00e7a da Rep\u00fablica"},"content":{"rendered":"\n<p><strong>Bel\u00e9m, 25 de mar\u00e7o de 2024 &#8211;<\/strong> Foi um fest\u00e3o daqueles a programa\u00e7\u00e3o que celebrou os 37 anos de funda\u00e7\u00e3o da <strong>TV Cultura do Par\u00e1<\/strong>, no domingo, 24, pela manh\u00e3, na pra\u00e7a da Rep\u00fablica, em Bel\u00e9m. <\/p>\n\n\n\n<p>A programa\u00e7\u00e3o contou com shows de artistas paraenses e muita intera\u00e7\u00e3o com o p\u00fablico local e com quem acompanhou por meio de flashes ao vivo pela TV. A festa come\u00e7ou com a apresenta\u00e7\u00e3o do conjunto musical infantil, <strong>Balada Kids<\/strong>, que animou fam\u00edlias presentes no local cantando m\u00fasicas para todas as gera\u00e7\u00f5es como a Turma do Bal\u00e3o M\u00e1gico, sucesso dos anos 80, e hits atuais como Baby Shark e Mundo Bita.\u00a0<\/p>\n\n\n\n<p>O carimb\u00f3 e a m\u00fasica popular paraense tamb\u00e9m deram o toque regional \u00e0 celebra\u00e7\u00e3o com os shows do grupo <strong>Carimb\u00f3 Selvagem<\/strong> e da cantora<strong> Juliana Sinimbu<\/strong>. Ao som da dupla, dezenas de pessoas se agruparam em frente ao palco e colocam os sai\u00f5es para girar.<\/p>\n\n\n\n<p>Ao final da programa\u00e7\u00e3o, foi cantado os parab\u00e9ns com toda a equipe no palco e os visitantes que n\u00e3o arredaram o p\u00e9 da pra\u00e7a at\u00e9 a \u00faltima banda se apresentar, os grupos de pagode <strong>Virtud\u00e3o <\/strong>e <strong>Tamo Junto.<\/strong>\u00a0<\/p>\n\n\n\n<p>Veja como foi a festa, com as fotos de <strong>Marcelo Seabra<\/strong>, que estava na pra\u00e7a, curtindo o domingo de folga, mas se lembrou deste site e fez estas<strong> fotos exclusivas. <\/strong><\/p>\n\n\n<div class=\"wp-block-image\">\n<figure class=\"aligncenter size-full\"><img loading=\"lazy\" decoding=\"async\" width=\"800\" height=\"535\" src=\"https:\/\/dedemesquita.com.br\/wp-content\/uploads\/2024\/03\/capa.jpg\" alt=\"\" class=\"wp-image-8788\" srcset=\"https:\/\/dedemesquita.com.br\/wp-content\/uploads\/2024\/03\/capa.jpg 800w, https:\/\/dedemesquita.com.br\/wp-content\/uploads\/2024\/03\/capa-768x514.jpg 768w\" sizes=\"(max-width: 800px) 100vw, 800px\" \/><figcaption class=\"wp-element-caption\">Miss\u00e3o dada e cumprida pelos servidores da TV Cultura do Par\u00e1 (foto de Marcelo Seabra) <\/figcaption><\/figure><\/div>\n\n<div class=\"wp-block-image\">\n<figure class=\"aligncenter size-full\"><img loading=\"lazy\" decoding=\"async\" width=\"800\" height=\"453\" src=\"https:\/\/dedemesquita.com.br\/wp-content\/uploads\/2024\/03\/cult22.jpg\" alt=\"\" class=\"wp-image-8789\" srcset=\"https:\/\/dedemesquita.com.br\/wp-content\/uploads\/2024\/03\/cult22.jpg 800w, https:\/\/dedemesquita.com.br\/wp-content\/uploads\/2024\/03\/cult22-768x435.jpg 768w\" sizes=\"(max-width: 800px) 100vw, 800px\" \/><figcaption class=\"wp-element-caption\">Hora do bolo e de celebrar (foto de Marcelo Seabra) <\/figcaption><\/figure><\/div>\n\n<div class=\"wp-block-image\">\n<figure class=\"aligncenter size-full\"><img loading=\"lazy\" decoding=\"async\" width=\"800\" height=\"533\" src=\"https:\/\/dedemesquita.com.br\/wp-content\/uploads\/2024\/03\/cult21.jpg\" alt=\"\" class=\"wp-image-8790\" srcset=\"https:\/\/dedemesquita.com.br\/wp-content\/uploads\/2024\/03\/cult21.jpg 800w, https:\/\/dedemesquita.com.br\/wp-content\/uploads\/2024\/03\/cult21-768x512.jpg 768w\" sizes=\"(max-width: 800px) 100vw, 800px\" \/><figcaption class=\"wp-element-caption\">Shows foram a t\u00f4nica do evento (foto de Marcelo Seabra) <\/figcaption><\/figure><\/div>\n\n<div class=\"wp-block-image\">\n<figure class=\"aligncenter size-full\"><img loading=\"lazy\" decoding=\"async\" width=\"800\" height=\"533\" src=\"https:\/\/dedemesquita.com.br\/wp-content\/uploads\/2024\/03\/cult20.jpg\" alt=\"\" class=\"wp-image-8791\" srcset=\"https:\/\/dedemesquita.com.br\/wp-content\/uploads\/2024\/03\/cult20.jpg 800w, https:\/\/dedemesquita.com.br\/wp-content\/uploads\/2024\/03\/cult20-768x512.jpg 768w\" sizes=\"(max-width: 800px) 100vw, 800px\" \/><figcaption class=\"wp-element-caption\">Muita m\u00fasica para dan\u00e7ar (foto de Marcelo Seabra) <\/figcaption><\/figure><\/div>\n\n<div class=\"wp-block-image\">\n<figure class=\"aligncenter size-full\"><img loading=\"lazy\" decoding=\"async\" width=\"800\" height=\"533\" src=\"https:\/\/dedemesquita.com.br\/wp-content\/uploads\/2024\/03\/cult19.jpg\" alt=\"\" class=\"wp-image-8792\" srcset=\"https:\/\/dedemesquita.com.br\/wp-content\/uploads\/2024\/03\/cult19.jpg 800w, https:\/\/dedemesquita.com.br\/wp-content\/uploads\/2024\/03\/cult19-768x512.jpg 768w\" sizes=\"(max-width: 800px) 100vw, 800px\" \/><figcaption class=\"wp-element-caption\">(foto de Marcelo Seabra) <\/figcaption><\/figure><\/div>\n\n<div class=\"wp-block-image\">\n<figure class=\"aligncenter size-full\"><img loading=\"lazy\" decoding=\"async\" width=\"800\" height=\"533\" src=\"https:\/\/dedemesquita.com.br\/wp-content\/uploads\/2024\/03\/cult18.jpg\" alt=\"\" class=\"wp-image-8793\" srcset=\"https:\/\/dedemesquita.com.br\/wp-content\/uploads\/2024\/03\/cult18.jpg 800w, https:\/\/dedemesquita.com.br\/wp-content\/uploads\/2024\/03\/cult18-768x512.jpg 768w\" sizes=\"(max-width: 800px) 100vw, 800px\" \/><figcaption class=\"wp-element-caption\">(foto de Marcelo Seabra) <\/figcaption><\/figure><\/div>\n\n<div class=\"wp-block-image\">\n<figure class=\"aligncenter size-full\"><img loading=\"lazy\" decoding=\"async\" width=\"800\" height=\"533\" src=\"https:\/\/dedemesquita.com.br\/wp-content\/uploads\/2024\/03\/cult17.jpg\" alt=\"\" class=\"wp-image-8794\" srcset=\"https:\/\/dedemesquita.com.br\/wp-content\/uploads\/2024\/03\/cult17.jpg 800w, https:\/\/dedemesquita.com.br\/wp-content\/uploads\/2024\/03\/cult17-768x512.jpg 768w\" sizes=\"(max-width: 800px) 100vw, 800px\" \/><figcaption class=\"wp-element-caption\">Muita m\u00fasica para todos os gostos (foto de Marcelo Seabra) <\/figcaption><\/figure><\/div>\n\n<div class=\"wp-block-image\">\n<figure class=\"aligncenter size-full\"><img loading=\"lazy\" decoding=\"async\" width=\"800\" height=\"533\" src=\"https:\/\/dedemesquita.com.br\/wp-content\/uploads\/2024\/03\/cult16.jpg\" alt=\"\" class=\"wp-image-8795\" srcset=\"https:\/\/dedemesquita.com.br\/wp-content\/uploads\/2024\/03\/cult16.jpg 800w, https:\/\/dedemesquita.com.br\/wp-content\/uploads\/2024\/03\/cult16-768x512.jpg 768w\" sizes=\"(max-width: 800px) 100vw, 800px\" \/><figcaption class=\"wp-element-caption\">Todo mundo caiu na dan\u00e7a (foto de Marcelo Seabra) <\/figcaption><\/figure><\/div>\n\n<div class=\"wp-block-image\">\n<figure class=\"aligncenter size-full\"><img loading=\"lazy\" decoding=\"async\" width=\"800\" height=\"533\" src=\"https:\/\/dedemesquita.com.br\/wp-content\/uploads\/2024\/03\/cult15.jpg\" alt=\"\" class=\"wp-image-8796\" srcset=\"https:\/\/dedemesquita.com.br\/wp-content\/uploads\/2024\/03\/cult15.jpg 800w, https:\/\/dedemesquita.com.br\/wp-content\/uploads\/2024\/03\/cult15-768x512.jpg 768w\" sizes=\"(max-width: 800px) 100vw, 800px\" \/><figcaption class=\"wp-element-caption\">P\u00fablico participou ativamente (foto de Marcelo Seabra) <\/figcaption><\/figure><\/div>\n\n<div class=\"wp-block-image\">\n<figure class=\"aligncenter size-full\"><img loading=\"lazy\" decoding=\"async\" width=\"800\" height=\"533\" src=\"https:\/\/dedemesquita.com.br\/wp-content\/uploads\/2024\/03\/cult14.jpg\" alt=\"\" class=\"wp-image-8797\" srcset=\"https:\/\/dedemesquita.com.br\/wp-content\/uploads\/2024\/03\/cult14.jpg 800w, https:\/\/dedemesquita.com.br\/wp-content\/uploads\/2024\/03\/cult14-768x512.jpg 768w\" sizes=\"(max-width: 800px) 100vw, 800px\" \/><figcaption class=\"wp-element-caption\">Vanessa Vasconcelos puxa o cord\u00e3o da festa (foto de Marcelo Seabra) <\/figcaption><\/figure><\/div>\n\n<div class=\"wp-block-image\">\n<figure class=\"aligncenter size-full\"><img loading=\"lazy\" decoding=\"async\" width=\"800\" height=\"533\" src=\"https:\/\/dedemesquita.com.br\/wp-content\/uploads\/2024\/03\/cult13.jpg\" alt=\"\" class=\"wp-image-8798\" srcset=\"https:\/\/dedemesquita.com.br\/wp-content\/uploads\/2024\/03\/cult13.jpg 800w, https:\/\/dedemesquita.com.br\/wp-content\/uploads\/2024\/03\/cult13-768x512.jpg 768w\" sizes=\"(max-width: 800px) 100vw, 800px\" \/><figcaption class=\"wp-element-caption\">Uma festa s\u00f3 (foto de Marcelo Seabra) <\/figcaption><\/figure><\/div>\n\n<div class=\"wp-block-image\">\n<figure class=\"aligncenter size-full\"><img loading=\"lazy\" decoding=\"async\" width=\"800\" height=\"533\" src=\"https:\/\/dedemesquita.com.br\/wp-content\/uploads\/2024\/03\/cult12.jpg\" alt=\"\" class=\"wp-image-8799\" srcset=\"https:\/\/dedemesquita.com.br\/wp-content\/uploads\/2024\/03\/cult12.jpg 800w, https:\/\/dedemesquita.com.br\/wp-content\/uploads\/2024\/03\/cult12-768x512.jpg 768w\" sizes=\"(max-width: 800px) 100vw, 800px\" \/><figcaption class=\"wp-element-caption\">Emerson Mendes (foto de Marcelo Seabra) <\/figcaption><\/figure><\/div>\n\n<div class=\"wp-block-image\">\n<figure class=\"aligncenter size-full\"><img loading=\"lazy\" decoding=\"async\" width=\"800\" height=\"533\" src=\"https:\/\/dedemesquita.com.br\/wp-content\/uploads\/2024\/03\/cult11.jpg\" alt=\"\" class=\"wp-image-8800\" srcset=\"https:\/\/dedemesquita.com.br\/wp-content\/uploads\/2024\/03\/cult11.jpg 800w, https:\/\/dedemesquita.com.br\/wp-content\/uploads\/2024\/03\/cult11-768x512.jpg 768w\" sizes=\"(max-width: 800px) 100vw, 800px\" \/><figcaption class=\"wp-element-caption\">Camila Lima \u00e9 fot\u00f3grafa do portal Cultura (foto de Marcelo Seabra) <\/figcaption><\/figure><\/div>\n\n<div class=\"wp-block-image\">\n<figure class=\"aligncenter size-full\"><img loading=\"lazy\" decoding=\"async\" width=\"800\" height=\"566\" src=\"https:\/\/dedemesquita.com.br\/wp-content\/uploads\/2024\/03\/cult10.jpg\" alt=\"\" class=\"wp-image-8801\" srcset=\"https:\/\/dedemesquita.com.br\/wp-content\/uploads\/2024\/03\/cult10.jpg 800w, https:\/\/dedemesquita.com.br\/wp-content\/uploads\/2024\/03\/cult10-768x543.jpg 768w\" sizes=\"(max-width: 800px) 100vw, 800px\" \/><figcaption class=\"wp-element-caption\">Teve muita celebra\u00e7\u00e3o (foto de Marcelo Seabra) <\/figcaption><\/figure><\/div>\n\n<div class=\"wp-block-image\">\n<figure class=\"aligncenter size-full\"><img loading=\"lazy\" decoding=\"async\" width=\"800\" height=\"533\" src=\"https:\/\/dedemesquita.com.br\/wp-content\/uploads\/2024\/03\/cult9.jpg\" alt=\"\" class=\"wp-image-8802\" srcset=\"https:\/\/dedemesquita.com.br\/wp-content\/uploads\/2024\/03\/cult9.jpg 800w, https:\/\/dedemesquita.com.br\/wp-content\/uploads\/2024\/03\/cult9-768x512.jpg 768w\" sizes=\"(max-width: 800px) 100vw, 800px\" \/><figcaption class=\"wp-element-caption\">O cinegrafista Aldemir (foto de Marcelo Seabra) <\/figcaption><\/figure><\/div>\n\n<div class=\"wp-block-image\">\n<figure class=\"aligncenter size-full\"><img loading=\"lazy\" decoding=\"async\" width=\"800\" height=\"533\" src=\"https:\/\/dedemesquita.com.br\/wp-content\/uploads\/2024\/03\/cult8.jpg\" alt=\"\" class=\"wp-image-8803\" srcset=\"https:\/\/dedemesquita.com.br\/wp-content\/uploads\/2024\/03\/cult8.jpg 800w, https:\/\/dedemesquita.com.br\/wp-content\/uploads\/2024\/03\/cult8-768x512.jpg 768w\" sizes=\"(max-width: 800px) 100vw, 800px\" \/><figcaption class=\"wp-element-caption\">Vanessa se divertiu bastante (foto de Marcelo Seabra) <\/figcaption><\/figure><\/div>\n\n<div class=\"wp-block-image\">\n<figure class=\"aligncenter size-full\"><img loading=\"lazy\" decoding=\"async\" width=\"800\" height=\"836\" src=\"https:\/\/dedemesquita.com.br\/wp-content\/uploads\/2024\/03\/cult7.jpg\" alt=\"\" class=\"wp-image-8804\" srcset=\"https:\/\/dedemesquita.com.br\/wp-content\/uploads\/2024\/03\/cult7.jpg 800w, https:\/\/dedemesquita.com.br\/wp-content\/uploads\/2024\/03\/cult7-768x803.jpg 768w\" sizes=\"(max-width: 800px) 100vw, 800px\" \/><figcaption class=\"wp-element-caption\">(foto de Marcelo Seabra)<\/figcaption><\/figure><\/div>\n\n<div class=\"wp-block-image\">\n<figure class=\"aligncenter size-full\"><img loading=\"lazy\" decoding=\"async\" width=\"800\" height=\"688\" src=\"https:\/\/dedemesquita.com.br\/wp-content\/uploads\/2024\/03\/cult6.jpg\" alt=\"\" class=\"wp-image-8805\" srcset=\"https:\/\/dedemesquita.com.br\/wp-content\/uploads\/2024\/03\/cult6.jpg 800w, https:\/\/dedemesquita.com.br\/wp-content\/uploads\/2024\/03\/cult6-768x660.jpg 768w\" sizes=\"(max-width: 800px) 100vw, 800px\" \/><figcaption class=\"wp-element-caption\">Vanessa Vasconcelos que est\u00e1 respondendo, atualmente, pela dire\u00e7\u00e3o da TV Cultura do Par\u00e1 (foto de Marcelo Seabra)<\/figcaption><\/figure><\/div>\n\n<div class=\"wp-block-image\">\n<figure class=\"aligncenter size-full\"><img loading=\"lazy\" decoding=\"async\" width=\"800\" height=\"647\" src=\"https:\/\/dedemesquita.com.br\/wp-content\/uploads\/2024\/03\/cult5.jpg\" alt=\"\" class=\"wp-image-8806\" srcset=\"https:\/\/dedemesquita.com.br\/wp-content\/uploads\/2024\/03\/cult5.jpg 800w, https:\/\/dedemesquita.com.br\/wp-content\/uploads\/2024\/03\/cult5-768x621.jpg 768w\" sizes=\"(max-width: 800px) 100vw, 800px\" \/><figcaption class=\"wp-element-caption\">Vanessa Fortes mostrando que \u00e9 &#8220;boa de perna&#8221; (foto de Marcelo Seabra)<\/figcaption><\/figure><\/div>\n\n<div class=\"wp-block-image\">\n<figure class=\"aligncenter size-full\"><img loading=\"lazy\" decoding=\"async\" width=\"800\" height=\"533\" src=\"https:\/\/dedemesquita.com.br\/wp-content\/uploads\/2024\/03\/cult3.jpg\" alt=\"\" class=\"wp-image-8807\" srcset=\"https:\/\/dedemesquita.com.br\/wp-content\/uploads\/2024\/03\/cult3.jpg 800w, https:\/\/dedemesquita.com.br\/wp-content\/uploads\/2024\/03\/cult3-768x512.jpg 768w\" sizes=\"(max-width: 800px) 100vw, 800px\" \/><figcaption class=\"wp-element-caption\">Andreia Teixeira, a gravidinha da TV Cultura (foto de Marcelo Seabra)<\/figcaption><\/figure><\/div>\n\n<div class=\"wp-block-image\">\n<figure class=\"aligncenter size-full\"><img loading=\"lazy\" decoding=\"async\" width=\"800\" height=\"533\" src=\"https:\/\/dedemesquita.com.br\/wp-content\/uploads\/2024\/03\/cult2.jpg\" alt=\"\" class=\"wp-image-8808\" srcset=\"https:\/\/dedemesquita.com.br\/wp-content\/uploads\/2024\/03\/cult2.jpg 800w, https:\/\/dedemesquita.com.br\/wp-content\/uploads\/2024\/03\/cult2-768x512.jpg 768w\" sizes=\"(max-width: 800px) 100vw, 800px\" \/><figcaption class=\"wp-element-caption\">Anna Paula Mello de olho em tudo (foto de Marcelo Seabra)<\/figcaption><\/figure><\/div>\n\n<div class=\"wp-block-image\">\n<figure class=\"aligncenter size-full\"><img loading=\"lazy\" decoding=\"async\" width=\"800\" height=\"533\" src=\"https:\/\/dedemesquita.com.br\/wp-content\/uploads\/2024\/03\/cult1.jpg\" alt=\"\" class=\"wp-image-8809\" srcset=\"https:\/\/dedemesquita.com.br\/wp-content\/uploads\/2024\/03\/cult1.jpg 800w, https:\/\/dedemesquita.com.br\/wp-content\/uploads\/2024\/03\/cult1-768x512.jpg 768w\" sizes=\"(max-width: 800px) 100vw, 800px\" \/><figcaption class=\"wp-element-caption\">Tamires (foto de Marcelo Seabra)<\/figcaption><\/figure><\/div>\n\n<div class=\"wp-block-image\">\n<figure class=\"aligncenter size-full\"><img loading=\"lazy\" decoding=\"async\" width=\"800\" height=\"533\" src=\"https:\/\/dedemesquita.com.br\/wp-content\/uploads\/2024\/03\/cult4.jpg\" alt=\"\" class=\"wp-image-8810\" srcset=\"https:\/\/dedemesquita.com.br\/wp-content\/uploads\/2024\/03\/cult4.jpg 800w, https:\/\/dedemesquita.com.br\/wp-content\/uploads\/2024\/03\/cult4-768x512.jpg 768w\" sizes=\"(max-width: 800px) 100vw, 800px\" \/><figcaption class=\"wp-element-caption\">Uma festa s\u00f3 (foto de Marcelo Seabra)<\/figcaption><\/figure><\/div>","protected":false},"excerpt":{"rendered":"<p>Bel\u00e9m, 25 de mar\u00e7o de 2024 &#8211; Foi um fest\u00e3o daqueles a programa\u00e7\u00e3o que celebrou os 37 anos de funda\u00e7\u00e3o da TV Cultura do Par\u00e1, no domingo, 24, pela manh\u00e3, na pra\u00e7a da Rep\u00fablica, em Bel\u00e9m. A programa\u00e7\u00e3o contou com shows de artistas paraenses e muita intera\u00e7\u00e3o com o p\u00fablico local e com quem acompanhou [&hellip;]<\/p>\n","protected":false},"author":2,"featured_media":8787,"comment_status":"open","ping_status":"open","sticky":false,"template":"","format":"standard","meta":{"footnotes":""},"categories":[51,14,29],"tags":[147,119,120,590,197],"class_list":["post-8786","post","type-post","status-publish","format-standard","has-post-thumbnail","hentry","category-destaque","category-imprensa","category-jornalismo","tag-funtelpa","tag-jornalismo","tag-jornalistas-paraenses-em-acao","tag-marcelo-seabra","tag-tv-cultura"],"yoast_head":"<!-- This site is optimized with the Yoast SEO plugin v19.10 - https:\/\/yoast.com\/wordpress\/plugins\/seo\/ -->\n<title>TV Cultura do Par\u00e1 celebra 37 anos de anivers\u00e1rio com intensa programa\u00e7\u00e3o na pra\u00e7a da Rep\u00fablica - Ded\u00e9 Mesquita<\/title>\n<meta name=\"robots\" content=\"index, follow, max-snippet:-1, max-image-preview:large, max-video-preview:-1\" \/>\n<link rel=\"canonical\" href=\"https:\/\/dedemesquita.com.br\/?p=8786\" \/>\n<meta property=\"og:locale\" content=\"pt_BR\" \/>\n<meta property=\"og:type\" content=\"article\" \/>\n<meta property=\"og:title\" content=\"TV Cultura do Par\u00e1 celebra 37 anos de anivers\u00e1rio com intensa programa\u00e7\u00e3o na pra\u00e7a da Rep\u00fablica - Ded\u00e9 Mesquita\" \/>\n<meta property=\"og:description\" content=\"Bel\u00e9m, 25 de mar\u00e7o de 2024 &#8211; Foi um fest\u00e3o daqueles a programa\u00e7\u00e3o que celebrou os 37 anos de funda\u00e7\u00e3o da TV Cultura do Par\u00e1, no domingo, 24, pela manh\u00e3, na pra\u00e7a da Rep\u00fablica, em Bel\u00e9m. A programa\u00e7\u00e3o contou com shows de artistas paraenses e muita intera\u00e7\u00e3o com o p\u00fablico local e com quem acompanhou [&hellip;]\" \/>\n<meta property=\"og:url\" content=\"https:\/\/dedemesquita.com.br\/?p=8786\" \/>\n<meta property=\"og:site_name\" content=\"Ded\u00e9 Mesquita\" \/>\n<meta property=\"article:publisher\" content=\"https:\/\/www.facebook.com\/dede.mesquita\" \/>\n<meta property=\"article:published_time\" content=\"2024-03-25T15:08:34+00:00\" \/>\n<meta property=\"article:modified_time\" content=\"2024-03-25T15:08:35+00:00\" \/>\n<meta property=\"og:image\" content=\"https:\/\/dedemesquita.com.br\/wp-content\/uploads\/2024\/03\/capa2.jpg\" \/>\n\t<meta property=\"og:image:width\" content=\"950\" \/>\n\t<meta property=\"og:image:height\" content=\"633\" \/>\n\t<meta property=\"og:image:type\" content=\"image\/jpeg\" \/>\n<meta name=\"author\" content=\"Ded\u00e9 Mesquita\" \/>\n<meta name=\"twitter:card\" content=\"summary_large_image\" \/>\n<meta name=\"twitter:creator\" content=\"@dedemesquita\" \/>\n<meta name=\"twitter:site\" content=\"@dedemesquita\" \/>\n<meta name=\"twitter:label1\" content=\"Escrito por\" \/>\n\t<meta name=\"twitter:data1\" content=\"Ded\u00e9 Mesquita\" \/>\n\t<meta name=\"twitter:label2\" content=\"Est. tempo de leitura\" \/>\n\t<meta name=\"twitter:data2\" content=\"2 minutos\" \/>\n<script type=\"application\/ld+json\" class=\"yoast-schema-graph\">{\"@context\":\"https:\/\/schema.org\",\"@graph\":[{\"@type\":\"WebPage\",\"@id\":\"https:\/\/dedemesquita.com.br\/?p=8786\",\"url\":\"https:\/\/dedemesquita.com.br\/?p=8786\",\"name\":\"TV Cultura do Par\u00e1 celebra 37 anos de anivers\u00e1rio com intensa programa\u00e7\u00e3o na pra\u00e7a da Rep\u00fablica - Ded\u00e9 Mesquita\",\"isPartOf\":{\"@id\":\"https:\/\/dedemesquita.com.br\/#website\"},\"datePublished\":\"2024-03-25T15:08:34+00:00\",\"dateModified\":\"2024-03-25T15:08:35+00:00\",\"author\":{\"@id\":\"https:\/\/dedemesquita.com.br\/#\/schema\/person\/36571f81dd2d76dc3ab37231542c9e24\"},\"breadcrumb\":{\"@id\":\"https:\/\/dedemesquita.com.br\/?p=8786#breadcrumb\"},\"inLanguage\":\"pt-BR\",\"potentialAction\":[{\"@type\":\"ReadAction\",\"target\":[\"https:\/\/dedemesquita.com.br\/?p=8786\"]}]},{\"@type\":\"BreadcrumbList\",\"@id\":\"https:\/\/dedemesquita.com.br\/?p=8786#breadcrumb\",\"itemListElement\":[{\"@type\":\"ListItem\",\"position\":1,\"name\":\"In\u00edcio\",\"item\":\"https:\/\/dedemesquita.com.br\/\"},{\"@type\":\"ListItem\",\"position\":2,\"name\":\"TV Cultura do Par\u00e1 celebra 37 anos de anivers\u00e1rio com intensa programa\u00e7\u00e3o na pra\u00e7a da Rep\u00fablica\"}]},{\"@type\":\"WebSite\",\"@id\":\"https:\/\/dedemesquita.com.br\/#website\",\"url\":\"https:\/\/dedemesquita.com.br\/\",\"name\":\"Ded\u00e9 Mesquita\",\"description\":\"Um site que mostra os bastidores da imprensa no estado do Par\u00e1 e em Bel\u00e9m\",\"potentialAction\":[{\"@type\":\"SearchAction\",\"target\":{\"@type\":\"EntryPoint\",\"urlTemplate\":\"https:\/\/dedemesquita.com.br\/?s={search_term_string}\"},\"query-input\":\"required name=search_term_string\"}],\"inLanguage\":\"pt-BR\"},{\"@type\":\"Person\",\"@id\":\"https:\/\/dedemesquita.com.br\/#\/schema\/person\/36571f81dd2d76dc3ab37231542c9e24\",\"name\":\"Ded\u00e9 Mesquita\",\"image\":{\"@type\":\"ImageObject\",\"inLanguage\":\"pt-BR\",\"@id\":\"https:\/\/dedemesquita.com.br\/#\/schema\/person\/image\/\",\"url\":\"https:\/\/dedemesquita.com.br\/wp-content\/uploads\/2021\/02\/foto_perfil-150x150.jpg\",\"contentUrl\":\"https:\/\/dedemesquita.com.br\/wp-content\/uploads\/2021\/02\/foto_perfil-150x150.jpg\",\"caption\":\"Ded\u00e9 Mesquita\"},\"sameAs\":[\"https:\/\/dedemesquita.com.br\"]}]}<\/script>\n<!-- \/ Yoast SEO plugin. -->","yoast_head_json":{"title":"TV Cultura do Par\u00e1 celebra 37 anos de anivers\u00e1rio com intensa programa\u00e7\u00e3o na pra\u00e7a da Rep\u00fablica - Ded\u00e9 Mesquita","robots":{"index":"index","follow":"follow","max-snippet":"max-snippet:-1","max-image-preview":"max-image-preview:large","max-video-preview":"max-video-preview:-1"},"canonical":"https:\/\/dedemesquita.com.br\/?p=8786","og_locale":"pt_BR","og_type":"article","og_title":"TV Cultura do Par\u00e1 celebra 37 anos de anivers\u00e1rio com intensa programa\u00e7\u00e3o na pra\u00e7a da Rep\u00fablica - Ded\u00e9 Mesquita","og_description":"Bel\u00e9m, 25 de mar\u00e7o de 2024 &#8211; Foi um fest\u00e3o daqueles a programa\u00e7\u00e3o que celebrou os 37 anos de funda\u00e7\u00e3o da TV Cultura do Par\u00e1, no domingo, 24, pela manh\u00e3, na pra\u00e7a da Rep\u00fablica, em Bel\u00e9m. A programa\u00e7\u00e3o contou com shows de artistas paraenses e muita intera\u00e7\u00e3o com o p\u00fablico local e com quem acompanhou [&hellip;]","og_url":"https:\/\/dedemesquita.com.br\/?p=8786","og_site_name":"Ded\u00e9 Mesquita","article_publisher":"https:\/\/www.facebook.com\/dede.mesquita","article_published_time":"2024-03-25T15:08:34+00:00","article_modified_time":"2024-03-25T15:08:35+00:00","og_image":[{"width":950,"height":633,"url":"https:\/\/dedemesquita.com.br\/wp-content\/uploads\/2024\/03\/capa2.jpg","type":"image\/jpeg"}],"author":"Ded\u00e9 Mesquita","twitter_card":"summary_large_image","twitter_creator":"@dedemesquita","twitter_site":"@dedemesquita","twitter_misc":{"Escrito por":"Ded\u00e9 Mesquita","Est. tempo de leitura":"2 minutos"},"schema":{"@context":"https:\/\/schema.org","@graph":[{"@type":"WebPage","@id":"https:\/\/dedemesquita.com.br\/?p=8786","url":"https:\/\/dedemesquita.com.br\/?p=8786","name":"TV Cultura do Par\u00e1 celebra 37 anos de anivers\u00e1rio com intensa programa\u00e7\u00e3o na pra\u00e7a da Rep\u00fablica - Ded\u00e9 Mesquita","isPartOf":{"@id":"https:\/\/dedemesquita.com.br\/#website"},"datePublished":"2024-03-25T15:08:34+00:00","dateModified":"2024-03-25T15:08:35+00:00","author":{"@id":"https:\/\/dedemesquita.com.br\/#\/schema\/person\/36571f81dd2d76dc3ab37231542c9e24"},"breadcrumb":{"@id":"https:\/\/dedemesquita.com.br\/?p=8786#breadcrumb"},"inLanguage":"pt-BR","potentialAction":[{"@type":"ReadAction","target":["https:\/\/dedemesquita.com.br\/?p=8786"]}]},{"@type":"BreadcrumbList","@id":"https:\/\/dedemesquita.com.br\/?p=8786#breadcrumb","itemListElement":[{"@type":"ListItem","position":1,"name":"In\u00edcio","item":"https:\/\/dedemesquita.com.br\/"},{"@type":"ListItem","position":2,"name":"TV Cultura do Par\u00e1 celebra 37 anos de anivers\u00e1rio com intensa programa\u00e7\u00e3o na pra\u00e7a da Rep\u00fablica"}]},{"@type":"WebSite","@id":"https:\/\/dedemesquita.com.br\/#website","url":"https:\/\/dedemesquita.com.br\/","name":"Ded\u00e9 Mesquita","description":"Um site que mostra os bastidores da imprensa no estado do Par\u00e1 e em Bel\u00e9m","potentialAction":[{"@type":"SearchAction","target":{"@type":"EntryPoint","urlTemplate":"https:\/\/dedemesquita.com.br\/?s={search_term_string}"},"query-input":"required name=search_term_string"}],"inLanguage":"pt-BR"},{"@type":"Person","@id":"https:\/\/dedemesquita.com.br\/#\/schema\/person\/36571f81dd2d76dc3ab37231542c9e24","name":"Ded\u00e9 Mesquita","image":{"@type":"ImageObject","inLanguage":"pt-BR","@id":"https:\/\/dedemesquita.com.br\/#\/schema\/person\/image\/","url":"https:\/\/dedemesquita.com.br\/wp-content\/uploads\/2021\/02\/foto_perfil-150x150.jpg","contentUrl":"https:\/\/dedemesquita.com.br\/wp-content\/uploads\/2021\/02\/foto_perfil-150x150.jpg","caption":"Ded\u00e9 Mesquita"},"sameAs":["https:\/\/dedemesquita.com.br"]}]}},"_links":{"self":[{"href":"https:\/\/dedemesquita.com.br\/index.php?rest_route=\/wp\/v2\/posts\/8786"}],"collection":[{"href":"https:\/\/dedemesquita.com.br\/index.php?rest_route=\/wp\/v2\/posts"}],"about":[{"href":"https:\/\/dedemesquita.com.br\/index.php?rest_route=\/wp\/v2\/types\/post"}],"author":[{"embeddable":true,"href":"https:\/\/dedemesquita.com.br\/index.php?rest_route=\/wp\/v2\/users\/2"}],"replies":[{"embeddable":true,"href":"https:\/\/dedemesquita.com.br\/index.php?rest_route=%2Fwp%2Fv2%2Fcomments&post=8786"}],"version-history":[{"count":2,"href":"https:\/\/dedemesquita.com.br\/index.php?rest_route=\/wp\/v2\/posts\/8786\/revisions"}],"predecessor-version":[{"id":8812,"href":"https:\/\/dedemesquita.com.br\/index.php?rest_route=\/wp\/v2\/posts\/8786\/revisions\/8812"}],"wp:featuredmedia":[{"embeddable":true,"href":"https:\/\/dedemesquita.com.br\/index.php?rest_route=\/wp\/v2\/media\/8787"}],"wp:attachment":[{"href":"https:\/\/dedemesquita.com.br\/index.php?rest_route=%2Fwp%2Fv2%2Fmedia&parent=8786"}],"wp:term":[{"taxonomy":"category","embeddable":true,"href":"https:\/\/dedemesquita.com.br\/index.php?rest_route=%2Fwp%2Fv2%2Fcategories&post=8786"},{"taxonomy":"post_tag","embeddable":true,"href":"https:\/\/dedemesquita.com.br\/index.php?rest_route=%2Fwp%2Fv2%2Ftags&post=8786"}],"curies":[{"name":"wp","href":"https:\/\/api.w.org\/{rel}","templated":true}]}}