{"id":8763,"date":"2024-03-19T12:16:50","date_gmt":"2024-03-19T15:16:50","guid":{"rendered":"https:\/\/dedemesquita.com.br\/?p=8763"},"modified":"2024-03-19T12:16:51","modified_gmt":"2024-03-19T15:16:51","slug":"grupo-o-liberal-lanca-historias-de-policia-reporter-chico-regueira-grava-quadro-em-belem-denuncia-de-santarem-e-muito-mais","status":"publish","type":"post","link":"https:\/\/dedemesquita.com.br\/?p=8763","title":{"rendered":"Grupo O Liberal lan\u00e7a &#8220;Hist\u00f3rias de Pol\u00edcia&#8221;, rep\u00f3rter Chico Regueira grava quadro em Bel\u00e9m, den\u00fancia de Santar\u00e9m e muito mais"},"content":{"rendered":"\n<p><strong>Bel\u00e9m, 19 de mar\u00e7o de 2024 &#8211;<\/strong> Na ter\u00e7a-feira, estamos sempre em busca das not\u00edcias quentinhas para colocar nas postagens. Como sempre, novidades e no finalzinho, uma den\u00fancia.<strong> Acompanhem: <\/strong><\/p>\n\n\n\n<p><strong>Hist\u00f3rias de Pol\u00edcia &#8211; <\/strong>O Grupo Liberal lan\u00e7a nesta ter\u00e7a-feira, dia 19, o videocast <strong>\u201cHist\u00f3rias de Pol\u00edcia\u201d,<\/strong> apresentado pelo rep\u00f3rter <strong>D\u00edlson Pimentel<\/strong>. No primeiro epis\u00f3dio, a entrevista \u00e9 com<strong> o delegado de Pol\u00edcia Civil e advogado Paulo Tamer,<\/strong> que tem mais de 30 anos de experi\u00eancia na seguran\u00e7a p\u00fablica. A webs\u00e9rie de O Liberal contar\u00e1 inicialmente com oito epis\u00f3dios, ter\u00e1 frequ\u00eancia quinzenal e estar\u00e1 dispon\u00edvel no portal OLiberal.com, por meio da plataforma LibPlay e no YouTube do jornal, \u00e0s 21 horas. Tamer j\u00e1 foi coordenador da Pol\u00edcia Civil do Par\u00e1, o equivalente, hoje, a Delegado Geral. Neste primeiro epis\u00f3dio, Paulo Tamer fala sobre o <em>serial killer<\/em> <strong>Andr\u00e9 Barbosa<\/strong>, conhecido como <strong>\u201cO Monstro da Ceasa\u201d<\/strong>, que matou tr\u00eas adolescentes, moradores do bairro do Guam\u00e1, em Bel\u00e9m, entre dezembro de 2006 e mar\u00e7o de 2007. A investiga\u00e7\u00e3o policial para identific\u00e1-lo e prend\u00ea-lo durou 11 meses, foi uma investiga\u00e7\u00e3o complexa, em que foi montada uma for\u00e7a-tarefa, comandada por Paulo Tamer. O delegado falou tamb\u00e9m sobre os bastidores da investiga\u00e7\u00e3o e de todo o trabalho que foi feito at\u00e9 se chegar \u00e0 conclus\u00e3o de que os crimes eram praticados por um matador em s\u00e9rie.<\/p>\n\n\n<div class=\"wp-block-image\">\n<figure class=\"aligncenter size-full\"><img loading=\"lazy\" decoding=\"async\" width=\"321\" height=\"531\" src=\"https:\/\/dedemesquita.com.br\/wp-content\/uploads\/2024\/03\/WhatsApp-Image-2024-03-19-at-12.02.14.jpeg\" alt=\"\" class=\"wp-image-8767\"\/><figcaption class=\"wp-element-caption\">Delegado Paulo Tamer durante a grava\u00e7\u00e3o da webs\u00e9rie <\/figcaption><\/figure><\/div>\n\n\n<p><strong>Cadeirinhas em Bel\u00e9m &#8211; <\/strong>O rep\u00f3rter <strong>Chico Regueira<\/strong>, da <strong>TV Globo Rio de Janeiro<\/strong>, esteve em Bel\u00e9m gravando o quadro <strong>\u201cCadeirinhas\u201d<\/strong>, que ele apresenta na emissora carioca. Dessa vez, Chico gravou as entrevistas no Ver-o-Peso, conhecido cart\u00e3o da capital do estado do Par\u00e1. <strong>S\u00e3o duas cadeiras<\/strong>, daquelas de praia, e infinitas hist\u00f3rias das pessoas que Chico escuta e que rendem muita emo\u00e7\u00e3o. Em Bel\u00e9m, a grava\u00e7\u00e3o teve apoio da <strong>TV Liberal<\/strong>, com produ\u00e7\u00e3o de <strong>L\u00e9o Nunes<\/strong>.<\/p>\n\n\n<div class=\"wp-block-image\">\n<figure class=\"aligncenter size-full\"><img loading=\"lazy\" decoding=\"async\" width=\"339\" height=\"397\" src=\"https:\/\/dedemesquita.com.br\/wp-content\/uploads\/2024\/03\/WhatsApp-Image-2024-03-19-at-11.18.35-1.jpeg\" alt=\"\" class=\"wp-image-8768\"\/><figcaption class=\"wp-element-caption\">O rep\u00f3rter Chico Regueira durante a grava\u00e7\u00e3o do quadro &#8220;Cadeirinhas&#8221; no Ver-o-Peso <\/figcaption><\/figure><\/div>\n\n\n<p><strong>Tiradentes FM Bel\u00e9m &#8211; <\/strong>Bel\u00e9m tem uma nova r\u00e1dio que toca muita m\u00fasica de qualidade, com o slogan \u201cA sua melhor lembran\u00e7a toca aqui\u201d. \u00c9 a <strong>Tiradentes FM Bel\u00e9m<\/strong>, no dial <strong>97,1<\/strong>, que \u00e9 coordenada pelo radialista <strong>Mauro Cleber<\/strong>, que teve passagens pelas r\u00e1dios Cidade e Jovem Pan.<\/p>\n\n\n<div class=\"wp-block-image\">\n<figure class=\"aligncenter size-full\"><img loading=\"lazy\" decoding=\"async\" width=\"557\" height=\"448\" src=\"https:\/\/dedemesquita.com.br\/wp-content\/uploads\/2024\/03\/Mauro-Cleber.jpeg\" alt=\"\" class=\"wp-image-8769\"\/><figcaption class=\"wp-element-caption\">Mauro Cleber, da r\u00e1dio Tiradentes Bel\u00e9m <\/figcaption><\/figure><\/div>\n\n\n<p><strong>Catarina &#8211;<\/strong> A jornalista paraense <strong>Catarina Barbosa<\/strong> \u00e9 a mais nova bolsista do <strong>Rainforest Investigative Network &#8211; RIN<\/strong>. Durante o pr\u00f3ximo ano, ela investigar\u00e1 os incentivos pol\u00edticos e econ\u00f4micos por tr\u00e1s da destrui\u00e7\u00e3o da Amaz\u00f4nia. As investiga\u00e7\u00f5es da jornalista poder\u00e3o ser acompanhadas <strong>na revista Suma\u00fama<\/strong>, da qual ela \u00e9 colaboradora. Al\u00e9m de Catarina, os jornalistas brasileiros <strong>Bruna Bronoski<\/strong> e <strong>Fabian Alexander Federt<\/strong> tamb\u00e9m foram selecionados \u00e0 bolsa.<\/p>\n\n\n<div class=\"wp-block-image\">\n<figure class=\"aligncenter size-full\"><img loading=\"lazy\" decoding=\"async\" width=\"711\" height=\"466\" src=\"https:\/\/dedemesquita.com.br\/wp-content\/uploads\/2024\/03\/Catarina-Barbosa.jpeg\" alt=\"\" class=\"wp-image-8772\"\/><figcaption class=\"wp-element-caption\">Catarina foi contemplada com bolsa de reportagem<\/figcaption><\/figure><\/div>\n\n\n<p><strong>Carachesti de volta \u00e0 Unama &#8211;<\/strong> O fot\u00f3grafo <strong>Bruno Carachesti<\/strong>, que teve uma passagem r\u00e1pida pela <strong>Secom\/ Ag\u00eancia Par\u00e1<\/strong>, est\u00e1 de volta \u00e0<strong> Unama<\/strong>, onde volta a atuar como professor.<\/p>\n\n\n<div class=\"wp-block-image\">\n<figure class=\"aligncenter size-full\"><img loading=\"lazy\" decoding=\"async\" width=\"632\" height=\"565\" src=\"https:\/\/dedemesquita.com.br\/wp-content\/uploads\/2024\/03\/Carachesti.jpeg\" alt=\"\" class=\"wp-image-8770\"\/><figcaption class=\"wp-element-caption\">Bruno Carachesti volta \u00e0 carreira de professor na Unama <\/figcaption><\/figure><\/div>\n\n\n<p><strong>Lorenna &#8211; <\/strong>A jornalista <strong>Lorenna Mesquita<\/strong>, que tamb\u00e9m \u00e9 atriz, foi convidada para levar o mon\u00f3logo sobre Florbela Espanca, no qual ela atua, \u00e0s universidades <strong>Oxford<\/strong>, na Inglaterra, e <strong>\u00c9vora<\/strong>, em Portugal, para apresentar essa pe\u00e7a. Lorenna \u00e9 paraense, e mora em S\u00e3o Paulo h\u00e1 alguns anos.<\/p>\n\n\n<div class=\"wp-block-image\">\n<figure class=\"aligncenter size-full\"><img loading=\"lazy\" decoding=\"async\" width=\"466\" height=\"491\" src=\"https:\/\/dedemesquita.com.br\/wp-content\/uploads\/2024\/03\/Lorenna-Mesquita.jpeg\" alt=\"\" class=\"wp-image-8771\"\/><figcaption class=\"wp-element-caption\">Lorenna Mesquita vai apresentar mon\u00f3logo na Inglaterra e Portugal <\/figcaption><\/figure><\/div>\n\n\n<p>A<strong>nivers\u00e1rio do TV Cultura &#8211; <\/strong>Para celebrar 37 anos no ar, a <strong>TV Cultura do Par\u00e1<\/strong> realiza no <strong>pr\u00f3ximo domingo, dia 24, na pra\u00e7a da Rep\u00fablica, em Bel\u00e9m, grande programa\u00e7\u00e3o <\/strong>com shows de artistas locais, espa\u00e7os \u201cinstagram\u00e1veis\u201d e uma a\u00e7\u00e3o de sustentabilidade do projeto \u201cCultura Eco\u201d. Tudo de gra\u00e7a. O evento ser\u00e1 a partir das 9h e ser\u00e1 transmitido ao vivo pela emissora, <strong>por meio do canal 2.1<\/strong>. Criada como emissora p\u00fablica do Estado para ser um ve\u00edculo de difus\u00e3o e valoriza\u00e7\u00e3o da cultura amaz\u00f4nica, a TV Cultura <strong>entrou no ar no dia 2 de janeiro de 1987<\/strong>, marcando o come\u00e7o de uma nova era na telecomunica\u00e7\u00e3o e radiodifus\u00e3o do Par\u00e1. Com uma cobertura que chega a 108 munic\u00edpios do estado do Par\u00e1, atualmente, a emissora produz 11 programas, distribu\u00eddos pelos n\u00facleos de entretenimento e jornalismo, sempre valorizando os conte\u00fados genuinamente paraenses. <\/p>\n\n\n<div class=\"wp-block-image\">\n<figure class=\"aligncenter size-full\"><img loading=\"lazy\" decoding=\"async\" width=\"750\" height=\"499\" src=\"https:\/\/dedemesquita.com.br\/wp-content\/uploads\/2024\/03\/TV-Cultura.jpg\" alt=\"\" class=\"wp-image-8779\" srcset=\"https:\/\/dedemesquita.com.br\/wp-content\/uploads\/2024\/03\/TV-Cultura.jpg 750w, https:\/\/dedemesquita.com.br\/wp-content\/uploads\/2024\/03\/TV-Cultura-600x398.jpg 600w\" sizes=\"(max-width: 750px) 100vw, 750px\" \/><figcaption class=\"wp-element-caption\">TV Cultura celebra 37 anos no ar (foto de Camila Lima\/ Portal Cultura)<\/figcaption><\/figure><\/div>\n\n\n<p><strong>Andreia gravidinha &#8211; <\/strong>A jornalista <strong>Andreia Teixeira<\/strong> est\u00e1 gr\u00e1vida do terceiro filho. Ela e <strong>Bruno Cardoso<\/strong> j\u00e1 s\u00e3o pais das meninas <strong>Giovanna <\/strong>e <strong>Bruna<\/strong>.<\/p>\n\n\n<div class=\"wp-block-image\">\n<figure class=\"aligncenter size-full\"><img loading=\"lazy\" decoding=\"async\" width=\"409\" height=\"521\" src=\"https:\/\/dedemesquita.com.br\/wp-content\/uploads\/2024\/03\/Andreia-e-familia.jpeg\" alt=\"\" class=\"wp-image-8773\"\/><figcaption class=\"wp-element-caption\">Andreia Teixeira e sua fam\u00edlia est\u00e3o bem felizes  <\/figcaption><\/figure><\/div>\n\n\n<p><strong>Den\u00fancia que vem de Santar\u00e9m &#8211; <\/strong>Uma den\u00fancia chega de <strong>Santar\u00e9m<\/strong>, na regi\u00e3o oeste do Par\u00e1, sobre um jornalista daquela cidade, <strong>Jeferson Miranda<\/strong>, que toda semana pede dinheiro aos assessores de imprensa, como pedido de ajuda. As desculpas s\u00e3o sempre \u201cpara ajudar a pagar pens\u00e3o do filho\u201d ou \u201co servidor do site que precisa pagar ou sai do ar\u201d. Mas as pessoas a quem ele j\u00e1 recorreu constataram que o site dele, <strong>&#8220;Portal de Santar\u00e9m<\/strong>&#8220;, tem an\u00fancio da <strong>mineradora MRN<\/strong>. As pessoas at\u00e9 o ajudaram, mas perceberam que os pedidos eram recorrentes e ocorriam nos finais de semana. Miranda se diz \u201cparceiro de todos e que se pode contar sempre com ele\u201d. H\u00e1 duas semanas, ele mandou mensagem e disse que precisava de <strong>R$ 200,00 <\/strong>para pagar o servidor dele, porque o site estaria fora do ar, mas ao acessar o site, ele estava em plena atividade.<\/p>\n\n\n<div class=\"wp-block-image\">\n<figure class=\"aligncenter size-full\"><img loading=\"lazy\" decoding=\"async\" width=\"650\" height=\"461\" src=\"https:\/\/dedemesquita.com.br\/wp-content\/uploads\/2024\/03\/WhatsApp-Image-2024-03-11-at-13.17.44.jpeg\" alt=\"\" class=\"wp-image-8774\"\/><figcaption class=\"wp-element-caption\">Mensagem de Jeferson pedindo ajuda<\/figcaption><\/figure><\/div>\n\n<div class=\"wp-block-image\">\n<figure class=\"aligncenter size-full\"><img loading=\"lazy\" decoding=\"async\" width=\"800\" height=\"350\" src=\"https:\/\/dedemesquita.com.br\/wp-content\/uploads\/2024\/03\/WhatsApp-Image-2024-03-19-at-11.14.33.jpeg\" alt=\"\" class=\"wp-image-8775\" srcset=\"https:\/\/dedemesquita.com.br\/wp-content\/uploads\/2024\/03\/WhatsApp-Image-2024-03-19-at-11.14.33.jpeg 800w, https:\/\/dedemesquita.com.br\/wp-content\/uploads\/2024\/03\/WhatsApp-Image-2024-03-19-at-11.14.33-768x336.jpeg 768w\" sizes=\"(max-width: 800px) 100vw, 800px\" \/><figcaption class=\"wp-element-caption\">O site Portal de Santar\u00e9m nunca saiu do ar <\/figcaption><\/figure><\/div>","protected":false},"excerpt":{"rendered":"<p>Bel\u00e9m, 19 de mar\u00e7o de 2024 &#8211; Na ter\u00e7a-feira, estamos sempre em busca das not\u00edcias quentinhas para colocar nas postagens. Como sempre, novidades e no finalzinho, uma den\u00fancia. Acompanhem: Hist\u00f3rias de Pol\u00edcia &#8211; O Grupo Liberal lan\u00e7a nesta ter\u00e7a-feira, dia 19, o videocast \u201cHist\u00f3rias de Pol\u00edcia\u201d, apresentado pelo rep\u00f3rter D\u00edlson Pimentel. No primeiro epis\u00f3dio, a [&hellip;]<\/p>\n","protected":false},"author":2,"featured_media":8764,"comment_status":"open","ping_status":"open","sticky":false,"template":"","format":"standard","meta":{"footnotes":""},"categories":[51,14,29],"tags":[119,120,144,197,339,137],"class_list":["post-8763","post","type-post","status-publish","format-standard","has-post-thumbnail","hentry","category-destaque","category-imprensa","category-jornalismo","tag-jornalismo","tag-jornalistas-paraenses-em-acao","tag-o-liberal","tag-tv-cultura","tag-tv-globo","tag-tv-liberal"],"yoast_head":"<!-- This site is optimized with the Yoast SEO plugin v19.10 - https:\/\/yoast.com\/wordpress\/plugins\/seo\/ -->\n<title>Grupo O Liberal lan\u00e7a &quot;Hist\u00f3rias de Pol\u00edcia&quot;, rep\u00f3rter Chico Regueira grava quadro em Bel\u00e9m, den\u00fancia de Santar\u00e9m e muito mais - Ded\u00e9 Mesquita<\/title>\n<meta name=\"robots\" content=\"index, follow, max-snippet:-1, max-image-preview:large, max-video-preview:-1\" \/>\n<link rel=\"canonical\" href=\"https:\/\/dedemesquita.com.br\/?p=8763\" \/>\n<meta property=\"og:locale\" content=\"pt_BR\" \/>\n<meta property=\"og:type\" content=\"article\" \/>\n<meta property=\"og:title\" content=\"Grupo O Liberal lan\u00e7a &quot;Hist\u00f3rias de Pol\u00edcia&quot;, rep\u00f3rter Chico Regueira grava quadro em Bel\u00e9m, den\u00fancia de Santar\u00e9m e muito mais - Ded\u00e9 Mesquita\" \/>\n<meta property=\"og:description\" content=\"Bel\u00e9m, 19 de mar\u00e7o de 2024 &#8211; Na ter\u00e7a-feira, estamos sempre em busca das not\u00edcias quentinhas para colocar nas postagens. Como sempre, novidades e no finalzinho, uma den\u00fancia. Acompanhem: Hist\u00f3rias de Pol\u00edcia &#8211; O Grupo Liberal lan\u00e7a nesta ter\u00e7a-feira, dia 19, o videocast \u201cHist\u00f3rias de Pol\u00edcia\u201d, apresentado pelo rep\u00f3rter D\u00edlson Pimentel. No primeiro epis\u00f3dio, a [&hellip;]\" \/>\n<meta property=\"og:url\" content=\"https:\/\/dedemesquita.com.br\/?p=8763\" \/>\n<meta property=\"og:site_name\" content=\"Ded\u00e9 Mesquita\" \/>\n<meta property=\"article:publisher\" content=\"https:\/\/www.facebook.com\/dede.mesquita\" \/>\n<meta property=\"article:published_time\" content=\"2024-03-19T15:16:50+00:00\" \/>\n<meta property=\"article:modified_time\" content=\"2024-03-19T15:16:51+00:00\" \/>\n<meta property=\"og:image\" content=\"https:\/\/dedemesquita.com.br\/wp-content\/uploads\/2024\/03\/Dilson-Pimentel_-Paulo-Tamer.jpeg\" \/>\n\t<meta property=\"og:image:width\" content=\"950\" \/>\n\t<meta property=\"og:image:height\" content=\"566\" \/>\n\t<meta property=\"og:image:type\" content=\"image\/jpeg\" \/>\n<meta name=\"author\" content=\"Ded\u00e9 Mesquita\" \/>\n<meta name=\"twitter:card\" content=\"summary_large_image\" \/>\n<meta name=\"twitter:creator\" content=\"@dedemesquita\" \/>\n<meta name=\"twitter:site\" content=\"@dedemesquita\" \/>\n<meta name=\"twitter:label1\" content=\"Escrito por\" \/>\n\t<meta name=\"twitter:data1\" content=\"Ded\u00e9 Mesquita\" \/>\n\t<meta name=\"twitter:label2\" content=\"Est. tempo de leitura\" \/>\n\t<meta name=\"twitter:data2\" content=\"5 minutos\" \/>\n<script type=\"application\/ld+json\" class=\"yoast-schema-graph\">{\"@context\":\"https:\/\/schema.org\",\"@graph\":[{\"@type\":\"WebPage\",\"@id\":\"https:\/\/dedemesquita.com.br\/?p=8763\",\"url\":\"https:\/\/dedemesquita.com.br\/?p=8763\",\"name\":\"Grupo O Liberal lan\u00e7a \\\"Hist\u00f3rias de Pol\u00edcia\\\", rep\u00f3rter Chico Regueira grava quadro em Bel\u00e9m, den\u00fancia de Santar\u00e9m e muito mais - Ded\u00e9 Mesquita\",\"isPartOf\":{\"@id\":\"https:\/\/dedemesquita.com.br\/#website\"},\"datePublished\":\"2024-03-19T15:16:50+00:00\",\"dateModified\":\"2024-03-19T15:16:51+00:00\",\"author\":{\"@id\":\"https:\/\/dedemesquita.com.br\/#\/schema\/person\/36571f81dd2d76dc3ab37231542c9e24\"},\"breadcrumb\":{\"@id\":\"https:\/\/dedemesquita.com.br\/?p=8763#breadcrumb\"},\"inLanguage\":\"pt-BR\",\"potentialAction\":[{\"@type\":\"ReadAction\",\"target\":[\"https:\/\/dedemesquita.com.br\/?p=8763\"]}]},{\"@type\":\"BreadcrumbList\",\"@id\":\"https:\/\/dedemesquita.com.br\/?p=8763#breadcrumb\",\"itemListElement\":[{\"@type\":\"ListItem\",\"position\":1,\"name\":\"In\u00edcio\",\"item\":\"https:\/\/dedemesquita.com.br\/\"},{\"@type\":\"ListItem\",\"position\":2,\"name\":\"Grupo O Liberal lan\u00e7a &#8220;Hist\u00f3rias de Pol\u00edcia&#8221;, rep\u00f3rter Chico Regueira grava quadro em Bel\u00e9m, den\u00fancia de Santar\u00e9m e muito mais\"}]},{\"@type\":\"WebSite\",\"@id\":\"https:\/\/dedemesquita.com.br\/#website\",\"url\":\"https:\/\/dedemesquita.com.br\/\",\"name\":\"Ded\u00e9 Mesquita\",\"description\":\"Um site que mostra os bastidores da imprensa no estado do Par\u00e1 e em Bel\u00e9m\",\"potentialAction\":[{\"@type\":\"SearchAction\",\"target\":{\"@type\":\"EntryPoint\",\"urlTemplate\":\"https:\/\/dedemesquita.com.br\/?s={search_term_string}\"},\"query-input\":\"required name=search_term_string\"}],\"inLanguage\":\"pt-BR\"},{\"@type\":\"Person\",\"@id\":\"https:\/\/dedemesquita.com.br\/#\/schema\/person\/36571f81dd2d76dc3ab37231542c9e24\",\"name\":\"Ded\u00e9 Mesquita\",\"image\":{\"@type\":\"ImageObject\",\"inLanguage\":\"pt-BR\",\"@id\":\"https:\/\/dedemesquita.com.br\/#\/schema\/person\/image\/\",\"url\":\"https:\/\/dedemesquita.com.br\/wp-content\/uploads\/2021\/02\/foto_perfil-150x150.jpg\",\"contentUrl\":\"https:\/\/dedemesquita.com.br\/wp-content\/uploads\/2021\/02\/foto_perfil-150x150.jpg\",\"caption\":\"Ded\u00e9 Mesquita\"},\"sameAs\":[\"https:\/\/dedemesquita.com.br\"]}]}<\/script>\n<!-- \/ Yoast SEO plugin. -->","yoast_head_json":{"title":"Grupo O Liberal lan\u00e7a \"Hist\u00f3rias de Pol\u00edcia\", rep\u00f3rter Chico Regueira grava quadro em Bel\u00e9m, den\u00fancia de Santar\u00e9m e muito mais - Ded\u00e9 Mesquita","robots":{"index":"index","follow":"follow","max-snippet":"max-snippet:-1","max-image-preview":"max-image-preview:large","max-video-preview":"max-video-preview:-1"},"canonical":"https:\/\/dedemesquita.com.br\/?p=8763","og_locale":"pt_BR","og_type":"article","og_title":"Grupo O Liberal lan\u00e7a \"Hist\u00f3rias de Pol\u00edcia\", rep\u00f3rter Chico Regueira grava quadro em Bel\u00e9m, den\u00fancia de Santar\u00e9m e muito mais - Ded\u00e9 Mesquita","og_description":"Bel\u00e9m, 19 de mar\u00e7o de 2024 &#8211; Na ter\u00e7a-feira, estamos sempre em busca das not\u00edcias quentinhas para colocar nas postagens. Como sempre, novidades e no finalzinho, uma den\u00fancia. Acompanhem: Hist\u00f3rias de Pol\u00edcia &#8211; O Grupo Liberal lan\u00e7a nesta ter\u00e7a-feira, dia 19, o videocast \u201cHist\u00f3rias de Pol\u00edcia\u201d, apresentado pelo rep\u00f3rter D\u00edlson Pimentel. No primeiro epis\u00f3dio, a [&hellip;]","og_url":"https:\/\/dedemesquita.com.br\/?p=8763","og_site_name":"Ded\u00e9 Mesquita","article_publisher":"https:\/\/www.facebook.com\/dede.mesquita","article_published_time":"2024-03-19T15:16:50+00:00","article_modified_time":"2024-03-19T15:16:51+00:00","og_image":[{"width":950,"height":566,"url":"https:\/\/dedemesquita.com.br\/wp-content\/uploads\/2024\/03\/Dilson-Pimentel_-Paulo-Tamer.jpeg","type":"image\/jpeg"}],"author":"Ded\u00e9 Mesquita","twitter_card":"summary_large_image","twitter_creator":"@dedemesquita","twitter_site":"@dedemesquita","twitter_misc":{"Escrito por":"Ded\u00e9 Mesquita","Est. tempo de leitura":"5 minutos"},"schema":{"@context":"https:\/\/schema.org","@graph":[{"@type":"WebPage","@id":"https:\/\/dedemesquita.com.br\/?p=8763","url":"https:\/\/dedemesquita.com.br\/?p=8763","name":"Grupo O Liberal lan\u00e7a \"Hist\u00f3rias de Pol\u00edcia\", rep\u00f3rter Chico Regueira grava quadro em Bel\u00e9m, den\u00fancia de Santar\u00e9m e muito mais - Ded\u00e9 Mesquita","isPartOf":{"@id":"https:\/\/dedemesquita.com.br\/#website"},"datePublished":"2024-03-19T15:16:50+00:00","dateModified":"2024-03-19T15:16:51+00:00","author":{"@id":"https:\/\/dedemesquita.com.br\/#\/schema\/person\/36571f81dd2d76dc3ab37231542c9e24"},"breadcrumb":{"@id":"https:\/\/dedemesquita.com.br\/?p=8763#breadcrumb"},"inLanguage":"pt-BR","potentialAction":[{"@type":"ReadAction","target":["https:\/\/dedemesquita.com.br\/?p=8763"]}]},{"@type":"BreadcrumbList","@id":"https:\/\/dedemesquita.com.br\/?p=8763#breadcrumb","itemListElement":[{"@type":"ListItem","position":1,"name":"In\u00edcio","item":"https:\/\/dedemesquita.com.br\/"},{"@type":"ListItem","position":2,"name":"Grupo O Liberal lan\u00e7a &#8220;Hist\u00f3rias de Pol\u00edcia&#8221;, rep\u00f3rter Chico Regueira grava quadro em Bel\u00e9m, den\u00fancia de Santar\u00e9m e muito mais"}]},{"@type":"WebSite","@id":"https:\/\/dedemesquita.com.br\/#website","url":"https:\/\/dedemesquita.com.br\/","name":"Ded\u00e9 Mesquita","description":"Um site que mostra os bastidores da imprensa no estado do Par\u00e1 e em Bel\u00e9m","potentialAction":[{"@type":"SearchAction","target":{"@type":"EntryPoint","urlTemplate":"https:\/\/dedemesquita.com.br\/?s={search_term_string}"},"query-input":"required name=search_term_string"}],"inLanguage":"pt-BR"},{"@type":"Person","@id":"https:\/\/dedemesquita.com.br\/#\/schema\/person\/36571f81dd2d76dc3ab37231542c9e24","name":"Ded\u00e9 Mesquita","image":{"@type":"ImageObject","inLanguage":"pt-BR","@id":"https:\/\/dedemesquita.com.br\/#\/schema\/person\/image\/","url":"https:\/\/dedemesquita.com.br\/wp-content\/uploads\/2021\/02\/foto_perfil-150x150.jpg","contentUrl":"https:\/\/dedemesquita.com.br\/wp-content\/uploads\/2021\/02\/foto_perfil-150x150.jpg","caption":"Ded\u00e9 Mesquita"},"sameAs":["https:\/\/dedemesquita.com.br"]}]}},"_links":{"self":[{"href":"https:\/\/dedemesquita.com.br\/index.php?rest_route=\/wp\/v2\/posts\/8763"}],"collection":[{"href":"https:\/\/dedemesquita.com.br\/index.php?rest_route=\/wp\/v2\/posts"}],"about":[{"href":"https:\/\/dedemesquita.com.br\/index.php?rest_route=\/wp\/v2\/types\/post"}],"author":[{"embeddable":true,"href":"https:\/\/dedemesquita.com.br\/index.php?rest_route=\/wp\/v2\/users\/2"}],"replies":[{"embeddable":true,"href":"https:\/\/dedemesquita.com.br\/index.php?rest_route=%2Fwp%2Fv2%2Fcomments&post=8763"}],"version-history":[{"count":6,"href":"https:\/\/dedemesquita.com.br\/index.php?rest_route=\/wp\/v2\/posts\/8763\/revisions"}],"predecessor-version":[{"id":8780,"href":"https:\/\/dedemesquita.com.br\/index.php?rest_route=\/wp\/v2\/posts\/8763\/revisions\/8780"}],"wp:featuredmedia":[{"embeddable":true,"href":"https:\/\/dedemesquita.com.br\/index.php?rest_route=\/wp\/v2\/media\/8764"}],"wp:attachment":[{"href":"https:\/\/dedemesquita.com.br\/index.php?rest_route=%2Fwp%2Fv2%2Fmedia&parent=8763"}],"wp:term":[{"taxonomy":"category","embeddable":true,"href":"https:\/\/dedemesquita.com.br\/index.php?rest_route=%2Fwp%2Fv2%2Fcategories&post=8763"},{"taxonomy":"post_tag","embeddable":true,"href":"https:\/\/dedemesquita.com.br\/index.php?rest_route=%2Fwp%2Fv2%2Ftags&post=8763"}],"curies":[{"name":"wp","href":"https:\/\/api.w.org\/{rel}","templated":true}]}}