{"id":8697,"date":"2024-03-07T15:07:42","date_gmt":"2024-03-07T18:07:42","guid":{"rendered":"https:\/\/dedemesquita.com.br\/?p=8697"},"modified":"2024-03-07T15:08:00","modified_gmt":"2024-03-07T18:08:00","slug":"cineclube-paraense-e-cine-libero-luxardo-promovem-debate-sobre-o-oscar-2024","status":"publish","type":"post","link":"https:\/\/dedemesquita.com.br\/?p=8697","title":{"rendered":"Cineclube Paraense e Cine L\u00edbero Luxardo promovem debate sobre o Oscar 2024"},"content":{"rendered":"\n<p><strong>Bel\u00e9m, 7 de mar\u00e7o de 2024 &#8211; <\/strong>Quem \u00e9 f\u00e3 de cinema tem um foco principal em cada in\u00edcio de ano, quando come\u00e7am as premia\u00e7\u00f5es da chamada S\u00e9tima Arte. Uma das mais importantes \u00e9 a entrega do Oscar, que ser\u00e1 no pr\u00f3ximo domingo, dia 10. Por isso, o Cineclube Paraense, em parceria com o Cine L\u00edbero Luxardo, promove no s\u00e1bado, 9, \u00e0s 10 horas, um debate com o p\u00fablico sobre a premia\u00e7\u00e3o. O local \u00e9 a sala Cine L\u00edbero Luxardo, no Centur, com entrada franca.<\/p>\n\n\n\n<p>\u00c9 a segunda vez em que esse debate \u00e9 realizado no Cine L\u00edbero Luxardo. O Cineclube Paraense teve in\u00edcio em 2018, e desde 2020, promove debates sobre os poss\u00edveis ganhadores do Oscar. Este ano, o debate ter\u00e1 a condu\u00e7\u00e3o de Ded\u00e9 Mesquita e Malone Cunha, membros do Cineclube, e os convidados Ismaelino Pinto, Kenny Nogueira e Marcos Eluan. O p\u00fablico, al\u00e9m de participar do debate, vai poder opinar no Bol\u00e3o de Apostas e de din\u00e2micas sobre o cinema que ter\u00e3o pr\u00eamios e brindes.<\/p>\n\n\n<div class=\"wp-block-image\">\n<figure class=\"aligncenter size-full\"><img loading=\"lazy\" decoding=\"async\" width=\"533\" height=\"800\" src=\"https:\/\/dedemesquita.com.br\/wp-content\/uploads\/2024\/03\/Oscar-1.jpg\" alt=\"\" class=\"wp-image-8699\"\/><figcaption class=\"wp-element-caption\">Quem levar\u00e1 mais estatuetas no Oscar 2024? <\/figcaption><\/figure><\/div>\n\n\n<p><strong>Ano de 2024 &#8211;<\/strong> Se na metade do ano passado, as salas de cinema foram invadidas pelo fen\u00f4meno \u201cBarbenheimer\u201d, que se iniciou pelo fato dos filmes \u201cBarbie\u201d, dire\u00e7\u00e3o de Greta Gerwing, e \u201cOppenheimer\u201d, de Christopher Nolan, terem sido lan\u00e7ados no mesmo dia e passaram a disputar cada centavo das bilheterias; em 2024, em meio \u00e0s premia\u00e7\u00f5es do cinema, o caminho aponta para uma grande vit\u00f3ria de &nbsp;\u201cOppenheimer\u201d, que recebeu 13 indica\u00e7\u00f5es ao Oscar, e segundo estimativas, deve ganhar, pelo menos, sete delas. S\u00e3o essas especula\u00e7\u00f5es e outras mais que estar\u00e3o presentes no debate.<\/p>\n\n\n\n<p>Se para Melhor Filme, Melhor Ator Coadjuvante, Melhor Som e Melhor Dire\u00e7\u00e3o, as apostas est\u00e3o alt\u00edssimas em \u201cOppenheimer\u201d, em outras categorias, ainda h\u00e1 d\u00favidas. Ser\u00e1 que Emma Stone, de \u201cPobres Criaturas\u201d e que j\u00e1 ganhou um Oscar de atua\u00e7\u00e3o na categoria principal, vai superar Lilly Gladstone, de \u201cAssassinos da Lua das Flores\u201d e que concorre pela primeira vez?<\/p>\n\n\n\n<p>E em Melhor Ator, ser\u00e1 que Cillian Murphy, de \u201cOppenheimer\u201d, perde esse Oscar para Paul Giamatti, de \u201cOs Rejeitados\u201d? Ser\u00e1 que \u201cZona de Interesse\u201d ganha o Oscar de Melhor Filme Internacional e leva mais um Oscar para o Reino Unido? S\u00e3o muitas e muitas perguntas que os debatedores ir\u00e3o conversar com o p\u00fablico.<\/p>\n\n\n\n<p>Para Malone Cunha, presidente do Cineclube Paraense, debates como o do Oscar permitem uma maior intera\u00e7\u00e3o entre as pessoas, mesmo aquelas que n\u00e3o s\u00e3o muito f\u00e3s de cinema. \u201cEsse tipo de encontro traz para o centro de discuss\u00e3o pessoas, mesmo que n\u00e3o sejam cin\u00e9filas, que ficam curiosas para saber por que determinado filme recebeu tantas indica\u00e7\u00f5es e ficam se perguntando se foi justo. Nossa fun\u00e7\u00e3o no encontro \u00e9 tentar esclarecer essas d\u00favidas e lan\u00e7ar luz em um debate que, para n\u00f3s, \u00e9 muito importante\u201d, enfatizou Malone.<\/p>\n\n\n\n<p><strong>Disputa &#8211; <\/strong>Al\u00e9m dos debatedores, outros membros do Cineclube estar\u00e3o presentes ao debate. A turma desse grupo se engaja, desde 2018, em uma disputa para saber quem mais acerta os vencedores nas premia\u00e7\u00f5es do cinema como Globo de Ouro, SAG Awards, BAFTA (o Oscar ingl\u00eas) e o pr\u00f3prio Oscar. Este ano, a disputa est\u00e1 acirrada nos chamados bol\u00f5es, mas as apostas continuam na p\u00e1gina do Cineclube no Facebook. <\/p>\n\n\n\n<p><strong>Servi\u00e7o: Debate sobre o Oscar 2024<\/strong>, neste s\u00e1bado, dia 9, \u00e0s 10 horas da manh\u00e3, no Cine L\u00edbero Luxardo, do Centur. Parceria do Cineclube Paraense e Funda\u00e7\u00e3o Cultural do Par\u00e1 (FCP), por meio do Cine L\u00edbero Luxardo. Entrada gratuita.<\/p>\n","protected":false},"excerpt":{"rendered":"<p>Bel\u00e9m, 7 de mar\u00e7o de 2024 &#8211; Quem \u00e9 f\u00e3 de cinema tem um foco principal em cada in\u00edcio de ano, quando come\u00e7am as premia\u00e7\u00f5es da chamada S\u00e9tima Arte. Uma das mais importantes \u00e9 a entrega do Oscar, que ser\u00e1 no pr\u00f3ximo domingo, dia 10. Por isso, o Cineclube Paraense, em parceria com o Cine [&hellip;]<\/p>\n","protected":false},"author":2,"featured_media":8698,"comment_status":"open","ping_status":"open","sticky":false,"template":"","format":"standard","meta":{"footnotes":""},"categories":[51,14,29],"tags":[298,290,584,119,120,585],"class_list":["post-8697","post","type-post","status-publish","format-standard","has-post-thumbnail","hentry","category-destaque","category-imprensa","category-jornalismo","tag-cine-libero-luxardo","tag-cineclube-paraense","tag-fundacao-cultural-do-para","tag-jornalismo","tag-jornalistas-paraenses-em-acao","tag-oscar-2024"],"yoast_head":"<!-- This site is optimized with the Yoast SEO plugin v19.10 - https:\/\/yoast.com\/wordpress\/plugins\/seo\/ -->\n<title>Cineclube Paraense e Cine L\u00edbero Luxardo promovem debate sobre o Oscar 2024 - Ded\u00e9 Mesquita<\/title>\n<meta name=\"robots\" content=\"index, follow, max-snippet:-1, max-image-preview:large, max-video-preview:-1\" \/>\n<link rel=\"canonical\" href=\"https:\/\/dedemesquita.com.br\/?p=8697\" \/>\n<meta property=\"og:locale\" content=\"pt_BR\" \/>\n<meta property=\"og:type\" content=\"article\" \/>\n<meta property=\"og:title\" content=\"Cineclube Paraense e Cine L\u00edbero Luxardo promovem debate sobre o Oscar 2024 - Ded\u00e9 Mesquita\" \/>\n<meta property=\"og:description\" content=\"Bel\u00e9m, 7 de mar\u00e7o de 2024 &#8211; Quem \u00e9 f\u00e3 de cinema tem um foco principal em cada in\u00edcio de ano, quando come\u00e7am as premia\u00e7\u00f5es da chamada S\u00e9tima Arte. Uma das mais importantes \u00e9 a entrega do Oscar, que ser\u00e1 no pr\u00f3ximo domingo, dia 10. Por isso, o Cineclube Paraense, em parceria com o Cine [&hellip;]\" \/>\n<meta property=\"og:url\" content=\"https:\/\/dedemesquita.com.br\/?p=8697\" \/>\n<meta property=\"og:site_name\" content=\"Ded\u00e9 Mesquita\" \/>\n<meta property=\"article:publisher\" content=\"https:\/\/www.facebook.com\/dede.mesquita\" \/>\n<meta property=\"article:published_time\" content=\"2024-03-07T18:07:42+00:00\" \/>\n<meta property=\"article:modified_time\" content=\"2024-03-07T18:08:00+00:00\" \/>\n<meta property=\"og:image\" content=\"https:\/\/dedemesquita.com.br\/wp-content\/uploads\/2024\/03\/Oppenheimer.jpg\" \/>\n\t<meta property=\"og:image:width\" content=\"950\" \/>\n\t<meta property=\"og:image:height\" content=\"570\" \/>\n\t<meta property=\"og:image:type\" content=\"image\/jpeg\" \/>\n<meta name=\"author\" content=\"Ded\u00e9 Mesquita\" \/>\n<meta name=\"twitter:card\" content=\"summary_large_image\" \/>\n<meta name=\"twitter:creator\" content=\"@dedemesquita\" \/>\n<meta name=\"twitter:site\" content=\"@dedemesquita\" \/>\n<meta name=\"twitter:label1\" content=\"Escrito por\" \/>\n\t<meta name=\"twitter:data1\" content=\"Ded\u00e9 Mesquita\" \/>\n\t<meta name=\"twitter:label2\" content=\"Est. tempo de leitura\" \/>\n\t<meta name=\"twitter:data2\" content=\"3 minutos\" \/>\n<script type=\"application\/ld+json\" class=\"yoast-schema-graph\">{\"@context\":\"https:\/\/schema.org\",\"@graph\":[{\"@type\":\"WebPage\",\"@id\":\"https:\/\/dedemesquita.com.br\/?p=8697\",\"url\":\"https:\/\/dedemesquita.com.br\/?p=8697\",\"name\":\"Cineclube Paraense e Cine L\u00edbero Luxardo promovem debate sobre o Oscar 2024 - Ded\u00e9 Mesquita\",\"isPartOf\":{\"@id\":\"https:\/\/dedemesquita.com.br\/#website\"},\"datePublished\":\"2024-03-07T18:07:42+00:00\",\"dateModified\":\"2024-03-07T18:08:00+00:00\",\"author\":{\"@id\":\"https:\/\/dedemesquita.com.br\/#\/schema\/person\/36571f81dd2d76dc3ab37231542c9e24\"},\"breadcrumb\":{\"@id\":\"https:\/\/dedemesquita.com.br\/?p=8697#breadcrumb\"},\"inLanguage\":\"pt-BR\",\"potentialAction\":[{\"@type\":\"ReadAction\",\"target\":[\"https:\/\/dedemesquita.com.br\/?p=8697\"]}]},{\"@type\":\"BreadcrumbList\",\"@id\":\"https:\/\/dedemesquita.com.br\/?p=8697#breadcrumb\",\"itemListElement\":[{\"@type\":\"ListItem\",\"position\":1,\"name\":\"In\u00edcio\",\"item\":\"https:\/\/dedemesquita.com.br\/\"},{\"@type\":\"ListItem\",\"position\":2,\"name\":\"Cineclube Paraense e Cine L\u00edbero Luxardo promovem debate sobre o Oscar 2024\"}]},{\"@type\":\"WebSite\",\"@id\":\"https:\/\/dedemesquita.com.br\/#website\",\"url\":\"https:\/\/dedemesquita.com.br\/\",\"name\":\"Ded\u00e9 Mesquita\",\"description\":\"Um site que mostra os bastidores da imprensa no estado do Par\u00e1 e em Bel\u00e9m\",\"potentialAction\":[{\"@type\":\"SearchAction\",\"target\":{\"@type\":\"EntryPoint\",\"urlTemplate\":\"https:\/\/dedemesquita.com.br\/?s={search_term_string}\"},\"query-input\":\"required name=search_term_string\"}],\"inLanguage\":\"pt-BR\"},{\"@type\":\"Person\",\"@id\":\"https:\/\/dedemesquita.com.br\/#\/schema\/person\/36571f81dd2d76dc3ab37231542c9e24\",\"name\":\"Ded\u00e9 Mesquita\",\"image\":{\"@type\":\"ImageObject\",\"inLanguage\":\"pt-BR\",\"@id\":\"https:\/\/dedemesquita.com.br\/#\/schema\/person\/image\/\",\"url\":\"https:\/\/dedemesquita.com.br\/wp-content\/uploads\/2021\/02\/foto_perfil-150x150.jpg\",\"contentUrl\":\"https:\/\/dedemesquita.com.br\/wp-content\/uploads\/2021\/02\/foto_perfil-150x150.jpg\",\"caption\":\"Ded\u00e9 Mesquita\"},\"sameAs\":[\"https:\/\/dedemesquita.com.br\"]}]}<\/script>\n<!-- \/ Yoast SEO plugin. -->","yoast_head_json":{"title":"Cineclube Paraense e Cine L\u00edbero Luxardo promovem debate sobre o Oscar 2024 - Ded\u00e9 Mesquita","robots":{"index":"index","follow":"follow","max-snippet":"max-snippet:-1","max-image-preview":"max-image-preview:large","max-video-preview":"max-video-preview:-1"},"canonical":"https:\/\/dedemesquita.com.br\/?p=8697","og_locale":"pt_BR","og_type":"article","og_title":"Cineclube Paraense e Cine L\u00edbero Luxardo promovem debate sobre o Oscar 2024 - Ded\u00e9 Mesquita","og_description":"Bel\u00e9m, 7 de mar\u00e7o de 2024 &#8211; Quem \u00e9 f\u00e3 de cinema tem um foco principal em cada in\u00edcio de ano, quando come\u00e7am as premia\u00e7\u00f5es da chamada S\u00e9tima Arte. Uma das mais importantes \u00e9 a entrega do Oscar, que ser\u00e1 no pr\u00f3ximo domingo, dia 10. Por isso, o Cineclube Paraense, em parceria com o Cine [&hellip;]","og_url":"https:\/\/dedemesquita.com.br\/?p=8697","og_site_name":"Ded\u00e9 Mesquita","article_publisher":"https:\/\/www.facebook.com\/dede.mesquita","article_published_time":"2024-03-07T18:07:42+00:00","article_modified_time":"2024-03-07T18:08:00+00:00","og_image":[{"width":950,"height":570,"url":"https:\/\/dedemesquita.com.br\/wp-content\/uploads\/2024\/03\/Oppenheimer.jpg","type":"image\/jpeg"}],"author":"Ded\u00e9 Mesquita","twitter_card":"summary_large_image","twitter_creator":"@dedemesquita","twitter_site":"@dedemesquita","twitter_misc":{"Escrito por":"Ded\u00e9 Mesquita","Est. tempo de leitura":"3 minutos"},"schema":{"@context":"https:\/\/schema.org","@graph":[{"@type":"WebPage","@id":"https:\/\/dedemesquita.com.br\/?p=8697","url":"https:\/\/dedemesquita.com.br\/?p=8697","name":"Cineclube Paraense e Cine L\u00edbero Luxardo promovem debate sobre o Oscar 2024 - Ded\u00e9 Mesquita","isPartOf":{"@id":"https:\/\/dedemesquita.com.br\/#website"},"datePublished":"2024-03-07T18:07:42+00:00","dateModified":"2024-03-07T18:08:00+00:00","author":{"@id":"https:\/\/dedemesquita.com.br\/#\/schema\/person\/36571f81dd2d76dc3ab37231542c9e24"},"breadcrumb":{"@id":"https:\/\/dedemesquita.com.br\/?p=8697#breadcrumb"},"inLanguage":"pt-BR","potentialAction":[{"@type":"ReadAction","target":["https:\/\/dedemesquita.com.br\/?p=8697"]}]},{"@type":"BreadcrumbList","@id":"https:\/\/dedemesquita.com.br\/?p=8697#breadcrumb","itemListElement":[{"@type":"ListItem","position":1,"name":"In\u00edcio","item":"https:\/\/dedemesquita.com.br\/"},{"@type":"ListItem","position":2,"name":"Cineclube Paraense e Cine L\u00edbero Luxardo promovem debate sobre o Oscar 2024"}]},{"@type":"WebSite","@id":"https:\/\/dedemesquita.com.br\/#website","url":"https:\/\/dedemesquita.com.br\/","name":"Ded\u00e9 Mesquita","description":"Um site que mostra os bastidores da imprensa no estado do Par\u00e1 e em Bel\u00e9m","potentialAction":[{"@type":"SearchAction","target":{"@type":"EntryPoint","urlTemplate":"https:\/\/dedemesquita.com.br\/?s={search_term_string}"},"query-input":"required name=search_term_string"}],"inLanguage":"pt-BR"},{"@type":"Person","@id":"https:\/\/dedemesquita.com.br\/#\/schema\/person\/36571f81dd2d76dc3ab37231542c9e24","name":"Ded\u00e9 Mesquita","image":{"@type":"ImageObject","inLanguage":"pt-BR","@id":"https:\/\/dedemesquita.com.br\/#\/schema\/person\/image\/","url":"https:\/\/dedemesquita.com.br\/wp-content\/uploads\/2021\/02\/foto_perfil-150x150.jpg","contentUrl":"https:\/\/dedemesquita.com.br\/wp-content\/uploads\/2021\/02\/foto_perfil-150x150.jpg","caption":"Ded\u00e9 Mesquita"},"sameAs":["https:\/\/dedemesquita.com.br"]}]}},"_links":{"self":[{"href":"https:\/\/dedemesquita.com.br\/index.php?rest_route=\/wp\/v2\/posts\/8697"}],"collection":[{"href":"https:\/\/dedemesquita.com.br\/index.php?rest_route=\/wp\/v2\/posts"}],"about":[{"href":"https:\/\/dedemesquita.com.br\/index.php?rest_route=\/wp\/v2\/types\/post"}],"author":[{"embeddable":true,"href":"https:\/\/dedemesquita.com.br\/index.php?rest_route=\/wp\/v2\/users\/2"}],"replies":[{"embeddable":true,"href":"https:\/\/dedemesquita.com.br\/index.php?rest_route=%2Fwp%2Fv2%2Fcomments&post=8697"}],"version-history":[{"count":1,"href":"https:\/\/dedemesquita.com.br\/index.php?rest_route=\/wp\/v2\/posts\/8697\/revisions"}],"predecessor-version":[{"id":8700,"href":"https:\/\/dedemesquita.com.br\/index.php?rest_route=\/wp\/v2\/posts\/8697\/revisions\/8700"}],"wp:featuredmedia":[{"embeddable":true,"href":"https:\/\/dedemesquita.com.br\/index.php?rest_route=\/wp\/v2\/media\/8698"}],"wp:attachment":[{"href":"https:\/\/dedemesquita.com.br\/index.php?rest_route=%2Fwp%2Fv2%2Fmedia&parent=8697"}],"wp:term":[{"taxonomy":"category","embeddable":true,"href":"https:\/\/dedemesquita.com.br\/index.php?rest_route=%2Fwp%2Fv2%2Fcategories&post=8697"},{"taxonomy":"post_tag","embeddable":true,"href":"https:\/\/dedemesquita.com.br\/index.php?rest_route=%2Fwp%2Fv2%2Ftags&post=8697"}],"curies":[{"name":"wp","href":"https:\/\/api.w.org\/{rel}","templated":true}]}}