{"id":8573,"date":"2024-02-17T11:03:15","date_gmt":"2024-02-17T14:03:15","guid":{"rendered":"https:\/\/dedemesquita.com.br\/?p=8573"},"modified":"2024-02-17T11:04:22","modified_gmt":"2024-02-17T14:04:22","slug":"bloco-unidos-do-like-celebra-pinduca-e-lourdinha-bezerra-neste-domingo-18-a-partir-das-18h","status":"publish","type":"post","link":"https:\/\/dedemesquita.com.br\/?p=8573","title":{"rendered":"Bloco Unidos do Like celebra Pinduca e Lourdinha Bezerra neste domingo, 18, a partir das 18h"},"content":{"rendered":"\n<p><strong>Bel\u00e9m, 17 de fevereiro de 2024 &#8211; <\/strong>Eita, eita que depois desses dias, literalmente, tempestuosos, vamos baixar a poeira e falar de coisas boas, mas s\u00f3 lembrando que a <strong>Central CSI Ded\u00e9 Mesquita de Investiga\u00e7\u00f5es<\/strong> nunca dorme. Porque, talqualzinho Ivete Sangalo, quem me protege n\u00e3o dorme e \u00e9 muito MAIS. <\/p>\n\n\n\n<p><strong>Unidos do Like \u00e9 muito mais carnaval &#8211; <\/strong>Ent\u00e3o, vamos. Meninoooooooo, e tu que achavas que n\u00e3o iria ter o bloco <strong>Unidos do Like<\/strong>, este ano? Pensou errado. E amanh\u00e3, domingo, dia 18, a partir das 18 horas, o bloco entra em erup\u00e7\u00e3o, digo, bota pra ferver. <\/p>\n\n\n\n<p>O&nbsp;bloco carnavalesco&nbsp;<strong>Unidos do Like<\/strong>&nbsp;volta \u00e0s ruas de&nbsp;<strong>Bel\u00e9m&nbsp;<\/strong>neste domingo, 18. A agremia\u00e7\u00e3o de amigos&nbsp;jornalistas&nbsp;tem como tema em 2024 \u201c<strong>Grandes nomes da&nbsp; TV brasileira &#8211; de Chacrinha a Nazar\u00e9 Tedesco<\/strong>\u201d, trazendo os homenageados o&nbsp;<strong>Rei do Carimb\u00f3<\/strong>&nbsp;&#8211;&nbsp;<strong>Pinduca&nbsp;<\/strong>e a&nbsp;<strong>mesopot\u00e2mica radialista Lourdinha Bezerra<\/strong>.<\/p>\n\n\n<div class=\"wp-block-image\">\n<figure class=\"aligncenter size-full\"><img loading=\"lazy\" decoding=\"async\" width=\"475\" height=\"580\" src=\"https:\/\/dedemesquita.com.br\/wp-content\/uploads\/2024\/02\/WhatsApp-Image-2024-02-17-at-10.53.07.jpeg\" alt=\"\" class=\"wp-image-8575\"\/><figcaption class=\"wp-element-caption\">Lourdinha Bezerra recebe homenagem<\/figcaption><\/figure><\/div>\n\n<div class=\"wp-block-image\">\n<figure class=\"aligncenter size-full\"><img loading=\"lazy\" decoding=\"async\" width=\"584\" height=\"580\" src=\"https:\/\/dedemesquita.com.br\/wp-content\/uploads\/2024\/02\/WhatsApp-Image-2024-02-17-at-10.54.53.jpeg\" alt=\"\" class=\"wp-image-8576\" srcset=\"https:\/\/dedemesquita.com.br\/wp-content\/uploads\/2024\/02\/WhatsApp-Image-2024-02-17-at-10.54.53.jpeg 584w, https:\/\/dedemesquita.com.br\/wp-content\/uploads\/2024\/02\/WhatsApp-Image-2024-02-17-at-10.54.53-150x150.jpeg 150w\" sizes=\"(max-width: 584px) 100vw, 584px\" \/><figcaption class=\"wp-element-caption\">Pinduca, o Rei do Carimb\u00f3<\/figcaption><\/figure><\/div>\n\n\n<p>A ideia \u00e9 que o foli\u00e3o use e abuse da criatividade e se inspire nas in\u00fameras figuras que est\u00e3o sempre \u2018frente a frente\u2019 com todos n\u00f3s e, de alguma forma, nos cativam e at\u00e9 influenciam. Exaltar a cultura paraense faz parte da hist\u00f3ria do bloco que j\u00e1 prestou rever\u00eancias a grande nomes locais como Nelsinho Rodrigues, Arthur Esp\u00edndola, F\u00e9lix Robatto, banda Xeiro Verde, Fruta Quente e Mariza Black.<\/p>\n\n\n\n<p>Este ano, a jornalista Lourdinha Bezerra, propriet\u00e1ria de grande conhecimento sobre o samba no estado, \u00e9 a grande homenageada. A comunicadora ficou muito feliz e lisonjeada pela homenagem. Complementando o reinado do Carnaval, os jornalistas Raul Bentes, que \u00e9 DJ tamb\u00e9m, e Pollyanna Gomes s\u00e3o o Muso e Musa, respectivamente, deste ano.&nbsp;<\/p>\n\n\n<div class=\"wp-block-image\">\n<figure class=\"aligncenter size-full\"><img loading=\"lazy\" decoding=\"async\" width=\"494\" height=\"582\" src=\"https:\/\/dedemesquita.com.br\/wp-content\/uploads\/2024\/02\/WhatsApp-Image-2024-02-17-at-10.53.37.jpeg\" alt=\"\" class=\"wp-image-8577\"\/><figcaption class=\"wp-element-caption\">Olha esse Muso, Raul Bentes<\/figcaption><\/figure><\/div>\n\n<div class=\"wp-block-image\">\n<figure class=\"aligncenter size-full\"><img loading=\"lazy\" decoding=\"async\" width=\"475\" height=\"587\" src=\"https:\/\/dedemesquita.com.br\/wp-content\/uploads\/2024\/02\/WhatsApp-Image-2024-02-17-at-10.53.58.jpeg\" alt=\"\" class=\"wp-image-8578\"\/><figcaption class=\"wp-element-caption\">E a Musa Pollyanna Gomes <\/figcaption><\/figure><\/div>\n\n\n<p><strong>Festa &#8211; <\/strong>O bloco vai percorrer as ruas de Bel\u00e9m, com sa\u00edda do bar Manga Jambu, na esquina das ruas Jer\u00f4nimo Pimentel e Almirante Wandenkolk. Pela segunda vez, ser\u00e3o as ruas do bairro do Umarizal que ser\u00e3o invadidas pela folia dos fantasiados. O esquenta e cortejo s\u00e3o por conta da bateria da Escola de Samba Deixa Falar, com vocal potente de Daniel Lima e participa\u00e7\u00e3o do int\u00e9rprete F\u00e1bio Moreno.<\/p>\n\n\n\n<p>Na volta da folia, a festa ser\u00e1 com os os jornalistas e DJs Raul Bentes, Jack Sainha e M\u00e1rcio Lins e ao som da banda Marmenino.<\/p>\n\n\n\n<p><strong>Ingresso &#8211; <\/strong>O ingresso para participar do bloco Unidos do Like \u00e9 apenas ir fantasiado. Atendendo a esse quesito, o brincante ganha, gratuitamente, sua pulseira de acesso livre \u00e0 festa. O ponto alto do carnaval do Unidos do Like \u00e9 o animado concurso de fantasia, no qual s\u00e3o premiadas as melhores e mais criativas cria\u00e7\u00f5es.&nbsp;<\/p>\n\n\n\n<p><strong>Servi\u00e7o:&nbsp;<\/strong>Bloco Unidos do Like &#8211; \u201cGrandes nomes da TV brasileira &#8211; de Chacrinha a Nazar\u00e9 Tedesco\u201d, domingo, dia 18, concentra\u00e7\u00e3o \u00e0s 16h, no bar e restaurante Manga Jambu, na rua Jer\u00f4nimo Pimentel, 373, esquina da travessa Almirante Wandenkolk. Ingresso: <strong>apenas para fantasiados<\/strong>.<\/p>\n\n\n\n<p class=\"has-text-align-right\"><strong><em>Com informa\u00e7\u00f5es do jornal O Liberal<\/em><\/strong><\/p>\n","protected":false},"excerpt":{"rendered":"<p>Bel\u00e9m, 17 de fevereiro de 2024 &#8211; Eita, eita que depois desses dias, literalmente, tempestuosos, vamos baixar a poeira e falar de coisas boas, mas s\u00f3 lembrando que a Central CSI Ded\u00e9 Mesquita de Investiga\u00e7\u00f5es nunca dorme. Porque, talqualzinho Ivete Sangalo, quem me protege n\u00e3o dorme e \u00e9 muito MAIS. Unidos do Like \u00e9 muito [&hellip;]<\/p>\n","protected":false},"author":2,"featured_media":8574,"comment_status":"open","ping_status":"open","sticky":false,"template":"","format":"standard","meta":{"footnotes":""},"categories":[51,14,29],"tags":[576,119,120,575,574,366],"class_list":["post-8573","post","type-post","status-publish","format-standard","has-post-thumbnail","hentry","category-destaque","category-imprensa","category-jornalismo","tag-carnaval-2024","tag-jornalismo","tag-jornalistas-paraenses-em-acao","tag-lourdinha-bezerra","tag-pinduca","tag-unidos-do-like"],"yoast_head":"<!-- This site is optimized with the Yoast SEO plugin v19.10 - https:\/\/yoast.com\/wordpress\/plugins\/seo\/ -->\n<title>Bloco Unidos do Like celebra Pinduca e Lourdinha Bezerra neste domingo, 18, a partir das 18h - Ded\u00e9 Mesquita<\/title>\n<meta name=\"robots\" content=\"index, follow, max-snippet:-1, max-image-preview:large, max-video-preview:-1\" \/>\n<link rel=\"canonical\" href=\"https:\/\/dedemesquita.com.br\/?p=8573\" \/>\n<meta property=\"og:locale\" content=\"pt_BR\" \/>\n<meta property=\"og:type\" content=\"article\" \/>\n<meta property=\"og:title\" content=\"Bloco Unidos do Like celebra Pinduca e Lourdinha Bezerra neste domingo, 18, a partir das 18h - Ded\u00e9 Mesquita\" \/>\n<meta property=\"og:description\" content=\"Bel\u00e9m, 17 de fevereiro de 2024 &#8211; Eita, eita que depois desses dias, literalmente, tempestuosos, vamos baixar a poeira e falar de coisas boas, mas s\u00f3 lembrando que a Central CSI Ded\u00e9 Mesquita de Investiga\u00e7\u00f5es nunca dorme. Porque, talqualzinho Ivete Sangalo, quem me protege n\u00e3o dorme e \u00e9 muito MAIS. Unidos do Like \u00e9 muito [&hellip;]\" \/>\n<meta property=\"og:url\" content=\"https:\/\/dedemesquita.com.br\/?p=8573\" \/>\n<meta property=\"og:site_name\" content=\"Ded\u00e9 Mesquita\" \/>\n<meta property=\"article:publisher\" content=\"https:\/\/www.facebook.com\/dede.mesquita\" \/>\n<meta property=\"article:published_time\" content=\"2024-02-17T14:03:15+00:00\" \/>\n<meta property=\"article:modified_time\" content=\"2024-02-17T14:04:22+00:00\" \/>\n<meta property=\"og:image\" content=\"https:\/\/dedemesquita.com.br\/wp-content\/uploads\/2024\/02\/52718962362_4975af18c3_k.jpg\" \/>\n\t<meta property=\"og:image:width\" content=\"950\" \/>\n\t<meta property=\"og:image:height\" content=\"633\" \/>\n\t<meta property=\"og:image:type\" content=\"image\/jpeg\" \/>\n<meta name=\"author\" content=\"Ded\u00e9 Mesquita\" \/>\n<meta name=\"twitter:card\" content=\"summary_large_image\" \/>\n<meta name=\"twitter:creator\" content=\"@dedemesquita\" \/>\n<meta name=\"twitter:site\" content=\"@dedemesquita\" \/>\n<meta name=\"twitter:label1\" content=\"Escrito por\" \/>\n\t<meta name=\"twitter:data1\" content=\"Ded\u00e9 Mesquita\" \/>\n\t<meta name=\"twitter:label2\" content=\"Est. tempo de leitura\" \/>\n\t<meta name=\"twitter:data2\" content=\"3 minutos\" \/>\n<script type=\"application\/ld+json\" class=\"yoast-schema-graph\">{\"@context\":\"https:\/\/schema.org\",\"@graph\":[{\"@type\":\"WebPage\",\"@id\":\"https:\/\/dedemesquita.com.br\/?p=8573\",\"url\":\"https:\/\/dedemesquita.com.br\/?p=8573\",\"name\":\"Bloco Unidos do Like celebra Pinduca e Lourdinha Bezerra neste domingo, 18, a partir das 18h - Ded\u00e9 Mesquita\",\"isPartOf\":{\"@id\":\"https:\/\/dedemesquita.com.br\/#website\"},\"datePublished\":\"2024-02-17T14:03:15+00:00\",\"dateModified\":\"2024-02-17T14:04:22+00:00\",\"author\":{\"@id\":\"https:\/\/dedemesquita.com.br\/#\/schema\/person\/36571f81dd2d76dc3ab37231542c9e24\"},\"breadcrumb\":{\"@id\":\"https:\/\/dedemesquita.com.br\/?p=8573#breadcrumb\"},\"inLanguage\":\"pt-BR\",\"potentialAction\":[{\"@type\":\"ReadAction\",\"target\":[\"https:\/\/dedemesquita.com.br\/?p=8573\"]}]},{\"@type\":\"BreadcrumbList\",\"@id\":\"https:\/\/dedemesquita.com.br\/?p=8573#breadcrumb\",\"itemListElement\":[{\"@type\":\"ListItem\",\"position\":1,\"name\":\"In\u00edcio\",\"item\":\"https:\/\/dedemesquita.com.br\/\"},{\"@type\":\"ListItem\",\"position\":2,\"name\":\"Bloco Unidos do Like celebra Pinduca e Lourdinha Bezerra neste domingo, 18, a partir das 18h\"}]},{\"@type\":\"WebSite\",\"@id\":\"https:\/\/dedemesquita.com.br\/#website\",\"url\":\"https:\/\/dedemesquita.com.br\/\",\"name\":\"Ded\u00e9 Mesquita\",\"description\":\"Um site que mostra os bastidores da imprensa no estado do Par\u00e1 e em Bel\u00e9m\",\"potentialAction\":[{\"@type\":\"SearchAction\",\"target\":{\"@type\":\"EntryPoint\",\"urlTemplate\":\"https:\/\/dedemesquita.com.br\/?s={search_term_string}\"},\"query-input\":\"required name=search_term_string\"}],\"inLanguage\":\"pt-BR\"},{\"@type\":\"Person\",\"@id\":\"https:\/\/dedemesquita.com.br\/#\/schema\/person\/36571f81dd2d76dc3ab37231542c9e24\",\"name\":\"Ded\u00e9 Mesquita\",\"image\":{\"@type\":\"ImageObject\",\"inLanguage\":\"pt-BR\",\"@id\":\"https:\/\/dedemesquita.com.br\/#\/schema\/person\/image\/\",\"url\":\"https:\/\/dedemesquita.com.br\/wp-content\/uploads\/2021\/02\/foto_perfil-150x150.jpg\",\"contentUrl\":\"https:\/\/dedemesquita.com.br\/wp-content\/uploads\/2021\/02\/foto_perfil-150x150.jpg\",\"caption\":\"Ded\u00e9 Mesquita\"},\"sameAs\":[\"https:\/\/dedemesquita.com.br\"]}]}<\/script>\n<!-- \/ Yoast SEO plugin. -->","yoast_head_json":{"title":"Bloco Unidos do Like celebra Pinduca e Lourdinha Bezerra neste domingo, 18, a partir das 18h - Ded\u00e9 Mesquita","robots":{"index":"index","follow":"follow","max-snippet":"max-snippet:-1","max-image-preview":"max-image-preview:large","max-video-preview":"max-video-preview:-1"},"canonical":"https:\/\/dedemesquita.com.br\/?p=8573","og_locale":"pt_BR","og_type":"article","og_title":"Bloco Unidos do Like celebra Pinduca e Lourdinha Bezerra neste domingo, 18, a partir das 18h - Ded\u00e9 Mesquita","og_description":"Bel\u00e9m, 17 de fevereiro de 2024 &#8211; Eita, eita que depois desses dias, literalmente, tempestuosos, vamos baixar a poeira e falar de coisas boas, mas s\u00f3 lembrando que a Central CSI Ded\u00e9 Mesquita de Investiga\u00e7\u00f5es nunca dorme. Porque, talqualzinho Ivete Sangalo, quem me protege n\u00e3o dorme e \u00e9 muito MAIS. Unidos do Like \u00e9 muito [&hellip;]","og_url":"https:\/\/dedemesquita.com.br\/?p=8573","og_site_name":"Ded\u00e9 Mesquita","article_publisher":"https:\/\/www.facebook.com\/dede.mesquita","article_published_time":"2024-02-17T14:03:15+00:00","article_modified_time":"2024-02-17T14:04:22+00:00","og_image":[{"width":950,"height":633,"url":"https:\/\/dedemesquita.com.br\/wp-content\/uploads\/2024\/02\/52718962362_4975af18c3_k.jpg","type":"image\/jpeg"}],"author":"Ded\u00e9 Mesquita","twitter_card":"summary_large_image","twitter_creator":"@dedemesquita","twitter_site":"@dedemesquita","twitter_misc":{"Escrito por":"Ded\u00e9 Mesquita","Est. tempo de leitura":"3 minutos"},"schema":{"@context":"https:\/\/schema.org","@graph":[{"@type":"WebPage","@id":"https:\/\/dedemesquita.com.br\/?p=8573","url":"https:\/\/dedemesquita.com.br\/?p=8573","name":"Bloco Unidos do Like celebra Pinduca e Lourdinha Bezerra neste domingo, 18, a partir das 18h - Ded\u00e9 Mesquita","isPartOf":{"@id":"https:\/\/dedemesquita.com.br\/#website"},"datePublished":"2024-02-17T14:03:15+00:00","dateModified":"2024-02-17T14:04:22+00:00","author":{"@id":"https:\/\/dedemesquita.com.br\/#\/schema\/person\/36571f81dd2d76dc3ab37231542c9e24"},"breadcrumb":{"@id":"https:\/\/dedemesquita.com.br\/?p=8573#breadcrumb"},"inLanguage":"pt-BR","potentialAction":[{"@type":"ReadAction","target":["https:\/\/dedemesquita.com.br\/?p=8573"]}]},{"@type":"BreadcrumbList","@id":"https:\/\/dedemesquita.com.br\/?p=8573#breadcrumb","itemListElement":[{"@type":"ListItem","position":1,"name":"In\u00edcio","item":"https:\/\/dedemesquita.com.br\/"},{"@type":"ListItem","position":2,"name":"Bloco Unidos do Like celebra Pinduca e Lourdinha Bezerra neste domingo, 18, a partir das 18h"}]},{"@type":"WebSite","@id":"https:\/\/dedemesquita.com.br\/#website","url":"https:\/\/dedemesquita.com.br\/","name":"Ded\u00e9 Mesquita","description":"Um site que mostra os bastidores da imprensa no estado do Par\u00e1 e em Bel\u00e9m","potentialAction":[{"@type":"SearchAction","target":{"@type":"EntryPoint","urlTemplate":"https:\/\/dedemesquita.com.br\/?s={search_term_string}"},"query-input":"required name=search_term_string"}],"inLanguage":"pt-BR"},{"@type":"Person","@id":"https:\/\/dedemesquita.com.br\/#\/schema\/person\/36571f81dd2d76dc3ab37231542c9e24","name":"Ded\u00e9 Mesquita","image":{"@type":"ImageObject","inLanguage":"pt-BR","@id":"https:\/\/dedemesquita.com.br\/#\/schema\/person\/image\/","url":"https:\/\/dedemesquita.com.br\/wp-content\/uploads\/2021\/02\/foto_perfil-150x150.jpg","contentUrl":"https:\/\/dedemesquita.com.br\/wp-content\/uploads\/2021\/02\/foto_perfil-150x150.jpg","caption":"Ded\u00e9 Mesquita"},"sameAs":["https:\/\/dedemesquita.com.br"]}]}},"_links":{"self":[{"href":"https:\/\/dedemesquita.com.br\/index.php?rest_route=\/wp\/v2\/posts\/8573"}],"collection":[{"href":"https:\/\/dedemesquita.com.br\/index.php?rest_route=\/wp\/v2\/posts"}],"about":[{"href":"https:\/\/dedemesquita.com.br\/index.php?rest_route=\/wp\/v2\/types\/post"}],"author":[{"embeddable":true,"href":"https:\/\/dedemesquita.com.br\/index.php?rest_route=\/wp\/v2\/users\/2"}],"replies":[{"embeddable":true,"href":"https:\/\/dedemesquita.com.br\/index.php?rest_route=%2Fwp%2Fv2%2Fcomments&post=8573"}],"version-history":[{"count":2,"href":"https:\/\/dedemesquita.com.br\/index.php?rest_route=\/wp\/v2\/posts\/8573\/revisions"}],"predecessor-version":[{"id":8580,"href":"https:\/\/dedemesquita.com.br\/index.php?rest_route=\/wp\/v2\/posts\/8573\/revisions\/8580"}],"wp:featuredmedia":[{"embeddable":true,"href":"https:\/\/dedemesquita.com.br\/index.php?rest_route=\/wp\/v2\/media\/8574"}],"wp:attachment":[{"href":"https:\/\/dedemesquita.com.br\/index.php?rest_route=%2Fwp%2Fv2%2Fmedia&parent=8573"}],"wp:term":[{"taxonomy":"category","embeddable":true,"href":"https:\/\/dedemesquita.com.br\/index.php?rest_route=%2Fwp%2Fv2%2Fcategories&post=8573"},{"taxonomy":"post_tag","embeddable":true,"href":"https:\/\/dedemesquita.com.br\/index.php?rest_route=%2Fwp%2Fv2%2Ftags&post=8573"}],"curies":[{"name":"wp","href":"https:\/\/api.w.org\/{rel}","templated":true}]}}