{"id":8519,"date":"2024-02-14T10:54:23","date_gmt":"2024-02-14T13:54:23","guid":{"rendered":"https:\/\/dedemesquita.com.br\/?p=8519"},"modified":"2024-02-20T11:03:36","modified_gmt":"2024-02-20T14:03:36","slug":"carnaval-no-interior-do-para-e-em-belem-fazem-a-alegria-das-pautas-na-redacoes","status":"publish","type":"post","link":"https:\/\/dedemesquita.com.br\/?p=8519","title":{"rendered":"Carnaval no interior do Par\u00e1 e em Bel\u00e9m faz a alegria das pautas nas reda\u00e7\u00f5es"},"content":{"rendered":"\n<p><strong>Bel\u00e9m, 14 de fevereiro de 2024 &#8211;<\/strong> Todo mundo sabe que quando algu\u00e9m posta nas redes sociais que &#8220;todo carnaval tem seu fim&#8221;, uma Mamacita do Mal come\u00e7a a ser desmascarada e trope\u00e7a do salto. Hahahhahahahha. Ent\u00e3o, come\u00e7a a postar para mocinhas come\u00e7arem a cair, de vez. Brincadeiras \u00e0 parte, o carnaval est\u00e1 se encerrando, mais ou menos, porque ainda tem farra pela frente. Pelo menos em Bel\u00e9m. <\/p>\n\n\n\n<p>Ainda vai ter o <strong>Desfile das Escolas de Samba do Grupo Especial<\/strong>, da Prefeitura de Bel\u00e9m,<strong> <\/strong>e o <strong>concurso Rainha das Rainhas<\/strong>, do grupo O Liberal, e ainda os &#8220;broquinhos&#8221; dos colegas que ainda v\u00e3o cair na farra. <\/p>\n\n\n\n<p>E esta postagem \u00e9 sobre o carnaval em <strong>Bel\u00e9m<\/strong> e no interior do Estado, precisamente, em <strong>Vigia<\/strong> e <strong>S\u00e3o Caetano de Odivelas<\/strong>, na regi\u00e3o nordeste do Par\u00e1. <\/p>\n\n\n\n<p><strong>Bora? <\/strong><\/p>\n\n\n\n<p><strong>S\u00e3o Caetano de Odivelas &#8211; <\/strong>Na <strong>ter\u00e7a-feira da carnaval<\/strong>, 13, conhecida como Gorda, a festa foi em S\u00e3o Caetano de Odivelas, com a festa dos bois de m\u00e1scaras, os pierr\u00f4s e os cabe\u00e7udos.<\/p>\n\n\n<div class=\"wp-block-image\">\n<figure class=\"aligncenter size-full\"><img loading=\"lazy\" decoding=\"async\" width=\"450\" height=\"800\" src=\"https:\/\/dedemesquita.com.br\/wp-content\/uploads\/2024\/02\/WhatsApp-Image-2024-02-14-at-09.52.30.jpeg\" alt=\"\" class=\"wp-image-8521\"\/><figcaption class=\"wp-element-caption\">D\u00edlson Pimentel entrevistando um pierr\u00f4, e mais atr\u00e1s a motorista do jornal O Liberal, Euna Menezes (foto de Wagner Santana)<\/figcaption><\/figure><\/div>\n\n<div class=\"wp-block-image\">\n<figure class=\"aligncenter size-full\"><img loading=\"lazy\" decoding=\"async\" width=\"600\" height=\"800\" src=\"https:\/\/dedemesquita.com.br\/wp-content\/uploads\/2024\/02\/WhatsApp-Image-2024-02-14-at-09.52.45.jpeg\" alt=\"\" class=\"wp-image-8522\"\/><figcaption class=\"wp-element-caption\">Wagner Santana no meio do pierr\u00f4s <\/figcaption><\/figure><\/div>\n\n<div class=\"wp-block-image\">\n<figure class=\"aligncenter size-full\"><img loading=\"lazy\" decoding=\"async\" width=\"600\" height=\"800\" src=\"https:\/\/dedemesquita.com.br\/wp-content\/uploads\/2024\/02\/WhatsApp-Image-2024-02-14-at-09.53.33.jpeg\" alt=\"\" class=\"wp-image-8523\"\/><figcaption class=\"wp-element-caption\">Wagner e o pierr\u00f4s (foto de Wagner Santana)<\/figcaption><\/figure><\/div>\n\n\n<p><strong>Circuito Mangueirosa &#8211;<\/strong> O <strong>Circuito Mangueirosa<\/strong> \u00e9 realizado h\u00e1 quatro anos e \u00e9 feito para quem fica em Bel\u00e9m durante o feriado de carnaval. Este ano, foram quatro dias, de 10 a 13 de fevereiro. O pen\u00faltimo dia foi na ter\u00e7a-feira, 13, mas ainda tem festa no s\u00e1bado, 17, diretamente do complexo Ver-o-Rio.  <\/p>\n\n\n<div class=\"wp-block-image\">\n<figure class=\"aligncenter size-full\"><img loading=\"lazy\" decoding=\"async\" width=\"538\" height=\"750\" src=\"https:\/\/dedemesquita.com.br\/wp-content\/uploads\/2024\/02\/WhatsApp-Image-2024-02-14-at-09.02.28-1.jpeg\" alt=\"\" class=\"wp-image-8525\"\/><figcaption class=\"wp-element-caption\">S\u00f4nia Ferro e Joyce Cursino, no Circuito Mangueirosa<\/figcaption><\/figure><\/div>\n\n<div class=\"wp-block-image\">\n<figure class=\"aligncenter size-full\"><img loading=\"lazy\" decoding=\"async\" width=\"600\" height=\"800\" src=\"https:\/\/dedemesquita.com.br\/wp-content\/uploads\/2024\/02\/WhatsApp-Image-2024-02-13-at-17.49.25.jpeg\" alt=\"\" class=\"wp-image-8526\"\/><figcaption class=\"wp-element-caption\">Diego Monteiro e Wagner Almeida no Mangueirosa<\/figcaption><\/figure><\/div>\n\n<div class=\"wp-block-image\">\n<figure class=\"aligncenter size-full\"><img loading=\"lazy\" decoding=\"async\" width=\"800\" height=\"532\" src=\"https:\/\/dedemesquita.com.br\/wp-content\/uploads\/2024\/02\/capa-3.jpeg\" alt=\"\" class=\"wp-image-8546\" srcset=\"https:\/\/dedemesquita.com.br\/wp-content\/uploads\/2024\/02\/capa-3.jpeg 800w, https:\/\/dedemesquita.com.br\/wp-content\/uploads\/2024\/02\/capa-3-768x511.jpeg 768w, https:\/\/dedemesquita.com.br\/wp-content\/uploads\/2024\/02\/capa-3-600x398.jpeg 600w\" sizes=\"(max-width: 800px) 100vw, 800px\" \/><figcaption class=\"wp-element-caption\">Diego Monteiro no trampo, durante o Mangueirosa <\/figcaption><\/figure><\/div>\n\n<div class=\"wp-block-image\">\n<figure class=\"aligncenter size-full\"><img loading=\"lazy\" decoding=\"async\" width=\"619\" height=\"750\" src=\"https:\/\/dedemesquita.com.br\/wp-content\/uploads\/2024\/02\/WhatsApp-Image-2024-02-19-at-20.16.11-1.jpeg\" alt=\"\" class=\"wp-image-8583\"\/><figcaption class=\"wp-element-caption\">Vito Gemaque e Cl\u00e1udio Pinheiro, do jornal O Liberal, no \u00faltimo dia do Circuito Mangueirosa, s\u00e1bado, 17<\/figcaption><\/figure><\/div>\n\n<div class=\"wp-block-image\">\n<figure class=\"aligncenter size-full\"><img loading=\"lazy\" decoding=\"async\" width=\"639\" height=\"800\" src=\"https:\/\/dedemesquita.com.br\/wp-content\/uploads\/2024\/02\/WhatsApp-Image-2024-02-19-at-20.16.11.jpeg\" alt=\"\" class=\"wp-image-8581\"\/><figcaption class=\"wp-element-caption\">Andrey Ara\u00fajo, do SBT Par\u00e1, no bloco Rabo do Peru, em Icoaraci, na quarta-feira de Cinzas<\/figcaption><\/figure><\/div>\n\n\n<p><strong>Vigia &#8211;<\/strong> O carnaval de <strong>Vigia<\/strong> \u00e9 um dos mais tradicionais no estado do Par\u00e1, mas o ponto alto da festa \u00e9 na segunda-feira, quando saem \u00e0s ruas daquela cidade hist\u00f3rica os blocos <strong>As Virgienses<\/strong>, <strong>Os Cabrasurdos<\/strong> e <strong>A Gaiola das Loucas<\/strong>, tornando a festa um momento de alto colorido, toler\u00e2ncia, respeito, diversidade e muita alegria. A festa na segunda-feira, 12, foi das mais animadas. <\/p>\n\n\n<div class=\"wp-block-image\">\n<figure class=\"aligncenter size-full\"><img loading=\"lazy\" decoding=\"async\" width=\"473\" height=\"489\" src=\"https:\/\/dedemesquita.com.br\/wp-content\/uploads\/2024\/02\/WhatsApp-Image-2024-02-20-at-11.02.09.jpeg\" alt=\"\" class=\"wp-image-8586\"\/><figcaption class=\"wp-element-caption\">Jal\u00edlia Messias, da TV Liberal <\/figcaption><\/figure><\/div>\n\n<div class=\"wp-block-image\">\n<figure class=\"aligncenter size-full\"><img loading=\"lazy\" decoding=\"async\" width=\"531\" height=\"750\" src=\"https:\/\/dedemesquita.com.br\/wp-content\/uploads\/2024\/02\/WhatsApp-Image-2024-02-14-at-09.02.28-4.jpeg\" alt=\"\" class=\"wp-image-8529\"\/><figcaption class=\"wp-element-caption\">Dilson Pimentel chegando \u00e0 festa (foto de Igor Mota)<\/figcaption><\/figure><\/div>\n\n<div class=\"wp-block-image\">\n<figure class=\"aligncenter size-full\"><img loading=\"lazy\" decoding=\"async\" width=\"639\" height=\"750\" src=\"https:\/\/dedemesquita.com.br\/wp-content\/uploads\/2024\/02\/WhatsApp-Image-2024-02-14-at-09.02.27.jpeg\" alt=\"\" class=\"wp-image-8530\"\/><figcaption class=\"wp-element-caption\">Igor Mota e D\u00edlson Pimentel <\/figcaption><\/figure><\/div>","protected":false},"excerpt":{"rendered":"<p>Bel\u00e9m, 14 de fevereiro de 2024 &#8211; Todo mundo sabe que quando algu\u00e9m posta nas redes sociais que &#8220;todo carnaval tem seu fim&#8221;, uma Mamacita do Mal come\u00e7a a ser desmascarada e trope\u00e7a do salto. Hahahhahahahha. Ent\u00e3o, come\u00e7a a postar para mocinhas come\u00e7arem a cair, de vez. Brincadeiras \u00e0 parte, o carnaval est\u00e1 se encerrando, [&hellip;]<\/p>\n","protected":false},"author":2,"featured_media":8520,"comment_status":"open","ping_status":"open","sticky":false,"template":"","format":"standard","meta":{"footnotes":""},"categories":[51,14,29],"tags":[569,181,119,120,144,145,568,567],"class_list":["post-8519","post","type-post","status-publish","format-standard","has-post-thumbnail","hentry","category-destaque","category-imprensa","category-jornalismo","tag-circuito-mangueirosa","tag-diario-do-para","tag-jornalismo","tag-jornalistas-paraenses-em-acao","tag-o-liberal","tag-rbatv","tag-sao-caetano-de-odivelas","tag-vigia"],"yoast_head":"<!-- This site is optimized with the Yoast SEO plugin v19.10 - https:\/\/yoast.com\/wordpress\/plugins\/seo\/ -->\n<title>Carnaval no interior do Par\u00e1 e em Bel\u00e9m faz a alegria das pautas nas reda\u00e7\u00f5es - Ded\u00e9 Mesquita<\/title>\n<meta name=\"robots\" content=\"index, follow, max-snippet:-1, max-image-preview:large, max-video-preview:-1\" \/>\n<link rel=\"canonical\" href=\"https:\/\/dedemesquita.com.br\/?p=8519\" \/>\n<meta property=\"og:locale\" content=\"pt_BR\" \/>\n<meta property=\"og:type\" content=\"article\" \/>\n<meta property=\"og:title\" content=\"Carnaval no interior do Par\u00e1 e em Bel\u00e9m faz a alegria das pautas nas reda\u00e7\u00f5es - Ded\u00e9 Mesquita\" \/>\n<meta property=\"og:description\" content=\"Bel\u00e9m, 14 de fevereiro de 2024 &#8211; Todo mundo sabe que quando algu\u00e9m posta nas redes sociais que &#8220;todo carnaval tem seu fim&#8221;, uma Mamacita do Mal come\u00e7a a ser desmascarada e trope\u00e7a do salto. Hahahhahahahha. Ent\u00e3o, come\u00e7a a postar para mocinhas come\u00e7arem a cair, de vez. Brincadeiras \u00e0 parte, o carnaval est\u00e1 se encerrando, [&hellip;]\" \/>\n<meta property=\"og:url\" content=\"https:\/\/dedemesquita.com.br\/?p=8519\" \/>\n<meta property=\"og:site_name\" content=\"Ded\u00e9 Mesquita\" \/>\n<meta property=\"article:publisher\" content=\"https:\/\/www.facebook.com\/dede.mesquita\" \/>\n<meta property=\"article:published_time\" content=\"2024-02-14T13:54:23+00:00\" \/>\n<meta property=\"article:modified_time\" content=\"2024-02-20T14:03:36+00:00\" \/>\n<meta property=\"og:image\" content=\"https:\/\/dedemesquita.com.br\/wp-content\/uploads\/2024\/02\/WhatsApp-Image-2024-02-14-at-09.52.01-1.jpeg\" \/>\n\t<meta property=\"og:image:width\" content=\"900\" \/>\n\t<meta property=\"og:image:height\" content=\"634\" \/>\n\t<meta property=\"og:image:type\" content=\"image\/jpeg\" \/>\n<meta name=\"author\" content=\"Ded\u00e9 Mesquita\" \/>\n<meta name=\"twitter:card\" content=\"summary_large_image\" \/>\n<meta name=\"twitter:creator\" content=\"@dedemesquita\" \/>\n<meta name=\"twitter:site\" content=\"@dedemesquita\" \/>\n<meta name=\"twitter:label1\" content=\"Escrito por\" \/>\n\t<meta name=\"twitter:data1\" content=\"Ded\u00e9 Mesquita\" \/>\n\t<meta name=\"twitter:label2\" content=\"Est. tempo de leitura\" \/>\n\t<meta name=\"twitter:data2\" content=\"2 minutos\" \/>\n<script type=\"application\/ld+json\" class=\"yoast-schema-graph\">{\"@context\":\"https:\/\/schema.org\",\"@graph\":[{\"@type\":\"WebPage\",\"@id\":\"https:\/\/dedemesquita.com.br\/?p=8519\",\"url\":\"https:\/\/dedemesquita.com.br\/?p=8519\",\"name\":\"Carnaval no interior do Par\u00e1 e em Bel\u00e9m faz a alegria das pautas nas reda\u00e7\u00f5es - Ded\u00e9 Mesquita\",\"isPartOf\":{\"@id\":\"https:\/\/dedemesquita.com.br\/#website\"},\"datePublished\":\"2024-02-14T13:54:23+00:00\",\"dateModified\":\"2024-02-20T14:03:36+00:00\",\"author\":{\"@id\":\"https:\/\/dedemesquita.com.br\/#\/schema\/person\/36571f81dd2d76dc3ab37231542c9e24\"},\"breadcrumb\":{\"@id\":\"https:\/\/dedemesquita.com.br\/?p=8519#breadcrumb\"},\"inLanguage\":\"pt-BR\",\"potentialAction\":[{\"@type\":\"ReadAction\",\"target\":[\"https:\/\/dedemesquita.com.br\/?p=8519\"]}]},{\"@type\":\"BreadcrumbList\",\"@id\":\"https:\/\/dedemesquita.com.br\/?p=8519#breadcrumb\",\"itemListElement\":[{\"@type\":\"ListItem\",\"position\":1,\"name\":\"In\u00edcio\",\"item\":\"https:\/\/dedemesquita.com.br\/\"},{\"@type\":\"ListItem\",\"position\":2,\"name\":\"Carnaval no interior do Par\u00e1 e em Bel\u00e9m faz a alegria das pautas nas reda\u00e7\u00f5es\"}]},{\"@type\":\"WebSite\",\"@id\":\"https:\/\/dedemesquita.com.br\/#website\",\"url\":\"https:\/\/dedemesquita.com.br\/\",\"name\":\"Ded\u00e9 Mesquita\",\"description\":\"Um site que mostra os bastidores da imprensa no estado do Par\u00e1 e em Bel\u00e9m\",\"potentialAction\":[{\"@type\":\"SearchAction\",\"target\":{\"@type\":\"EntryPoint\",\"urlTemplate\":\"https:\/\/dedemesquita.com.br\/?s={search_term_string}\"},\"query-input\":\"required name=search_term_string\"}],\"inLanguage\":\"pt-BR\"},{\"@type\":\"Person\",\"@id\":\"https:\/\/dedemesquita.com.br\/#\/schema\/person\/36571f81dd2d76dc3ab37231542c9e24\",\"name\":\"Ded\u00e9 Mesquita\",\"image\":{\"@type\":\"ImageObject\",\"inLanguage\":\"pt-BR\",\"@id\":\"https:\/\/dedemesquita.com.br\/#\/schema\/person\/image\/\",\"url\":\"https:\/\/dedemesquita.com.br\/wp-content\/uploads\/2021\/02\/foto_perfil-150x150.jpg\",\"contentUrl\":\"https:\/\/dedemesquita.com.br\/wp-content\/uploads\/2021\/02\/foto_perfil-150x150.jpg\",\"caption\":\"Ded\u00e9 Mesquita\"},\"sameAs\":[\"https:\/\/dedemesquita.com.br\"]}]}<\/script>\n<!-- \/ Yoast SEO plugin. -->","yoast_head_json":{"title":"Carnaval no interior do Par\u00e1 e em Bel\u00e9m faz a alegria das pautas nas reda\u00e7\u00f5es - Ded\u00e9 Mesquita","robots":{"index":"index","follow":"follow","max-snippet":"max-snippet:-1","max-image-preview":"max-image-preview:large","max-video-preview":"max-video-preview:-1"},"canonical":"https:\/\/dedemesquita.com.br\/?p=8519","og_locale":"pt_BR","og_type":"article","og_title":"Carnaval no interior do Par\u00e1 e em Bel\u00e9m faz a alegria das pautas nas reda\u00e7\u00f5es - Ded\u00e9 Mesquita","og_description":"Bel\u00e9m, 14 de fevereiro de 2024 &#8211; Todo mundo sabe que quando algu\u00e9m posta nas redes sociais que &#8220;todo carnaval tem seu fim&#8221;, uma Mamacita do Mal come\u00e7a a ser desmascarada e trope\u00e7a do salto. Hahahhahahahha. Ent\u00e3o, come\u00e7a a postar para mocinhas come\u00e7arem a cair, de vez. Brincadeiras \u00e0 parte, o carnaval est\u00e1 se encerrando, [&hellip;]","og_url":"https:\/\/dedemesquita.com.br\/?p=8519","og_site_name":"Ded\u00e9 Mesquita","article_publisher":"https:\/\/www.facebook.com\/dede.mesquita","article_published_time":"2024-02-14T13:54:23+00:00","article_modified_time":"2024-02-20T14:03:36+00:00","og_image":[{"width":900,"height":634,"url":"https:\/\/dedemesquita.com.br\/wp-content\/uploads\/2024\/02\/WhatsApp-Image-2024-02-14-at-09.52.01-1.jpeg","type":"image\/jpeg"}],"author":"Ded\u00e9 Mesquita","twitter_card":"summary_large_image","twitter_creator":"@dedemesquita","twitter_site":"@dedemesquita","twitter_misc":{"Escrito por":"Ded\u00e9 Mesquita","Est. tempo de leitura":"2 minutos"},"schema":{"@context":"https:\/\/schema.org","@graph":[{"@type":"WebPage","@id":"https:\/\/dedemesquita.com.br\/?p=8519","url":"https:\/\/dedemesquita.com.br\/?p=8519","name":"Carnaval no interior do Par\u00e1 e em Bel\u00e9m faz a alegria das pautas nas reda\u00e7\u00f5es - Ded\u00e9 Mesquita","isPartOf":{"@id":"https:\/\/dedemesquita.com.br\/#website"},"datePublished":"2024-02-14T13:54:23+00:00","dateModified":"2024-02-20T14:03:36+00:00","author":{"@id":"https:\/\/dedemesquita.com.br\/#\/schema\/person\/36571f81dd2d76dc3ab37231542c9e24"},"breadcrumb":{"@id":"https:\/\/dedemesquita.com.br\/?p=8519#breadcrumb"},"inLanguage":"pt-BR","potentialAction":[{"@type":"ReadAction","target":["https:\/\/dedemesquita.com.br\/?p=8519"]}]},{"@type":"BreadcrumbList","@id":"https:\/\/dedemesquita.com.br\/?p=8519#breadcrumb","itemListElement":[{"@type":"ListItem","position":1,"name":"In\u00edcio","item":"https:\/\/dedemesquita.com.br\/"},{"@type":"ListItem","position":2,"name":"Carnaval no interior do Par\u00e1 e em Bel\u00e9m faz a alegria das pautas nas reda\u00e7\u00f5es"}]},{"@type":"WebSite","@id":"https:\/\/dedemesquita.com.br\/#website","url":"https:\/\/dedemesquita.com.br\/","name":"Ded\u00e9 Mesquita","description":"Um site que mostra os bastidores da imprensa no estado do Par\u00e1 e em Bel\u00e9m","potentialAction":[{"@type":"SearchAction","target":{"@type":"EntryPoint","urlTemplate":"https:\/\/dedemesquita.com.br\/?s={search_term_string}"},"query-input":"required name=search_term_string"}],"inLanguage":"pt-BR"},{"@type":"Person","@id":"https:\/\/dedemesquita.com.br\/#\/schema\/person\/36571f81dd2d76dc3ab37231542c9e24","name":"Ded\u00e9 Mesquita","image":{"@type":"ImageObject","inLanguage":"pt-BR","@id":"https:\/\/dedemesquita.com.br\/#\/schema\/person\/image\/","url":"https:\/\/dedemesquita.com.br\/wp-content\/uploads\/2021\/02\/foto_perfil-150x150.jpg","contentUrl":"https:\/\/dedemesquita.com.br\/wp-content\/uploads\/2021\/02\/foto_perfil-150x150.jpg","caption":"Ded\u00e9 Mesquita"},"sameAs":["https:\/\/dedemesquita.com.br"]}]}},"_links":{"self":[{"href":"https:\/\/dedemesquita.com.br\/index.php?rest_route=\/wp\/v2\/posts\/8519"}],"collection":[{"href":"https:\/\/dedemesquita.com.br\/index.php?rest_route=\/wp\/v2\/posts"}],"about":[{"href":"https:\/\/dedemesquita.com.br\/index.php?rest_route=\/wp\/v2\/types\/post"}],"author":[{"embeddable":true,"href":"https:\/\/dedemesquita.com.br\/index.php?rest_route=\/wp\/v2\/users\/2"}],"replies":[{"embeddable":true,"href":"https:\/\/dedemesquita.com.br\/index.php?rest_route=%2Fwp%2Fv2%2Fcomments&post=8519"}],"version-history":[{"count":7,"href":"https:\/\/dedemesquita.com.br\/index.php?rest_route=\/wp\/v2\/posts\/8519\/revisions"}],"predecessor-version":[{"id":8587,"href":"https:\/\/dedemesquita.com.br\/index.php?rest_route=\/wp\/v2\/posts\/8519\/revisions\/8587"}],"wp:featuredmedia":[{"embeddable":true,"href":"https:\/\/dedemesquita.com.br\/index.php?rest_route=\/wp\/v2\/media\/8520"}],"wp:attachment":[{"href":"https:\/\/dedemesquita.com.br\/index.php?rest_route=%2Fwp%2Fv2%2Fmedia&parent=8519"}],"wp:term":[{"taxonomy":"category","embeddable":true,"href":"https:\/\/dedemesquita.com.br\/index.php?rest_route=%2Fwp%2Fv2%2Fcategories&post=8519"},{"taxonomy":"post_tag","embeddable":true,"href":"https:\/\/dedemesquita.com.br\/index.php?rest_route=%2Fwp%2Fv2%2Ftags&post=8519"}],"curies":[{"name":"wp","href":"https:\/\/api.w.org\/{rel}","templated":true}]}}