{"id":8490,"date":"2024-02-12T20:01:51","date_gmt":"2024-02-12T23:01:51","guid":{"rendered":"https:\/\/dedemesquita.com.br\/?p=8490"},"modified":"2024-02-20T11:05:04","modified_gmt":"2024-02-20T14:05:04","slug":"cobertura-do-bloco-pretinhos-do-mangue-em-curuca-e-sempre-uma-farra-para-a-imprensa","status":"publish","type":"post","link":"https:\/\/dedemesquita.com.br\/?p=8490","title":{"rendered":"Cobertura do bloco Pretinhos do Mangue, em Curu\u00e7\u00e1, \u00e9 sempre uma farra para a imprensa"},"content":{"rendered":"\n<p><strong>Bel\u00e9m, 12 de fevereiro de 2024 &#8211; <\/strong>Foli\u00f5es se esbaldaram na tarde de domingo, 11, no Carnaval em <strong>Curu\u00e7\u00e1<\/strong>, no nordeste do Par\u00e1, a aproximadamente a 140 km de Bel\u00e9m.<\/p>\n\n\n\n<p>Eles acompanharam o bloco<strong> Pretinhos do Mangue<\/strong> que, neste ano, completou 35 anos, com o tema da COP 30, que ser\u00e1 realizada em Bel\u00e9m em 2025, e sua import\u00e2ncia para a preserva\u00e7\u00e3o ambiental e o desenvolvimento sustent\u00e1vel na Amaz\u00f4nia.<\/p>\n\n\n\n<p>Antes do desfile, marcado para as 16 horas, os brincantes foram ao porto Pretinhos do Mangue e, ao som de muito carimb\u00f3, pegaram sua fantasia ecol\u00f3gica &#8211; a lama retirada do mangue, que eles passam pelo corpo.<\/p>\n\n\n\n<p>Como dizem os brincantes: \u00e9 o abad\u00e1 mais barato que existe, pois \u00e9 retirado direto da natureza. N\u00e3o causa danos ao meio ambiente e nem \u00e0 sa\u00fade das pessoas. \u00c9 um abad\u00e1 ecol\u00f3gico. \u00c9 uma forma de chamar a aten\u00e7\u00e3o para a import\u00e2ncia de se preservar o meio ambiente.<\/p>\n\n\n\n<p>Confira o trabalho dos coleguinhas que estiveram na cobertura de mais um ano desse tradicional carnaval que \u00e9 uma das marcas da folia no estado do Par\u00e1. <\/p>\n\n\n<div class=\"wp-block-image\">\n<figure class=\"aligncenter size-full\"><img loading=\"lazy\" decoding=\"async\" width=\"527\" height=\"489\" src=\"https:\/\/dedemesquita.com.br\/wp-content\/uploads\/2024\/02\/WhatsApp-Image-2024-02-20-at-11.00.19.jpeg\" alt=\"\" class=\"wp-image-8588\"\/><figcaption class=\"wp-element-caption\">Jal\u00edlia Messias, da TV Liberal <\/figcaption><\/figure><\/div>\n\n<div class=\"wp-block-image\">\n<figure class=\"aligncenter size-full\"><img loading=\"lazy\" decoding=\"async\" width=\"800\" height=\"600\" src=\"https:\/\/dedemesquita.com.br\/wp-content\/uploads\/2024\/02\/WhatsApp-Image-2024-02-12-at-02.18.53-1.jpeg\" alt=\"\" class=\"wp-image-8492\" srcset=\"https:\/\/dedemesquita.com.br\/wp-content\/uploads\/2024\/02\/WhatsApp-Image-2024-02-12-at-02.18.53-1.jpeg 800w, https:\/\/dedemesquita.com.br\/wp-content\/uploads\/2024\/02\/WhatsApp-Image-2024-02-12-at-02.18.53-1-768x576.jpeg 768w\" sizes=\"(max-width: 800px) 100vw, 800px\" \/><figcaption class=\"wp-element-caption\">Diego Monteiro, do jornal Di\u00e1rio do Par\u00e1, e colegas de trabalho<\/figcaption><\/figure><\/div>\n\n<div class=\"wp-block-image\">\n<figure class=\"aligncenter size-full\"><img loading=\"lazy\" decoding=\"async\" width=\"800\" height=\"600\" src=\"https:\/\/dedemesquita.com.br\/wp-content\/uploads\/2024\/02\/WhatsApp-Image-2024-02-12-at-02.18.54.jpeg\" alt=\"\" class=\"wp-image-8493\" srcset=\"https:\/\/dedemesquita.com.br\/wp-content\/uploads\/2024\/02\/WhatsApp-Image-2024-02-12-at-02.18.54.jpeg 800w, https:\/\/dedemesquita.com.br\/wp-content\/uploads\/2024\/02\/WhatsApp-Image-2024-02-12-at-02.18.54-768x576.jpeg 768w\" sizes=\"(max-width: 800px) 100vw, 800px\" \/><figcaption class=\"wp-element-caption\">Diego todo bonitinho e arrumado. mas olha essa lama a\u00ed (foto de Diego Monteiro)<\/figcaption><\/figure><\/div>\n\n<div class=\"wp-block-image\">\n<figure class=\"aligncenter size-full\"><img loading=\"lazy\" decoding=\"async\" width=\"561\" height=\"800\" src=\"https:\/\/dedemesquita.com.br\/wp-content\/uploads\/2024\/02\/WhatsApp-Image-2024-02-12-at-02.18.54-1.jpeg\" alt=\"\" class=\"wp-image-8494\"\/><figcaption class=\"wp-element-caption\">Equipe do jornal Di\u00e1rio do Par\u00e1 antes de pegar a estrada para Curu\u00e7\u00e1<\/figcaption><\/figure><\/div>\n\n<div class=\"wp-block-image\">\n<figure class=\"aligncenter size-full\"><img loading=\"lazy\" decoding=\"async\" width=\"543\" height=\"800\" src=\"https:\/\/dedemesquita.com.br\/wp-content\/uploads\/2024\/02\/WhatsApp-Image-2024-02-12-at-19.36.35.jpeg\" alt=\"\" class=\"wp-image-8495\"\/><figcaption class=\"wp-element-caption\">Diego Monteiro j\u00e1 entrando na brincadeira <\/figcaption><\/figure><\/div>\n\n<div class=\"wp-block-image\">\n<figure class=\"aligncenter size-full\"><img loading=\"lazy\" decoding=\"async\" width=\"495\" height=\"800\" src=\"https:\/\/dedemesquita.com.br\/wp-content\/uploads\/2024\/02\/WhatsApp-Image-2024-02-12-at-19.36.35-1.jpeg\" alt=\"\" class=\"wp-image-8496\"\/><figcaption class=\"wp-element-caption\">De novo, de novo<\/figcaption><\/figure><\/div>\n\n<div class=\"wp-block-image\">\n<figure class=\"aligncenter size-full\"><img loading=\"lazy\" decoding=\"async\" width=\"720\" height=\"587\" src=\"https:\/\/dedemesquita.com.br\/wp-content\/uploads\/2024\/02\/WhatsApp-Image-2024-02-12-at-18.27.15.jpeg\" alt=\"\" class=\"wp-image-8497\"\/><figcaption class=\"wp-element-caption\">D\u00edlson Pimentel e Igor Mota, do jornal O Liberal <\/figcaption><\/figure><\/div>","protected":false},"excerpt":{"rendered":"<p>Bel\u00e9m, 12 de fevereiro de 2024 &#8211; Foli\u00f5es se esbaldaram na tarde de domingo, 11, no Carnaval em Curu\u00e7\u00e1, no nordeste do Par\u00e1, a aproximadamente a 140 km de Bel\u00e9m. Eles acompanharam o bloco Pretinhos do Mangue que, neste ano, completou 35 anos, com o tema da COP 30, que ser\u00e1 realizada em Bel\u00e9m em [&hellip;]<\/p>\n","protected":false},"author":2,"featured_media":8491,"comment_status":"open","ping_status":"open","sticky":false,"template":"","format":"standard","meta":{"footnotes":""},"categories":[51,14,29],"tags":[563,181,119,120,144,564],"class_list":["post-8490","post","type-post","status-publish","format-standard","has-post-thumbnail","hentry","category-destaque","category-imprensa","category-jornalismo","tag-curuca-2","tag-diario-do-para","tag-jornalismo","tag-jornalistas-paraenses-em-acao","tag-o-liberal","tag-pretinhos-do-mangue"],"yoast_head":"<!-- This site is optimized with the Yoast SEO plugin v19.10 - https:\/\/yoast.com\/wordpress\/plugins\/seo\/ -->\n<title>Cobertura do bloco Pretinhos do Mangue, em Curu\u00e7\u00e1, \u00e9 sempre uma farra para a imprensa - Ded\u00e9 Mesquita<\/title>\n<meta name=\"robots\" content=\"index, follow, max-snippet:-1, max-image-preview:large, max-video-preview:-1\" \/>\n<link rel=\"canonical\" href=\"https:\/\/dedemesquita.com.br\/?p=8490\" \/>\n<meta property=\"og:locale\" content=\"pt_BR\" \/>\n<meta property=\"og:type\" content=\"article\" \/>\n<meta property=\"og:title\" content=\"Cobertura do bloco Pretinhos do Mangue, em Curu\u00e7\u00e1, \u00e9 sempre uma farra para a imprensa - Ded\u00e9 Mesquita\" \/>\n<meta property=\"og:description\" content=\"Bel\u00e9m, 12 de fevereiro de 2024 &#8211; Foli\u00f5es se esbaldaram na tarde de domingo, 11, no Carnaval em Curu\u00e7\u00e1, no nordeste do Par\u00e1, a aproximadamente a 140 km de Bel\u00e9m. Eles acompanharam o bloco Pretinhos do Mangue que, neste ano, completou 35 anos, com o tema da COP 30, que ser\u00e1 realizada em Bel\u00e9m em [&hellip;]\" \/>\n<meta property=\"og:url\" content=\"https:\/\/dedemesquita.com.br\/?p=8490\" \/>\n<meta property=\"og:site_name\" content=\"Ded\u00e9 Mesquita\" \/>\n<meta property=\"article:publisher\" content=\"https:\/\/www.facebook.com\/dede.mesquita\" \/>\n<meta property=\"article:published_time\" content=\"2024-02-12T23:01:51+00:00\" \/>\n<meta property=\"article:modified_time\" content=\"2024-02-20T14:05:04+00:00\" \/>\n<meta property=\"og:image\" content=\"https:\/\/dedemesquita.com.br\/wp-content\/uploads\/2024\/02\/WhatsApp-Image-2024-02-12-at-02.18.53.jpeg\" \/>\n\t<meta property=\"og:image:width\" content=\"950\" \/>\n\t<meta property=\"og:image:height\" content=\"712\" \/>\n\t<meta property=\"og:image:type\" content=\"image\/jpeg\" \/>\n<meta name=\"author\" content=\"Ded\u00e9 Mesquita\" \/>\n<meta name=\"twitter:card\" content=\"summary_large_image\" \/>\n<meta name=\"twitter:creator\" content=\"@dedemesquita\" \/>\n<meta name=\"twitter:site\" content=\"@dedemesquita\" \/>\n<meta name=\"twitter:label1\" content=\"Escrito por\" \/>\n\t<meta name=\"twitter:data1\" content=\"Ded\u00e9 Mesquita\" \/>\n\t<meta name=\"twitter:label2\" content=\"Est. tempo de leitura\" \/>\n\t<meta name=\"twitter:data2\" content=\"1 minuto\" \/>\n<script type=\"application\/ld+json\" class=\"yoast-schema-graph\">{\"@context\":\"https:\/\/schema.org\",\"@graph\":[{\"@type\":\"WebPage\",\"@id\":\"https:\/\/dedemesquita.com.br\/?p=8490\",\"url\":\"https:\/\/dedemesquita.com.br\/?p=8490\",\"name\":\"Cobertura do bloco Pretinhos do Mangue, em Curu\u00e7\u00e1, \u00e9 sempre uma farra para a imprensa - Ded\u00e9 Mesquita\",\"isPartOf\":{\"@id\":\"https:\/\/dedemesquita.com.br\/#website\"},\"datePublished\":\"2024-02-12T23:01:51+00:00\",\"dateModified\":\"2024-02-20T14:05:04+00:00\",\"author\":{\"@id\":\"https:\/\/dedemesquita.com.br\/#\/schema\/person\/36571f81dd2d76dc3ab37231542c9e24\"},\"breadcrumb\":{\"@id\":\"https:\/\/dedemesquita.com.br\/?p=8490#breadcrumb\"},\"inLanguage\":\"pt-BR\",\"potentialAction\":[{\"@type\":\"ReadAction\",\"target\":[\"https:\/\/dedemesquita.com.br\/?p=8490\"]}]},{\"@type\":\"BreadcrumbList\",\"@id\":\"https:\/\/dedemesquita.com.br\/?p=8490#breadcrumb\",\"itemListElement\":[{\"@type\":\"ListItem\",\"position\":1,\"name\":\"In\u00edcio\",\"item\":\"https:\/\/dedemesquita.com.br\/\"},{\"@type\":\"ListItem\",\"position\":2,\"name\":\"Cobertura do bloco Pretinhos do Mangue, em Curu\u00e7\u00e1, \u00e9 sempre uma farra para a imprensa\"}]},{\"@type\":\"WebSite\",\"@id\":\"https:\/\/dedemesquita.com.br\/#website\",\"url\":\"https:\/\/dedemesquita.com.br\/\",\"name\":\"Ded\u00e9 Mesquita\",\"description\":\"Um site que mostra os bastidores da imprensa no estado do Par\u00e1 e em Bel\u00e9m\",\"potentialAction\":[{\"@type\":\"SearchAction\",\"target\":{\"@type\":\"EntryPoint\",\"urlTemplate\":\"https:\/\/dedemesquita.com.br\/?s={search_term_string}\"},\"query-input\":\"required name=search_term_string\"}],\"inLanguage\":\"pt-BR\"},{\"@type\":\"Person\",\"@id\":\"https:\/\/dedemesquita.com.br\/#\/schema\/person\/36571f81dd2d76dc3ab37231542c9e24\",\"name\":\"Ded\u00e9 Mesquita\",\"image\":{\"@type\":\"ImageObject\",\"inLanguage\":\"pt-BR\",\"@id\":\"https:\/\/dedemesquita.com.br\/#\/schema\/person\/image\/\",\"url\":\"https:\/\/dedemesquita.com.br\/wp-content\/uploads\/2021\/02\/foto_perfil-150x150.jpg\",\"contentUrl\":\"https:\/\/dedemesquita.com.br\/wp-content\/uploads\/2021\/02\/foto_perfil-150x150.jpg\",\"caption\":\"Ded\u00e9 Mesquita\"},\"sameAs\":[\"https:\/\/dedemesquita.com.br\"]}]}<\/script>\n<!-- \/ Yoast SEO plugin. -->","yoast_head_json":{"title":"Cobertura do bloco Pretinhos do Mangue, em Curu\u00e7\u00e1, \u00e9 sempre uma farra para a imprensa - Ded\u00e9 Mesquita","robots":{"index":"index","follow":"follow","max-snippet":"max-snippet:-1","max-image-preview":"max-image-preview:large","max-video-preview":"max-video-preview:-1"},"canonical":"https:\/\/dedemesquita.com.br\/?p=8490","og_locale":"pt_BR","og_type":"article","og_title":"Cobertura do bloco Pretinhos do Mangue, em Curu\u00e7\u00e1, \u00e9 sempre uma farra para a imprensa - Ded\u00e9 Mesquita","og_description":"Bel\u00e9m, 12 de fevereiro de 2024 &#8211; Foli\u00f5es se esbaldaram na tarde de domingo, 11, no Carnaval em Curu\u00e7\u00e1, no nordeste do Par\u00e1, a aproximadamente a 140 km de Bel\u00e9m. Eles acompanharam o bloco Pretinhos do Mangue que, neste ano, completou 35 anos, com o tema da COP 30, que ser\u00e1 realizada em Bel\u00e9m em [&hellip;]","og_url":"https:\/\/dedemesquita.com.br\/?p=8490","og_site_name":"Ded\u00e9 Mesquita","article_publisher":"https:\/\/www.facebook.com\/dede.mesquita","article_published_time":"2024-02-12T23:01:51+00:00","article_modified_time":"2024-02-20T14:05:04+00:00","og_image":[{"width":950,"height":712,"url":"https:\/\/dedemesquita.com.br\/wp-content\/uploads\/2024\/02\/WhatsApp-Image-2024-02-12-at-02.18.53.jpeg","type":"image\/jpeg"}],"author":"Ded\u00e9 Mesquita","twitter_card":"summary_large_image","twitter_creator":"@dedemesquita","twitter_site":"@dedemesquita","twitter_misc":{"Escrito por":"Ded\u00e9 Mesquita","Est. tempo de leitura":"1 minuto"},"schema":{"@context":"https:\/\/schema.org","@graph":[{"@type":"WebPage","@id":"https:\/\/dedemesquita.com.br\/?p=8490","url":"https:\/\/dedemesquita.com.br\/?p=8490","name":"Cobertura do bloco Pretinhos do Mangue, em Curu\u00e7\u00e1, \u00e9 sempre uma farra para a imprensa - Ded\u00e9 Mesquita","isPartOf":{"@id":"https:\/\/dedemesquita.com.br\/#website"},"datePublished":"2024-02-12T23:01:51+00:00","dateModified":"2024-02-20T14:05:04+00:00","author":{"@id":"https:\/\/dedemesquita.com.br\/#\/schema\/person\/36571f81dd2d76dc3ab37231542c9e24"},"breadcrumb":{"@id":"https:\/\/dedemesquita.com.br\/?p=8490#breadcrumb"},"inLanguage":"pt-BR","potentialAction":[{"@type":"ReadAction","target":["https:\/\/dedemesquita.com.br\/?p=8490"]}]},{"@type":"BreadcrumbList","@id":"https:\/\/dedemesquita.com.br\/?p=8490#breadcrumb","itemListElement":[{"@type":"ListItem","position":1,"name":"In\u00edcio","item":"https:\/\/dedemesquita.com.br\/"},{"@type":"ListItem","position":2,"name":"Cobertura do bloco Pretinhos do Mangue, em Curu\u00e7\u00e1, \u00e9 sempre uma farra para a imprensa"}]},{"@type":"WebSite","@id":"https:\/\/dedemesquita.com.br\/#website","url":"https:\/\/dedemesquita.com.br\/","name":"Ded\u00e9 Mesquita","description":"Um site que mostra os bastidores da imprensa no estado do Par\u00e1 e em Bel\u00e9m","potentialAction":[{"@type":"SearchAction","target":{"@type":"EntryPoint","urlTemplate":"https:\/\/dedemesquita.com.br\/?s={search_term_string}"},"query-input":"required name=search_term_string"}],"inLanguage":"pt-BR"},{"@type":"Person","@id":"https:\/\/dedemesquita.com.br\/#\/schema\/person\/36571f81dd2d76dc3ab37231542c9e24","name":"Ded\u00e9 Mesquita","image":{"@type":"ImageObject","inLanguage":"pt-BR","@id":"https:\/\/dedemesquita.com.br\/#\/schema\/person\/image\/","url":"https:\/\/dedemesquita.com.br\/wp-content\/uploads\/2021\/02\/foto_perfil-150x150.jpg","contentUrl":"https:\/\/dedemesquita.com.br\/wp-content\/uploads\/2021\/02\/foto_perfil-150x150.jpg","caption":"Ded\u00e9 Mesquita"},"sameAs":["https:\/\/dedemesquita.com.br"]}]}},"_links":{"self":[{"href":"https:\/\/dedemesquita.com.br\/index.php?rest_route=\/wp\/v2\/posts\/8490"}],"collection":[{"href":"https:\/\/dedemesquita.com.br\/index.php?rest_route=\/wp\/v2\/posts"}],"about":[{"href":"https:\/\/dedemesquita.com.br\/index.php?rest_route=\/wp\/v2\/types\/post"}],"author":[{"embeddable":true,"href":"https:\/\/dedemesquita.com.br\/index.php?rest_route=\/wp\/v2\/users\/2"}],"replies":[{"embeddable":true,"href":"https:\/\/dedemesquita.com.br\/index.php?rest_route=%2Fwp%2Fv2%2Fcomments&post=8490"}],"version-history":[{"count":2,"href":"https:\/\/dedemesquita.com.br\/index.php?rest_route=\/wp\/v2\/posts\/8490\/revisions"}],"predecessor-version":[{"id":8589,"href":"https:\/\/dedemesquita.com.br\/index.php?rest_route=\/wp\/v2\/posts\/8490\/revisions\/8589"}],"wp:featuredmedia":[{"embeddable":true,"href":"https:\/\/dedemesquita.com.br\/index.php?rest_route=\/wp\/v2\/media\/8491"}],"wp:attachment":[{"href":"https:\/\/dedemesquita.com.br\/index.php?rest_route=%2Fwp%2Fv2%2Fmedia&parent=8490"}],"wp:term":[{"taxonomy":"category","embeddable":true,"href":"https:\/\/dedemesquita.com.br\/index.php?rest_route=%2Fwp%2Fv2%2Fcategories&post=8490"},{"taxonomy":"post_tag","embeddable":true,"href":"https:\/\/dedemesquita.com.br\/index.php?rest_route=%2Fwp%2Fv2%2Ftags&post=8490"}],"curies":[{"name":"wp","href":"https:\/\/api.w.org\/{rel}","templated":true}]}}