{"id":8469,"date":"2024-02-12T19:26:13","date_gmt":"2024-02-12T22:26:13","guid":{"rendered":"https:\/\/dedemesquita.com.br\/?p=8469"},"modified":"2024-02-14T10:22:42","modified_gmt":"2024-02-14T13:22:42","slug":"imprensa-marca-presenca-na-cobertura-do-pre-olimpico-de-basquete-feminino-em-belem","status":"publish","type":"post","link":"https:\/\/dedemesquita.com.br\/?p=8469","title":{"rendered":"Imprensa marca presen\u00e7a na cobertura do pr\u00e9-ol\u00edmpico de basquete feminino em Bel\u00e9m"},"content":{"rendered":"\n<p><strong>Bel\u00e9m, 12 de fevereiro de 2024 &#8211;<\/strong> Foi uma pena que a Sele\u00e7\u00e3o Brasileira de Basquetebol Feminino n\u00e3o tenha conseguido uma vaga para as Olimp\u00edadas, que ser\u00e3o realizadas, este ano, em Paris, na Fran\u00e7a. O Brasil perdeu as tr\u00eas partidas do campeonato e est\u00e1 fora da grande competi\u00e7\u00e3o que ser\u00e1 disputada de 26 de julho a 11 de agosto deste ano. <\/p>\n\n\n\n<p>Federa\u00e7\u00e3o Internacional de Basquete &#8211; FIBA selecionou Bel\u00e9m como a sede das disputas das sele\u00e7\u00f5es do Brasil, Alemanha, Austr\u00e1lia e S\u00e9rvia, no per\u00edodo 8 a 11 de fevereiro, deste ano, com as competi\u00e7\u00f5es sendo disputadas na arena Guilherme Paraense, o Mangueirinho, que tem capacidade para receber 11 mil pessoas. E foi uma grande festa.<\/p>\n\n\n\n<p>Festa tamb\u00e9m para os coleguinhas que tiveram a oportunidade de cobrir mais um evento de n\u00edvel internacional. Veja quem esteve por l\u00e1. <\/p>\n\n\n<div class=\"wp-block-image\">\n<figure class=\"aligncenter size-full is-resized\"><img loading=\"lazy\" decoding=\"async\" src=\"https:\/\/dedemesquita.com.br\/wp-content\/uploads\/2024\/02\/WhatsApp-Image-2024-02-12-at-07.56.10.jpeg\" alt=\"\" class=\"wp-image-8486\" width=\"788\" height=\"531\" srcset=\"https:\/\/dedemesquita.com.br\/wp-content\/uploads\/2024\/02\/WhatsApp-Image-2024-02-12-at-07.56.10.jpeg 788w, https:\/\/dedemesquita.com.br\/wp-content\/uploads\/2024\/02\/WhatsApp-Image-2024-02-12-at-07.56.10-768x518.jpeg 768w\" sizes=\"(max-width: 788px) 100vw, 788px\" \/><figcaption class=\"wp-element-caption\">Tima\u00e7o, hein? Wagner Santana, Thiago Gomes, Marx Vasconcelos, Oswaldo Forte, Raimundo Pacc\u00f3, Sidney Oliveira e Silvio Garrido <\/figcaption><\/figure><\/div>\n\n<div class=\"wp-block-image\">\n<figure class=\"aligncenter size-full\"><img loading=\"lazy\" decoding=\"async\" width=\"800\" height=\"492\" src=\"https:\/\/dedemesquita.com.br\/wp-content\/uploads\/2024\/02\/foto-de-Marco-Santos.jpg\" alt=\"\" class=\"wp-image-8515\" srcset=\"https:\/\/dedemesquita.com.br\/wp-content\/uploads\/2024\/02\/foto-de-Marco-Santos.jpg 800w, https:\/\/dedemesquita.com.br\/wp-content\/uploads\/2024\/02\/foto-de-Marco-Santos-768x472.jpg 768w\" sizes=\"(max-width: 800px) 100vw, 800px\" \/><figcaption class=\"wp-element-caption\">Oswaldo Forte e Raimundo Pacc\u00f3 (foto de Marco Santos)<\/figcaption><\/figure><\/div>\n\n<div class=\"wp-block-image\">\n<figure class=\"aligncenter size-full\"><img loading=\"lazy\" decoding=\"async\" width=\"720\" height=\"610\" src=\"https:\/\/dedemesquita.com.br\/wp-content\/uploads\/2024\/02\/WhatsApp-Image-2024-02-14-at-09.02.28-3.jpeg\" alt=\"\" class=\"wp-image-8517\"\/><figcaption class=\"wp-element-caption\">Raimundo Pacc\u00f3 e Sidney Oliveira em foto de Oswaldo Forte <\/figcaption><\/figure><\/div>\n\n<div class=\"wp-block-image\">\n<figure class=\"aligncenter size-full\"><img loading=\"lazy\" decoding=\"async\" width=\"750\" height=\"562\" src=\"https:\/\/dedemesquita.com.br\/wp-content\/uploads\/2024\/02\/WhatsApp-Image-2024-02-08-at-16.14.43.jpeg\" alt=\"\" class=\"wp-image-8471\"\/><figcaption class=\"wp-element-caption\">Cezar Magalh\u00e3es, Thiago Gomes e Oswaldo Forte (foto de Cezar Magalh\u00e3es)<\/figcaption><\/figure><\/div>\n\n<div class=\"wp-block-image\">\n<figure class=\"aligncenter size-full\"><img loading=\"lazy\" decoding=\"async\" width=\"750\" height=\"562\" src=\"https:\/\/dedemesquita.com.br\/wp-content\/uploads\/2024\/02\/WhatsApp-Image-2024-02-08-at-16.14.43-1.jpeg\" alt=\"\" class=\"wp-image-8472\"\/><figcaption class=\"wp-element-caption\">Magalha e Oswaldo Luiz (foto de Cezar Magalh\u00e3es)<\/figcaption><\/figure><\/div>\n\n<div class=\"wp-block-image\">\n<figure class=\"aligncenter size-full\"><img loading=\"lazy\" decoding=\"async\" width=\"750\" height=\"562\" src=\"https:\/\/dedemesquita.com.br\/wp-content\/uploads\/2024\/02\/WhatsApp-Image-2024-02-08-at-16.21.02.jpeg\" alt=\"\" class=\"wp-image-8473\"\/><figcaption class=\"wp-element-caption\">Magalha em a\u00e7\u00e3o, todo feliz <\/figcaption><\/figure><\/div>\n\n<div class=\"wp-block-image\">\n<figure class=\"aligncenter size-full\"><img loading=\"lazy\" decoding=\"async\" width=\"750\" height=\"562\" src=\"https:\/\/dedemesquita.com.br\/wp-content\/uploads\/2024\/02\/WhatsApp-Image-2024-02-08-at-18.52.47.jpeg\" alt=\"\" class=\"wp-image-8474\"\/><figcaption class=\"wp-element-caption\">Magalha, aqui, muito concentrado<\/figcaption><\/figure><\/div>\n\n<div class=\"wp-block-image\">\n<figure class=\"aligncenter size-full\"><img loading=\"lazy\" decoding=\"async\" width=\"761\" height=\"800\" src=\"https:\/\/dedemesquita.com.br\/wp-content\/uploads\/2024\/02\/WhatsApp-Image-2024-02-08-at-18.52.47-2.jpeg\" alt=\"\" class=\"wp-image-8475\"\/><figcaption class=\"wp-element-caption\">Raimundo Pacc\u00f3 (foto de Cezar Magalh\u00e3es)<\/figcaption><\/figure><\/div>\n\n<div class=\"wp-block-image\">\n<figure class=\"aligncenter size-full\"><img loading=\"lazy\" decoding=\"async\" width=\"628\" height=\"800\" src=\"https:\/\/dedemesquita.com.br\/wp-content\/uploads\/2024\/02\/WhatsApp-Image-2024-02-08-at-19.11.29.jpeg\" alt=\"\" class=\"wp-image-8476\"\/><figcaption class=\"wp-element-caption\">Fl\u00e1vio Contente e, mais atr\u00e1s, Marx Vasconcelos (foto de Cezar Magalh\u00e3es)<\/figcaption><\/figure><\/div>\n\n<div class=\"wp-block-image\">\n<figure class=\"aligncenter size-full\"><img loading=\"lazy\" decoding=\"async\" width=\"704\" height=\"800\" src=\"https:\/\/dedemesquita.com.br\/wp-content\/uploads\/2024\/02\/WhatsApp-Image-2024-02-08-at-19.11.30.jpeg\" alt=\"\" class=\"wp-image-8477\"\/><figcaption class=\"wp-element-caption\">Esses dois: Amig\u00e3o Sidney Oliveira e Wagner Santana (foto de Cezar Magalh\u00e3es)<\/figcaption><\/figure><\/div>\n\n<div class=\"wp-block-image\">\n<figure class=\"aligncenter size-full\"><img loading=\"lazy\" decoding=\"async\" width=\"750\" height=\"562\" src=\"https:\/\/dedemesquita.com.br\/wp-content\/uploads\/2024\/02\/WhatsApp-Image-2024-02-08-at-19.11.30-1.jpeg\" alt=\"\" class=\"wp-image-8478\"\/><figcaption class=\"wp-element-caption\">Equipe da Secom-PA, com Tain\u00e1 Martinez, e TV Cultura, com Matheus Miranda e seus cinegrafistas (foto de Cezar Magalh\u00e3es)<\/figcaption><\/figure><\/div>\n\n<div class=\"wp-block-image\">\n<figure class=\"aligncenter size-full\"><img loading=\"lazy\" decoding=\"async\" width=\"750\" height=\"562\" src=\"https:\/\/dedemesquita.com.br\/wp-content\/uploads\/2024\/02\/WhatsApp-Image-2024-02-08-at-19.11.31.jpeg\" alt=\"\" class=\"wp-image-8479\"\/><figcaption class=\"wp-element-caption\">Equipes da Secom-PA e TV Cultura (foto de Cezar Magalh\u00e3es)<\/figcaption><\/figure><\/div>\n\n<div class=\"wp-block-image\">\n<figure class=\"aligncenter size-full\"><img loading=\"lazy\" decoding=\"async\" width=\"600\" height=\"800\" src=\"https:\/\/dedemesquita.com.br\/wp-content\/uploads\/2024\/02\/WhatsApp-Image-2024-02-08-at-19.12.39.jpeg\" alt=\"\" class=\"wp-image-8480\"\/><figcaption class=\"wp-element-caption\">Oswaldo Forte e sua c\u00e2meras <\/figcaption><\/figure><\/div>\n\n<div class=\"wp-block-image\">\n<figure class=\"aligncenter size-full\"><img loading=\"lazy\" decoding=\"async\" width=\"600\" height=\"800\" src=\"https:\/\/dedemesquita.com.br\/wp-content\/uploads\/2024\/02\/WhatsApp-Image-2024-02-08-at-23.19.58.jpeg\" alt=\"\" class=\"wp-image-8481\"\/><figcaption class=\"wp-element-caption\">Sidney Oliveira e Cezar Magalh\u00e3es e a impon\u00eancia da arena Mangueirinho <\/figcaption><\/figure><\/div>\n\n<div class=\"wp-block-image\">\n<figure class=\"aligncenter size-full\"><img loading=\"lazy\" decoding=\"async\" width=\"750\" height=\"562\" src=\"https:\/\/dedemesquita.com.br\/wp-content\/uploads\/2024\/02\/WhatsApp-Image-2024-02-12-at-07.56.24.jpeg\" alt=\"\" class=\"wp-image-8482\"\/><figcaption class=\"wp-element-caption\">Oswaldo Forte, Wagner Santana, Talita Gouveia e Silvio Garrido<\/figcaption><\/figure><\/div>\n\n<div class=\"wp-block-image\">\n<figure class=\"aligncenter size-full\"><img loading=\"lazy\" decoding=\"async\" width=\"533\" height=\"800\" src=\"https:\/\/dedemesquita.com.br\/wp-content\/uploads\/2024\/02\/WhatsApp-Image-2024-02-12-at-07.55.32.jpeg\" alt=\"\" class=\"wp-image-8483\"\/><figcaption class=\"wp-element-caption\">Ele faz essa cara de &#8220;mau&#8221;, mas \u00e9 um amorzinho o Wagner Santana<\/figcaption><\/figure><\/div>\n\n<div class=\"wp-block-image\">\n<figure class=\"aligncenter size-full\"><img loading=\"lazy\" decoding=\"async\" width=\"707\" height=\"800\" src=\"https:\/\/dedemesquita.com.br\/wp-content\/uploads\/2024\/02\/WhatsApp-Image-2024-02-09-at-15.26.13.jpeg\" alt=\"\" class=\"wp-image-8484\"\/><figcaption class=\"wp-element-caption\">Wagner Santana e Oswaldo Forte (foto de Wagner Santana)<\/figcaption><\/figure><\/div>\n\n<div class=\"wp-block-image\">\n<figure class=\"aligncenter size-full\"><img loading=\"lazy\" decoding=\"async\" width=\"717\" height=\"800\" src=\"https:\/\/dedemesquita.com.br\/wp-content\/uploads\/2024\/02\/WhatsApp-Image-2024-02-09-at-11.06.33.jpeg\" alt=\"\" class=\"wp-image-8485\"\/><figcaption class=\"wp-element-caption\">Wagner, Sidney, Silvio e Magalha (foto de Wagner Santana)<\/figcaption><\/figure><\/div>\n\n<div class=\"wp-block-image\">\n<figure class=\"aligncenter size-full\"><img loading=\"lazy\" decoding=\"async\" width=\"628\" height=\"750\" src=\"https:\/\/dedemesquita.com.br\/wp-content\/uploads\/2024\/02\/WhatsApp-Image-2024-02-12-at-18.27.15-1-1.jpeg\" alt=\"\" class=\"wp-image-8488\"\/><figcaption class=\"wp-element-caption\">Maycon Nunes e Raimundo Pacc\u00f3 <\/figcaption><\/figure><\/div>","protected":false},"excerpt":{"rendered":"<p>Bel\u00e9m, 12 de fevereiro de 2024 &#8211; Foi uma pena que a Sele\u00e7\u00e3o Brasileira de Basquetebol Feminino n\u00e3o tenha conseguido uma vaga para as Olimp\u00edadas, que ser\u00e3o realizadas, este ano, em Paris, na Fran\u00e7a. O Brasil perdeu as tr\u00eas partidas do campeonato e est\u00e1 fora da grande competi\u00e7\u00e3o que ser\u00e1 disputada de 26 de julho [&hellip;]<\/p>\n","protected":false},"author":2,"featured_media":8470,"comment_status":"open","ping_status":"open","sticky":false,"template":"","format":"standard","meta":{"footnotes":""},"categories":[51,14,29],"tags":[181,560,175,119,120,561,144,150,244],"class_list":["post-8469","post","type-post","status-publish","format-standard","has-post-thumbnail","hentry","category-destaque","category-imprensa","category-jornalismo","tag-diario-do-para","tag-federacao-internacional-de-basquete","tag-governo-do-para","tag-jornalismo","tag-jornalistas-paraenses-em-acao","tag-mangueirinho","tag-o-liberal","tag-secom-pa","tag-seel"],"yoast_head":"<!-- This site is optimized with the Yoast SEO plugin v19.10 - https:\/\/yoast.com\/wordpress\/plugins\/seo\/ -->\n<title>Imprensa marca presen\u00e7a na cobertura do pr\u00e9-ol\u00edmpico de basquete feminino em Bel\u00e9m - Ded\u00e9 Mesquita<\/title>\n<meta name=\"robots\" content=\"index, follow, max-snippet:-1, max-image-preview:large, max-video-preview:-1\" \/>\n<link rel=\"canonical\" href=\"https:\/\/dedemesquita.com.br\/?p=8469\" \/>\n<meta property=\"og:locale\" content=\"pt_BR\" \/>\n<meta property=\"og:type\" content=\"article\" \/>\n<meta property=\"og:title\" content=\"Imprensa marca presen\u00e7a na cobertura do pr\u00e9-ol\u00edmpico de basquete feminino em Bel\u00e9m - Ded\u00e9 Mesquita\" \/>\n<meta property=\"og:description\" content=\"Bel\u00e9m, 12 de fevereiro de 2024 &#8211; Foi uma pena que a Sele\u00e7\u00e3o Brasileira de Basquetebol Feminino n\u00e3o tenha conseguido uma vaga para as Olimp\u00edadas, que ser\u00e3o realizadas, este ano, em Paris, na Fran\u00e7a. O Brasil perdeu as tr\u00eas partidas do campeonato e est\u00e1 fora da grande competi\u00e7\u00e3o que ser\u00e1 disputada de 26 de julho [&hellip;]\" \/>\n<meta property=\"og:url\" content=\"https:\/\/dedemesquita.com.br\/?p=8469\" \/>\n<meta property=\"og:site_name\" content=\"Ded\u00e9 Mesquita\" \/>\n<meta property=\"article:publisher\" content=\"https:\/\/www.facebook.com\/dede.mesquita\" \/>\n<meta property=\"article:published_time\" content=\"2024-02-12T22:26:13+00:00\" \/>\n<meta property=\"article:modified_time\" content=\"2024-02-14T13:22:42+00:00\" \/>\n<meta property=\"og:image\" content=\"https:\/\/dedemesquita.com.br\/wp-content\/uploads\/2024\/02\/capa-1.jpeg\" \/>\n\t<meta property=\"og:image:width\" content=\"950\" \/>\n\t<meta property=\"og:image:height\" content=\"712\" \/>\n\t<meta property=\"og:image:type\" content=\"image\/jpeg\" \/>\n<meta name=\"author\" content=\"Ded\u00e9 Mesquita\" \/>\n<meta name=\"twitter:card\" content=\"summary_large_image\" \/>\n<meta name=\"twitter:creator\" content=\"@dedemesquita\" \/>\n<meta name=\"twitter:site\" content=\"@dedemesquita\" \/>\n<meta name=\"twitter:label1\" content=\"Escrito por\" \/>\n\t<meta name=\"twitter:data1\" content=\"Ded\u00e9 Mesquita\" \/>\n\t<meta name=\"twitter:label2\" content=\"Est. tempo de leitura\" \/>\n\t<meta name=\"twitter:data2\" content=\"2 minutos\" \/>\n<script type=\"application\/ld+json\" class=\"yoast-schema-graph\">{\"@context\":\"https:\/\/schema.org\",\"@graph\":[{\"@type\":\"WebPage\",\"@id\":\"https:\/\/dedemesquita.com.br\/?p=8469\",\"url\":\"https:\/\/dedemesquita.com.br\/?p=8469\",\"name\":\"Imprensa marca presen\u00e7a na cobertura do pr\u00e9-ol\u00edmpico de basquete feminino em Bel\u00e9m - Ded\u00e9 Mesquita\",\"isPartOf\":{\"@id\":\"https:\/\/dedemesquita.com.br\/#website\"},\"datePublished\":\"2024-02-12T22:26:13+00:00\",\"dateModified\":\"2024-02-14T13:22:42+00:00\",\"author\":{\"@id\":\"https:\/\/dedemesquita.com.br\/#\/schema\/person\/36571f81dd2d76dc3ab37231542c9e24\"},\"breadcrumb\":{\"@id\":\"https:\/\/dedemesquita.com.br\/?p=8469#breadcrumb\"},\"inLanguage\":\"pt-BR\",\"potentialAction\":[{\"@type\":\"ReadAction\",\"target\":[\"https:\/\/dedemesquita.com.br\/?p=8469\"]}]},{\"@type\":\"BreadcrumbList\",\"@id\":\"https:\/\/dedemesquita.com.br\/?p=8469#breadcrumb\",\"itemListElement\":[{\"@type\":\"ListItem\",\"position\":1,\"name\":\"In\u00edcio\",\"item\":\"https:\/\/dedemesquita.com.br\/\"},{\"@type\":\"ListItem\",\"position\":2,\"name\":\"Imprensa marca presen\u00e7a na cobertura do pr\u00e9-ol\u00edmpico de basquete feminino em Bel\u00e9m\"}]},{\"@type\":\"WebSite\",\"@id\":\"https:\/\/dedemesquita.com.br\/#website\",\"url\":\"https:\/\/dedemesquita.com.br\/\",\"name\":\"Ded\u00e9 Mesquita\",\"description\":\"Um site que mostra os bastidores da imprensa no estado do Par\u00e1 e em Bel\u00e9m\",\"potentialAction\":[{\"@type\":\"SearchAction\",\"target\":{\"@type\":\"EntryPoint\",\"urlTemplate\":\"https:\/\/dedemesquita.com.br\/?s={search_term_string}\"},\"query-input\":\"required name=search_term_string\"}],\"inLanguage\":\"pt-BR\"},{\"@type\":\"Person\",\"@id\":\"https:\/\/dedemesquita.com.br\/#\/schema\/person\/36571f81dd2d76dc3ab37231542c9e24\",\"name\":\"Ded\u00e9 Mesquita\",\"image\":{\"@type\":\"ImageObject\",\"inLanguage\":\"pt-BR\",\"@id\":\"https:\/\/dedemesquita.com.br\/#\/schema\/person\/image\/\",\"url\":\"https:\/\/dedemesquita.com.br\/wp-content\/uploads\/2021\/02\/foto_perfil-150x150.jpg\",\"contentUrl\":\"https:\/\/dedemesquita.com.br\/wp-content\/uploads\/2021\/02\/foto_perfil-150x150.jpg\",\"caption\":\"Ded\u00e9 Mesquita\"},\"sameAs\":[\"https:\/\/dedemesquita.com.br\"]}]}<\/script>\n<!-- \/ Yoast SEO plugin. -->","yoast_head_json":{"title":"Imprensa marca presen\u00e7a na cobertura do pr\u00e9-ol\u00edmpico de basquete feminino em Bel\u00e9m - Ded\u00e9 Mesquita","robots":{"index":"index","follow":"follow","max-snippet":"max-snippet:-1","max-image-preview":"max-image-preview:large","max-video-preview":"max-video-preview:-1"},"canonical":"https:\/\/dedemesquita.com.br\/?p=8469","og_locale":"pt_BR","og_type":"article","og_title":"Imprensa marca presen\u00e7a na cobertura do pr\u00e9-ol\u00edmpico de basquete feminino em Bel\u00e9m - Ded\u00e9 Mesquita","og_description":"Bel\u00e9m, 12 de fevereiro de 2024 &#8211; Foi uma pena que a Sele\u00e7\u00e3o Brasileira de Basquetebol Feminino n\u00e3o tenha conseguido uma vaga para as Olimp\u00edadas, que ser\u00e3o realizadas, este ano, em Paris, na Fran\u00e7a. O Brasil perdeu as tr\u00eas partidas do campeonato e est\u00e1 fora da grande competi\u00e7\u00e3o que ser\u00e1 disputada de 26 de julho [&hellip;]","og_url":"https:\/\/dedemesquita.com.br\/?p=8469","og_site_name":"Ded\u00e9 Mesquita","article_publisher":"https:\/\/www.facebook.com\/dede.mesquita","article_published_time":"2024-02-12T22:26:13+00:00","article_modified_time":"2024-02-14T13:22:42+00:00","og_image":[{"width":950,"height":712,"url":"https:\/\/dedemesquita.com.br\/wp-content\/uploads\/2024\/02\/capa-1.jpeg","type":"image\/jpeg"}],"author":"Ded\u00e9 Mesquita","twitter_card":"summary_large_image","twitter_creator":"@dedemesquita","twitter_site":"@dedemesquita","twitter_misc":{"Escrito por":"Ded\u00e9 Mesquita","Est. tempo de leitura":"2 minutos"},"schema":{"@context":"https:\/\/schema.org","@graph":[{"@type":"WebPage","@id":"https:\/\/dedemesquita.com.br\/?p=8469","url":"https:\/\/dedemesquita.com.br\/?p=8469","name":"Imprensa marca presen\u00e7a na cobertura do pr\u00e9-ol\u00edmpico de basquete feminino em Bel\u00e9m - Ded\u00e9 Mesquita","isPartOf":{"@id":"https:\/\/dedemesquita.com.br\/#website"},"datePublished":"2024-02-12T22:26:13+00:00","dateModified":"2024-02-14T13:22:42+00:00","author":{"@id":"https:\/\/dedemesquita.com.br\/#\/schema\/person\/36571f81dd2d76dc3ab37231542c9e24"},"breadcrumb":{"@id":"https:\/\/dedemesquita.com.br\/?p=8469#breadcrumb"},"inLanguage":"pt-BR","potentialAction":[{"@type":"ReadAction","target":["https:\/\/dedemesquita.com.br\/?p=8469"]}]},{"@type":"BreadcrumbList","@id":"https:\/\/dedemesquita.com.br\/?p=8469#breadcrumb","itemListElement":[{"@type":"ListItem","position":1,"name":"In\u00edcio","item":"https:\/\/dedemesquita.com.br\/"},{"@type":"ListItem","position":2,"name":"Imprensa marca presen\u00e7a na cobertura do pr\u00e9-ol\u00edmpico de basquete feminino em Bel\u00e9m"}]},{"@type":"WebSite","@id":"https:\/\/dedemesquita.com.br\/#website","url":"https:\/\/dedemesquita.com.br\/","name":"Ded\u00e9 Mesquita","description":"Um site que mostra os bastidores da imprensa no estado do Par\u00e1 e em Bel\u00e9m","potentialAction":[{"@type":"SearchAction","target":{"@type":"EntryPoint","urlTemplate":"https:\/\/dedemesquita.com.br\/?s={search_term_string}"},"query-input":"required name=search_term_string"}],"inLanguage":"pt-BR"},{"@type":"Person","@id":"https:\/\/dedemesquita.com.br\/#\/schema\/person\/36571f81dd2d76dc3ab37231542c9e24","name":"Ded\u00e9 Mesquita","image":{"@type":"ImageObject","inLanguage":"pt-BR","@id":"https:\/\/dedemesquita.com.br\/#\/schema\/person\/image\/","url":"https:\/\/dedemesquita.com.br\/wp-content\/uploads\/2021\/02\/foto_perfil-150x150.jpg","contentUrl":"https:\/\/dedemesquita.com.br\/wp-content\/uploads\/2021\/02\/foto_perfil-150x150.jpg","caption":"Ded\u00e9 Mesquita"},"sameAs":["https:\/\/dedemesquita.com.br"]}]}},"_links":{"self":[{"href":"https:\/\/dedemesquita.com.br\/index.php?rest_route=\/wp\/v2\/posts\/8469"}],"collection":[{"href":"https:\/\/dedemesquita.com.br\/index.php?rest_route=\/wp\/v2\/posts"}],"about":[{"href":"https:\/\/dedemesquita.com.br\/index.php?rest_route=\/wp\/v2\/types\/post"}],"author":[{"embeddable":true,"href":"https:\/\/dedemesquita.com.br\/index.php?rest_route=\/wp\/v2\/users\/2"}],"replies":[{"embeddable":true,"href":"https:\/\/dedemesquita.com.br\/index.php?rest_route=%2Fwp%2Fv2%2Fcomments&post=8469"}],"version-history":[{"count":2,"href":"https:\/\/dedemesquita.com.br\/index.php?rest_route=\/wp\/v2\/posts\/8469\/revisions"}],"predecessor-version":[{"id":8518,"href":"https:\/\/dedemesquita.com.br\/index.php?rest_route=\/wp\/v2\/posts\/8469\/revisions\/8518"}],"wp:featuredmedia":[{"embeddable":true,"href":"https:\/\/dedemesquita.com.br\/index.php?rest_route=\/wp\/v2\/media\/8470"}],"wp:attachment":[{"href":"https:\/\/dedemesquita.com.br\/index.php?rest_route=%2Fwp%2Fv2%2Fmedia&parent=8469"}],"wp:term":[{"taxonomy":"category","embeddable":true,"href":"https:\/\/dedemesquita.com.br\/index.php?rest_route=%2Fwp%2Fv2%2Fcategories&post=8469"},{"taxonomy":"post_tag","embeddable":true,"href":"https:\/\/dedemesquita.com.br\/index.php?rest_route=%2Fwp%2Fv2%2Ftags&post=8469"}],"curies":[{"name":"wp","href":"https:\/\/api.w.org\/{rel}","templated":true}]}}