{"id":8448,"date":"2024-02-07T10:52:42","date_gmt":"2024-02-07T13:52:42","guid":{"rendered":"https:\/\/dedemesquita.com.br\/?p=8448"},"modified":"2024-02-07T10:55:29","modified_gmt":"2024-02-07T13:55:29","slug":"um-webinar-de-graca-sobre-jornalismo-de-solucoes-e-um-bloco-que-vai-ser-babado-para-os-coleguinhas","status":"publish","type":"post","link":"https:\/\/dedemesquita.com.br\/?p=8448","title":{"rendered":"Um webinar de gra\u00e7a sobre Jornalismo de Solu\u00e7\u00f5es e um bloco que vai ser babado para os coleguinhas"},"content":{"rendered":"\n<p><strong>Bel\u00e9m, 7 de fevereiro de 2024 &#8211;<\/strong> E eis que voltamos em edi\u00e7\u00e3o extra para duas not\u00edcias bem bacanas. Uma, mais s\u00e9ria, \u00e9 para quem quer se aprimorar mais na profiss\u00e3o de jornalista, e a outra, para quem quer cair na &#8220;esb\u00f3rnia&#8221;, no carnaval, porque, afinal, aqui ningu\u00e9m \u00e9 de ferro e precisamos nos divertir tamb\u00e9m. <\/p>\n\n\n\n<p><strong>Webinar &#8211;<\/strong> Est\u00e3o abertas as inscri\u00e7\u00f5es para o webinar gratuito <strong>&#8220;Jornalismo de Solu\u00e7\u00f5es: O que \u00e9, como aplicar e o cen\u00e1rio no Brasil&#8221;<\/strong>, mas as vagas s\u00e3o limitadas. Portanto, te liga, manoooo!!! O evento ser\u00e1 online, no dia 22 de fevereiro, quinta-feira, das 19h30 \u00e0s 21h, pelo hor\u00e1rio de Bras\u00edlia.<\/p>\n\n\n\n<p>O webinar \u00e9 organizado por um grupo de jornalistas que estudam, pesquisam ou j\u00e1 praticam o Jornalismo de Solu\u00e7\u00f5es. O evento vai apresentar o b\u00e1sico sobre o <strong>Jornalismo de Solu\u00e7\u00f5es <\/strong>e destacar iniciativas no Brasil que j\u00e1 utilizam o m\u00e9todo, tendo como objetivo ajudar a disseminar o tema no Pa\u00eds. <strong>Ser\u00e1 emitido certificado de participa\u00e7\u00e3o com a carga hor\u00e1ria de 1h30<\/strong>.<\/p>\n\n\n\n<p>Os ministrantes s\u00e3o: <strong>Daniel Nardin<\/strong>, com &#8220;O que \u00e9 e como aplicar o Jornalismo de Solu\u00e7\u00f5es&#8221;; <strong>professor Ant\u00f4nio Sim\u00f5es<\/strong>, da UEPB, com &#8220;O Jornalismo de Solu\u00e7\u00f5es no Brasil &#8211; Andamento e perspectivas na academia&#8221;; <strong>Camila Farias<\/strong> e <strong>Eduardo Geraque<\/strong>, com &#8220;Breve cen\u00e1rio do Jornalismo de Solu\u00e7\u00f5es no Brasil&#8221;; e <strong>Maristela Crispim<\/strong>, com &#8220;Eco Nordeste: Aplicando o Jornalismo de Solu\u00e7\u00f5es na rotina da reda\u00e7\u00e3o&#8221;. <\/p>\n\n\n\n<p>Inscri\u00e7\u00f5es no link: <a href=\"https:\/\/forms.gle\/SVnxrSfDBZhbgxCA8\"><strong>https:\/\/forms.gle\/SVnxrSfDBZhbgxCA8<\/strong><\/a> <\/p>\n\n\n<div class=\"wp-block-image\">\n<figure class=\"aligncenter size-full\"><img loading=\"lazy\" decoding=\"async\" width=\"640\" height=\"800\" src=\"https:\/\/dedemesquita.com.br\/wp-content\/uploads\/2024\/02\/WhatsApp-Image-2024-02-06-at-12.02.06.jpeg\" alt=\"\" class=\"wp-image-8451\"\/><figcaption class=\"wp-element-caption\">Mais uma oportunidade e aprimorar conhecimentos, coleguinhas!<\/figcaption><\/figure><\/div>\n\n\n<p><strong>Novo bloco &#8211;<\/strong> Essa \u00e9 para quem estava com saudades de um bloco de carnaval, bem raiz, formado por jornalistas. Tem uma galera de coleguinhas que cobre, quase sempre, a \u00e1rea policial. Quem cobre essa editoria sabe que os coleguinhas trocam muitas informa\u00e7\u00f5es e s\u00e3o bem unidos. Ent\u00e3o, no final do ano passado, rolou uma confra deles no Apoena, e eles se uniram e decidiram fazer um bloco de carnaval. Eu adorei a ideia. Achei o m\u00e1ximo. Quantos mais blocos, melhor. <\/p>\n\n\n<div class=\"wp-block-image\">\n<figure class=\"aligncenter size-full\"><img loading=\"lazy\" decoding=\"async\" width=\"421\" height=\"750\" src=\"https:\/\/dedemesquita.com.br\/wp-content\/uploads\/2024\/02\/WhatsApp-Image-2024-02-06-at-23.36.36.jpeg\" alt=\"\" class=\"wp-image-8450\"\/><figcaption class=\"wp-element-caption\">Esse bloco \u00e9 babado!!!<\/figcaption><\/figure><\/div>\n\n\n<p><strong>O convite \u00e9 este aqui: <\/strong><\/p>\n\n\n\n<p>Extra, Extra! <strong>Bloco do Ronda 24h<\/strong> chegou com not\u00edcias alegres e muita anima\u00e7\u00e3o. Nossa fonte \u00e9 a folia e a manchete \u00e9 a divers\u00e3o! \ud83c\udf89\ud83d\uddde\ufe0f<\/p>\n\n\n\n<p>E voc\u00ea est\u00e1 convidado para cair na folia com a gente \ud83d\udde3\ufe0f\ud83e\udd73<\/p>\n\n\n\n<p>\ud83d\uddd3\ufe0f Data: 24 de fevereiro, s\u00e1bado<br>\u23f0 Hor\u00e1rio: 20h30<br>\ud83d\udccd Local: Villa Park &#8211; avenida Marqu\u00eas de Herval, 1001, Pedreira, Bel\u00e9m<br>\ud83c\udfbd Abad\u00e1: R$ 18 reais<br>\ud83d\udcf1 Informa\u00e7\u00f5es: procurar <strong>Ana Laura<\/strong>, <strong>Matheus Freire<\/strong>, <strong>Matheus Viggo<\/strong> ou <strong>Rosana Pinto<\/strong><\/p>\n\n\n\n<p>Se prepare para a festa mais &#8220;headline&#8221; do ano! \ud83c\udf89\ud83d\udcf0 <\/p>\n\n\n\n<p>Olha aqui o abad\u00e1 do Bloco do Ronda 24h<\/p>\n\n\n<div class=\"wp-block-image\">\n<figure class=\"aligncenter size-full\"><img loading=\"lazy\" decoding=\"async\" width=\"722\" height=\"750\" src=\"https:\/\/dedemesquita.com.br\/wp-content\/uploads\/2024\/02\/WhatsApp-Image-2024-02-06-at-23.40.10.jpeg\" alt=\"\" class=\"wp-image-8449\"\/><figcaption class=\"wp-element-caption\">Como falava um amigo meu: o &#8220;barabad\u00e1&#8221; <\/figcaption><\/figure><\/div>\n\n\n<p><strong>#BlocoDoRonda24h<\/strong> <\/p>\n\n\n\n<p><strong>#CarnavalJornal\u00edstico<\/strong> <\/p>\n\n\n\n<p><strong>#FoliaSemPauta<\/strong><\/p>\n","protected":false},"excerpt":{"rendered":"<p>Bel\u00e9m, 7 de fevereiro de 2024 &#8211; E eis que voltamos em edi\u00e7\u00e3o extra para duas not\u00edcias bem bacanas. Uma, mais s\u00e9ria, \u00e9 para quem quer se aprimorar mais na profiss\u00e3o de jornalista, e a outra, para quem quer cair na &#8220;esb\u00f3rnia&#8221;, no carnaval, porque, afinal, aqui ningu\u00e9m \u00e9 de ferro e precisamos nos divertir [&hellip;]<\/p>\n","protected":false},"author":2,"featured_media":8453,"comment_status":"open","ping_status":"open","sticky":false,"template":"","format":"standard","meta":{"footnotes":""},"categories":[51,14,29],"tags":[377,557,559,351,558,119,556,120],"class_list":["post-8448","post","type-post","status-publish","format-standard","has-post-thumbnail","hentry","category-destaque","category-imprensa","category-jornalismo","tag-amazonia-vox","tag-bloco-do-ronda-24h","tag-carnaval-jornalistico","tag-daniel-nardin","tag-folia-sem-pauta","tag-jornalismo","tag-jornalismo-de-solucoes","tag-jornalistas-paraenses-em-acao"],"yoast_head":"<!-- This site is optimized with the Yoast SEO plugin v19.10 - https:\/\/yoast.com\/wordpress\/plugins\/seo\/ -->\n<title>Um webinar de gra\u00e7a sobre Jornalismo de Solu\u00e7\u00f5es e um bloco que vai ser babado para os coleguinhas - Ded\u00e9 Mesquita<\/title>\n<meta name=\"robots\" content=\"index, follow, max-snippet:-1, max-image-preview:large, max-video-preview:-1\" \/>\n<link rel=\"canonical\" href=\"https:\/\/dedemesquita.com.br\/?p=8448\" \/>\n<meta property=\"og:locale\" content=\"pt_BR\" \/>\n<meta property=\"og:type\" content=\"article\" \/>\n<meta property=\"og:title\" content=\"Um webinar de gra\u00e7a sobre Jornalismo de Solu\u00e7\u00f5es e um bloco que vai ser babado para os coleguinhas - Ded\u00e9 Mesquita\" \/>\n<meta property=\"og:description\" content=\"Bel\u00e9m, 7 de fevereiro de 2024 &#8211; E eis que voltamos em edi\u00e7\u00e3o extra para duas not\u00edcias bem bacanas. Uma, mais s\u00e9ria, \u00e9 para quem quer se aprimorar mais na profiss\u00e3o de jornalista, e a outra, para quem quer cair na &#8220;esb\u00f3rnia&#8221;, no carnaval, porque, afinal, aqui ningu\u00e9m \u00e9 de ferro e precisamos nos divertir [&hellip;]\" \/>\n<meta property=\"og:url\" content=\"https:\/\/dedemesquita.com.br\/?p=8448\" \/>\n<meta property=\"og:site_name\" content=\"Ded\u00e9 Mesquita\" \/>\n<meta property=\"article:publisher\" content=\"https:\/\/www.facebook.com\/dede.mesquita\" \/>\n<meta property=\"article:published_time\" content=\"2024-02-07T13:52:42+00:00\" \/>\n<meta property=\"article:modified_time\" content=\"2024-02-07T13:55:29+00:00\" \/>\n<meta property=\"og:image\" content=\"https:\/\/dedemesquita.com.br\/wp-content\/uploads\/2024\/02\/vila.jpg\" \/>\n\t<meta property=\"og:image:width\" content=\"927\" \/>\n\t<meta property=\"og:image:height\" content=\"646\" \/>\n\t<meta property=\"og:image:type\" content=\"image\/jpeg\" \/>\n<meta name=\"author\" content=\"Ded\u00e9 Mesquita\" \/>\n<meta name=\"twitter:card\" content=\"summary_large_image\" \/>\n<meta name=\"twitter:creator\" content=\"@dedemesquita\" \/>\n<meta name=\"twitter:site\" content=\"@dedemesquita\" \/>\n<meta name=\"twitter:label1\" content=\"Escrito por\" \/>\n\t<meta name=\"twitter:data1\" content=\"Ded\u00e9 Mesquita\" \/>\n\t<meta name=\"twitter:label2\" content=\"Est. tempo de leitura\" \/>\n\t<meta name=\"twitter:data2\" content=\"2 minutos\" \/>\n<script type=\"application\/ld+json\" class=\"yoast-schema-graph\">{\"@context\":\"https:\/\/schema.org\",\"@graph\":[{\"@type\":\"WebPage\",\"@id\":\"https:\/\/dedemesquita.com.br\/?p=8448\",\"url\":\"https:\/\/dedemesquita.com.br\/?p=8448\",\"name\":\"Um webinar de gra\u00e7a sobre Jornalismo de Solu\u00e7\u00f5es e um bloco que vai ser babado para os coleguinhas - Ded\u00e9 Mesquita\",\"isPartOf\":{\"@id\":\"https:\/\/dedemesquita.com.br\/#website\"},\"datePublished\":\"2024-02-07T13:52:42+00:00\",\"dateModified\":\"2024-02-07T13:55:29+00:00\",\"author\":{\"@id\":\"https:\/\/dedemesquita.com.br\/#\/schema\/person\/36571f81dd2d76dc3ab37231542c9e24\"},\"breadcrumb\":{\"@id\":\"https:\/\/dedemesquita.com.br\/?p=8448#breadcrumb\"},\"inLanguage\":\"pt-BR\",\"potentialAction\":[{\"@type\":\"ReadAction\",\"target\":[\"https:\/\/dedemesquita.com.br\/?p=8448\"]}]},{\"@type\":\"BreadcrumbList\",\"@id\":\"https:\/\/dedemesquita.com.br\/?p=8448#breadcrumb\",\"itemListElement\":[{\"@type\":\"ListItem\",\"position\":1,\"name\":\"In\u00edcio\",\"item\":\"https:\/\/dedemesquita.com.br\/\"},{\"@type\":\"ListItem\",\"position\":2,\"name\":\"Um webinar de gra\u00e7a sobre Jornalismo de Solu\u00e7\u00f5es e um bloco que vai ser babado para os coleguinhas\"}]},{\"@type\":\"WebSite\",\"@id\":\"https:\/\/dedemesquita.com.br\/#website\",\"url\":\"https:\/\/dedemesquita.com.br\/\",\"name\":\"Ded\u00e9 Mesquita\",\"description\":\"Um site que mostra os bastidores da imprensa no estado do Par\u00e1 e em Bel\u00e9m\",\"potentialAction\":[{\"@type\":\"SearchAction\",\"target\":{\"@type\":\"EntryPoint\",\"urlTemplate\":\"https:\/\/dedemesquita.com.br\/?s={search_term_string}\"},\"query-input\":\"required name=search_term_string\"}],\"inLanguage\":\"pt-BR\"},{\"@type\":\"Person\",\"@id\":\"https:\/\/dedemesquita.com.br\/#\/schema\/person\/36571f81dd2d76dc3ab37231542c9e24\",\"name\":\"Ded\u00e9 Mesquita\",\"image\":{\"@type\":\"ImageObject\",\"inLanguage\":\"pt-BR\",\"@id\":\"https:\/\/dedemesquita.com.br\/#\/schema\/person\/image\/\",\"url\":\"https:\/\/dedemesquita.com.br\/wp-content\/uploads\/2021\/02\/foto_perfil-150x150.jpg\",\"contentUrl\":\"https:\/\/dedemesquita.com.br\/wp-content\/uploads\/2021\/02\/foto_perfil-150x150.jpg\",\"caption\":\"Ded\u00e9 Mesquita\"},\"sameAs\":[\"https:\/\/dedemesquita.com.br\"]}]}<\/script>\n<!-- \/ Yoast SEO plugin. -->","yoast_head_json":{"title":"Um webinar de gra\u00e7a sobre Jornalismo de Solu\u00e7\u00f5es e um bloco que vai ser babado para os coleguinhas - Ded\u00e9 Mesquita","robots":{"index":"index","follow":"follow","max-snippet":"max-snippet:-1","max-image-preview":"max-image-preview:large","max-video-preview":"max-video-preview:-1"},"canonical":"https:\/\/dedemesquita.com.br\/?p=8448","og_locale":"pt_BR","og_type":"article","og_title":"Um webinar de gra\u00e7a sobre Jornalismo de Solu\u00e7\u00f5es e um bloco que vai ser babado para os coleguinhas - Ded\u00e9 Mesquita","og_description":"Bel\u00e9m, 7 de fevereiro de 2024 &#8211; E eis que voltamos em edi\u00e7\u00e3o extra para duas not\u00edcias bem bacanas. Uma, mais s\u00e9ria, \u00e9 para quem quer se aprimorar mais na profiss\u00e3o de jornalista, e a outra, para quem quer cair na &#8220;esb\u00f3rnia&#8221;, no carnaval, porque, afinal, aqui ningu\u00e9m \u00e9 de ferro e precisamos nos divertir [&hellip;]","og_url":"https:\/\/dedemesquita.com.br\/?p=8448","og_site_name":"Ded\u00e9 Mesquita","article_publisher":"https:\/\/www.facebook.com\/dede.mesquita","article_published_time":"2024-02-07T13:52:42+00:00","article_modified_time":"2024-02-07T13:55:29+00:00","og_image":[{"width":927,"height":646,"url":"https:\/\/dedemesquita.com.br\/wp-content\/uploads\/2024\/02\/vila.jpg","type":"image\/jpeg"}],"author":"Ded\u00e9 Mesquita","twitter_card":"summary_large_image","twitter_creator":"@dedemesquita","twitter_site":"@dedemesquita","twitter_misc":{"Escrito por":"Ded\u00e9 Mesquita","Est. tempo de leitura":"2 minutos"},"schema":{"@context":"https:\/\/schema.org","@graph":[{"@type":"WebPage","@id":"https:\/\/dedemesquita.com.br\/?p=8448","url":"https:\/\/dedemesquita.com.br\/?p=8448","name":"Um webinar de gra\u00e7a sobre Jornalismo de Solu\u00e7\u00f5es e um bloco que vai ser babado para os coleguinhas - Ded\u00e9 Mesquita","isPartOf":{"@id":"https:\/\/dedemesquita.com.br\/#website"},"datePublished":"2024-02-07T13:52:42+00:00","dateModified":"2024-02-07T13:55:29+00:00","author":{"@id":"https:\/\/dedemesquita.com.br\/#\/schema\/person\/36571f81dd2d76dc3ab37231542c9e24"},"breadcrumb":{"@id":"https:\/\/dedemesquita.com.br\/?p=8448#breadcrumb"},"inLanguage":"pt-BR","potentialAction":[{"@type":"ReadAction","target":["https:\/\/dedemesquita.com.br\/?p=8448"]}]},{"@type":"BreadcrumbList","@id":"https:\/\/dedemesquita.com.br\/?p=8448#breadcrumb","itemListElement":[{"@type":"ListItem","position":1,"name":"In\u00edcio","item":"https:\/\/dedemesquita.com.br\/"},{"@type":"ListItem","position":2,"name":"Um webinar de gra\u00e7a sobre Jornalismo de Solu\u00e7\u00f5es e um bloco que vai ser babado para os coleguinhas"}]},{"@type":"WebSite","@id":"https:\/\/dedemesquita.com.br\/#website","url":"https:\/\/dedemesquita.com.br\/","name":"Ded\u00e9 Mesquita","description":"Um site que mostra os bastidores da imprensa no estado do Par\u00e1 e em Bel\u00e9m","potentialAction":[{"@type":"SearchAction","target":{"@type":"EntryPoint","urlTemplate":"https:\/\/dedemesquita.com.br\/?s={search_term_string}"},"query-input":"required name=search_term_string"}],"inLanguage":"pt-BR"},{"@type":"Person","@id":"https:\/\/dedemesquita.com.br\/#\/schema\/person\/36571f81dd2d76dc3ab37231542c9e24","name":"Ded\u00e9 Mesquita","image":{"@type":"ImageObject","inLanguage":"pt-BR","@id":"https:\/\/dedemesquita.com.br\/#\/schema\/person\/image\/","url":"https:\/\/dedemesquita.com.br\/wp-content\/uploads\/2021\/02\/foto_perfil-150x150.jpg","contentUrl":"https:\/\/dedemesquita.com.br\/wp-content\/uploads\/2021\/02\/foto_perfil-150x150.jpg","caption":"Ded\u00e9 Mesquita"},"sameAs":["https:\/\/dedemesquita.com.br"]}]}},"_links":{"self":[{"href":"https:\/\/dedemesquita.com.br\/index.php?rest_route=\/wp\/v2\/posts\/8448"}],"collection":[{"href":"https:\/\/dedemesquita.com.br\/index.php?rest_route=\/wp\/v2\/posts"}],"about":[{"href":"https:\/\/dedemesquita.com.br\/index.php?rest_route=\/wp\/v2\/types\/post"}],"author":[{"embeddable":true,"href":"https:\/\/dedemesquita.com.br\/index.php?rest_route=\/wp\/v2\/users\/2"}],"replies":[{"embeddable":true,"href":"https:\/\/dedemesquita.com.br\/index.php?rest_route=%2Fwp%2Fv2%2Fcomments&post=8448"}],"version-history":[{"count":3,"href":"https:\/\/dedemesquita.com.br\/index.php?rest_route=\/wp\/v2\/posts\/8448\/revisions"}],"predecessor-version":[{"id":8456,"href":"https:\/\/dedemesquita.com.br\/index.php?rest_route=\/wp\/v2\/posts\/8448\/revisions\/8456"}],"wp:featuredmedia":[{"embeddable":true,"href":"https:\/\/dedemesquita.com.br\/index.php?rest_route=\/wp\/v2\/media\/8453"}],"wp:attachment":[{"href":"https:\/\/dedemesquita.com.br\/index.php?rest_route=%2Fwp%2Fv2%2Fmedia&parent=8448"}],"wp:term":[{"taxonomy":"category","embeddable":true,"href":"https:\/\/dedemesquita.com.br\/index.php?rest_route=%2Fwp%2Fv2%2Fcategories&post=8448"},{"taxonomy":"post_tag","embeddable":true,"href":"https:\/\/dedemesquita.com.br\/index.php?rest_route=%2Fwp%2Fv2%2Ftags&post=8448"}],"curies":[{"name":"wp","href":"https:\/\/api.w.org\/{rel}","templated":true}]}}