{"id":842,"date":"2020-12-01T14:36:00","date_gmt":"2020-12-01T17:36:00","guid":{"rendered":"https:\/\/dedemesquita.com.br\/?p=842"},"modified":"2021-03-01T14:36:50","modified_gmt":"2021-03-01T17:36:50","slug":"fabiana-cabral-na-tv-rba-e-mouana-sioufi-conclui-mestrado","status":"publish","type":"post","link":"https:\/\/dedemesquita.com.br\/?p=842","title":{"rendered":"Fabiana Cabral na TV RBA e Mouana Sioufi conclui Mestrado"},"content":{"rendered":"\n<p>No final do ano, not\u00edcias boas come\u00e7am a chegar&nbsp;no segmnento da comunica\u00e7\u00e3o social. A primeira \u00e9 sobre a <strong>Fabiana Cabral<\/strong>, que agora est\u00e1 de fato e de direito como editora-chefa no programa &#8220;Barra Pesada&#8221;, da RBA TV. H\u00e1 duas semanas, noticiamos as negocia\u00e7\u00f5es para que ela assumisse uma nova fun\u00e7\u00e3o no jornalismo, mas n\u00e3o demos &#8220;o nome do Santo&#8221;.<\/p>\n\n\n\n<p>Fabi volta \u00e0 RBA TV, depois de 14 anos, a convite do diretor de jornalismo daquela emissora de televis\u00e3o, \u00c1lvaro Borges. Na chegada \u00e0 RBA, na segunda-feira, 30, Fabi ganhou o carinho dos amigos Denilson D\u00b4Almeida e Wagner Santana, rep\u00f3rter e fotojornalista, respectivamente, do jornal Di\u00e1rio do Par\u00e1, do mesmo grupo de comunica\u00e7\u00e3o.&nbsp;<\/p>\n\n\n\n<p>O site est\u00e1 morto de orgulhoso da mais nova mestra em Comunica\u00e7\u00e3o Social. A <strong>Mouana Sioufi<\/strong>, que foi rep\u00f3rter da TV Cultura, defendeu tese de Mestrado na segunda-feira, 30, na Bahia, onde ela reside e trabalha. Mouana descreveu assim a conquista: &#8220;Comecei h\u00e1 dois anos essa empreitada. N\u00e3o foi f\u00e1cil. Nunca nada foi f\u00e1cil, mas n\u00e3o reclamo disso n\u00e3o. Aos 44 anos voltar pra universidade pra um mestrado n\u00e3o \u00e9 f\u00e1cil. Mas hoje esse ciclo foi encerrado&#8221;.&nbsp;Sucesso, Mou!<\/p>\n","protected":false},"excerpt":{"rendered":"<p>No final do ano, not\u00edcias boas come\u00e7am a chegar&nbsp;no segmnento da comunica\u00e7\u00e3o social. A primeira \u00e9 sobre a Fabiana Cabral, que agora est\u00e1 de fato e de direito como editora-chefa no programa &#8220;Barra Pesada&#8221;, da RBA TV. H\u00e1 duas semanas, noticiamos as negocia\u00e7\u00f5es para que ela assumisse uma nova fun\u00e7\u00e3o no jornalismo, mas n\u00e3o demos [&hellip;]<\/p>\n","protected":false},"author":2,"featured_media":0,"comment_status":"open","ping_status":"open","sticky":false,"template":"","format":"standard","meta":{"footnotes":""},"categories":[29],"tags":[70],"class_list":["post-842","post","type-post","status-publish","format-standard","hentry","category-jornalismo","tag-sucesso"],"yoast_head":"<!-- This site is optimized with the Yoast SEO plugin v19.10 - https:\/\/yoast.com\/wordpress\/plugins\/seo\/ -->\n<title>Fabiana Cabral na TV RBA e Mouana Sioufi conclui Mestrado - Ded\u00e9 Mesquita<\/title>\n<meta name=\"robots\" content=\"index, follow, max-snippet:-1, max-image-preview:large, max-video-preview:-1\" \/>\n<link rel=\"canonical\" href=\"https:\/\/dedemesquita.com.br\/?p=842\" \/>\n<meta property=\"og:locale\" content=\"pt_BR\" \/>\n<meta property=\"og:type\" content=\"article\" \/>\n<meta property=\"og:title\" content=\"Fabiana Cabral na TV RBA e Mouana Sioufi conclui Mestrado - Ded\u00e9 Mesquita\" \/>\n<meta property=\"og:description\" content=\"No final do ano, not\u00edcias boas come\u00e7am a chegar&nbsp;no segmnento da comunica\u00e7\u00e3o social. A primeira \u00e9 sobre a Fabiana Cabral, que agora est\u00e1 de fato e de direito como editora-chefa no programa &#8220;Barra Pesada&#8221;, da RBA TV. H\u00e1 duas semanas, noticiamos as negocia\u00e7\u00f5es para que ela assumisse uma nova fun\u00e7\u00e3o no jornalismo, mas n\u00e3o demos [&hellip;]\" \/>\n<meta property=\"og:url\" content=\"https:\/\/dedemesquita.com.br\/?p=842\" \/>\n<meta property=\"og:site_name\" content=\"Ded\u00e9 Mesquita\" \/>\n<meta property=\"article:publisher\" content=\"https:\/\/www.facebook.com\/dede.mesquita\" \/>\n<meta property=\"article:published_time\" content=\"2020-12-01T17:36:00+00:00\" \/>\n<meta property=\"article:modified_time\" content=\"2021-03-01T17:36:50+00:00\" \/>\n<meta name=\"author\" content=\"Ded\u00e9 Mesquita\" \/>\n<meta name=\"twitter:card\" content=\"summary_large_image\" \/>\n<meta name=\"twitter:creator\" content=\"@dedemesquita\" \/>\n<meta name=\"twitter:site\" content=\"@dedemesquita\" \/>\n<meta name=\"twitter:label1\" content=\"Escrito por\" \/>\n\t<meta name=\"twitter:data1\" content=\"Ded\u00e9 Mesquita\" \/>\n\t<meta name=\"twitter:label2\" content=\"Est. tempo de leitura\" \/>\n\t<meta name=\"twitter:data2\" content=\"1 minuto\" \/>\n<script type=\"application\/ld+json\" class=\"yoast-schema-graph\">{\"@context\":\"https:\/\/schema.org\",\"@graph\":[{\"@type\":\"WebPage\",\"@id\":\"https:\/\/dedemesquita.com.br\/?p=842\",\"url\":\"https:\/\/dedemesquita.com.br\/?p=842\",\"name\":\"Fabiana Cabral na TV RBA e Mouana Sioufi conclui Mestrado - Ded\u00e9 Mesquita\",\"isPartOf\":{\"@id\":\"https:\/\/dedemesquita.com.br\/#website\"},\"datePublished\":\"2020-12-01T17:36:00+00:00\",\"dateModified\":\"2021-03-01T17:36:50+00:00\",\"author\":{\"@id\":\"https:\/\/dedemesquita.com.br\/#\/schema\/person\/36571f81dd2d76dc3ab37231542c9e24\"},\"breadcrumb\":{\"@id\":\"https:\/\/dedemesquita.com.br\/?p=842#breadcrumb\"},\"inLanguage\":\"pt-BR\",\"potentialAction\":[{\"@type\":\"ReadAction\",\"target\":[\"https:\/\/dedemesquita.com.br\/?p=842\"]}]},{\"@type\":\"BreadcrumbList\",\"@id\":\"https:\/\/dedemesquita.com.br\/?p=842#breadcrumb\",\"itemListElement\":[{\"@type\":\"ListItem\",\"position\":1,\"name\":\"In\u00edcio\",\"item\":\"https:\/\/dedemesquita.com.br\/\"},{\"@type\":\"ListItem\",\"position\":2,\"name\":\"Fabiana Cabral na TV RBA e Mouana Sioufi conclui Mestrado\"}]},{\"@type\":\"WebSite\",\"@id\":\"https:\/\/dedemesquita.com.br\/#website\",\"url\":\"https:\/\/dedemesquita.com.br\/\",\"name\":\"Ded\u00e9 Mesquita\",\"description\":\"Um site que mostra os bastidores da imprensa no estado do Par\u00e1 e em Bel\u00e9m\",\"potentialAction\":[{\"@type\":\"SearchAction\",\"target\":{\"@type\":\"EntryPoint\",\"urlTemplate\":\"https:\/\/dedemesquita.com.br\/?s={search_term_string}\"},\"query-input\":\"required name=search_term_string\"}],\"inLanguage\":\"pt-BR\"},{\"@type\":\"Person\",\"@id\":\"https:\/\/dedemesquita.com.br\/#\/schema\/person\/36571f81dd2d76dc3ab37231542c9e24\",\"name\":\"Ded\u00e9 Mesquita\",\"image\":{\"@type\":\"ImageObject\",\"inLanguage\":\"pt-BR\",\"@id\":\"https:\/\/dedemesquita.com.br\/#\/schema\/person\/image\/\",\"url\":\"https:\/\/dedemesquita.com.br\/wp-content\/uploads\/2021\/02\/foto_perfil-150x150.jpg\",\"contentUrl\":\"https:\/\/dedemesquita.com.br\/wp-content\/uploads\/2021\/02\/foto_perfil-150x150.jpg\",\"caption\":\"Ded\u00e9 Mesquita\"},\"sameAs\":[\"https:\/\/dedemesquita.com.br\"]}]}<\/script>\n<!-- \/ Yoast SEO plugin. -->","yoast_head_json":{"title":"Fabiana Cabral na TV RBA e Mouana Sioufi conclui Mestrado - Ded\u00e9 Mesquita","robots":{"index":"index","follow":"follow","max-snippet":"max-snippet:-1","max-image-preview":"max-image-preview:large","max-video-preview":"max-video-preview:-1"},"canonical":"https:\/\/dedemesquita.com.br\/?p=842","og_locale":"pt_BR","og_type":"article","og_title":"Fabiana Cabral na TV RBA e Mouana Sioufi conclui Mestrado - Ded\u00e9 Mesquita","og_description":"No final do ano, not\u00edcias boas come\u00e7am a chegar&nbsp;no segmnento da comunica\u00e7\u00e3o social. A primeira \u00e9 sobre a Fabiana Cabral, que agora est\u00e1 de fato e de direito como editora-chefa no programa &#8220;Barra Pesada&#8221;, da RBA TV. H\u00e1 duas semanas, noticiamos as negocia\u00e7\u00f5es para que ela assumisse uma nova fun\u00e7\u00e3o no jornalismo, mas n\u00e3o demos [&hellip;]","og_url":"https:\/\/dedemesquita.com.br\/?p=842","og_site_name":"Ded\u00e9 Mesquita","article_publisher":"https:\/\/www.facebook.com\/dede.mesquita","article_published_time":"2020-12-01T17:36:00+00:00","article_modified_time":"2021-03-01T17:36:50+00:00","author":"Ded\u00e9 Mesquita","twitter_card":"summary_large_image","twitter_creator":"@dedemesquita","twitter_site":"@dedemesquita","twitter_misc":{"Escrito por":"Ded\u00e9 Mesquita","Est. tempo de leitura":"1 minuto"},"schema":{"@context":"https:\/\/schema.org","@graph":[{"@type":"WebPage","@id":"https:\/\/dedemesquita.com.br\/?p=842","url":"https:\/\/dedemesquita.com.br\/?p=842","name":"Fabiana Cabral na TV RBA e Mouana Sioufi conclui Mestrado - Ded\u00e9 Mesquita","isPartOf":{"@id":"https:\/\/dedemesquita.com.br\/#website"},"datePublished":"2020-12-01T17:36:00+00:00","dateModified":"2021-03-01T17:36:50+00:00","author":{"@id":"https:\/\/dedemesquita.com.br\/#\/schema\/person\/36571f81dd2d76dc3ab37231542c9e24"},"breadcrumb":{"@id":"https:\/\/dedemesquita.com.br\/?p=842#breadcrumb"},"inLanguage":"pt-BR","potentialAction":[{"@type":"ReadAction","target":["https:\/\/dedemesquita.com.br\/?p=842"]}]},{"@type":"BreadcrumbList","@id":"https:\/\/dedemesquita.com.br\/?p=842#breadcrumb","itemListElement":[{"@type":"ListItem","position":1,"name":"In\u00edcio","item":"https:\/\/dedemesquita.com.br\/"},{"@type":"ListItem","position":2,"name":"Fabiana Cabral na TV RBA e Mouana Sioufi conclui Mestrado"}]},{"@type":"WebSite","@id":"https:\/\/dedemesquita.com.br\/#website","url":"https:\/\/dedemesquita.com.br\/","name":"Ded\u00e9 Mesquita","description":"Um site que mostra os bastidores da imprensa no estado do Par\u00e1 e em Bel\u00e9m","potentialAction":[{"@type":"SearchAction","target":{"@type":"EntryPoint","urlTemplate":"https:\/\/dedemesquita.com.br\/?s={search_term_string}"},"query-input":"required name=search_term_string"}],"inLanguage":"pt-BR"},{"@type":"Person","@id":"https:\/\/dedemesquita.com.br\/#\/schema\/person\/36571f81dd2d76dc3ab37231542c9e24","name":"Ded\u00e9 Mesquita","image":{"@type":"ImageObject","inLanguage":"pt-BR","@id":"https:\/\/dedemesquita.com.br\/#\/schema\/person\/image\/","url":"https:\/\/dedemesquita.com.br\/wp-content\/uploads\/2021\/02\/foto_perfil-150x150.jpg","contentUrl":"https:\/\/dedemesquita.com.br\/wp-content\/uploads\/2021\/02\/foto_perfil-150x150.jpg","caption":"Ded\u00e9 Mesquita"},"sameAs":["https:\/\/dedemesquita.com.br"]}]}},"_links":{"self":[{"href":"https:\/\/dedemesquita.com.br\/index.php?rest_route=\/wp\/v2\/posts\/842"}],"collection":[{"href":"https:\/\/dedemesquita.com.br\/index.php?rest_route=\/wp\/v2\/posts"}],"about":[{"href":"https:\/\/dedemesquita.com.br\/index.php?rest_route=\/wp\/v2\/types\/post"}],"author":[{"embeddable":true,"href":"https:\/\/dedemesquita.com.br\/index.php?rest_route=\/wp\/v2\/users\/2"}],"replies":[{"embeddable":true,"href":"https:\/\/dedemesquita.com.br\/index.php?rest_route=%2Fwp%2Fv2%2Fcomments&post=842"}],"version-history":[{"count":1,"href":"https:\/\/dedemesquita.com.br\/index.php?rest_route=\/wp\/v2\/posts\/842\/revisions"}],"predecessor-version":[{"id":843,"href":"https:\/\/dedemesquita.com.br\/index.php?rest_route=\/wp\/v2\/posts\/842\/revisions\/843"}],"wp:attachment":[{"href":"https:\/\/dedemesquita.com.br\/index.php?rest_route=%2Fwp%2Fv2%2Fmedia&parent=842"}],"wp:term":[{"taxonomy":"category","embeddable":true,"href":"https:\/\/dedemesquita.com.br\/index.php?rest_route=%2Fwp%2Fv2%2Fcategories&post=842"},{"taxonomy":"post_tag","embeddable":true,"href":"https:\/\/dedemesquita.com.br\/index.php?rest_route=%2Fwp%2Fv2%2Ftags&post=842"}],"curies":[{"name":"wp","href":"https:\/\/api.w.org\/{rel}","templated":true}]}}