{"id":8276,"date":"2024-01-23T19:10:12","date_gmt":"2024-01-23T22:10:12","guid":{"rendered":"https:\/\/dedemesquita.com.br\/?p=8276"},"modified":"2024-01-23T19:20:34","modified_gmt":"2024-01-23T22:20:34","slug":"dois-escritores-paraenses-brilham-foram-do-estado-ed-potoca-tem-blog-de-estimacao-e-outras-noticias","status":"publish","type":"post","link":"https:\/\/dedemesquita.com.br\/?p=8276","title":{"rendered":"Dois escritores paraenses brilham fora do Estado, Ed Potoca tem &#8216;blog de estima\u00e7\u00e3o&#8217; e outras not\u00edcias"},"content":{"rendered":"\n<p><strong>Bel\u00e9m, 23 de janeiro de 2024 &#8211;<\/strong> E a chuva, hein, menino? Deu at\u00e9 uma pregui\u00e7a de atualizar o site, mas c\u00e1 estamos nessa miss\u00e3o: <\/p>\n\n\n\n<p><strong>Carol atuando em podcast &#8211; <\/strong>A renomada fonoaudi\u00f3loga, neuropsicopedagoga e professora da Unama, <strong>Carol Ara\u00fajo<\/strong>, est\u00e1 preparando junto com os discentes grandes novidades na \u00e1rea de podcast, para ilustrar a hist\u00f3ria do curso Fonoaudiologia daquela faculdade. Carol tem experi\u00eancia em m\u00eddias digitais, sendo uma das primeiras fonos a se destacar nas redes sociais, atingindo 70 mil seguidores de forma org\u00e2nica, no Instagram. Al\u00e9m de professora, Carol tem destaque no perfil <a href=\"http:\/\/@carolpraterapia\"><strong>@carolpraterapia<\/strong><\/a>, no qual re\u00fane experi\u00eancia de palestras que faz por todo Brasil. O foco dela \u00e9 levar a experi\u00eancia de muitos anos em consult\u00f3rio para a cria\u00e7\u00e3o de jogos educativos, desta vez, em <strong>m\u00eddias digitais<\/strong>.<\/p>\n\n\n<div class=\"wp-block-image\">\n<figure class=\"aligncenter size-full\"><img loading=\"lazy\" decoding=\"async\" width=\"750\" height=\"574\" src=\"https:\/\/dedemesquita.com.br\/wp-content\/uploads\/2024\/01\/Carol.jpeg\" alt=\"\" class=\"wp-image-8283\"\/><figcaption class=\"wp-element-caption\">Carol Ara\u00fajo est\u00e1 diversificando a atua\u00e7\u00e3o na \u00e1rea da fonoaudiologia <\/figcaption><\/figure><\/div>\n\n\n<p><strong>Ana Tereza &#8211;<\/strong> A jornalista <strong>Ana Tereza Leal<\/strong> encerrou sua segunda passagem pela ag\u00eancia <strong>Temple Comunica\u00e7\u00e3o<\/strong>, na semana passada, e j\u00e1 come\u00e7ou em um novo cargo de analista t\u00e9cnica de marketing &amp; comunica\u00e7\u00e3o no <strong>Sebrae-Par\u00e1<\/strong>.<\/p>\n\n\n<div class=\"wp-block-image\">\n<figure class=\"aligncenter size-full\"><img loading=\"lazy\" decoding=\"async\" width=\"640\" height=\"490\" src=\"https:\/\/dedemesquita.com.br\/wp-content\/uploads\/2024\/01\/ana-tereza.jpeg\" alt=\"\" class=\"wp-image-8284\"\/><figcaption class=\"wp-element-caption\">Ana Tereza trocou a Temple pelo Sebrae<\/figcaption><\/figure><\/div>\n\n\n<p><strong>Alan na Temple &#8211;<\/strong> Falando em Temple, <strong>Alan Bordallo<\/strong>, com passagem pelos jornais <strong>O Liberal<\/strong> e <strong>Amaz\u00f4nia<\/strong>, \u00e9 o mais novo analista de comunica\u00e7\u00e3o dessa ag\u00eancia.<\/p>\n\n\n<div class=\"wp-block-image\">\n<figure class=\"aligncenter size-full\"><img loading=\"lazy\" decoding=\"async\" width=\"700\" height=\"586\" src=\"https:\/\/dedemesquita.com.br\/wp-content\/uploads\/2024\/01\/Alan-Bordalo.jpeg\" alt=\"\" class=\"wp-image-8285\"\/><figcaption class=\"wp-element-caption\">Alan come\u00e7ou na Temple<\/figcaption><\/figure><\/div>\n\n\n<p><strong>Magno &#8211;<\/strong> <strong>Magno Fernandes<\/strong>, que foi demitido do <strong>DOL<\/strong>, de forma muito estranha, continua no grupo RBA, agora na <strong>Radio Clube do Par\u00e1<\/strong>, na editoria de esportes, visando ao Campeonato Paraense de Futebol &#8211; Paraz\u00e3o 2024 &#8211; que j\u00e1 come\u00e7ou.<\/p>\n\n\n<div class=\"wp-block-image\">\n<figure class=\"aligncenter size-full\"><img loading=\"lazy\" decoding=\"async\" width=\"680\" height=\"700\" src=\"https:\/\/dedemesquita.com.br\/wp-content\/uploads\/2024\/01\/Magno-Fernandes.jpeg\" alt=\"\" class=\"wp-image-8286\"\/><figcaption class=\"wp-element-caption\">Magno Fernandes \u00e9 da R\u00e1dio Clube <\/figcaption><\/figure><\/div>\n\n\n<p><strong>Gilmar &#8211; <\/strong>Por falar em Paraz\u00e3o, <strong>Gilmar Pretti<\/strong> estreou no domingo, 22, narrando uma partida de futebol pela <strong>TV Cultura do Par\u00e1<\/strong>, no Paraz\u00e3o Banpar\u00e1 2024.<\/p>\n\n\n<div class=\"wp-block-image\">\n<figure class=\"aligncenter size-full\"><img loading=\"lazy\" decoding=\"async\" width=\"750\" height=\"390\" src=\"https:\/\/dedemesquita.com.br\/wp-content\/uploads\/2024\/01\/Gilmar-Petri.jpeg\" alt=\"\" class=\"wp-image-8287\"\/><figcaption class=\"wp-element-caption\">Gilmar come\u00e7ou a narrar jogos pela TV Cultura do Par\u00e1 <\/figcaption><\/figure><\/div>\n\n\n<p><strong>Mais Paraz\u00e3o 2024:<\/strong><\/p>\n\n\n<div class=\"wp-block-image\">\n<figure class=\"aligncenter size-full\"><img loading=\"lazy\" decoding=\"async\" width=\"674\" height=\"604\" src=\"https:\/\/dedemesquita.com.br\/wp-content\/uploads\/2024\/01\/Paulo-Caxiado-e-Fabyo-Cruz.jpeg\" alt=\"\" class=\"wp-image-8302\"\/><figcaption class=\"wp-element-caption\">Paulo Caxiado e Fabyo Cruz na estreia do Clube do Remo no Paraz\u00e3o 2024<\/figcaption><\/figure><\/div>\n\n<div class=\"wp-block-image\">\n<figure class=\"aligncenter size-full\"><img loading=\"lazy\" decoding=\"async\" width=\"619\" height=\"659\" src=\"https:\/\/dedemesquita.com.br\/wp-content\/uploads\/2024\/01\/Giovana-e-Alexandre.jpeg\" alt=\"\" class=\"wp-image-8303\"\/><figcaption class=\"wp-element-caption\">Giovana e Alexandre Alencar no programa preparativo antes dos jogos na TV Cultura <\/figcaption><\/figure><\/div>\n\n<div class=\"wp-block-image\">\n<figure class=\"aligncenter size-full\"><img loading=\"lazy\" decoding=\"async\" width=\"700\" height=\"387\" src=\"https:\/\/dedemesquita.com.br\/wp-content\/uploads\/2024\/01\/parazao.jpeg\" alt=\"\" class=\"wp-image-8304\"\/><figcaption class=\"wp-element-caption\">Gilmar Pretti e Mateus Miranda no Mangueir\u00e3o <\/figcaption><\/figure><\/div>\n\n\n<p><strong>Taly &#8211;<\/strong> <strong>Taly Reis<\/strong> deixou o portal <strong>Roma News<\/strong> e j\u00e1 come\u00e7ou na assessoria de comunica\u00e7\u00e3o da <strong>Companhia de Portos e Hidrovias do Governo do Par\u00e1 &#8211; CPH<\/strong>.<\/p>\n\n\n<div class=\"wp-block-image\">\n<figure class=\"aligncenter size-full\"><img loading=\"lazy\" decoding=\"async\" width=\"581\" height=\"700\" src=\"https:\/\/dedemesquita.com.br\/wp-content\/uploads\/2024\/01\/Taly-Reis.jpeg\" alt=\"\" class=\"wp-image-8288\"\/><figcaption class=\"wp-element-caption\">Taly Reis come\u00e7ou na comunica\u00e7\u00e3o da CPH <\/figcaption><\/figure><\/div>\n\n<div class=\"wp-block-image\">\n<figure class=\"aligncenter size-full\"><img loading=\"lazy\" decoding=\"async\" width=\"700\" height=\"530\" src=\"https:\/\/dedemesquita.com.br\/wp-content\/uploads\/2024\/01\/Despedida-Taly.jpeg\" alt=\"\" class=\"wp-image-8305\"\/><figcaption class=\"wp-element-caption\">Despedida da Taly do Roma News <\/figcaption><\/figure><\/div>\n\n\n<p><strong>Novo canal &#8211; <\/strong>O jornalista <strong>Pl\u00e1cido Ramos<\/strong> lan\u00e7ou um canal no <strong>YouTube<\/strong> chamado <strong>Bora pra Cima<\/strong>, apresentado pela filha dele, <strong>Gabriela Ramo<\/strong>s, que \u00e9 publicit\u00e1ria e trabalha na ag\u00eancia <strong>Eko<\/strong>, com Layse Santos. O link \u00e9 este aqui: <strong><a href=\"https:\/\/www.youtube.com\/watch?v=QbOtV7SrGZw\">https:\/\/www.youtube.com\/watch?v=QbOtV7SrGZw<\/a> <\/strong><\/p>\n\n\n<div class=\"wp-block-image\">\n<figure class=\"aligncenter size-full\"><img loading=\"lazy\" decoding=\"async\" width=\"438\" height=\"252\" src=\"https:\/\/dedemesquita.com.br\/wp-content\/uploads\/2024\/01\/WhatsApp-Image-2024-01-23-at-18.34.37.jpeg\" alt=\"\" class=\"wp-image-8282\"\/><figcaption class=\"wp-element-caption\">Gabriela Ramos apresenta o Bora pra Cima <\/figcaption><\/figure><\/div>\n\n\n<p><strong>Rol\u00eas por Bel\u00e9m &#8211; <\/strong>A jornalista e influencer <strong>Amanda Campelo<\/strong>, a MC Kaoma, lan\u00e7ou um perfil no Instagram dedicado apenas \u00e0 agenda cultural de Bel\u00e9m, a <strong>Rol\u00eas por Bel\u00e9m<\/strong>. Segue l\u00e1, o link \u00e9 este aqui: <a href=\"https:\/\/www.instagram.com\/rolesporbelem\/\"><strong>https:\/\/www.instagram.com\/rolesporbelem\/<\/strong><\/a><\/p>\n\n\n<div class=\"wp-block-image\">\n<figure class=\"aligncenter size-full\"><img loading=\"lazy\" decoding=\"async\" width=\"700\" height=\"418\" src=\"https:\/\/dedemesquita.com.br\/wp-content\/uploads\/2024\/01\/WhatsApp-Image-2024-01-23-at-18.43.36.jpeg\" alt=\"\" class=\"wp-image-8295\"\/><figcaption class=\"wp-element-caption\">Essa \u00e9 A agenda de eventos culturais de Bel\u00e9m <\/figcaption><\/figure><\/div>\n\n\n<p><strong>Vov\u00f3 &#8211; <\/strong>A nossa querida <strong>C\u00e9lia Pinho<\/strong>, como se n\u00e3o tivesse mais nada a aprontar, agora <strong>\u00e9 av\u00f3<\/strong>. A netinha dela, que se chama Stela, chegou na semana passada. Felicidades!<\/p>\n\n\n<div class=\"wp-block-image\">\n<figure class=\"aligncenter size-full\"><img loading=\"lazy\" decoding=\"async\" width=\"433\" height=\"500\" src=\"https:\/\/dedemesquita.com.br\/wp-content\/uploads\/2024\/01\/WhatsApp-Image-2024-01-23-at-18.45.30.jpeg\" alt=\"\" class=\"wp-image-8294\"\/><figcaption class=\"wp-element-caption\">S\u00f3 a m\u00e3ozinha da Stela pra voc\u00eas, seus fofoqueiros <\/figcaption><\/figure><\/div>\n\n\n<p><strong>Garcia &#8211; <\/strong>O escritor, jornalista e professor, <strong>Alfredo Garcia<\/strong>, foi um dos vencedores da edi\u00e7\u00e3o 2023 do <strong>Concurso Liter\u00e1rio da Academia Pernambucana de Letras &#8211; APL<\/strong>. Os nomes foram anunciados na \u00faltima quarta-feira, dia 17. A premia\u00e7\u00e3o est\u00e1 marcada para a pr\u00f3xima sexta-feira, 26, tamb\u00e9m ser\u00e3o celebrados os 123 anos da APL. Alfredo foi vencedor com a obra <strong>\u201cQuando eu fui sil\u00eancio\u201d<\/strong>, na categoria Poesia, pr\u00eamio Ant\u00f4nio de Brito Alves. Cada um dos vencedores vai receber o pr\u00eamio no valor de R$ 2 mil.<\/p>\n\n\n<div class=\"wp-block-image\">\n<figure class=\"aligncenter size-full\"><img loading=\"lazy\" decoding=\"async\" width=\"537\" height=\"750\" src=\"https:\/\/dedemesquita.com.br\/wp-content\/uploads\/2024\/01\/ALfredo-Garcia.jpeg\" alt=\"\" class=\"wp-image-8289\"\/><figcaption class=\"wp-element-caption\">Garcia foi premiado em Pernambuco<\/figcaption><\/figure><\/div>\n\n\n<p><strong>Monique &#8211; <\/strong>A escritora e jornalista paraense <strong>Monique Malcher<\/strong> ter\u00e1 o livro do contos dela, <strong>\u201cFlor de Gume\u201d<\/strong>, que ganhou o pr\u00eamio <strong>Jabuti em 2021<\/strong>, publicado no <strong>M\u00e9xico<\/strong>. A vers\u00e3o em espanhol ser\u00e1 pela editora Fondo de Cultura Economica, ser\u00e1 distribu\u00eddo no M\u00e9xico e em outros pa\u00edses da Am\u00e9rica Latina e sair\u00e1 em formato impresso e ebook.<\/p>\n\n\n<div class=\"wp-block-image\">\n<figure class=\"aligncenter size-full\"><img loading=\"lazy\" decoding=\"async\" width=\"686\" height=\"373\" src=\"https:\/\/dedemesquita.com.br\/wp-content\/uploads\/2024\/01\/Monique-Malcher.jpeg\" alt=\"\" class=\"wp-image-8290\"\/><figcaption class=\"wp-element-caption\">Monique Malcher ter\u00e1 livro publicado no M\u00e9xico <\/figcaption><\/figure><\/div>\n\n\n<p><strong>Blog de estima\u00e7\u00e3o do ED &#8211;<\/strong> Voc\u00eas j\u00e1 devem visto, volta e meia, por a\u00ed, um blog chamado <strong>Ponto de Pauta<\/strong>. Um blog estranh\u00edssimo, que existe &#8220;faz \u00e9 tempo&#8221;, desde as primeiras gest\u00f5es de <strong>Edmilson Rodrigues<\/strong>, que sumiu e voltou. O que mais chama aten\u00e7\u00e3o nesse blog \u00e9 a total falta de informa\u00e7\u00f5es sobre quem o faz. N\u00e3o tem jornalista respons\u00e1vel. N\u00e3o tem expediente. N\u00e3o tem um nome sequer, e, logicamente, ningu\u00e9m assina reportagem nenhuma. Outro fato gritante \u00e9 o total e <strong>completo alinhamento <\/strong>com a atual gest\u00e3o de Edmilson Rodrigues &#8211; PSOL &#8211; \u00e0 frente da Prefeitura de Bel\u00e9m. Conversa vai, conversa vem, o que se sabe, o que se fala \u00e9 que quem estaria por tr\u00e1s do tal blog \u00e9 um irm\u00e3o de Ed, chamado <strong>Ot\u00e1vio Rodrigues<\/strong>, com total anu\u00eancia do gabinete de Ed, chefiado por <strong>Aldenor Jr. <\/strong>Como diz aquele menino da internet: &#8220;faz sentido?&#8221; <strong>Para mim, faz e muito!!!!!<\/strong><\/p>\n\n\n<div class=\"wp-block-image\">\n<figure class=\"aligncenter size-full\"><img loading=\"lazy\" decoding=\"async\" width=\"700\" height=\"244\" src=\"https:\/\/dedemesquita.com.br\/wp-content\/uploads\/2024\/01\/WhatsApp-Image-2024-01-23-at-18.58.19.jpeg\" alt=\"\" class=\"wp-image-8299\"\/><figcaption class=\"wp-element-caption\">\u00danico contato que aparece no blog<\/figcaption><\/figure><\/div>\n\n<div class=\"wp-block-image\">\n<figure class=\"aligncenter size-full\"><img loading=\"lazy\" decoding=\"async\" width=\"700\" height=\"359\" src=\"https:\/\/dedemesquita.com.br\/wp-content\/uploads\/2024\/01\/WhatsApp-Image-2024-01-23-at-18.59.22.jpeg\" alt=\"\" class=\"wp-image-8300\"\/><figcaption class=\"wp-element-caption\">O assunto que domina o blog todo: Prefeitura de Bel\u00e9m <\/figcaption><\/figure><\/div>\n\n\n<p><strong>Imprensa na festa do anivers\u00e1rio de Bel\u00e9m no Ver-o-Peso<\/strong><\/p>\n\n\n<div class=\"wp-block-image\">\n<figure class=\"aligncenter size-full\"><img loading=\"lazy\" decoding=\"async\" width=\"650\" height=\"419\" src=\"https:\/\/dedemesquita.com.br\/wp-content\/uploads\/2024\/01\/aniversario-de-beleem2.jpeg\" alt=\"\" class=\"wp-image-8306\"\/><figcaption class=\"wp-element-caption\">As TVs Liberal e RBA na cobertura da festa no Veropa <\/figcaption><\/figure><\/div>\n\n<div class=\"wp-block-image\">\n<figure class=\"aligncenter size-full\"><img loading=\"lazy\" decoding=\"async\" width=\"596\" height=\"667\" src=\"https:\/\/dedemesquita.com.br\/wp-content\/uploads\/2024\/01\/aniversario-de-Belem1.jpeg\" alt=\"\" class=\"wp-image-8307\"\/><figcaption class=\"wp-element-caption\">Edimar Assun\u00e7\u00e3o, da RBA, comanda a cobertura<\/figcaption><\/figure><\/div>","protected":false},"excerpt":{"rendered":"<p>Bel\u00e9m, 23 de janeiro de 2024 &#8211; E a chuva, hein, menino? Deu at\u00e9 uma pregui\u00e7a de atualizar o site, mas c\u00e1 estamos nessa miss\u00e3o: Carol atuando em podcast &#8211; A renomada fonoaudi\u00f3loga, neuropsicopedagoga e professora da Unama, Carol Ara\u00fajo, est\u00e1 preparando junto com os discentes grandes novidades na \u00e1rea de podcast, para ilustrar a [&hellip;]<\/p>\n","protected":false},"author":2,"featured_media":8298,"comment_status":"open","ping_status":"open","sticky":false,"template":"","format":"standard","meta":{"footnotes":""},"categories":[51,14,29],"tags":[549,548,184,161,119,120,255,547,546,145,550,183,238,150,162,197],"class_list":["post-8276","post","type-post","status-publish","format-standard","has-post-thumbnail","hentry","category-destaque","category-imprensa","category-jornalismo","tag-alfredo-garcia","tag-bora-pra-cima","tag-dol","tag-eko-estrategias-em-comunicacao","tag-jornalismo","tag-jornalistas-paraenses-em-acao","tag-monique-malcher","tag-ponto-de-pauta","tag-radio-clube-2","tag-rbatv","tag-roles-por-belem","tag-roma-news","tag-sebrae-para","tag-secom-pa","tag-temple-comunicacao","tag-tv-cultura"],"yoast_head":"<!-- This site is optimized with the Yoast SEO plugin v19.10 - https:\/\/yoast.com\/wordpress\/plugins\/seo\/ -->\n<title>Dois escritores paraenses brilham fora do Estado, Ed Potoca tem &#039;blog de estima\u00e7\u00e3o&#039; e outras not\u00edcias - Ded\u00e9 Mesquita<\/title>\n<meta name=\"robots\" content=\"index, follow, max-snippet:-1, max-image-preview:large, max-video-preview:-1\" \/>\n<link rel=\"canonical\" href=\"https:\/\/dedemesquita.com.br\/?p=8276\" \/>\n<meta property=\"og:locale\" content=\"pt_BR\" \/>\n<meta property=\"og:type\" content=\"article\" \/>\n<meta property=\"og:title\" content=\"Dois escritores paraenses brilham fora do Estado, Ed Potoca tem &#039;blog de estima\u00e7\u00e3o&#039; e outras not\u00edcias - Ded\u00e9 Mesquita\" \/>\n<meta property=\"og:description\" content=\"Bel\u00e9m, 23 de janeiro de 2024 &#8211; E a chuva, hein, menino? Deu at\u00e9 uma pregui\u00e7a de atualizar o site, mas c\u00e1 estamos nessa miss\u00e3o: Carol atuando em podcast &#8211; A renomada fonoaudi\u00f3loga, neuropsicopedagoga e professora da Unama, Carol Ara\u00fajo, est\u00e1 preparando junto com os discentes grandes novidades na \u00e1rea de podcast, para ilustrar a [&hellip;]\" \/>\n<meta property=\"og:url\" content=\"https:\/\/dedemesquita.com.br\/?p=8276\" \/>\n<meta property=\"og:site_name\" content=\"Ded\u00e9 Mesquita\" \/>\n<meta property=\"article:publisher\" content=\"https:\/\/www.facebook.com\/dede.mesquita\" \/>\n<meta property=\"article:published_time\" content=\"2024-01-23T22:10:12+00:00\" \/>\n<meta property=\"article:modified_time\" content=\"2024-01-23T22:20:34+00:00\" \/>\n<meta property=\"og:image\" content=\"https:\/\/dedemesquita.com.br\/wp-content\/uploads\/2024\/01\/WhatsApp-Image-2024-01-23-at-18.57.53.jpeg\" \/>\n\t<meta property=\"og:image:width\" content=\"900\" \/>\n\t<meta property=\"og:image:height\" content=\"443\" \/>\n\t<meta property=\"og:image:type\" content=\"image\/jpeg\" \/>\n<meta name=\"author\" content=\"Ded\u00e9 Mesquita\" \/>\n<meta name=\"twitter:card\" content=\"summary_large_image\" \/>\n<meta name=\"twitter:creator\" content=\"@dedemesquita\" \/>\n<meta name=\"twitter:site\" content=\"@dedemesquita\" \/>\n<meta name=\"twitter:label1\" content=\"Escrito por\" \/>\n\t<meta name=\"twitter:data1\" content=\"Ded\u00e9 Mesquita\" \/>\n\t<meta name=\"twitter:label2\" content=\"Est. tempo de leitura\" \/>\n\t<meta name=\"twitter:data2\" content=\"5 minutos\" \/>\n<script type=\"application\/ld+json\" class=\"yoast-schema-graph\">{\"@context\":\"https:\/\/schema.org\",\"@graph\":[{\"@type\":\"WebPage\",\"@id\":\"https:\/\/dedemesquita.com.br\/?p=8276\",\"url\":\"https:\/\/dedemesquita.com.br\/?p=8276\",\"name\":\"Dois escritores paraenses brilham fora do Estado, Ed Potoca tem 'blog de estima\u00e7\u00e3o' e outras not\u00edcias - Ded\u00e9 Mesquita\",\"isPartOf\":{\"@id\":\"https:\/\/dedemesquita.com.br\/#website\"},\"datePublished\":\"2024-01-23T22:10:12+00:00\",\"dateModified\":\"2024-01-23T22:20:34+00:00\",\"author\":{\"@id\":\"https:\/\/dedemesquita.com.br\/#\/schema\/person\/36571f81dd2d76dc3ab37231542c9e24\"},\"breadcrumb\":{\"@id\":\"https:\/\/dedemesquita.com.br\/?p=8276#breadcrumb\"},\"inLanguage\":\"pt-BR\",\"potentialAction\":[{\"@type\":\"ReadAction\",\"target\":[\"https:\/\/dedemesquita.com.br\/?p=8276\"]}]},{\"@type\":\"BreadcrumbList\",\"@id\":\"https:\/\/dedemesquita.com.br\/?p=8276#breadcrumb\",\"itemListElement\":[{\"@type\":\"ListItem\",\"position\":1,\"name\":\"In\u00edcio\",\"item\":\"https:\/\/dedemesquita.com.br\/\"},{\"@type\":\"ListItem\",\"position\":2,\"name\":\"Dois escritores paraenses brilham fora do Estado, Ed Potoca tem &#8216;blog de estima\u00e7\u00e3o&#8217; e outras not\u00edcias\"}]},{\"@type\":\"WebSite\",\"@id\":\"https:\/\/dedemesquita.com.br\/#website\",\"url\":\"https:\/\/dedemesquita.com.br\/\",\"name\":\"Ded\u00e9 Mesquita\",\"description\":\"Um site que mostra os bastidores da imprensa no estado do Par\u00e1 e em Bel\u00e9m\",\"potentialAction\":[{\"@type\":\"SearchAction\",\"target\":{\"@type\":\"EntryPoint\",\"urlTemplate\":\"https:\/\/dedemesquita.com.br\/?s={search_term_string}\"},\"query-input\":\"required name=search_term_string\"}],\"inLanguage\":\"pt-BR\"},{\"@type\":\"Person\",\"@id\":\"https:\/\/dedemesquita.com.br\/#\/schema\/person\/36571f81dd2d76dc3ab37231542c9e24\",\"name\":\"Ded\u00e9 Mesquita\",\"image\":{\"@type\":\"ImageObject\",\"inLanguage\":\"pt-BR\",\"@id\":\"https:\/\/dedemesquita.com.br\/#\/schema\/person\/image\/\",\"url\":\"https:\/\/dedemesquita.com.br\/wp-content\/uploads\/2021\/02\/foto_perfil-150x150.jpg\",\"contentUrl\":\"https:\/\/dedemesquita.com.br\/wp-content\/uploads\/2021\/02\/foto_perfil-150x150.jpg\",\"caption\":\"Ded\u00e9 Mesquita\"},\"sameAs\":[\"https:\/\/dedemesquita.com.br\"]}]}<\/script>\n<!-- \/ Yoast SEO plugin. -->","yoast_head_json":{"title":"Dois escritores paraenses brilham fora do Estado, Ed Potoca tem 'blog de estima\u00e7\u00e3o' e outras not\u00edcias - Ded\u00e9 Mesquita","robots":{"index":"index","follow":"follow","max-snippet":"max-snippet:-1","max-image-preview":"max-image-preview:large","max-video-preview":"max-video-preview:-1"},"canonical":"https:\/\/dedemesquita.com.br\/?p=8276","og_locale":"pt_BR","og_type":"article","og_title":"Dois escritores paraenses brilham fora do Estado, Ed Potoca tem 'blog de estima\u00e7\u00e3o' e outras not\u00edcias - Ded\u00e9 Mesquita","og_description":"Bel\u00e9m, 23 de janeiro de 2024 &#8211; E a chuva, hein, menino? Deu at\u00e9 uma pregui\u00e7a de atualizar o site, mas c\u00e1 estamos nessa miss\u00e3o: Carol atuando em podcast &#8211; A renomada fonoaudi\u00f3loga, neuropsicopedagoga e professora da Unama, Carol Ara\u00fajo, est\u00e1 preparando junto com os discentes grandes novidades na \u00e1rea de podcast, para ilustrar a [&hellip;]","og_url":"https:\/\/dedemesquita.com.br\/?p=8276","og_site_name":"Ded\u00e9 Mesquita","article_publisher":"https:\/\/www.facebook.com\/dede.mesquita","article_published_time":"2024-01-23T22:10:12+00:00","article_modified_time":"2024-01-23T22:20:34+00:00","og_image":[{"width":900,"height":443,"url":"https:\/\/dedemesquita.com.br\/wp-content\/uploads\/2024\/01\/WhatsApp-Image-2024-01-23-at-18.57.53.jpeg","type":"image\/jpeg"}],"author":"Ded\u00e9 Mesquita","twitter_card":"summary_large_image","twitter_creator":"@dedemesquita","twitter_site":"@dedemesquita","twitter_misc":{"Escrito por":"Ded\u00e9 Mesquita","Est. tempo de leitura":"5 minutos"},"schema":{"@context":"https:\/\/schema.org","@graph":[{"@type":"WebPage","@id":"https:\/\/dedemesquita.com.br\/?p=8276","url":"https:\/\/dedemesquita.com.br\/?p=8276","name":"Dois escritores paraenses brilham fora do Estado, Ed Potoca tem 'blog de estima\u00e7\u00e3o' e outras not\u00edcias - Ded\u00e9 Mesquita","isPartOf":{"@id":"https:\/\/dedemesquita.com.br\/#website"},"datePublished":"2024-01-23T22:10:12+00:00","dateModified":"2024-01-23T22:20:34+00:00","author":{"@id":"https:\/\/dedemesquita.com.br\/#\/schema\/person\/36571f81dd2d76dc3ab37231542c9e24"},"breadcrumb":{"@id":"https:\/\/dedemesquita.com.br\/?p=8276#breadcrumb"},"inLanguage":"pt-BR","potentialAction":[{"@type":"ReadAction","target":["https:\/\/dedemesquita.com.br\/?p=8276"]}]},{"@type":"BreadcrumbList","@id":"https:\/\/dedemesquita.com.br\/?p=8276#breadcrumb","itemListElement":[{"@type":"ListItem","position":1,"name":"In\u00edcio","item":"https:\/\/dedemesquita.com.br\/"},{"@type":"ListItem","position":2,"name":"Dois escritores paraenses brilham fora do Estado, Ed Potoca tem &#8216;blog de estima\u00e7\u00e3o&#8217; e outras not\u00edcias"}]},{"@type":"WebSite","@id":"https:\/\/dedemesquita.com.br\/#website","url":"https:\/\/dedemesquita.com.br\/","name":"Ded\u00e9 Mesquita","description":"Um site que mostra os bastidores da imprensa no estado do Par\u00e1 e em Bel\u00e9m","potentialAction":[{"@type":"SearchAction","target":{"@type":"EntryPoint","urlTemplate":"https:\/\/dedemesquita.com.br\/?s={search_term_string}"},"query-input":"required name=search_term_string"}],"inLanguage":"pt-BR"},{"@type":"Person","@id":"https:\/\/dedemesquita.com.br\/#\/schema\/person\/36571f81dd2d76dc3ab37231542c9e24","name":"Ded\u00e9 Mesquita","image":{"@type":"ImageObject","inLanguage":"pt-BR","@id":"https:\/\/dedemesquita.com.br\/#\/schema\/person\/image\/","url":"https:\/\/dedemesquita.com.br\/wp-content\/uploads\/2021\/02\/foto_perfil-150x150.jpg","contentUrl":"https:\/\/dedemesquita.com.br\/wp-content\/uploads\/2021\/02\/foto_perfil-150x150.jpg","caption":"Ded\u00e9 Mesquita"},"sameAs":["https:\/\/dedemesquita.com.br"]}]}},"_links":{"self":[{"href":"https:\/\/dedemesquita.com.br\/index.php?rest_route=\/wp\/v2\/posts\/8276"}],"collection":[{"href":"https:\/\/dedemesquita.com.br\/index.php?rest_route=\/wp\/v2\/posts"}],"about":[{"href":"https:\/\/dedemesquita.com.br\/index.php?rest_route=\/wp\/v2\/types\/post"}],"author":[{"embeddable":true,"href":"https:\/\/dedemesquita.com.br\/index.php?rest_route=\/wp\/v2\/users\/2"}],"replies":[{"embeddable":true,"href":"https:\/\/dedemesquita.com.br\/index.php?rest_route=%2Fwp%2Fv2%2Fcomments&post=8276"}],"version-history":[{"count":16,"href":"https:\/\/dedemesquita.com.br\/index.php?rest_route=\/wp\/v2\/posts\/8276\/revisions"}],"predecessor-version":[{"id":8316,"href":"https:\/\/dedemesquita.com.br\/index.php?rest_route=\/wp\/v2\/posts\/8276\/revisions\/8316"}],"wp:featuredmedia":[{"embeddable":true,"href":"https:\/\/dedemesquita.com.br\/index.php?rest_route=\/wp\/v2\/media\/8298"}],"wp:attachment":[{"href":"https:\/\/dedemesquita.com.br\/index.php?rest_route=%2Fwp%2Fv2%2Fmedia&parent=8276"}],"wp:term":[{"taxonomy":"category","embeddable":true,"href":"https:\/\/dedemesquita.com.br\/index.php?rest_route=%2Fwp%2Fv2%2Fcategories&post=8276"},{"taxonomy":"post_tag","embeddable":true,"href":"https:\/\/dedemesquita.com.br\/index.php?rest_route=%2Fwp%2Fv2%2Ftags&post=8276"}],"curies":[{"name":"wp","href":"https:\/\/api.w.org\/{rel}","templated":true}]}}