{"id":8239,"date":"2024-01-16T14:19:07","date_gmt":"2024-01-16T17:19:07","guid":{"rendered":"https:\/\/dedemesquita.com.br\/?p=8239"},"modified":"2024-01-16T14:56:40","modified_gmt":"2024-01-16T17:56:40","slug":"redetv-belem-muda-de-nome-secom-pa-promove-mudancas-na-equipe-dono-de-site-quer-jornalistas-em-outras-funcoes-e-outras-noticias","status":"publish","type":"post","link":"https:\/\/dedemesquita.com.br\/?p=8239","title":{"rendered":"RedeTV Bel\u00e9m muda de nome, Secom-PA promove mudan\u00e7as na equipe, dono de site quer jornalistas em outras fun\u00e7\u00f5es e outras not\u00edcias"},"content":{"rendered":"\n<p><strong>Bel\u00e9m, 16 de janeiro de 2024 &#8211; <\/strong>Ter\u00e7a-feira e a bat data de atualiza\u00e7\u00f5es aqui no site. E come\u00e7amos com as mudan\u00e7as pelas reda\u00e7\u00f5es e assessorias de comunica\u00e7\u00e3o.<\/p>\n\n\n\n<p><strong>Mudan\u00e7a de cadeiras na Secom-PA &#8211; <\/strong>Come\u00e7amos pela <strong>Secom-Ag\u00eancia Par\u00e1<\/strong> que teve muitas mudan\u00e7as nas assessorias de comunica\u00e7\u00e3o das secretarias. <strong>Gustavo P\u00eana<\/strong> trocou de secretaria, e agora, est\u00e1 como gerente do N\u00facleo de Comunica\u00e7\u00e3o na <strong>Funda\u00e7\u00e3o Cultural do Par\u00e1 (FCP)<\/strong>; contato dele no <strong>91- 98320 0199<\/strong> e no e-mail: <a href=\"mailto:gustavopenabelem@gmail.com\"><strong>gustavopenabelem@gmail.com<\/strong><\/a>.<\/p>\n\n\n<div class=\"wp-block-image\">\n<figure class=\"aligncenter size-full\"><img loading=\"lazy\" decoding=\"async\" width=\"418\" height=\"486\" src=\"https:\/\/dedemesquita.com.br\/wp-content\/uploads\/2024\/01\/WhatsApp-Image-2024-01-16-at-13.53.14.jpeg\" alt=\"\" class=\"wp-image-8253\"\/><figcaption class=\"wp-element-caption\">Gustavo Pena passou a assessorar a comunica\u00e7\u00e3o da FCP <\/figcaption><\/figure><\/div>\n\n\n<p><strong>Manuela Oliveira<\/strong>, que estava na FCP, agora \u00e9 da Funda\u00e7\u00e3o Amaz\u00f4nia de Amparo a Estudos e Pesquisas do Par\u00e1 \u2013 Fapespa, nos contatos: <a href=\"mailto:ascomfapespa3@gmail.com\"><strong>ascomfapespa3@gmail.com<\/strong><\/a> e <strong>91 99105-9848<\/strong>.<\/p>\n\n\n<div class=\"wp-block-image\">\n<figure class=\"aligncenter size-full\"><img loading=\"lazy\" decoding=\"async\" width=\"444\" height=\"481\" src=\"https:\/\/dedemesquita.com.br\/wp-content\/uploads\/2024\/01\/WhatsApp-Image-2024-01-16-at-13.54.15.jpeg\" alt=\"\" class=\"wp-image-8254\"\/><figcaption class=\"wp-element-caption\">Manuela Oliveira deixou da FCP<\/figcaption><\/figure><\/div>\n\n\n<p>Na <strong>Funda\u00e7\u00e3o Carlos Gomes<\/strong>, a assessora, agora \u00e9 <strong>Fabiana Otero<\/strong>, que deixou o Detran-PA.<\/p>\n\n\n\n<p>Na <strong>Controladoria-Geral do Estado do Par\u00e1<\/strong>, a assessora \u00e9 <strong>Jeniffer Terra<\/strong>, que deixou a Pol\u00edcia Civil, no contato 91 98120-8199.<\/p>\n\n\n<div class=\"wp-block-image\">\n<figure class=\"aligncenter size-full\"><img loading=\"lazy\" decoding=\"async\" width=\"500\" height=\"483\" src=\"https:\/\/dedemesquita.com.br\/wp-content\/uploads\/2024\/01\/WhatsApp-Image-2024-01-16-at-13.55.07.jpeg\" alt=\"\" class=\"wp-image-8255\"\/><figcaption class=\"wp-element-caption\">Jeniffer Terra deixou a Pol\u00edcia Civil do Par\u00e1 <\/figcaption><\/figure><\/div>\n\n\n<p>Na <strong>Pol\u00edcia Civil do Estado do Par\u00e1<\/strong>, mais mudan\u00e7as: as assessoras por l\u00e1 agora s\u00e3o <strong>Bruna Ribeiro<\/strong>, com contato no <strong>91 9941-3490<\/strong>; e <strong>La\u00eds Menezes<\/strong> [que foi da <strong>Segup<\/strong>], no <strong>91 98215-6730<\/strong> e agora \u00e9 a coordenadora da comunica\u00e7\u00e3o da PC, al\u00e9m de <strong>Talison Lima<\/strong>, no <strong>91 99941-3490<\/strong>; o e-mail \u00e9 <a href=\"mailto:ascompcpa@gmail.com\"><strong>ascompcpa@gmail.com<\/strong><\/a>.<\/p>\n\n\n<div class=\"wp-block-image\">\n<figure class=\"aligncenter size-full\"><img loading=\"lazy\" decoding=\"async\" width=\"557\" height=\"570\" src=\"https:\/\/dedemesquita.com.br\/wp-content\/uploads\/2024\/01\/WhatsApp-Image-2024-01-16-at-14.53.13.jpeg\" alt=\"\" class=\"wp-image-8271\"\/><figcaption class=\"wp-element-caption\">La\u00eds Menezes saiu da Segup para a Pol\u00edcia Civil <\/figcaption><\/figure><\/div>\n\n<div class=\"wp-block-image\">\n<figure class=\"aligncenter size-full\"><img loading=\"lazy\" decoding=\"async\" width=\"538\" height=\"564\" src=\"https:\/\/dedemesquita.com.br\/wp-content\/uploads\/2024\/01\/WhatsApp-Image-2024-01-16-at-14.54.26.jpeg\" alt=\"\" class=\"wp-image-8272\"\/><figcaption class=\"wp-element-caption\">Talison Lima continua, firme e forte, na Pol\u00edcia Civil <\/figcaption><\/figure><\/div>\n\n\n<p>Na <strong>Secretaria de Estado dos Povos Ind\u00edgenas &#8211; SEPI<\/strong>, a assessora \u00e9 <strong>Nicole Fran\u00e7a<\/strong>, nos contatos <strong>91 98124 2703<\/strong> e e-mail <a href=\"mailto:ascomsepi@gmail.com\"><strong>ascomsepi@gmail.com<\/strong><\/a><\/p>\n\n\n\n<p>A <strong>Secretaria de Estado de Obras P\u00fablicas &#8211; SEOP<\/strong>, mudou de assessor e o polivalente <strong>Bruno Magno<\/strong> est\u00e1 por l\u00e1, nos contatos <strong>91 98109-0841<\/strong> e <a href=\"mailto:ascomcph@gmail.com\"><strong>ascomcph@gmail.com<\/strong><\/a>, al\u00e9m de <strong>Lilian Guedes<\/strong>, no <strong>91 98409-5444 <\/strong>e <strong>91 9112-4425<\/strong> e e-mail <a href=\"mailto:ascomseop.pa@gmail.com\"><strong>ascomseop.pa@gmail.com<\/strong><\/a><\/p>\n\n\n<div class=\"wp-block-image\">\n<figure class=\"aligncenter size-full\"><img loading=\"lazy\" decoding=\"async\" width=\"421\" height=\"407\" src=\"https:\/\/dedemesquita.com.br\/wp-content\/uploads\/2024\/01\/WhatsApp-Image-2024-01-16-at-14.00.17.jpeg\" alt=\"\" class=\"wp-image-8256\"\/><figcaption class=\"wp-element-caption\">Bruno Magno deixou a Seduc-PA<\/figcaption><\/figure><\/div>\n\n\n<p>A <strong>Secretaria de Estado de Desenvolvimento Agropecu\u00e1rio e da Pesca &#8211; Sedap <\/strong>tem nova assessora que \u00e9 <strong>Lorena Esteves<\/strong>, que era da Secom-PA, e atende no <strong>91 98453-4574<\/strong>. Al\u00e9m dela, seguem nessa assessoria <strong>Rose Barbosa [91 98125-3961]<\/strong> e <strong>Camila Botelho<\/strong>. O e-mail \u00e9 <a href=\"mailto:sedapimprensa@gmail.com\"><strong>sedapimprensa@gmail.com<\/strong><\/a><\/p>\n\n\n<div class=\"wp-block-image\">\n<figure class=\"aligncenter size-full\"><img loading=\"lazy\" decoding=\"async\" width=\"558\" height=\"614\" src=\"https:\/\/dedemesquita.com.br\/wp-content\/uploads\/2024\/01\/WhatsApp-Image-2024-01-16-at-14.08.18.jpeg\" alt=\"\" class=\"wp-image-8261\"\/><figcaption class=\"wp-element-caption\">Rose Barbosa continua na Sedap-PA<\/figcaption><\/figure><\/div>\n\n\n<p>Na <strong>Secretaria de Estado de Transportes &#8211; Setran<\/strong>, onde estava <strong>K\u00e1tia Aguiar<\/strong> h\u00e1 s\u00e9culos, o assessor \u00e9 <strong>Paulo Garcia<\/strong>, nos contatos <strong>91 3342-0352<\/strong>, <strong>91 99359-8982<\/strong> e-mail <a href=\"mailto:paulor.garcia7@gmail.com\"><strong>paulor.garcia7@gmail.com<\/strong><\/a><\/p>\n\n\n<div class=\"wp-block-image\">\n<figure class=\"aligncenter size-full\"><img loading=\"lazy\" decoding=\"async\" width=\"493\" height=\"359\" src=\"https:\/\/dedemesquita.com.br\/wp-content\/uploads\/2024\/01\/WhatsApp-Image-2024-01-16-at-13.57.44.jpeg\" alt=\"\" class=\"wp-image-8251\"\/><figcaption class=\"wp-element-caption\">Paulo Garcia assessora a Setran <\/figcaption><\/figure><\/div>\n\n\n<p>E na <strong>Secretaria de Estado de Educa\u00e7\u00e3o &#8211; Seduc<\/strong>, quem pegou o verdadeiro rabo de foguete que \u00e9 essa assessoria, onde estava o Bruno Magno, \u00e9 <strong>Cristiani Sousa<\/strong>, no <strong>91 98185-1020 <\/strong>e nos e-mails: <a href=\"mailto:comunicacao@seduc.pa.gov.br\"><strong>comunicacao@seduc.pa.gov.br<\/strong><\/a> e <a href=\"mailto:redacao@agenciapara.com.br\"><strong>redacao@agenciapara.com.br<\/strong><\/a><\/p>\n\n\n<div class=\"wp-block-image\">\n<figure class=\"aligncenter size-full\"><img loading=\"lazy\" decoding=\"async\" width=\"547\" height=\"551\" src=\"https:\/\/dedemesquita.com.br\/wp-content\/uploads\/2024\/01\/WhatsApp-Image-2024-01-16-at-14.04.30.jpeg\" alt=\"\" class=\"wp-image-8257\" srcset=\"https:\/\/dedemesquita.com.br\/wp-content\/uploads\/2024\/01\/WhatsApp-Image-2024-01-16-at-14.04.30.jpeg 547w, https:\/\/dedemesquita.com.br\/wp-content\/uploads\/2024\/01\/WhatsApp-Image-2024-01-16-at-14.04.30-150x150.jpeg 150w\" sizes=\"(max-width: 547px) 100vw, 547px\" \/><figcaption class=\"wp-element-caption\">Cristiani Sousa pegou o verdadeiro &#8220;abacaxi&#8221; que \u00e9 a comunica\u00e7\u00e3o da Seduc-PA<\/figcaption><\/figure><\/div>\n\n\n<p><strong>Rivan &#8211;<\/strong> Alguns devem se lembrar do rep\u00f3rter <strong>Rivan Jatene<\/strong>, que foi correspondente da TV Liberal em Castanhal. Ele tinha dado um tempo na carreira de jornalista, mas voltou e \u00e9 rep\u00f3rter do SBT Castanhal, al\u00e9m de apresentar o programa &#8220;Interfer\u00eancia&#8221;, aos s\u00e1bados, \u00e0s 13h45, e domingos, \u00e0s 10 horas, na TV Paraense SBT Castanhal 3.1, pelo YouTube interferenciacastanhal e no site <a href=\"http:\/\/www.portalinterferencia.com\"><strong>www.portalinterferencia.com<\/strong><\/a><\/p>\n\n\n<div class=\"wp-block-image\">\n<figure class=\"aligncenter size-full\"><img loading=\"lazy\" decoding=\"async\" width=\"332\" height=\"465\" src=\"https:\/\/dedemesquita.com.br\/wp-content\/uploads\/2024\/01\/WhatsApp-Image-2024-01-16-at-14.36.59.jpeg\" alt=\"\" class=\"wp-image-8268\"\/><figcaption class=\"wp-element-caption\">Rivan Jatene de volta \u00e0 ativa <\/figcaption><\/figure><\/div>\n\n\n<p><strong>Mikaella &#8211;<\/strong> <strong>Mikaella Moraes<\/strong>, ap\u00f3s tr\u00eas meses de experi\u00eancia, assumiu, oficialmente, o cargo de Supervisora de Comunica\u00e7\u00e3o, na empresa <strong>Pagrisa<\/strong>, em Paragominas.<\/p>\n\n\n<div class=\"wp-block-image\">\n<figure class=\"aligncenter size-full\"><img loading=\"lazy\" decoding=\"async\" width=\"448\" height=\"558\" src=\"https:\/\/dedemesquita.com.br\/wp-content\/uploads\/2024\/01\/WhatsApp-Image-2024-01-16-at-14.18.27.jpeg\" alt=\"\" class=\"wp-image-8265\"\/><figcaption class=\"wp-element-caption\">Mikaella Moraes est\u00e1 na Pagrisa <\/figcaption><\/figure><\/div>\n\n\n<p><strong>Alice &#8211; Alice Martins<\/strong>, ex-O Liberal, come\u00e7ou em um novo cargo de jornalista de ag\u00eancia de solu\u00e7\u00f5es na <strong>Porvir<\/strong>, plataforma de conte\u00fados sobre inova\u00e7\u00f5es educacionais no Brasil.<\/p>\n\n\n<div class=\"wp-block-image\">\n<figure class=\"aligncenter size-full\"><img loading=\"lazy\" decoding=\"async\" width=\"491\" height=\"513\" src=\"https:\/\/dedemesquita.com.br\/wp-content\/uploads\/2024\/01\/WhatsApp-Image-2024-01-16-at-14.06.22.jpeg\" alt=\"\" class=\"wp-image-8258\"\/><figcaption class=\"wp-element-caption\">Alice Martins <\/figcaption><\/figure><\/div>\n\n\n<p><strong>Amaz\u00f4nia Vox no Canal Futura &#8211; <\/strong>O Canal Futura vai exibir na grade, em rede nacional, os dois primeiros minidocs produzidos pela plataforma <strong>Amaz\u00f4nia Vox<\/strong>. Em mar\u00e7o pr\u00f3ximo, ser\u00e3o compartilhados data e hor\u00e1rio. O primeiro minidoc, sobre os desafios da cobertura pr\u00e9-natal na Amaz\u00f4nia foi viabilizado por bolsa do Dart Center, com apoio da Funda\u00e7\u00e3o Maria Cecilia. J\u00e1 o segundo, sobre a produ\u00e7\u00e3o do chocolate em comunidade ribeirinha do Acar\u00e1, foi poss\u00edvel via bolsa da Thomson Reuters. As reportagens foram produzidas seguindo a perspectiva do Jornalismo de Solu\u00e7\u00f5es.<\/p>\n\n\n<div class=\"wp-block-image\">\n<figure class=\"aligncenter size-full\"><img loading=\"lazy\" decoding=\"async\" width=\"716\" height=\"491\" src=\"https:\/\/dedemesquita.com.br\/wp-content\/uploads\/2024\/01\/WhatsApp-Image-2023-12-17-at-20.43.24.jpeg\" alt=\"\" class=\"wp-image-8260\"\/><figcaption class=\"wp-element-caption\">Daniel Nardin celebra as vit\u00f3rias do Amaz\u00f4nia Vox<\/figcaption><\/figure><\/div>\n\n\n<p><strong>Mam\u00e3e Dani &#8211; <\/strong>A jornalista paraense <strong>Dani Walendorff <\/strong>\u00e9 mam\u00e3e de <strong>Heitor<\/strong>, primeiro filho dela e do tamb\u00e9m jornalista <strong>C\u00e9sar Modesto<\/strong>. A fam\u00edlia se mudou de Bel\u00e9m e mora no Paran\u00e1.<\/p>\n\n\n<div class=\"wp-block-image\">\n<figure class=\"aligncenter size-full\"><img loading=\"lazy\" decoding=\"async\" width=\"448\" height=\"750\" src=\"https:\/\/dedemesquita.com.br\/wp-content\/uploads\/2024\/01\/Dani-e-Heitor.jpeg\" alt=\"\" class=\"wp-image-8245\"\/><figcaption class=\"wp-element-caption\">Dani e o fofo Heitor <\/figcaption><\/figure><\/div>\n\n\n<p><strong>Aurora chega em breve &#8211; <\/strong>O casal <strong>Fl\u00e1via Ara\u00fajo <\/strong>e <strong>Edson Carvalho<\/strong> est\u00e1 \u00e0 espera de <strong>Aurora<\/strong>, primeira filha desse casal de jornalistas.<\/p>\n\n\n<div class=\"wp-block-image\">\n<figure class=\"aligncenter size-full\"><img loading=\"lazy\" decoding=\"async\" width=\"326\" height=\"432\" src=\"https:\/\/dedemesquita.com.br\/wp-content\/uploads\/2024\/01\/WhatsApp-Image-2024-01-16-at-11.20.26.jpeg\" alt=\"\" class=\"wp-image-8246\"\/><figcaption class=\"wp-element-caption\">Edson e Fl\u00e1via est\u00e3o \u00e0 espera de Aurora <\/figcaption><\/figure><\/div>\n\n\n<p class=\"has-text-align-center\"><strong><em>DIRETAS E INDIRETAS<\/em><\/strong> <\/p>\n\n\n\n<p><strong>Rede TV Bel\u00e9m &#8211; <\/strong>E a <strong>RedeTV Bel\u00e9m<\/strong> que continua rendendo not\u00edcias ruins&#8230; A RedeTV mudou para um certo canal <strong>RD TV<\/strong>, que ir\u00e1 surgir em 2024, e seria uma forma de desvincular a marca, diante de tantos esc\u00e2ndalos de atrasos sal\u00e1rio, al\u00e9m de muitos processos judiciais que <strong>Brun\u00e3o<\/strong> vem enfrentando. Segundo informa\u00e7\u00f5es, o sonho do \u2018colega\u2019 \u00e9 concorrer ao pleito de 2024 em Ananindeua e j\u00e1 colocou v\u00e1rios outdoors espalhados ao longo da rodovia BR-316. E mal tem tempo de apresentar o principal jornal \u201cda casa\u201d, \u201cAlerta Par\u00e1\u201d. Den\u00fancias d\u00e3o conta de que ele se cansou de bater na Prefeitura de Bel\u00e9m e est\u00e1 mirando um \u201cpeixe gra\u00fado\u201d do PT, o ex-ministro das comunica\u00e7\u00f5es Paulo Pimenta, que nem deve sonhar <strong>com as paix\u00f5es bolsonaristas de Brun\u00e3o<\/strong>. A TV de Brun\u00e3o s\u00f3 est\u00e1 funcionando com uma c\u00e2mera cedida, porque a Justi\u00e7a do Trabalho penhorou duas c\u00e2meras e tr\u00eas trip\u00e9s da emissora. E como se tudo isso n\u00e3o bastasse, a suposta gerente comercial da emissora, <strong>Helen Cristina<\/strong>, \u00fanica que tinha carteira assinada por <strong>Ti\u00e3o<\/strong> <strong>Miranda Neto<\/strong>, presidente da RedeTV Bel\u00e9m, foi demitida por justa causa. A demiss\u00e3o teria sido motivada por desvio de dinheiro de patrocinadores que depositavam valores de publicidade em um outro CNPJ, que teria sido criado por Helen, na conta banc\u00e1ria dela. E o Brun\u00e3o se julgando \u201co esperto\u201d. <\/p>\n\n\n<div class=\"wp-block-image\">\n<figure class=\"aligncenter size-full\"><img loading=\"lazy\" decoding=\"async\" width=\"539\" height=\"555\" src=\"https:\/\/dedemesquita.com.br\/wp-content\/uploads\/2024\/01\/WhatsApp-Image-2024-01-16-at-12.53.03.jpeg\" alt=\"\" class=\"wp-image-8242\"\/><figcaption class=\"wp-element-caption\">Novo canal que dever\u00e1 substituir a RedeTV Bel\u00e9m <\/figcaption><\/figure><\/div>\n\n<div class=\"wp-block-image\">\n<figure class=\"aligncenter size-full\"><img loading=\"lazy\" decoding=\"async\" width=\"522\" height=\"434\" src=\"https:\/\/dedemesquita.com.br\/wp-content\/uploads\/2024\/01\/WhatsApp-Image-2024-01-16-at-12.54.59.jpeg\" alt=\"\" class=\"wp-image-8243\"\/><figcaption class=\"wp-element-caption\">Ti\u00e3o Miranda Neto \u00e9 o dono da RedeTV Par\u00e1, com sede em Marab\u00e1 <\/figcaption><\/figure><\/div>\n\n<div class=\"wp-block-image\">\n<figure class=\"aligncenter size-full\"><img loading=\"lazy\" decoding=\"async\" width=\"540\" height=\"549\" src=\"https:\/\/dedemesquita.com.br\/wp-content\/uploads\/2024\/01\/WhatsApp-Image-2024-01-16-at-12.54.59-1.jpeg\" alt=\"\" class=\"wp-image-8244\"\/><figcaption class=\"wp-element-caption\">Coitado do ex-ministro Paulo Pimenta que nem sonha com a sanha bolsonarista de Brun\u00e3o. Esse encontro foi em Bras\u00edlia-DF, em dezembro do ano passado. <\/figcaption><\/figure><\/div>\n\n\n<p><strong>Dono de site nada &#8220;cat\u00f3lico&#8221; &#8211; <\/strong>J\u00e1 o<strong> \u201cdono\u201d<\/strong> de um site de not\u00edcias, que chegou recentemente em Bel\u00e9m e se gaba de seu alto crescimento na audi\u00eancia, tem sido olhado com muitas restri\u00e7\u00f5es pela equipe que ele contratou. O rapaz quer trabalho presencial, mas n\u00e3o tem, nem mesas, cadeiras, muito menos m\u00e1quinas para os funcion\u00e1rios trabalharem na reda\u00e7\u00e3o que fica em <strong>Ananindeua<\/strong>. Outra coisa que o colega nem sonha \u00e9 que <strong>jornalista \u00e9 jornalista<\/strong> e n\u00e3o \u201cmoleque de recados\u201d que ele manda sair debaixo de chuva para comprar umas cervejas, porque o entrevistado assim o queria. Falando em beber, j\u00e1 foi notado que na reda\u00e7\u00e3o desse site sempre tem uma garrafa de u\u00edsque \u00e0 m\u00e3o e uma sala onde o \u201cpatr\u00e3o\u201d tira altos cochilos. Mas o drama \u00e9 quando o rapaz fica na reda\u00e7\u00e3o <strong>sem camisa<\/strong>. Isso mesmo, imagina-se que por conta do calor, o <strong>\u201cpatr\u00e3o<\/strong>\u201d se d\u00e1 ao luxo de ficar sem camisa na sala e desfilando<strong> \u201celeg\u00e2ncia\u201d<\/strong>. Decoro, onde est\u00e1s??? E isso quando ele n\u00e3o cisma em fazer os rep\u00f3rteres de \u201cprodutores de festa de lan\u00e7amento do site\u201d, se esquecendo que tem empresas que fazem isso. Mas o que os funcion\u00e1rios temem \u00e9 quando o \u201cpatr\u00e3o\u201d resolve dar carona, ao longo da BR-316, dirigindo, mas que sempre estaria, digamos assim, com alguns mililitros a mais de <strong>\u201csangue no \u00e1lcool dele\u201d.<\/strong> Mas assim&#8230; N\u00e3o vou citar o nome do \u201cpatr\u00e3o\u201d, vou de iniciais, <strong><em>D.B<\/em><\/strong>., porque esta postagem \u00e9 mais para ver se ele se manca e <strong>trabalha direito<\/strong>, mesmo porque o rapaz \u00e9 daqueles que \u00e9 &#8220;muita garganta\u201d e est\u00e1 h\u00e1 anos no mercado de trabalho em Bel\u00e9m, no ramo da imprensa alternativa e no de &#8220;marketing pol\u00edtico&#8221;. E justi\u00e7a seja feita, ele <strong>AINDA<\/strong> n\u00e3o atrasou o sal\u00e1rio de ningu\u00e9m, no que \u00e9 a <strong>obriga\u00e7\u00e3o<\/strong> dele, \u00e9 claro. E <strong>SE<\/strong> manque, rap\u00e1!!!<\/p>\n\n\n\n<p><\/p>\n","protected":false},"excerpt":{"rendered":"<p>Bel\u00e9m, 16 de janeiro de 2024 &#8211; Ter\u00e7a-feira e a bat data de atualiza\u00e7\u00f5es aqui no site. E come\u00e7amos com as mudan\u00e7as pelas reda\u00e7\u00f5es e assessorias de comunica\u00e7\u00e3o. Mudan\u00e7a de cadeiras na Secom-PA &#8211; Come\u00e7amos pela Secom-Ag\u00eancia Par\u00e1 que teve muitas mudan\u00e7as nas assessorias de comunica\u00e7\u00e3o das secretarias. Gustavo P\u00eana trocou de secretaria, e agora, [&hellip;]<\/p>\n","protected":false},"author":2,"featured_media":8264,"comment_status":"open","ping_status":"open","sticky":false,"template":"","format":"standard","meta":{"footnotes":""},"categories":[51,14,29],"tags":[545,119,120,144,426,150],"class_list":["post-8239","post","type-post","status-publish","format-standard","has-post-thumbnail","hentry","category-destaque","category-imprensa","category-jornalismo","tag-estado-do-para-on-line","tag-jornalismo","tag-jornalistas-paraenses-em-acao","tag-o-liberal","tag-rede-tv-belem","tag-secom-pa"],"yoast_head":"<!-- This site is optimized with the Yoast SEO plugin v19.10 - https:\/\/yoast.com\/wordpress\/plugins\/seo\/ -->\n<title>RedeTV Bel\u00e9m muda de nome, Secom-PA promove mudan\u00e7as na equipe, dono de site quer jornalistas em outras fun\u00e7\u00f5es e outras not\u00edcias - Ded\u00e9 Mesquita<\/title>\n<meta name=\"robots\" content=\"index, follow, max-snippet:-1, max-image-preview:large, max-video-preview:-1\" \/>\n<link rel=\"canonical\" href=\"https:\/\/dedemesquita.com.br\/?p=8239\" \/>\n<meta property=\"og:locale\" content=\"pt_BR\" \/>\n<meta property=\"og:type\" content=\"article\" \/>\n<meta property=\"og:title\" content=\"RedeTV Bel\u00e9m muda de nome, Secom-PA promove mudan\u00e7as na equipe, dono de site quer jornalistas em outras fun\u00e7\u00f5es e outras not\u00edcias - Ded\u00e9 Mesquita\" \/>\n<meta property=\"og:description\" content=\"Bel\u00e9m, 16 de janeiro de 2024 &#8211; Ter\u00e7a-feira e a bat data de atualiza\u00e7\u00f5es aqui no site. E come\u00e7amos com as mudan\u00e7as pelas reda\u00e7\u00f5es e assessorias de comunica\u00e7\u00e3o. Mudan\u00e7a de cadeiras na Secom-PA &#8211; Come\u00e7amos pela Secom-Ag\u00eancia Par\u00e1 que teve muitas mudan\u00e7as nas assessorias de comunica\u00e7\u00e3o das secretarias. Gustavo P\u00eana trocou de secretaria, e agora, [&hellip;]\" \/>\n<meta property=\"og:url\" content=\"https:\/\/dedemesquita.com.br\/?p=8239\" \/>\n<meta property=\"og:site_name\" content=\"Ded\u00e9 Mesquita\" \/>\n<meta property=\"article:publisher\" content=\"https:\/\/www.facebook.com\/dede.mesquita\" \/>\n<meta property=\"article:published_time\" content=\"2024-01-16T17:19:07+00:00\" \/>\n<meta property=\"article:modified_time\" content=\"2024-01-16T17:56:40+00:00\" \/>\n<meta property=\"og:image\" content=\"https:\/\/dedemesquita.com.br\/wp-content\/uploads\/2024\/01\/secom.png\" \/>\n\t<meta property=\"og:image:width\" content=\"924\" \/>\n\t<meta property=\"og:image:height\" content=\"453\" \/>\n\t<meta property=\"og:image:type\" content=\"image\/png\" \/>\n<meta name=\"author\" content=\"Ded\u00e9 Mesquita\" \/>\n<meta name=\"twitter:card\" content=\"summary_large_image\" \/>\n<meta name=\"twitter:creator\" content=\"@dedemesquita\" \/>\n<meta name=\"twitter:site\" content=\"@dedemesquita\" \/>\n<meta name=\"twitter:label1\" content=\"Escrito por\" \/>\n\t<meta name=\"twitter:data1\" content=\"Ded\u00e9 Mesquita\" \/>\n\t<meta name=\"twitter:label2\" content=\"Est. tempo de leitura\" \/>\n\t<meta name=\"twitter:data2\" content=\"7 minutos\" \/>\n<script type=\"application\/ld+json\" class=\"yoast-schema-graph\">{\"@context\":\"https:\/\/schema.org\",\"@graph\":[{\"@type\":\"WebPage\",\"@id\":\"https:\/\/dedemesquita.com.br\/?p=8239\",\"url\":\"https:\/\/dedemesquita.com.br\/?p=8239\",\"name\":\"RedeTV Bel\u00e9m muda de nome, Secom-PA promove mudan\u00e7as na equipe, dono de site quer jornalistas em outras fun\u00e7\u00f5es e outras not\u00edcias - Ded\u00e9 Mesquita\",\"isPartOf\":{\"@id\":\"https:\/\/dedemesquita.com.br\/#website\"},\"datePublished\":\"2024-01-16T17:19:07+00:00\",\"dateModified\":\"2024-01-16T17:56:40+00:00\",\"author\":{\"@id\":\"https:\/\/dedemesquita.com.br\/#\/schema\/person\/36571f81dd2d76dc3ab37231542c9e24\"},\"breadcrumb\":{\"@id\":\"https:\/\/dedemesquita.com.br\/?p=8239#breadcrumb\"},\"inLanguage\":\"pt-BR\",\"potentialAction\":[{\"@type\":\"ReadAction\",\"target\":[\"https:\/\/dedemesquita.com.br\/?p=8239\"]}]},{\"@type\":\"BreadcrumbList\",\"@id\":\"https:\/\/dedemesquita.com.br\/?p=8239#breadcrumb\",\"itemListElement\":[{\"@type\":\"ListItem\",\"position\":1,\"name\":\"In\u00edcio\",\"item\":\"https:\/\/dedemesquita.com.br\/\"},{\"@type\":\"ListItem\",\"position\":2,\"name\":\"RedeTV Bel\u00e9m muda de nome, Secom-PA promove mudan\u00e7as na equipe, dono de site quer jornalistas em outras fun\u00e7\u00f5es e outras not\u00edcias\"}]},{\"@type\":\"WebSite\",\"@id\":\"https:\/\/dedemesquita.com.br\/#website\",\"url\":\"https:\/\/dedemesquita.com.br\/\",\"name\":\"Ded\u00e9 Mesquita\",\"description\":\"Um site que mostra os bastidores da imprensa no estado do Par\u00e1 e em Bel\u00e9m\",\"potentialAction\":[{\"@type\":\"SearchAction\",\"target\":{\"@type\":\"EntryPoint\",\"urlTemplate\":\"https:\/\/dedemesquita.com.br\/?s={search_term_string}\"},\"query-input\":\"required name=search_term_string\"}],\"inLanguage\":\"pt-BR\"},{\"@type\":\"Person\",\"@id\":\"https:\/\/dedemesquita.com.br\/#\/schema\/person\/36571f81dd2d76dc3ab37231542c9e24\",\"name\":\"Ded\u00e9 Mesquita\",\"image\":{\"@type\":\"ImageObject\",\"inLanguage\":\"pt-BR\",\"@id\":\"https:\/\/dedemesquita.com.br\/#\/schema\/person\/image\/\",\"url\":\"https:\/\/dedemesquita.com.br\/wp-content\/uploads\/2021\/02\/foto_perfil-150x150.jpg\",\"contentUrl\":\"https:\/\/dedemesquita.com.br\/wp-content\/uploads\/2021\/02\/foto_perfil-150x150.jpg\",\"caption\":\"Ded\u00e9 Mesquita\"},\"sameAs\":[\"https:\/\/dedemesquita.com.br\"]}]}<\/script>\n<!-- \/ Yoast SEO plugin. -->","yoast_head_json":{"title":"RedeTV Bel\u00e9m muda de nome, Secom-PA promove mudan\u00e7as na equipe, dono de site quer jornalistas em outras fun\u00e7\u00f5es e outras not\u00edcias - Ded\u00e9 Mesquita","robots":{"index":"index","follow":"follow","max-snippet":"max-snippet:-1","max-image-preview":"max-image-preview:large","max-video-preview":"max-video-preview:-1"},"canonical":"https:\/\/dedemesquita.com.br\/?p=8239","og_locale":"pt_BR","og_type":"article","og_title":"RedeTV Bel\u00e9m muda de nome, Secom-PA promove mudan\u00e7as na equipe, dono de site quer jornalistas em outras fun\u00e7\u00f5es e outras not\u00edcias - Ded\u00e9 Mesquita","og_description":"Bel\u00e9m, 16 de janeiro de 2024 &#8211; Ter\u00e7a-feira e a bat data de atualiza\u00e7\u00f5es aqui no site. E come\u00e7amos com as mudan\u00e7as pelas reda\u00e7\u00f5es e assessorias de comunica\u00e7\u00e3o. Mudan\u00e7a de cadeiras na Secom-PA &#8211; Come\u00e7amos pela Secom-Ag\u00eancia Par\u00e1 que teve muitas mudan\u00e7as nas assessorias de comunica\u00e7\u00e3o das secretarias. Gustavo P\u00eana trocou de secretaria, e agora, [&hellip;]","og_url":"https:\/\/dedemesquita.com.br\/?p=8239","og_site_name":"Ded\u00e9 Mesquita","article_publisher":"https:\/\/www.facebook.com\/dede.mesquita","article_published_time":"2024-01-16T17:19:07+00:00","article_modified_time":"2024-01-16T17:56:40+00:00","og_image":[{"width":924,"height":453,"url":"https:\/\/dedemesquita.com.br\/wp-content\/uploads\/2024\/01\/secom.png","type":"image\/png"}],"author":"Ded\u00e9 Mesquita","twitter_card":"summary_large_image","twitter_creator":"@dedemesquita","twitter_site":"@dedemesquita","twitter_misc":{"Escrito por":"Ded\u00e9 Mesquita","Est. tempo de leitura":"7 minutos"},"schema":{"@context":"https:\/\/schema.org","@graph":[{"@type":"WebPage","@id":"https:\/\/dedemesquita.com.br\/?p=8239","url":"https:\/\/dedemesquita.com.br\/?p=8239","name":"RedeTV Bel\u00e9m muda de nome, Secom-PA promove mudan\u00e7as na equipe, dono de site quer jornalistas em outras fun\u00e7\u00f5es e outras not\u00edcias - Ded\u00e9 Mesquita","isPartOf":{"@id":"https:\/\/dedemesquita.com.br\/#website"},"datePublished":"2024-01-16T17:19:07+00:00","dateModified":"2024-01-16T17:56:40+00:00","author":{"@id":"https:\/\/dedemesquita.com.br\/#\/schema\/person\/36571f81dd2d76dc3ab37231542c9e24"},"breadcrumb":{"@id":"https:\/\/dedemesquita.com.br\/?p=8239#breadcrumb"},"inLanguage":"pt-BR","potentialAction":[{"@type":"ReadAction","target":["https:\/\/dedemesquita.com.br\/?p=8239"]}]},{"@type":"BreadcrumbList","@id":"https:\/\/dedemesquita.com.br\/?p=8239#breadcrumb","itemListElement":[{"@type":"ListItem","position":1,"name":"In\u00edcio","item":"https:\/\/dedemesquita.com.br\/"},{"@type":"ListItem","position":2,"name":"RedeTV Bel\u00e9m muda de nome, Secom-PA promove mudan\u00e7as na equipe, dono de site quer jornalistas em outras fun\u00e7\u00f5es e outras not\u00edcias"}]},{"@type":"WebSite","@id":"https:\/\/dedemesquita.com.br\/#website","url":"https:\/\/dedemesquita.com.br\/","name":"Ded\u00e9 Mesquita","description":"Um site que mostra os bastidores da imprensa no estado do Par\u00e1 e em Bel\u00e9m","potentialAction":[{"@type":"SearchAction","target":{"@type":"EntryPoint","urlTemplate":"https:\/\/dedemesquita.com.br\/?s={search_term_string}"},"query-input":"required name=search_term_string"}],"inLanguage":"pt-BR"},{"@type":"Person","@id":"https:\/\/dedemesquita.com.br\/#\/schema\/person\/36571f81dd2d76dc3ab37231542c9e24","name":"Ded\u00e9 Mesquita","image":{"@type":"ImageObject","inLanguage":"pt-BR","@id":"https:\/\/dedemesquita.com.br\/#\/schema\/person\/image\/","url":"https:\/\/dedemesquita.com.br\/wp-content\/uploads\/2021\/02\/foto_perfil-150x150.jpg","contentUrl":"https:\/\/dedemesquita.com.br\/wp-content\/uploads\/2021\/02\/foto_perfil-150x150.jpg","caption":"Ded\u00e9 Mesquita"},"sameAs":["https:\/\/dedemesquita.com.br"]}]}},"_links":{"self":[{"href":"https:\/\/dedemesquita.com.br\/index.php?rest_route=\/wp\/v2\/posts\/8239"}],"collection":[{"href":"https:\/\/dedemesquita.com.br\/index.php?rest_route=\/wp\/v2\/posts"}],"about":[{"href":"https:\/\/dedemesquita.com.br\/index.php?rest_route=\/wp\/v2\/types\/post"}],"author":[{"embeddable":true,"href":"https:\/\/dedemesquita.com.br\/index.php?rest_route=\/wp\/v2\/users\/2"}],"replies":[{"embeddable":true,"href":"https:\/\/dedemesquita.com.br\/index.php?rest_route=%2Fwp%2Fv2%2Fcomments&post=8239"}],"version-history":[{"count":13,"href":"https:\/\/dedemesquita.com.br\/index.php?rest_route=\/wp\/v2\/posts\/8239\/revisions"}],"predecessor-version":[{"id":8275,"href":"https:\/\/dedemesquita.com.br\/index.php?rest_route=\/wp\/v2\/posts\/8239\/revisions\/8275"}],"wp:featuredmedia":[{"embeddable":true,"href":"https:\/\/dedemesquita.com.br\/index.php?rest_route=\/wp\/v2\/media\/8264"}],"wp:attachment":[{"href":"https:\/\/dedemesquita.com.br\/index.php?rest_route=%2Fwp%2Fv2%2Fmedia&parent=8239"}],"wp:term":[{"taxonomy":"category","embeddable":true,"href":"https:\/\/dedemesquita.com.br\/index.php?rest_route=%2Fwp%2Fv2%2Fcategories&post=8239"},{"taxonomy":"post_tag","embeddable":true,"href":"https:\/\/dedemesquita.com.br\/index.php?rest_route=%2Fwp%2Fv2%2Ftags&post=8239"}],"curies":[{"name":"wp","href":"https:\/\/api.w.org\/{rel}","templated":true}]}}