{"id":8191,"date":"2023-12-21T10:29:31","date_gmt":"2023-12-21T13:29:31","guid":{"rendered":"https:\/\/dedemesquita.com.br\/?p=8191"},"modified":"2024-06-18T19:04:51","modified_gmt":"2024-06-18T22:04:51","slug":"antonio-carlos-pimentel-jr-faz-lancamento-de-seu-novo-livro-em-belem","status":"publish","type":"post","link":"https:\/\/dedemesquita.com.br\/?p=8191","title":{"rendered":"Ant\u00f4nio Carlos Pimentel Jr. faz lan\u00e7amento de seu novo livro em Bel\u00e9m"},"content":{"rendered":"\n<p><strong>Bel\u00e9m, 21 de dezembro de 2023 &#8211;<\/strong> O jornalista Antonio Carlos Pimentel Jr., o Tonga, fez o lan\u00e7amento de seu mais novo livro, &#8220;A Biblioteca Vermelha de Raimundo Jinkings&#8221;, que teve estreia em S\u00e3o Paulo, no m\u00eas passado. <\/p>\n\n\n\n<p>A sess\u00e3o de aut\u00f3grafos foi realizado na&nbsp;quarta-feira, 20,&nbsp;\u00e0 noite, no&nbsp;N\u00facleo de Conex\u00f5es Na Figueredo, no&nbsp;bairro de Nazar\u00e9.<\/p>\n\n\n\n<p>A editora Com Arte, ligada \u00e0 Universidade de S\u00e3o Paulo &#8211; USP, publicou esse que \u00e9 o terceiro livro do escritor,&nbsp;professor universit\u00e1rio e jornalista Ant\u00f4nio Carlos Pimentel Jr.&nbsp;A obra leva o leitor a mergulhar nos recantos da&nbsp;biblioteca particular do livreiro e fundador da livraria que leva o seu sobrenome, resgatando&nbsp;quatro d\u00e9cadas de hist\u00f3ria pol\u00edtica no estado do Par\u00e1. <\/p>\n\n\n\n<p>A noite foi de reencontros de jornalistas, professores e intelectuais de Bel\u00e9m. Veja quem esteve por l\u00e1. <\/p>\n\n\n<div class=\"wp-block-image\">\n<figure class=\"aligncenter size-full\"><img loading=\"lazy\" decoding=\"async\" width=\"850\" height=\"637\" src=\"https:\/\/dedemesquita.com.br\/wp-content\/uploads\/2023\/12\/WhatsApp-Image-2023-12-20-at-20.26.21.jpeg\" alt=\"\" class=\"wp-image-8194\" srcset=\"https:\/\/dedemesquita.com.br\/wp-content\/uploads\/2023\/12\/WhatsApp-Image-2023-12-20-at-20.26.21.jpeg 850w, https:\/\/dedemesquita.com.br\/wp-content\/uploads\/2023\/12\/WhatsApp-Image-2023-12-20-at-20.26.21-768x576.jpeg 768w\" sizes=\"(max-width: 850px) 100vw, 850px\" \/><figcaption class=\"wp-element-caption\">Turma de jornalistas que trabalharam com Tonga em O Liberal e no jornal Amaz\u00f4nia: Miriam Magalh\u00e3es, Aline Brelaz, Adriana Machado, Ana Danin, K\u00e9lem Cabral (e Ana Flor) e eu <\/figcaption><\/figure><\/div>\n\n<div class=\"wp-block-image\">\n<figure class=\"aligncenter size-full\"><img loading=\"lazy\" decoding=\"async\" width=\"663\" height=\"800\" src=\"https:\/\/dedemesquita.com.br\/wp-content\/uploads\/2023\/12\/WhatsApp-Image-2023-12-21-at-06.44.10.jpeg\" alt=\"\" class=\"wp-image-8195\"\/><figcaption class=\"wp-element-caption\">Rita Soares e Renata Ferreira no lan\u00e7amento<\/figcaption><\/figure><\/div>\n\n<div class=\"wp-block-image\">\n<figure class=\"aligncenter size-full\"><img loading=\"lazy\" decoding=\"async\" width=\"753\" height=\"850\" src=\"https:\/\/dedemesquita.com.br\/wp-content\/uploads\/2023\/12\/WhatsApp-Image-2023-12-20-at-20.26.23.jpeg\" alt=\"\" class=\"wp-image-8196\"\/><figcaption class=\"wp-element-caption\">Tonga e Ana Danin (foto de Ded\u00e9 Mesquita)<\/figcaption><\/figure><\/div>\n\n<div class=\"wp-block-image\">\n<figure class=\"aligncenter size-full\"><img loading=\"lazy\" decoding=\"async\" width=\"823\" height=\"850\" src=\"https:\/\/dedemesquita.com.br\/wp-content\/uploads\/2023\/12\/WhatsApp-Image-2023-12-21-at-06.42.32.jpeg\" alt=\"\" class=\"wp-image-8197\" srcset=\"https:\/\/dedemesquita.com.br\/wp-content\/uploads\/2023\/12\/WhatsApp-Image-2023-12-21-at-06.42.32.jpeg 823w, https:\/\/dedemesquita.com.br\/wp-content\/uploads\/2023\/12\/WhatsApp-Image-2023-12-21-at-06.42.32-768x793.jpeg 768w\" sizes=\"(max-width: 823px) 100vw, 823px\" \/><figcaption class=\"wp-element-caption\">Tonga e o casal Miriam e Reginaldo Magalh\u00e3es (foto de Ded\u00e9 Mesquita)<\/figcaption><\/figure><\/div>","protected":false},"excerpt":{"rendered":"<p>Bel\u00e9m, 21 de dezembro de 2023 &#8211; O jornalista Antonio Carlos Pimentel Jr., o Tonga, fez o lan\u00e7amento de seu mais novo livro, &#8220;A Biblioteca Vermelha de Raimundo Jinkings&#8221;, que teve estreia em S\u00e3o Paulo, no m\u00eas passado. A sess\u00e3o de aut\u00f3grafos foi realizado na&nbsp;quarta-feira, 20,&nbsp;\u00e0 noite, no&nbsp;N\u00facleo de Conex\u00f5es Na Figueredo, no&nbsp;bairro de Nazar\u00e9. [&hellip;]<\/p>\n","protected":false},"author":2,"featured_media":8193,"comment_status":"open","ping_status":"open","sticky":false,"template":"","format":"standard","meta":{"footnotes":""},"categories":[51,14,29],"tags":[119,120,543,89],"class_list":["post-8191","post","type-post","status-publish","format-standard","has-post-thumbnail","hentry","category-destaque","category-imprensa","category-jornalismo","tag-jornalismo","tag-jornalistas-paraenses-em-acao","tag-raimundo-jinkings","tag-tonga"],"yoast_head":"<!-- This site is optimized with the Yoast SEO plugin v19.10 - https:\/\/yoast.com\/wordpress\/plugins\/seo\/ -->\n<title>Ant\u00f4nio Carlos Pimentel Jr. faz lan\u00e7amento de seu novo livro em Bel\u00e9m - Ded\u00e9 Mesquita<\/title>\n<meta name=\"robots\" content=\"index, follow, max-snippet:-1, max-image-preview:large, max-video-preview:-1\" \/>\n<link rel=\"canonical\" href=\"https:\/\/dedemesquita.com.br\/?p=8191\" \/>\n<meta property=\"og:locale\" content=\"pt_BR\" \/>\n<meta property=\"og:type\" content=\"article\" \/>\n<meta property=\"og:title\" content=\"Ant\u00f4nio Carlos Pimentel Jr. faz lan\u00e7amento de seu novo livro em Bel\u00e9m - Ded\u00e9 Mesquita\" \/>\n<meta property=\"og:description\" content=\"Bel\u00e9m, 21 de dezembro de 2023 &#8211; O jornalista Antonio Carlos Pimentel Jr., o Tonga, fez o lan\u00e7amento de seu mais novo livro, &#8220;A Biblioteca Vermelha de Raimundo Jinkings&#8221;, que teve estreia em S\u00e3o Paulo, no m\u00eas passado. A sess\u00e3o de aut\u00f3grafos foi realizado na&nbsp;quarta-feira, 20,&nbsp;\u00e0 noite, no&nbsp;N\u00facleo de Conex\u00f5es Na Figueredo, no&nbsp;bairro de Nazar\u00e9. [&hellip;]\" \/>\n<meta property=\"og:url\" content=\"https:\/\/dedemesquita.com.br\/?p=8191\" \/>\n<meta property=\"og:site_name\" content=\"Ded\u00e9 Mesquita\" \/>\n<meta property=\"article:publisher\" content=\"https:\/\/www.facebook.com\/dede.mesquita\" \/>\n<meta property=\"article:published_time\" content=\"2023-12-21T13:29:31+00:00\" \/>\n<meta property=\"article:modified_time\" content=\"2024-06-18T22:04:51+00:00\" \/>\n<meta property=\"og:image\" content=\"https:\/\/dedemesquita.com.br\/wp-content\/uploads\/2023\/12\/WhatsApp-Image-2023-12-20-at-20.26.21-1.jpeg\" \/>\n\t<meta property=\"og:image:width\" content=\"954\" \/>\n\t<meta property=\"og:image:height\" content=\"929\" \/>\n\t<meta property=\"og:image:type\" content=\"image\/jpeg\" \/>\n<meta name=\"author\" content=\"Ded\u00e9 Mesquita\" \/>\n<meta name=\"twitter:card\" content=\"summary_large_image\" \/>\n<meta name=\"twitter:creator\" content=\"@dedemesquita\" \/>\n<meta name=\"twitter:site\" content=\"@dedemesquita\" \/>\n<meta name=\"twitter:label1\" content=\"Escrito por\" \/>\n\t<meta name=\"twitter:data1\" content=\"Ded\u00e9 Mesquita\" \/>\n\t<meta name=\"twitter:label2\" content=\"Est. tempo de leitura\" \/>\n\t<meta name=\"twitter:data2\" content=\"1 minuto\" \/>\n<script type=\"application\/ld+json\" class=\"yoast-schema-graph\">{\"@context\":\"https:\/\/schema.org\",\"@graph\":[{\"@type\":\"WebPage\",\"@id\":\"https:\/\/dedemesquita.com.br\/?p=8191\",\"url\":\"https:\/\/dedemesquita.com.br\/?p=8191\",\"name\":\"Ant\u00f4nio Carlos Pimentel Jr. faz lan\u00e7amento de seu novo livro em Bel\u00e9m - Ded\u00e9 Mesquita\",\"isPartOf\":{\"@id\":\"https:\/\/dedemesquita.com.br\/#website\"},\"datePublished\":\"2023-12-21T13:29:31+00:00\",\"dateModified\":\"2024-06-18T22:04:51+00:00\",\"author\":{\"@id\":\"https:\/\/dedemesquita.com.br\/#\/schema\/person\/36571f81dd2d76dc3ab37231542c9e24\"},\"breadcrumb\":{\"@id\":\"https:\/\/dedemesquita.com.br\/?p=8191#breadcrumb\"},\"inLanguage\":\"pt-BR\",\"potentialAction\":[{\"@type\":\"ReadAction\",\"target\":[\"https:\/\/dedemesquita.com.br\/?p=8191\"]}]},{\"@type\":\"BreadcrumbList\",\"@id\":\"https:\/\/dedemesquita.com.br\/?p=8191#breadcrumb\",\"itemListElement\":[{\"@type\":\"ListItem\",\"position\":1,\"name\":\"In\u00edcio\",\"item\":\"https:\/\/dedemesquita.com.br\/\"},{\"@type\":\"ListItem\",\"position\":2,\"name\":\"Ant\u00f4nio Carlos Pimentel Jr. faz lan\u00e7amento de seu novo livro em Bel\u00e9m\"}]},{\"@type\":\"WebSite\",\"@id\":\"https:\/\/dedemesquita.com.br\/#website\",\"url\":\"https:\/\/dedemesquita.com.br\/\",\"name\":\"Ded\u00e9 Mesquita\",\"description\":\"Um site que mostra os bastidores da imprensa no estado do Par\u00e1 e em Bel\u00e9m\",\"potentialAction\":[{\"@type\":\"SearchAction\",\"target\":{\"@type\":\"EntryPoint\",\"urlTemplate\":\"https:\/\/dedemesquita.com.br\/?s={search_term_string}\"},\"query-input\":\"required name=search_term_string\"}],\"inLanguage\":\"pt-BR\"},{\"@type\":\"Person\",\"@id\":\"https:\/\/dedemesquita.com.br\/#\/schema\/person\/36571f81dd2d76dc3ab37231542c9e24\",\"name\":\"Ded\u00e9 Mesquita\",\"image\":{\"@type\":\"ImageObject\",\"inLanguage\":\"pt-BR\",\"@id\":\"https:\/\/dedemesquita.com.br\/#\/schema\/person\/image\/\",\"url\":\"https:\/\/dedemesquita.com.br\/wp-content\/uploads\/2021\/02\/foto_perfil-150x150.jpg\",\"contentUrl\":\"https:\/\/dedemesquita.com.br\/wp-content\/uploads\/2021\/02\/foto_perfil-150x150.jpg\",\"caption\":\"Ded\u00e9 Mesquita\"},\"sameAs\":[\"https:\/\/dedemesquita.com.br\"]}]}<\/script>\n<!-- \/ Yoast SEO plugin. -->","yoast_head_json":{"title":"Ant\u00f4nio Carlos Pimentel Jr. faz lan\u00e7amento de seu novo livro em Bel\u00e9m - Ded\u00e9 Mesquita","robots":{"index":"index","follow":"follow","max-snippet":"max-snippet:-1","max-image-preview":"max-image-preview:large","max-video-preview":"max-video-preview:-1"},"canonical":"https:\/\/dedemesquita.com.br\/?p=8191","og_locale":"pt_BR","og_type":"article","og_title":"Ant\u00f4nio Carlos Pimentel Jr. faz lan\u00e7amento de seu novo livro em Bel\u00e9m - Ded\u00e9 Mesquita","og_description":"Bel\u00e9m, 21 de dezembro de 2023 &#8211; O jornalista Antonio Carlos Pimentel Jr., o Tonga, fez o lan\u00e7amento de seu mais novo livro, &#8220;A Biblioteca Vermelha de Raimundo Jinkings&#8221;, que teve estreia em S\u00e3o Paulo, no m\u00eas passado. A sess\u00e3o de aut\u00f3grafos foi realizado na&nbsp;quarta-feira, 20,&nbsp;\u00e0 noite, no&nbsp;N\u00facleo de Conex\u00f5es Na Figueredo, no&nbsp;bairro de Nazar\u00e9. [&hellip;]","og_url":"https:\/\/dedemesquita.com.br\/?p=8191","og_site_name":"Ded\u00e9 Mesquita","article_publisher":"https:\/\/www.facebook.com\/dede.mesquita","article_published_time":"2023-12-21T13:29:31+00:00","article_modified_time":"2024-06-18T22:04:51+00:00","og_image":[{"width":954,"height":929,"url":"https:\/\/dedemesquita.com.br\/wp-content\/uploads\/2023\/12\/WhatsApp-Image-2023-12-20-at-20.26.21-1.jpeg","type":"image\/jpeg"}],"author":"Ded\u00e9 Mesquita","twitter_card":"summary_large_image","twitter_creator":"@dedemesquita","twitter_site":"@dedemesquita","twitter_misc":{"Escrito por":"Ded\u00e9 Mesquita","Est. tempo de leitura":"1 minuto"},"schema":{"@context":"https:\/\/schema.org","@graph":[{"@type":"WebPage","@id":"https:\/\/dedemesquita.com.br\/?p=8191","url":"https:\/\/dedemesquita.com.br\/?p=8191","name":"Ant\u00f4nio Carlos Pimentel Jr. faz lan\u00e7amento de seu novo livro em Bel\u00e9m - Ded\u00e9 Mesquita","isPartOf":{"@id":"https:\/\/dedemesquita.com.br\/#website"},"datePublished":"2023-12-21T13:29:31+00:00","dateModified":"2024-06-18T22:04:51+00:00","author":{"@id":"https:\/\/dedemesquita.com.br\/#\/schema\/person\/36571f81dd2d76dc3ab37231542c9e24"},"breadcrumb":{"@id":"https:\/\/dedemesquita.com.br\/?p=8191#breadcrumb"},"inLanguage":"pt-BR","potentialAction":[{"@type":"ReadAction","target":["https:\/\/dedemesquita.com.br\/?p=8191"]}]},{"@type":"BreadcrumbList","@id":"https:\/\/dedemesquita.com.br\/?p=8191#breadcrumb","itemListElement":[{"@type":"ListItem","position":1,"name":"In\u00edcio","item":"https:\/\/dedemesquita.com.br\/"},{"@type":"ListItem","position":2,"name":"Ant\u00f4nio Carlos Pimentel Jr. faz lan\u00e7amento de seu novo livro em Bel\u00e9m"}]},{"@type":"WebSite","@id":"https:\/\/dedemesquita.com.br\/#website","url":"https:\/\/dedemesquita.com.br\/","name":"Ded\u00e9 Mesquita","description":"Um site que mostra os bastidores da imprensa no estado do Par\u00e1 e em Bel\u00e9m","potentialAction":[{"@type":"SearchAction","target":{"@type":"EntryPoint","urlTemplate":"https:\/\/dedemesquita.com.br\/?s={search_term_string}"},"query-input":"required name=search_term_string"}],"inLanguage":"pt-BR"},{"@type":"Person","@id":"https:\/\/dedemesquita.com.br\/#\/schema\/person\/36571f81dd2d76dc3ab37231542c9e24","name":"Ded\u00e9 Mesquita","image":{"@type":"ImageObject","inLanguage":"pt-BR","@id":"https:\/\/dedemesquita.com.br\/#\/schema\/person\/image\/","url":"https:\/\/dedemesquita.com.br\/wp-content\/uploads\/2021\/02\/foto_perfil-150x150.jpg","contentUrl":"https:\/\/dedemesquita.com.br\/wp-content\/uploads\/2021\/02\/foto_perfil-150x150.jpg","caption":"Ded\u00e9 Mesquita"},"sameAs":["https:\/\/dedemesquita.com.br"]}]}},"_links":{"self":[{"href":"https:\/\/dedemesquita.com.br\/index.php?rest_route=\/wp\/v2\/posts\/8191"}],"collection":[{"href":"https:\/\/dedemesquita.com.br\/index.php?rest_route=\/wp\/v2\/posts"}],"about":[{"href":"https:\/\/dedemesquita.com.br\/index.php?rest_route=\/wp\/v2\/types\/post"}],"author":[{"embeddable":true,"href":"https:\/\/dedemesquita.com.br\/index.php?rest_route=\/wp\/v2\/users\/2"}],"replies":[{"embeddable":true,"href":"https:\/\/dedemesquita.com.br\/index.php?rest_route=%2Fwp%2Fv2%2Fcomments&post=8191"}],"version-history":[{"count":4,"href":"https:\/\/dedemesquita.com.br\/index.php?rest_route=\/wp\/v2\/posts\/8191\/revisions"}],"predecessor-version":[{"id":9270,"href":"https:\/\/dedemesquita.com.br\/index.php?rest_route=\/wp\/v2\/posts\/8191\/revisions\/9270"}],"wp:featuredmedia":[{"embeddable":true,"href":"https:\/\/dedemesquita.com.br\/index.php?rest_route=\/wp\/v2\/media\/8193"}],"wp:attachment":[{"href":"https:\/\/dedemesquita.com.br\/index.php?rest_route=%2Fwp%2Fv2%2Fmedia&parent=8191"}],"wp:term":[{"taxonomy":"category","embeddable":true,"href":"https:\/\/dedemesquita.com.br\/index.php?rest_route=%2Fwp%2Fv2%2Fcategories&post=8191"},{"taxonomy":"post_tag","embeddable":true,"href":"https:\/\/dedemesquita.com.br\/index.php?rest_route=%2Fwp%2Fv2%2Ftags&post=8191"}],"curies":[{"name":"wp","href":"https:\/\/api.w.org\/{rel}","templated":true}]}}