{"id":819,"date":"2020-12-28T21:37:00","date_gmt":"2020-12-29T00:37:00","guid":{"rendered":"https:\/\/dedemesquita.com.br\/?p=819"},"modified":"2021-03-01T14:23:53","modified_gmt":"2021-03-01T17:23:53","slug":"celia-pinho-e-timoteo-lopes-estao-em-novo-programa-da-record-brasil","status":"publish","type":"post","link":"https:\/\/dedemesquita.com.br\/?p=819","title":{"rendered":"C\u00e9lia Pinho e Tim\u00f3teo Lopes est\u00e3o em novo programa da Record Brasil"},"content":{"rendered":"\n<p>Teremos paraenses na Record Nacional, sim, senhor. Depois que a Record TV come\u00e7ou a selecionar nomes para participarem dos rod\u00edzios de plant\u00f5es de feriados e fins de semana, em alguns de seus telejornais, Marcus Pimenta, da Record Bel\u00e9m, \u00e9 o primeiro da lista.<\/p>\n\n\n\n<p>Pimenta apresenta o \u201cBalan\u00e7o Geral\u201d e foi escalado para substituir Bruno Peruka no comando do \u201cBalan\u00e7o Geral Manh\u00e3\u201d por alguns dias no plant\u00e3o de Ano Novo, no qual ele fica at\u00e9 o dia 2 de janeiro. Esta \u00e9 a segunda vez que Pimenta \u00e9 escalado para esta fun\u00e7\u00e3o.<\/p>\n\n\n\n<p><strong>Tim\u00f3teo &#8211;<\/strong> Mas, al\u00e9m dele, o jornalista paraense Tim\u00f3teo Lopes est\u00e1 na Record TV. Ele est\u00e1 na equipe de pauta do novo programa do Geraldo Lu\u00eds na Record, o \u201cA Noite \u00c9 Nossa!\u201d que vai fazer uma homenagem a televis\u00e3o brasileira.&nbsp;<\/p>\n\n\n\n<p>Tim\u00f3teo foi assessor de imprensa da Susipe, durante o governo Sim\u00e3o Jatene. No final de 2018, ele se mudou para S\u00e3o Paulo e j\u00e1 passou pela CNN Brasil, SBT e faz reportagens sobre o Par\u00e1 para o jornal Folha de S\u00e3o Paulo, como free lancer.<\/p>\n\n\n\n<p><strong>C\u00e9lia Pinho &#8211;<\/strong> Al\u00e9m de Tim\u00f3teo, a \u201cLenda Vida da TV Paraense\u201d, C\u00e9lia Pinho, vai estrear em rede nacional da Record, como rep\u00f3rter do programa \u201cA Noite \u00c9 Nossa!\u201d. O novo programa \u00e9 a aposta da Record nacional para as noites de quarta-feira.&nbsp;<\/p>\n\n\n\n<p>O programa estreia no dia 20 de janeiro, ao vivo, e ser\u00e1 dirigido&nbsp;por Jo\u00e3o Scortecci e Michael Usktin.<\/p>\n\n\n\n<p>C\u00e9lia Pinho, em rede nacional \u00e9, sem d\u00favidas, a grande revela\u00e7\u00e3o do ano.<\/p>\n","protected":false},"excerpt":{"rendered":"<p>Teremos paraenses na Record Nacional, sim, senhor. Depois que a Record TV come\u00e7ou a selecionar nomes para participarem dos rod\u00edzios de plant\u00f5es de feriados e fins de semana, em alguns de seus telejornais, Marcus Pimenta, da Record Bel\u00e9m, \u00e9 o primeiro da lista. Pimenta apresenta o \u201cBalan\u00e7o Geral\u201d e foi escalado para substituir Bruno Peruka [&hellip;]<\/p>\n","protected":false},"author":2,"featured_media":0,"comment_status":"open","ping_status":"open","sticky":false,"template":"","format":"standard","meta":{"footnotes":""},"categories":[71],"tags":[78],"class_list":["post-819","post","type-post","status-publish","format-standard","hentry","category-sucesso","tag-televisao"],"yoast_head":"<!-- This site is optimized with the Yoast SEO plugin v19.10 - https:\/\/yoast.com\/wordpress\/plugins\/seo\/ -->\n<title>C\u00e9lia Pinho e Tim\u00f3teo Lopes est\u00e3o em novo programa da Record Brasil - Ded\u00e9 Mesquita<\/title>\n<meta name=\"robots\" content=\"index, follow, max-snippet:-1, max-image-preview:large, max-video-preview:-1\" \/>\n<link rel=\"canonical\" href=\"https:\/\/dedemesquita.com.br\/?p=819\" \/>\n<meta property=\"og:locale\" content=\"pt_BR\" \/>\n<meta property=\"og:type\" content=\"article\" \/>\n<meta property=\"og:title\" content=\"C\u00e9lia Pinho e Tim\u00f3teo Lopes est\u00e3o em novo programa da Record Brasil - Ded\u00e9 Mesquita\" \/>\n<meta property=\"og:description\" content=\"Teremos paraenses na Record Nacional, sim, senhor. Depois que a Record TV come\u00e7ou a selecionar nomes para participarem dos rod\u00edzios de plant\u00f5es de feriados e fins de semana, em alguns de seus telejornais, Marcus Pimenta, da Record Bel\u00e9m, \u00e9 o primeiro da lista. Pimenta apresenta o \u201cBalan\u00e7o Geral\u201d e foi escalado para substituir Bruno Peruka [&hellip;]\" \/>\n<meta property=\"og:url\" content=\"https:\/\/dedemesquita.com.br\/?p=819\" \/>\n<meta property=\"og:site_name\" content=\"Ded\u00e9 Mesquita\" \/>\n<meta property=\"article:publisher\" content=\"https:\/\/www.facebook.com\/dede.mesquita\" \/>\n<meta property=\"article:published_time\" content=\"2020-12-29T00:37:00+00:00\" \/>\n<meta property=\"article:modified_time\" content=\"2021-03-01T17:23:53+00:00\" \/>\n<meta name=\"author\" content=\"Ded\u00e9 Mesquita\" \/>\n<meta name=\"twitter:card\" content=\"summary_large_image\" \/>\n<meta name=\"twitter:creator\" content=\"@dedemesquita\" \/>\n<meta name=\"twitter:site\" content=\"@dedemesquita\" \/>\n<meta name=\"twitter:label1\" content=\"Escrito por\" \/>\n\t<meta name=\"twitter:data1\" content=\"Ded\u00e9 Mesquita\" \/>\n\t<meta name=\"twitter:label2\" content=\"Est. tempo de leitura\" \/>\n\t<meta name=\"twitter:data2\" content=\"2 minutos\" \/>\n<script type=\"application\/ld+json\" class=\"yoast-schema-graph\">{\"@context\":\"https:\/\/schema.org\",\"@graph\":[{\"@type\":\"WebPage\",\"@id\":\"https:\/\/dedemesquita.com.br\/?p=819\",\"url\":\"https:\/\/dedemesquita.com.br\/?p=819\",\"name\":\"C\u00e9lia Pinho e Tim\u00f3teo Lopes est\u00e3o em novo programa da Record Brasil - Ded\u00e9 Mesquita\",\"isPartOf\":{\"@id\":\"https:\/\/dedemesquita.com.br\/#website\"},\"datePublished\":\"2020-12-29T00:37:00+00:00\",\"dateModified\":\"2021-03-01T17:23:53+00:00\",\"author\":{\"@id\":\"https:\/\/dedemesquita.com.br\/#\/schema\/person\/36571f81dd2d76dc3ab37231542c9e24\"},\"breadcrumb\":{\"@id\":\"https:\/\/dedemesquita.com.br\/?p=819#breadcrumb\"},\"inLanguage\":\"pt-BR\",\"potentialAction\":[{\"@type\":\"ReadAction\",\"target\":[\"https:\/\/dedemesquita.com.br\/?p=819\"]}]},{\"@type\":\"BreadcrumbList\",\"@id\":\"https:\/\/dedemesquita.com.br\/?p=819#breadcrumb\",\"itemListElement\":[{\"@type\":\"ListItem\",\"position\":1,\"name\":\"In\u00edcio\",\"item\":\"https:\/\/dedemesquita.com.br\/\"},{\"@type\":\"ListItem\",\"position\":2,\"name\":\"C\u00e9lia Pinho e Tim\u00f3teo Lopes est\u00e3o em novo programa da Record Brasil\"}]},{\"@type\":\"WebSite\",\"@id\":\"https:\/\/dedemesquita.com.br\/#website\",\"url\":\"https:\/\/dedemesquita.com.br\/\",\"name\":\"Ded\u00e9 Mesquita\",\"description\":\"Um site que mostra os bastidores da imprensa no estado do Par\u00e1 e em Bel\u00e9m\",\"potentialAction\":[{\"@type\":\"SearchAction\",\"target\":{\"@type\":\"EntryPoint\",\"urlTemplate\":\"https:\/\/dedemesquita.com.br\/?s={search_term_string}\"},\"query-input\":\"required name=search_term_string\"}],\"inLanguage\":\"pt-BR\"},{\"@type\":\"Person\",\"@id\":\"https:\/\/dedemesquita.com.br\/#\/schema\/person\/36571f81dd2d76dc3ab37231542c9e24\",\"name\":\"Ded\u00e9 Mesquita\",\"image\":{\"@type\":\"ImageObject\",\"inLanguage\":\"pt-BR\",\"@id\":\"https:\/\/dedemesquita.com.br\/#\/schema\/person\/image\/\",\"url\":\"https:\/\/dedemesquita.com.br\/wp-content\/uploads\/2021\/02\/foto_perfil-150x150.jpg\",\"contentUrl\":\"https:\/\/dedemesquita.com.br\/wp-content\/uploads\/2021\/02\/foto_perfil-150x150.jpg\",\"caption\":\"Ded\u00e9 Mesquita\"},\"sameAs\":[\"https:\/\/dedemesquita.com.br\"]}]}<\/script>\n<!-- \/ Yoast SEO plugin. -->","yoast_head_json":{"title":"C\u00e9lia Pinho e Tim\u00f3teo Lopes est\u00e3o em novo programa da Record Brasil - Ded\u00e9 Mesquita","robots":{"index":"index","follow":"follow","max-snippet":"max-snippet:-1","max-image-preview":"max-image-preview:large","max-video-preview":"max-video-preview:-1"},"canonical":"https:\/\/dedemesquita.com.br\/?p=819","og_locale":"pt_BR","og_type":"article","og_title":"C\u00e9lia Pinho e Tim\u00f3teo Lopes est\u00e3o em novo programa da Record Brasil - Ded\u00e9 Mesquita","og_description":"Teremos paraenses na Record Nacional, sim, senhor. Depois que a Record TV come\u00e7ou a selecionar nomes para participarem dos rod\u00edzios de plant\u00f5es de feriados e fins de semana, em alguns de seus telejornais, Marcus Pimenta, da Record Bel\u00e9m, \u00e9 o primeiro da lista. Pimenta apresenta o \u201cBalan\u00e7o Geral\u201d e foi escalado para substituir Bruno Peruka [&hellip;]","og_url":"https:\/\/dedemesquita.com.br\/?p=819","og_site_name":"Ded\u00e9 Mesquita","article_publisher":"https:\/\/www.facebook.com\/dede.mesquita","article_published_time":"2020-12-29T00:37:00+00:00","article_modified_time":"2021-03-01T17:23:53+00:00","author":"Ded\u00e9 Mesquita","twitter_card":"summary_large_image","twitter_creator":"@dedemesquita","twitter_site":"@dedemesquita","twitter_misc":{"Escrito por":"Ded\u00e9 Mesquita","Est. tempo de leitura":"2 minutos"},"schema":{"@context":"https:\/\/schema.org","@graph":[{"@type":"WebPage","@id":"https:\/\/dedemesquita.com.br\/?p=819","url":"https:\/\/dedemesquita.com.br\/?p=819","name":"C\u00e9lia Pinho e Tim\u00f3teo Lopes est\u00e3o em novo programa da Record Brasil - Ded\u00e9 Mesquita","isPartOf":{"@id":"https:\/\/dedemesquita.com.br\/#website"},"datePublished":"2020-12-29T00:37:00+00:00","dateModified":"2021-03-01T17:23:53+00:00","author":{"@id":"https:\/\/dedemesquita.com.br\/#\/schema\/person\/36571f81dd2d76dc3ab37231542c9e24"},"breadcrumb":{"@id":"https:\/\/dedemesquita.com.br\/?p=819#breadcrumb"},"inLanguage":"pt-BR","potentialAction":[{"@type":"ReadAction","target":["https:\/\/dedemesquita.com.br\/?p=819"]}]},{"@type":"BreadcrumbList","@id":"https:\/\/dedemesquita.com.br\/?p=819#breadcrumb","itemListElement":[{"@type":"ListItem","position":1,"name":"In\u00edcio","item":"https:\/\/dedemesquita.com.br\/"},{"@type":"ListItem","position":2,"name":"C\u00e9lia Pinho e Tim\u00f3teo Lopes est\u00e3o em novo programa da Record Brasil"}]},{"@type":"WebSite","@id":"https:\/\/dedemesquita.com.br\/#website","url":"https:\/\/dedemesquita.com.br\/","name":"Ded\u00e9 Mesquita","description":"Um site que mostra os bastidores da imprensa no estado do Par\u00e1 e em Bel\u00e9m","potentialAction":[{"@type":"SearchAction","target":{"@type":"EntryPoint","urlTemplate":"https:\/\/dedemesquita.com.br\/?s={search_term_string}"},"query-input":"required name=search_term_string"}],"inLanguage":"pt-BR"},{"@type":"Person","@id":"https:\/\/dedemesquita.com.br\/#\/schema\/person\/36571f81dd2d76dc3ab37231542c9e24","name":"Ded\u00e9 Mesquita","image":{"@type":"ImageObject","inLanguage":"pt-BR","@id":"https:\/\/dedemesquita.com.br\/#\/schema\/person\/image\/","url":"https:\/\/dedemesquita.com.br\/wp-content\/uploads\/2021\/02\/foto_perfil-150x150.jpg","contentUrl":"https:\/\/dedemesquita.com.br\/wp-content\/uploads\/2021\/02\/foto_perfil-150x150.jpg","caption":"Ded\u00e9 Mesquita"},"sameAs":["https:\/\/dedemesquita.com.br"]}]}},"_links":{"self":[{"href":"https:\/\/dedemesquita.com.br\/index.php?rest_route=\/wp\/v2\/posts\/819"}],"collection":[{"href":"https:\/\/dedemesquita.com.br\/index.php?rest_route=\/wp\/v2\/posts"}],"about":[{"href":"https:\/\/dedemesquita.com.br\/index.php?rest_route=\/wp\/v2\/types\/post"}],"author":[{"embeddable":true,"href":"https:\/\/dedemesquita.com.br\/index.php?rest_route=\/wp\/v2\/users\/2"}],"replies":[{"embeddable":true,"href":"https:\/\/dedemesquita.com.br\/index.php?rest_route=%2Fwp%2Fv2%2Fcomments&post=819"}],"version-history":[{"count":1,"href":"https:\/\/dedemesquita.com.br\/index.php?rest_route=\/wp\/v2\/posts\/819\/revisions"}],"predecessor-version":[{"id":820,"href":"https:\/\/dedemesquita.com.br\/index.php?rest_route=\/wp\/v2\/posts\/819\/revisions\/820"}],"wp:attachment":[{"href":"https:\/\/dedemesquita.com.br\/index.php?rest_route=%2Fwp%2Fv2%2Fmedia&parent=819"}],"wp:term":[{"taxonomy":"category","embeddable":true,"href":"https:\/\/dedemesquita.com.br\/index.php?rest_route=%2Fwp%2Fv2%2Fcategories&post=819"},{"taxonomy":"post_tag","embeddable":true,"href":"https:\/\/dedemesquita.com.br\/index.php?rest_route=%2Fwp%2Fv2%2Ftags&post=819"}],"curies":[{"name":"wp","href":"https:\/\/api.w.org\/{rel}","templated":true}]}}