{"id":8147,"date":"2023-12-12T18:02:59","date_gmt":"2023-12-12T21:02:59","guid":{"rendered":"https:\/\/dedemesquita.com.br\/?p=8147"},"modified":"2023-12-12T18:14:06","modified_gmt":"2023-12-12T21:14:06","slug":"nova-diretoria-do-sinjor-pa-toma-posse-em-meio-a-festa-de-confraternizacao","status":"publish","type":"post","link":"https:\/\/dedemesquita.com.br\/?p=8147","title":{"rendered":"Nova diretoria do Sinjor-PA toma posse em meio \u00e0 festa de confraterniza\u00e7\u00e3o"},"content":{"rendered":"\n<p><strong>Bel\u00e9m, 12 de dezembro de 2023 &#8211; <\/strong>Final do ano se aproximando e come\u00e7am as famosas festas de confraterniza\u00e7\u00e3o &#8220;da categoria&#8221;. Come\u00e7amos esta ter\u00e7a-feira com a <strong>Festa do Sinjor-PA<\/strong>, que foi babad\u00edssimo, e outras not\u00edcias dos coleguinhas. <\/p>\n\n\n\n<p><strong>Fest\u00e3o &#8211;<\/strong> Na sexta-feira, dia 8, foi realizada a <strong>posse da nova diretoria do Sindicato dos Jornalistas do Par\u00e1 &#8211; Sinjor-PA para o tri\u00eanio 2024-2026<\/strong>. A posse foi em meio \u00e0 festa de confraterniza\u00e7\u00e3o das festas de fim de ano promovida pela entidade. A nova diretoria \u00e9 composta por <strong>Vito Gemaque<\/strong>, presidente reeleito; <strong>Simone Romero<\/strong>, vice-presidente; <strong>Helena Saria<\/strong>, secret\u00e1ria-geral; as tesoureiras <strong>Carol Pombo<\/strong> e <strong>Geisianne Dias<\/strong>; a secret\u00e1ria do interior, <strong>Karina Pinto<\/strong>; o secret\u00e1rio de Mobiliza\u00e7\u00e3o e Forma\u00e7\u00e3o Sindical, <strong>Anderson Ara\u00fajo<\/strong>; o secret\u00e1rio de Sindicaliza\u00e7\u00e3o, Registro e Fiscaliza\u00e7\u00e3o do Exerc\u00edcio Profissional; <strong>Jaime Ferreira da Costa<\/strong>; os suplentes <strong>Alexandre Lins<\/strong>, <strong>Eliete Ramos<\/strong> e <strong>Elma Barbosa<\/strong>; o delegado Junto ao Conselho da Fenaj, <strong>Max Costa<\/strong>; o delegado suplente, <strong>Eraldo Paulino<\/strong> e a Diretoria Regional do Tapaj\u00f3s, composta por <strong>Ant\u00f4nio Edinei da Silva<\/strong>, <strong>Rafaelly &nbsp;Nascimento<\/strong> e <strong>Elias Castro Soledade<\/strong>.<\/p>\n\n\n<div class=\"wp-block-image\">\n<figure class=\"aligncenter size-full\"><img loading=\"lazy\" decoding=\"async\" width=\"800\" height=\"533\" src=\"https:\/\/dedemesquita.com.br\/wp-content\/uploads\/2023\/12\/Sinjor_nova-diretoria.jpg\" alt=\"\" class=\"wp-image-8149\" srcset=\"https:\/\/dedemesquita.com.br\/wp-content\/uploads\/2023\/12\/Sinjor_nova-diretoria.jpg 800w, https:\/\/dedemesquita.com.br\/wp-content\/uploads\/2023\/12\/Sinjor_nova-diretoria-768x512.jpg 768w\" sizes=\"(max-width: 800px) 100vw, 800px\" \/><figcaption class=\"wp-element-caption\">Nova diretoria do Sinjor-PA para o tri\u00eanio 2024-2026<\/figcaption><\/figure><\/div>\n\n<div class=\"wp-block-image\">\n<figure class=\"aligncenter size-full\"><img loading=\"lazy\" decoding=\"async\" width=\"750\" height=\"499\" src=\"https:\/\/dedemesquita.com.br\/wp-content\/uploads\/2023\/12\/Sinjor_Simone-Romero.jpg\" alt=\"\" class=\"wp-image-8150\" srcset=\"https:\/\/dedemesquita.com.br\/wp-content\/uploads\/2023\/12\/Sinjor_Simone-Romero.jpg 750w, https:\/\/dedemesquita.com.br\/wp-content\/uploads\/2023\/12\/Sinjor_Simone-Romero-600x398.jpg 600w\" sizes=\"(max-width: 750px) 100vw, 750px\" \/><figcaption class=\"wp-element-caption\">Simone Romero, ao centro, faz o discurso em nome da anova diretoria, da lado esquerdo dela, Vito Gemaque <\/figcaption><\/figure><\/div>\n\n\n<p><strong>Premia\u00e7\u00e3o &#8211; <\/strong>O projeto <strong>Liberal Amazon<\/strong>, do <strong>Grupo Liberal<\/strong>, recebeu na noite de segunda-feira, 11, o pr\u00eamio da <strong>Associa\u00e7\u00e3o Brasileira de Comunica\u00e7\u00e3o Empresarial &#8211; Aberje<\/strong>, como M\u00eddia do Ano na categoria M\u00eddia Regional. A cerim\u00f4nia de premia\u00e7\u00e3o do Pr\u00eamio Aberje foi realizada no P\u00e1tio Welocci, em S\u00e3o Paulo &#8211; SP. Samir Moura, da sucursal do Grupo Liberal, em S\u00e3o Paulo, representou o Grupo e ao recebeu o pr\u00eamio. O Liberal Amazon \u00e9 ofertado em conte\u00fado bil\u00edngue portugu\u00eas e ingl\u00eas, cuja tradu\u00e7\u00e3o tem o apoio da Universidade Federal do Par\u00e1. O Projeto em formato multim\u00eddia para m\u00faltiplas plataformas, tamb\u00e9m \u00e9 publicado na vers\u00e3o impressa, aos domingos.<\/p>\n\n\n<div class=\"wp-block-image\">\n<figure class=\"aligncenter size-full\"><img loading=\"lazy\" decoding=\"async\" width=\"683\" height=\"364\" src=\"https:\/\/dedemesquita.com.br\/wp-content\/uploads\/2023\/12\/WhatsApp-Image-2023-12-12-at-16.42.19.jpeg\" alt=\"\" class=\"wp-image-8151\"\/><figcaption class=\"wp-element-caption\">Premia\u00e7\u00e3o para O Liberal Amazon<\/figcaption><\/figure><\/div>\n\n\n<p><strong>Abraji &#8211; <\/strong>A <strong>Associa\u00e7\u00e3o Brasileira de Jornalismo Investigativo &#8211; Abraji <\/strong>elegeu no dia 4 deste m\u00eas sua nova diretoria, que tomar\u00e1 posse a partir de janeiro, para o bi\u00eanio 2024-25. Pela primeira vez, a diretoria \u00e9 composta, majoritariamente, por mulheres e a jornalista paraense <strong>Catarina Barbosa <\/strong>foi eleita como uma dessas diretoras.<\/p>\n\n\n<div class=\"wp-block-image\">\n<figure class=\"aligncenter size-full\"><img loading=\"lazy\" decoding=\"async\" width=\"476\" height=\"548\" src=\"https:\/\/dedemesquita.com.br\/wp-content\/uploads\/2023\/12\/Catarina.jpeg\" alt=\"\" class=\"wp-image-8158\"\/><figcaption class=\"wp-element-caption\">Catarina Barbosa na diretoria da Abraji <\/figcaption><\/figure><\/div>\n\n\n<p><strong>Tonga lan\u00e7a novo livro &#8211;<\/strong> O jornalista e professor <strong>Ant\u00f4nio Carlos Pimentel Jr.<\/strong>, o <strong>Tonga<\/strong>, lan\u00e7a em Bel\u00e9m, na quarta-feira, dia 20, \u00e0s 19 horas, o novo livro dele <strong>\u201cA Biblioteca Vermelha de Raimundo Jinkings\u201d<\/strong>, que foi lan\u00e7ado em S\u00e3o Paulo, no m\u00eas passado. Vai ser no<strong> Espa\u00e7o N\u00e1 Figueredo<\/strong>, na avenida Gentil Bittencourt, 449, entre Benjamin Constant e Dr. Moraes.<\/p>\n\n\n<div class=\"wp-block-image\">\n<figure class=\"aligncenter size-full\"><img loading=\"lazy\" decoding=\"async\" width=\"640\" height=\"800\" src=\"https:\/\/dedemesquita.com.br\/wp-content\/uploads\/2023\/12\/WhatsApp-Image-2023-12-12-at-17.08.20.jpeg\" alt=\"\" class=\"wp-image-8152\"\/><figcaption class=\"wp-element-caption\">Tonga lan\u00e7a novo livro em Bel\u00e9m<\/figcaption><\/figure><\/div>\n\n\n<p><strong>Livros de Edson &#8211;<\/strong> Outro jornalista-escritor, <strong>Edson Coelho<\/strong>, lan\u00e7ou, na quinta-feira, 7, em formato e-book, cinco livros que ele escreveu: \u201cVertigens\u201d e \u201cO Cantor\u201d, de poemas; \u201cO Seteiro\u201d; \u201cNotas Liter\u00e1rias &#8211; Curtas Cr\u00f4nicas de um Leitor de Risco\u201d e \u201cBalada em Sil\u00eancio &#8211; O Sexo da Palavra\u201d. O lan\u00e7amento foi por meio de uma<em> live<\/em> no YouTube, diretamente do Espa\u00e7o Cultural Boiuna. <\/p>\n\n\n<div class=\"wp-block-image\">\n<figure class=\"aligncenter size-full\"><img loading=\"lazy\" decoding=\"async\" width=\"720\" height=\"717\" src=\"https:\/\/dedemesquita.com.br\/wp-content\/uploads\/2023\/12\/WhatsApp-Image-2023-12-12-at-17.11.38.jpeg\" alt=\"\" class=\"wp-image-8153\" srcset=\"https:\/\/dedemesquita.com.br\/wp-content\/uploads\/2023\/12\/WhatsApp-Image-2023-12-12-at-17.11.38.jpeg 720w, https:\/\/dedemesquita.com.br\/wp-content\/uploads\/2023\/12\/WhatsApp-Image-2023-12-12-at-17.11.38-150x150.jpeg 150w\" sizes=\"(max-width: 720px) 100vw, 720px\" \/><figcaption class=\"wp-element-caption\">Os livros de Edson Coelho, agora, podem ser encontrados em formato e-book <\/figcaption><\/figure><\/div>\n\n\n<p><strong>Jorane \u00e9 doutora &#8211; <\/strong>A jornalista, professora da UFPA e cineasta <strong>Jorane Castro<\/strong> concluiu Doutorado pela <strong>Universidade de Coimbra<\/strong>, em Portugal. Parab\u00e9ns.<\/p>\n\n\n<div class=\"wp-block-image\">\n<figure class=\"aligncenter size-full\"><img loading=\"lazy\" decoding=\"async\" width=\"559\" height=\"750\" src=\"https:\/\/dedemesquita.com.br\/wp-content\/uploads\/2023\/12\/WhatsApp-Image-2023-12-12-at-17.10.10.jpeg\" alt=\"\" class=\"wp-image-8154\"\/><figcaption class=\"wp-element-caption\">Jorane Castro ficou devidamente embecada para receber o t\u00edtulo de doutora pela Universidade de Coimbra <\/figcaption><\/figure><\/div>\n\n\n<p><strong>Agora uma &#8220;daquelas&#8221; den\u00fancias &#8211;<\/strong> E a <strong>RedeTV Bel\u00e9m<\/strong>, hein, meus colegas? Essa j\u00e1 est\u00e1, h\u00e1 s\u00e9culos, na casa do &#8220;sem jeito&#8221;. A \u00faltima do <strong>Brun\u00e3o<\/strong> &#8211; diretor, diretor &#8211; foi ele ter demitido, via WhatsApp, a rep\u00f3rter <strong>Tamires Porteglio<\/strong>, que estava naquela TV &#8220;cobrando escanteio e indo fazer gol&#8221;. H\u00e1 duas semanas, Tamires foi assaltada \u00e0 m\u00e3o armada, quando sa\u00eda da casa dela. Ficou sem bolsa, documentos e sem celular. Ela fez Boletim de Ocorr\u00eancia e no primeiro dia \u00fatil, depois do assalto, precisou cuidar da burocracia de recuperar chip, bloquear cart\u00f5es etc. Um dia inteiro nessa odisseia. Ao avisar ao Brun\u00e3o, esta criatura deu um <em>piti <\/em>daqueles e, por mais que Tamires mostrasse os motivos dela, <strong>ele a demitiu<\/strong> por meio de mensagem de WhatsApp. Na verdade, <strong>Brun\u00e3o<\/strong> deve ter sentido que n\u00e3o ter\u00e1 mais ningu\u00e9m para trabalhar &#8211; e ser explorado &#8211; por ele. Tamires estava como rep\u00f3rter, mas fazia produ\u00e7\u00e3o e ainda apresentava os programas jornal\u00edsticos dessa malfada televis\u00e3o. Para completar, a lugar-tenente de Brun\u00e3o, a que faz &#8220;aquele trabalho&#8221;, a querida <strong>Renatinha<\/strong>, ainda queira que Tamires largasse tudo e fosse trabalhar, porque &#8220;se Tamires faltar, vai atrapalhar toda a minha vida&#8221;, disse a querida em um \u00e1udio para a rep\u00f3rter. Mas olha essa empatia, meus colegas. Ah! tenho <em>prints<\/em>, viram, queridxxs? <\/p>\n\n\n<div class=\"wp-block-image\">\n<figure class=\"aligncenter size-full\"><img loading=\"lazy\" decoding=\"async\" width=\"523\" height=\"750\" src=\"https:\/\/dedemesquita.com.br\/wp-content\/uploads\/2023\/12\/WhatsApp-Image-2023-12-05-at-23.30.40.jpeg\" alt=\"\" class=\"wp-image-8156\"\/><figcaption class=\"wp-element-caption\">Boletim de Ocorr\u00eancia registrado por Tamires, ao qual Bruna n\u00e3o deu nem tchuns <\/figcaption><\/figure><\/div>","protected":false},"excerpt":{"rendered":"<p>Bel\u00e9m, 12 de dezembro de 2023 &#8211; Final do ano se aproximando e come\u00e7am as famosas festas de confraterniza\u00e7\u00e3o &#8220;da categoria&#8221;. Come\u00e7amos esta ter\u00e7a-feira com a Festa do Sinjor-PA, que foi babad\u00edssimo, e outras not\u00edcias dos coleguinhas. Fest\u00e3o &#8211; Na sexta-feira, dia 8, foi realizada a posse da nova diretoria do Sindicato dos Jornalistas do [&hellip;]<\/p>\n","protected":false},"author":2,"featured_media":8148,"comment_status":"open","ping_status":"open","sticky":false,"template":"","format":"standard","meta":{"footnotes":""},"categories":[51,14,29],"tags":[475,315,541,119,120,144,130,89],"class_list":["post-8147","post","type-post","status-publish","format-standard","has-post-thumbnail","hentry","category-destaque","category-imprensa","category-jornalismo","tag-aberje","tag-abraji","tag-jorane-castro","tag-jornalismo","tag-jornalistas-paraenses-em-acao","tag-o-liberal","tag-sinjor-pa","tag-tonga"],"yoast_head":"<!-- This site is optimized with the Yoast SEO plugin v19.10 - https:\/\/yoast.com\/wordpress\/plugins\/seo\/ -->\n<title>Nova diretoria do Sinjor-PA toma posse em meio \u00e0 festa de confraterniza\u00e7\u00e3o - Ded\u00e9 Mesquita<\/title>\n<meta name=\"robots\" content=\"index, follow, max-snippet:-1, max-image-preview:large, max-video-preview:-1\" \/>\n<link rel=\"canonical\" href=\"https:\/\/dedemesquita.com.br\/?p=8147\" \/>\n<meta property=\"og:locale\" content=\"pt_BR\" \/>\n<meta property=\"og:type\" content=\"article\" \/>\n<meta property=\"og:title\" content=\"Nova diretoria do Sinjor-PA toma posse em meio \u00e0 festa de confraterniza\u00e7\u00e3o - Ded\u00e9 Mesquita\" \/>\n<meta property=\"og:description\" content=\"Bel\u00e9m, 12 de dezembro de 2023 &#8211; Final do ano se aproximando e come\u00e7am as famosas festas de confraterniza\u00e7\u00e3o &#8220;da categoria&#8221;. Come\u00e7amos esta ter\u00e7a-feira com a Festa do Sinjor-PA, que foi babad\u00edssimo, e outras not\u00edcias dos coleguinhas. Fest\u00e3o &#8211; Na sexta-feira, dia 8, foi realizada a posse da nova diretoria do Sindicato dos Jornalistas do [&hellip;]\" \/>\n<meta property=\"og:url\" content=\"https:\/\/dedemesquita.com.br\/?p=8147\" \/>\n<meta property=\"og:site_name\" content=\"Ded\u00e9 Mesquita\" \/>\n<meta property=\"article:publisher\" content=\"https:\/\/www.facebook.com\/dede.mesquita\" \/>\n<meta property=\"article:published_time\" content=\"2023-12-12T21:02:59+00:00\" \/>\n<meta property=\"article:modified_time\" content=\"2023-12-12T21:14:06+00:00\" \/>\n<meta property=\"og:image\" content=\"https:\/\/dedemesquita.com.br\/wp-content\/uploads\/2023\/12\/Sinjor-todos.jpg\" \/>\n\t<meta property=\"og:image:width\" content=\"950\" \/>\n\t<meta property=\"og:image:height\" content=\"633\" \/>\n\t<meta property=\"og:image:type\" content=\"image\/jpeg\" \/>\n<meta name=\"author\" content=\"Ded\u00e9 Mesquita\" \/>\n<meta name=\"twitter:card\" content=\"summary_large_image\" \/>\n<meta name=\"twitter:creator\" content=\"@dedemesquita\" \/>\n<meta name=\"twitter:site\" content=\"@dedemesquita\" \/>\n<meta name=\"twitter:label1\" content=\"Escrito por\" \/>\n\t<meta name=\"twitter:data1\" content=\"Ded\u00e9 Mesquita\" \/>\n\t<meta name=\"twitter:label2\" content=\"Est. tempo de leitura\" \/>\n\t<meta name=\"twitter:data2\" content=\"4 minutos\" \/>\n<script type=\"application\/ld+json\" class=\"yoast-schema-graph\">{\"@context\":\"https:\/\/schema.org\",\"@graph\":[{\"@type\":\"WebPage\",\"@id\":\"https:\/\/dedemesquita.com.br\/?p=8147\",\"url\":\"https:\/\/dedemesquita.com.br\/?p=8147\",\"name\":\"Nova diretoria do Sinjor-PA toma posse em meio \u00e0 festa de confraterniza\u00e7\u00e3o - Ded\u00e9 Mesquita\",\"isPartOf\":{\"@id\":\"https:\/\/dedemesquita.com.br\/#website\"},\"datePublished\":\"2023-12-12T21:02:59+00:00\",\"dateModified\":\"2023-12-12T21:14:06+00:00\",\"author\":{\"@id\":\"https:\/\/dedemesquita.com.br\/#\/schema\/person\/36571f81dd2d76dc3ab37231542c9e24\"},\"breadcrumb\":{\"@id\":\"https:\/\/dedemesquita.com.br\/?p=8147#breadcrumb\"},\"inLanguage\":\"pt-BR\",\"potentialAction\":[{\"@type\":\"ReadAction\",\"target\":[\"https:\/\/dedemesquita.com.br\/?p=8147\"]}]},{\"@type\":\"BreadcrumbList\",\"@id\":\"https:\/\/dedemesquita.com.br\/?p=8147#breadcrumb\",\"itemListElement\":[{\"@type\":\"ListItem\",\"position\":1,\"name\":\"In\u00edcio\",\"item\":\"https:\/\/dedemesquita.com.br\/\"},{\"@type\":\"ListItem\",\"position\":2,\"name\":\"Nova diretoria do Sinjor-PA toma posse em meio \u00e0 festa de confraterniza\u00e7\u00e3o\"}]},{\"@type\":\"WebSite\",\"@id\":\"https:\/\/dedemesquita.com.br\/#website\",\"url\":\"https:\/\/dedemesquita.com.br\/\",\"name\":\"Ded\u00e9 Mesquita\",\"description\":\"Um site que mostra os bastidores da imprensa no estado do Par\u00e1 e em Bel\u00e9m\",\"potentialAction\":[{\"@type\":\"SearchAction\",\"target\":{\"@type\":\"EntryPoint\",\"urlTemplate\":\"https:\/\/dedemesquita.com.br\/?s={search_term_string}\"},\"query-input\":\"required name=search_term_string\"}],\"inLanguage\":\"pt-BR\"},{\"@type\":\"Person\",\"@id\":\"https:\/\/dedemesquita.com.br\/#\/schema\/person\/36571f81dd2d76dc3ab37231542c9e24\",\"name\":\"Ded\u00e9 Mesquita\",\"image\":{\"@type\":\"ImageObject\",\"inLanguage\":\"pt-BR\",\"@id\":\"https:\/\/dedemesquita.com.br\/#\/schema\/person\/image\/\",\"url\":\"https:\/\/dedemesquita.com.br\/wp-content\/uploads\/2021\/02\/foto_perfil-150x150.jpg\",\"contentUrl\":\"https:\/\/dedemesquita.com.br\/wp-content\/uploads\/2021\/02\/foto_perfil-150x150.jpg\",\"caption\":\"Ded\u00e9 Mesquita\"},\"sameAs\":[\"https:\/\/dedemesquita.com.br\"]}]}<\/script>\n<!-- \/ Yoast SEO plugin. -->","yoast_head_json":{"title":"Nova diretoria do Sinjor-PA toma posse em meio \u00e0 festa de confraterniza\u00e7\u00e3o - Ded\u00e9 Mesquita","robots":{"index":"index","follow":"follow","max-snippet":"max-snippet:-1","max-image-preview":"max-image-preview:large","max-video-preview":"max-video-preview:-1"},"canonical":"https:\/\/dedemesquita.com.br\/?p=8147","og_locale":"pt_BR","og_type":"article","og_title":"Nova diretoria do Sinjor-PA toma posse em meio \u00e0 festa de confraterniza\u00e7\u00e3o - Ded\u00e9 Mesquita","og_description":"Bel\u00e9m, 12 de dezembro de 2023 &#8211; Final do ano se aproximando e come\u00e7am as famosas festas de confraterniza\u00e7\u00e3o &#8220;da categoria&#8221;. Come\u00e7amos esta ter\u00e7a-feira com a Festa do Sinjor-PA, que foi babad\u00edssimo, e outras not\u00edcias dos coleguinhas. Fest\u00e3o &#8211; Na sexta-feira, dia 8, foi realizada a posse da nova diretoria do Sindicato dos Jornalistas do [&hellip;]","og_url":"https:\/\/dedemesquita.com.br\/?p=8147","og_site_name":"Ded\u00e9 Mesquita","article_publisher":"https:\/\/www.facebook.com\/dede.mesquita","article_published_time":"2023-12-12T21:02:59+00:00","article_modified_time":"2023-12-12T21:14:06+00:00","og_image":[{"width":950,"height":633,"url":"https:\/\/dedemesquita.com.br\/wp-content\/uploads\/2023\/12\/Sinjor-todos.jpg","type":"image\/jpeg"}],"author":"Ded\u00e9 Mesquita","twitter_card":"summary_large_image","twitter_creator":"@dedemesquita","twitter_site":"@dedemesquita","twitter_misc":{"Escrito por":"Ded\u00e9 Mesquita","Est. tempo de leitura":"4 minutos"},"schema":{"@context":"https:\/\/schema.org","@graph":[{"@type":"WebPage","@id":"https:\/\/dedemesquita.com.br\/?p=8147","url":"https:\/\/dedemesquita.com.br\/?p=8147","name":"Nova diretoria do Sinjor-PA toma posse em meio \u00e0 festa de confraterniza\u00e7\u00e3o - Ded\u00e9 Mesquita","isPartOf":{"@id":"https:\/\/dedemesquita.com.br\/#website"},"datePublished":"2023-12-12T21:02:59+00:00","dateModified":"2023-12-12T21:14:06+00:00","author":{"@id":"https:\/\/dedemesquita.com.br\/#\/schema\/person\/36571f81dd2d76dc3ab37231542c9e24"},"breadcrumb":{"@id":"https:\/\/dedemesquita.com.br\/?p=8147#breadcrumb"},"inLanguage":"pt-BR","potentialAction":[{"@type":"ReadAction","target":["https:\/\/dedemesquita.com.br\/?p=8147"]}]},{"@type":"BreadcrumbList","@id":"https:\/\/dedemesquita.com.br\/?p=8147#breadcrumb","itemListElement":[{"@type":"ListItem","position":1,"name":"In\u00edcio","item":"https:\/\/dedemesquita.com.br\/"},{"@type":"ListItem","position":2,"name":"Nova diretoria do Sinjor-PA toma posse em meio \u00e0 festa de confraterniza\u00e7\u00e3o"}]},{"@type":"WebSite","@id":"https:\/\/dedemesquita.com.br\/#website","url":"https:\/\/dedemesquita.com.br\/","name":"Ded\u00e9 Mesquita","description":"Um site que mostra os bastidores da imprensa no estado do Par\u00e1 e em Bel\u00e9m","potentialAction":[{"@type":"SearchAction","target":{"@type":"EntryPoint","urlTemplate":"https:\/\/dedemesquita.com.br\/?s={search_term_string}"},"query-input":"required name=search_term_string"}],"inLanguage":"pt-BR"},{"@type":"Person","@id":"https:\/\/dedemesquita.com.br\/#\/schema\/person\/36571f81dd2d76dc3ab37231542c9e24","name":"Ded\u00e9 Mesquita","image":{"@type":"ImageObject","inLanguage":"pt-BR","@id":"https:\/\/dedemesquita.com.br\/#\/schema\/person\/image\/","url":"https:\/\/dedemesquita.com.br\/wp-content\/uploads\/2021\/02\/foto_perfil-150x150.jpg","contentUrl":"https:\/\/dedemesquita.com.br\/wp-content\/uploads\/2021\/02\/foto_perfil-150x150.jpg","caption":"Ded\u00e9 Mesquita"},"sameAs":["https:\/\/dedemesquita.com.br"]}]}},"_links":{"self":[{"href":"https:\/\/dedemesquita.com.br\/index.php?rest_route=\/wp\/v2\/posts\/8147"}],"collection":[{"href":"https:\/\/dedemesquita.com.br\/index.php?rest_route=\/wp\/v2\/posts"}],"about":[{"href":"https:\/\/dedemesquita.com.br\/index.php?rest_route=\/wp\/v2\/types\/post"}],"author":[{"embeddable":true,"href":"https:\/\/dedemesquita.com.br\/index.php?rest_route=\/wp\/v2\/users\/2"}],"replies":[{"embeddable":true,"href":"https:\/\/dedemesquita.com.br\/index.php?rest_route=%2Fwp%2Fv2%2Fcomments&post=8147"}],"version-history":[{"count":6,"href":"https:\/\/dedemesquita.com.br\/index.php?rest_route=\/wp\/v2\/posts\/8147\/revisions"}],"predecessor-version":[{"id":8164,"href":"https:\/\/dedemesquita.com.br\/index.php?rest_route=\/wp\/v2\/posts\/8147\/revisions\/8164"}],"wp:featuredmedia":[{"embeddable":true,"href":"https:\/\/dedemesquita.com.br\/index.php?rest_route=\/wp\/v2\/media\/8148"}],"wp:attachment":[{"href":"https:\/\/dedemesquita.com.br\/index.php?rest_route=%2Fwp%2Fv2%2Fmedia&parent=8147"}],"wp:term":[{"taxonomy":"category","embeddable":true,"href":"https:\/\/dedemesquita.com.br\/index.php?rest_route=%2Fwp%2Fv2%2Fcategories&post=8147"},{"taxonomy":"post_tag","embeddable":true,"href":"https:\/\/dedemesquita.com.br\/index.php?rest_route=%2Fwp%2Fv2%2Ftags&post=8147"}],"curies":[{"name":"wp","href":"https:\/\/api.w.org\/{rel}","templated":true}]}}