{"id":8096,"date":"2023-11-28T16:53:56","date_gmt":"2023-11-28T19:53:56","guid":{"rendered":"https:\/\/dedemesquita.com.br\/?p=8096"},"modified":"2023-11-28T17:01:52","modified_gmt":"2023-11-28T20:01:52","slug":"grupos-o-liberal-e-rba-desrespeitam-de-novo-direitos-assegurados-aos-jornalistas","status":"publish","type":"post","link":"https:\/\/dedemesquita.com.br\/?p=8096","title":{"rendered":"Grupos O Liberal e RBA desrespeitam, de novo, direitos assegurados aos jornalistas"},"content":{"rendered":"\n<p><strong>Bel\u00e9m, 28 de novembro de 2023 &#8211; <\/strong>\u00daltima ter\u00e7a-feira de novembro e estamos como? Atualizando os babados da galera da imprensa de Bel\u00e9m para voc\u00eas. Mas a postagem come\u00e7a com uma den\u00fancia. Fiquem atentos e procurem sempre o Sindicato dos Jornalistas, caso se sintam lesados de alguma forma. <\/p>\n\n\n\n<p><strong>Sinjor &#8211; <\/strong>O <strong>Sindicato de Jornalistas no Estado do Par\u00e1 &#8211; Sinjor-PA<\/strong> denuncia a persegui\u00e7\u00e3o e o desrespeito dos grupos de comunica\u00e7\u00e3o paraenses <strong>O Liberal<\/strong> e <strong>RBA\/Di\u00e1rio do Par\u00e1<\/strong> aos direitos dos trabalhadores por n\u00e3o terem feito a homologa\u00e7\u00e3o realizada na sede do Sindicato, como est\u00e1 assegurada em <strong>Conven\u00e7\u00e3o Coletiva de Trabalho &#8211; CCT<\/strong>. A homologa\u00e7\u00e3o da rescis\u00e3o do contrato de trabalho na sede do Sindicato \u00e9 um direito da do jornalista conforme Conven\u00e7\u00e3o Coletiva com o Sindicato das Empresas de R\u00e1dio e Televis\u00e3o do Estado do Par\u00e1 &#8211; Sertep, previsto na Cl\u00e1usula 24\u00aa. Ap\u00f3s 20 anos de trabalho no grupo O Liberal, a presidente da Comiss\u00e3o Eleitoral do Sinjor-PA, jornalista <strong>Enize Vidigal<\/strong>, teve negado o direito de homologa\u00e7\u00e3o de rescis\u00e3o na sede do Sindicato e s\u00f3 pode sacar o Fundo de Garantia por Tempo de Servi\u00e7o &#8211; FGTS, ap\u00f3s pegar, na empresa, a carteira de trabalho com baixa do contrato de trabalho, mas na sede do jornal O Liberal. A empresa protocolou a <strong>A\u00e7\u00e3o de Consigna\u00e7\u00e3o em Pagamento<\/strong>, o que burocratiza e dificulta o saque do dinheiro pelo trabalhador. O Sindicato tamb\u00e9m repudia a n\u00e3o homologa\u00e7\u00e3o, na sede da entidade, da rescis\u00e3o do jornalista <strong>Magno Fernandes<\/strong>, que trabalhava no <strong>DOL<\/strong>, pertencente ao grupo RBA\/ Di\u00e1rio, como era vontade do jornalista, o que foi formalmente informado \u00e0 empresa. Entretanto, a assinatura de rescis\u00e3o ocorreu na sede do Di\u00e1rio do Par\u00e1, sem que o trabalhador tivesse acesso ao seu advogado. O Sinjor-PA entrar\u00e1 com uma a\u00e7\u00e3o de cumprimento contra os dois grupos, O Liberal e RBA, para que obede\u00e7am \u00e0 Conven\u00e7\u00e3o Coletiva assinada pelas empresas. O Sindicato j\u00e1 tomou <strong>medidas judiciais necess\u00e1rias <\/strong>para que esse direito b\u00e1sico dos jornalistas seja respeitado.<\/p>\n\n\n<div class=\"wp-block-image\">\n<figure class=\"aligncenter size-full\"><img loading=\"lazy\" decoding=\"async\" width=\"537\" height=\"446\" src=\"https:\/\/dedemesquita.com.br\/wp-content\/uploads\/2023\/11\/rba-1.jpg\" alt=\"\" class=\"wp-image-8108\"\/><figcaption class=\"wp-element-caption\">O grupo RBA \u00e9 outro que parece estar todo melindradinho com o apoio dele que deu errado na campanha \u00e0 elei\u00e7\u00e3o do Sinjor-PA <\/figcaption><\/figure><\/div>\n\n\n<p><strong>Faepa &#8211;<\/strong> A jornalista <strong>Paula Catarina<\/strong>, depois de ter atuado na Pagrisa, come\u00e7ou em um novo cargo de assessora de comunica\u00e7\u00e3o no <strong>Sistema FAEPA\/ SENAR\/ FUNDEPEC\/ Sindicatos<\/strong>.<\/p>\n\n\n<div class=\"wp-block-image\">\n<figure class=\"aligncenter size-full\"><img loading=\"lazy\" decoding=\"async\" width=\"340\" height=\"452\" src=\"https:\/\/dedemesquita.com.br\/wp-content\/uploads\/2023\/11\/WhatsApp-Image-2023-11-28-at-16.43.42.jpeg\" alt=\"\" class=\"wp-image-8105\"\/><figcaption class=\"wp-element-caption\">Paula Catarina est\u00e1 em novo cargo <\/figcaption><\/figure><\/div>\n\n\n<p><strong>Nassif &#8211; Nassif Jordy<\/strong>, que trabalhou por anos na <strong>TV Cultura do Par\u00e1<\/strong>, est\u00e1 atuando como editor na <strong>TV Record Bel\u00e9m<\/strong>.<\/p>\n\n\n<div class=\"wp-block-image\">\n<figure class=\"aligncenter size-full\"><img loading=\"lazy\" decoding=\"async\" width=\"624\" height=\"487\" src=\"https:\/\/dedemesquita.com.br\/wp-content\/uploads\/2023\/11\/WhatsApp-Image-2023-11-27-at-10.24.15.jpeg\" alt=\"\" class=\"wp-image-8103\"\/><figcaption class=\"wp-element-caption\">Nassif Jordy e a apresentadora da TV Record Bel\u00e9m, Priscila Amaral <\/figcaption><\/figure><\/div>\n\n\n<p><strong>Caraj\u00e1s Podcast &#8211; <\/strong>O grupo de comunica\u00e7\u00e3o <strong>Portal Caraj\u00e1s &#8211; O Jornal <\/strong>lan\u00e7ou na noite de quarta-feira, 22, para o p\u00fablico de Parauapebas e regi\u00e3o, na regi\u00e3o sudeste do Par\u00e1, o projeto <strong>Caraj\u00e1s Podcast<\/strong>. O grupo \u00e9 coordenado pelo casal de comunicadores e empres\u00e1rios <strong>Adrielly Silva<\/strong> e <strong>Carlos Refribom<\/strong>.<\/p>\n\n\n<div class=\"wp-block-image\">\n<figure class=\"aligncenter size-full\"><img loading=\"lazy\" decoding=\"async\" width=\"672\" height=\"366\" src=\"https:\/\/dedemesquita.com.br\/wp-content\/uploads\/2023\/11\/WhatsApp-Image-2023-11-28-at-15.16.10.jpeg\" alt=\"\" class=\"wp-image-8102\"\/><figcaption class=\"wp-element-caption\">Turma que faz parte do Caraj\u00e1s Podcast <\/figcaption><\/figure><\/div>\n\n\n<p><strong>Pacc\u00f3 e Catarina em evento da Piau\u00ed &#8211; <\/strong>A Transpar\u00eancia Internacional &#8211; Brasil anunciou, na quarta-feira, dia 22, o resultado do edital para escolha de jornalistas da regi\u00e3o da Amaz\u00f4nia selecionados para participarem do <strong>Festival Piau\u00ed de Jornalismo 2023<\/strong>, que ocorrer\u00e1 nos dias 2 e 3 de dezembro, na Cinemateca Brasileira, em S\u00e3o Paulo. <strong>Do Par\u00e1<\/strong>, os selecionados s\u00e3o a rep\u00f3rter <strong>Catarina Barbosa <\/strong>e o fot\u00f3grafo <strong>Raimundo Pacc\u00f3<\/strong>, e, no total, foram cinco jornalistas da Amaz\u00f4nia. Todos os jornalistas receber\u00e3o ingressos para participarem do festival, assim como as passagens a\u00e9reas, hospedagem e recursos para alimenta\u00e7\u00e3o e transporte de maneira a estarem em S\u00e3o Paulo nas datas do evento.&nbsp; O edital \u00e9 uma parceria da Transpar\u00eancia Internacional &#8211; Brasil com a empresa a\u00e9rea Azul e a revista Piau\u00ed, com apoio financeiro da Agence Fran\u00e7aise de D\u00e9veloppement &#8211; AFD. <\/p>\n\n\n<div class=\"wp-block-image\">\n<figure class=\"aligncenter size-full\"><img loading=\"lazy\" decoding=\"async\" width=\"451\" height=\"377\" src=\"https:\/\/dedemesquita.com.br\/wp-content\/uploads\/2023\/11\/WhatsApp-Image-2023-11-22-at-14.50.29.jpeg\" alt=\"\" class=\"wp-image-8100\"\/><figcaption class=\"wp-element-caption\">Catarina Barbosa<\/figcaption><\/figure><\/div>\n\n<div class=\"wp-block-image\">\n<figure class=\"aligncenter size-full\"><img loading=\"lazy\" decoding=\"async\" width=\"750\" height=\"499\" src=\"https:\/\/dedemesquita.com.br\/wp-content\/uploads\/2023\/11\/WhatsApp-Image-2023-11-22-at-14.50.28.jpeg\" alt=\"\" class=\"wp-image-8101\" srcset=\"https:\/\/dedemesquita.com.br\/wp-content\/uploads\/2023\/11\/WhatsApp-Image-2023-11-22-at-14.50.28.jpeg 750w, https:\/\/dedemesquita.com.br\/wp-content\/uploads\/2023\/11\/WhatsApp-Image-2023-11-22-at-14.50.28-600x398.jpeg 600w\" sizes=\"(max-width: 750px) 100vw, 750px\" \/><figcaption class=\"wp-element-caption\">O fot\u00f3grafo Raimundo Pacc\u00f3 sempre tem fotos publicadas na revista Piau\u00ed <\/figcaption><\/figure><\/div>\n\n\n<p><strong>Heitor chegou &#8211; <\/strong>Na segunda-feira, 27, chegou Heitor, o segundo filho do fot\u00f3grafo e filmaker <strong>M\u00e1rcio Nagano<\/strong> e da arquiteta <strong>Karina Coelho<\/strong>. Os dois j\u00e1 s\u00e3o pais da lindinha <strong>Naomi<\/strong>.<\/p>\n\n\n<div class=\"wp-block-image\">\n<figure class=\"aligncenter size-full\"><img loading=\"lazy\" decoding=\"async\" width=\"536\" height=\"750\" src=\"https:\/\/dedemesquita.com.br\/wp-content\/uploads\/2023\/11\/WhatsApp-Image-2023-11-28-at-16.23.34.jpeg\" alt=\"\" class=\"wp-image-8098\"\/><figcaption class=\"wp-element-caption\">Marcio Nagano e Heitor, que chegou na segunda-feira, 27<\/figcaption><\/figure><\/div>","protected":false},"excerpt":{"rendered":"<p>Bel\u00e9m, 28 de novembro de 2023 &#8211; \u00daltima ter\u00e7a-feira de novembro e estamos como? Atualizando os babados da galera da imprensa de Bel\u00e9m para voc\u00eas. Mas a postagem come\u00e7a com uma den\u00fancia. Fiquem atentos e procurem sempre o Sindicato dos Jornalistas, caso se sintam lesados de alguma forma. Sinjor &#8211; O Sindicato de Jornalistas no [&hellip;]<\/p>\n","protected":false},"author":2,"featured_media":8107,"comment_status":"open","ping_status":"open","sticky":false,"template":"","format":"standard","meta":{"footnotes":""},"categories":[51,14,29],"tags":[184,119,120,144,145,138,267,130,197],"class_list":["post-8096","post","type-post","status-publish","format-standard","has-post-thumbnail","hentry","category-destaque","category-imprensa","category-jornalismo","tag-dol","tag-jornalismo","tag-jornalistas-paraenses-em-acao","tag-o-liberal","tag-rbatv","tag-record-belem","tag-revista-piaui","tag-sinjor-pa","tag-tv-cultura"],"yoast_head":"<!-- This site is optimized with the Yoast SEO plugin v19.10 - https:\/\/yoast.com\/wordpress\/plugins\/seo\/ -->\n<title>Grupos O Liberal e RBA desrespeitam, de novo, direitos assegurados aos jornalistas - Ded\u00e9 Mesquita<\/title>\n<meta name=\"robots\" content=\"index, follow, max-snippet:-1, max-image-preview:large, max-video-preview:-1\" \/>\n<link rel=\"canonical\" href=\"https:\/\/dedemesquita.com.br\/?p=8096\" \/>\n<meta property=\"og:locale\" content=\"pt_BR\" \/>\n<meta property=\"og:type\" content=\"article\" \/>\n<meta property=\"og:title\" content=\"Grupos O Liberal e RBA desrespeitam, de novo, direitos assegurados aos jornalistas - Ded\u00e9 Mesquita\" \/>\n<meta property=\"og:description\" content=\"Bel\u00e9m, 28 de novembro de 2023 &#8211; \u00daltima ter\u00e7a-feira de novembro e estamos como? Atualizando os babados da galera da imprensa de Bel\u00e9m para voc\u00eas. Mas a postagem come\u00e7a com uma den\u00fancia. Fiquem atentos e procurem sempre o Sindicato dos Jornalistas, caso se sintam lesados de alguma forma. Sinjor &#8211; O Sindicato de Jornalistas no [&hellip;]\" \/>\n<meta property=\"og:url\" content=\"https:\/\/dedemesquita.com.br\/?p=8096\" \/>\n<meta property=\"og:site_name\" content=\"Ded\u00e9 Mesquita\" \/>\n<meta property=\"article:publisher\" content=\"https:\/\/www.facebook.com\/dede.mesquita\" \/>\n<meta property=\"article:published_time\" content=\"2023-11-28T19:53:56+00:00\" \/>\n<meta property=\"article:modified_time\" content=\"2023-11-28T20:01:52+00:00\" \/>\n<meta property=\"og:image\" content=\"https:\/\/dedemesquita.com.br\/wp-content\/uploads\/2023\/11\/WhatsApp-Image-2023-11-28-at-16.48.27.jpeg\" \/>\n\t<meta property=\"og:image:width\" content=\"950\" \/>\n\t<meta property=\"og:image:height\" content=\"540\" \/>\n\t<meta property=\"og:image:type\" content=\"image\/jpeg\" \/>\n<meta name=\"author\" content=\"Ded\u00e9 Mesquita\" \/>\n<meta name=\"twitter:card\" content=\"summary_large_image\" \/>\n<meta name=\"twitter:creator\" content=\"@dedemesquita\" \/>\n<meta name=\"twitter:site\" content=\"@dedemesquita\" \/>\n<meta name=\"twitter:label1\" content=\"Escrito por\" \/>\n\t<meta name=\"twitter:data1\" content=\"Ded\u00e9 Mesquita\" \/>\n\t<meta name=\"twitter:label2\" content=\"Est. tempo de leitura\" \/>\n\t<meta name=\"twitter:data2\" content=\"4 minutos\" \/>\n<script type=\"application\/ld+json\" class=\"yoast-schema-graph\">{\"@context\":\"https:\/\/schema.org\",\"@graph\":[{\"@type\":\"WebPage\",\"@id\":\"https:\/\/dedemesquita.com.br\/?p=8096\",\"url\":\"https:\/\/dedemesquita.com.br\/?p=8096\",\"name\":\"Grupos O Liberal e RBA desrespeitam, de novo, direitos assegurados aos jornalistas - Ded\u00e9 Mesquita\",\"isPartOf\":{\"@id\":\"https:\/\/dedemesquita.com.br\/#website\"},\"datePublished\":\"2023-11-28T19:53:56+00:00\",\"dateModified\":\"2023-11-28T20:01:52+00:00\",\"author\":{\"@id\":\"https:\/\/dedemesquita.com.br\/#\/schema\/person\/36571f81dd2d76dc3ab37231542c9e24\"},\"breadcrumb\":{\"@id\":\"https:\/\/dedemesquita.com.br\/?p=8096#breadcrumb\"},\"inLanguage\":\"pt-BR\",\"potentialAction\":[{\"@type\":\"ReadAction\",\"target\":[\"https:\/\/dedemesquita.com.br\/?p=8096\"]}]},{\"@type\":\"BreadcrumbList\",\"@id\":\"https:\/\/dedemesquita.com.br\/?p=8096#breadcrumb\",\"itemListElement\":[{\"@type\":\"ListItem\",\"position\":1,\"name\":\"In\u00edcio\",\"item\":\"https:\/\/dedemesquita.com.br\/\"},{\"@type\":\"ListItem\",\"position\":2,\"name\":\"Grupos O Liberal e RBA desrespeitam, de novo, direitos assegurados aos jornalistas\"}]},{\"@type\":\"WebSite\",\"@id\":\"https:\/\/dedemesquita.com.br\/#website\",\"url\":\"https:\/\/dedemesquita.com.br\/\",\"name\":\"Ded\u00e9 Mesquita\",\"description\":\"Um site que mostra os bastidores da imprensa no estado do Par\u00e1 e em Bel\u00e9m\",\"potentialAction\":[{\"@type\":\"SearchAction\",\"target\":{\"@type\":\"EntryPoint\",\"urlTemplate\":\"https:\/\/dedemesquita.com.br\/?s={search_term_string}\"},\"query-input\":\"required name=search_term_string\"}],\"inLanguage\":\"pt-BR\"},{\"@type\":\"Person\",\"@id\":\"https:\/\/dedemesquita.com.br\/#\/schema\/person\/36571f81dd2d76dc3ab37231542c9e24\",\"name\":\"Ded\u00e9 Mesquita\",\"image\":{\"@type\":\"ImageObject\",\"inLanguage\":\"pt-BR\",\"@id\":\"https:\/\/dedemesquita.com.br\/#\/schema\/person\/image\/\",\"url\":\"https:\/\/dedemesquita.com.br\/wp-content\/uploads\/2021\/02\/foto_perfil-150x150.jpg\",\"contentUrl\":\"https:\/\/dedemesquita.com.br\/wp-content\/uploads\/2021\/02\/foto_perfil-150x150.jpg\",\"caption\":\"Ded\u00e9 Mesquita\"},\"sameAs\":[\"https:\/\/dedemesquita.com.br\"]}]}<\/script>\n<!-- \/ Yoast SEO plugin. -->","yoast_head_json":{"title":"Grupos O Liberal e RBA desrespeitam, de novo, direitos assegurados aos jornalistas - Ded\u00e9 Mesquita","robots":{"index":"index","follow":"follow","max-snippet":"max-snippet:-1","max-image-preview":"max-image-preview:large","max-video-preview":"max-video-preview:-1"},"canonical":"https:\/\/dedemesquita.com.br\/?p=8096","og_locale":"pt_BR","og_type":"article","og_title":"Grupos O Liberal e RBA desrespeitam, de novo, direitos assegurados aos jornalistas - Ded\u00e9 Mesquita","og_description":"Bel\u00e9m, 28 de novembro de 2023 &#8211; \u00daltima ter\u00e7a-feira de novembro e estamos como? Atualizando os babados da galera da imprensa de Bel\u00e9m para voc\u00eas. Mas a postagem come\u00e7a com uma den\u00fancia. Fiquem atentos e procurem sempre o Sindicato dos Jornalistas, caso se sintam lesados de alguma forma. Sinjor &#8211; O Sindicato de Jornalistas no [&hellip;]","og_url":"https:\/\/dedemesquita.com.br\/?p=8096","og_site_name":"Ded\u00e9 Mesquita","article_publisher":"https:\/\/www.facebook.com\/dede.mesquita","article_published_time":"2023-11-28T19:53:56+00:00","article_modified_time":"2023-11-28T20:01:52+00:00","og_image":[{"width":950,"height":540,"url":"https:\/\/dedemesquita.com.br\/wp-content\/uploads\/2023\/11\/WhatsApp-Image-2023-11-28-at-16.48.27.jpeg","type":"image\/jpeg"}],"author":"Ded\u00e9 Mesquita","twitter_card":"summary_large_image","twitter_creator":"@dedemesquita","twitter_site":"@dedemesquita","twitter_misc":{"Escrito por":"Ded\u00e9 Mesquita","Est. tempo de leitura":"4 minutos"},"schema":{"@context":"https:\/\/schema.org","@graph":[{"@type":"WebPage","@id":"https:\/\/dedemesquita.com.br\/?p=8096","url":"https:\/\/dedemesquita.com.br\/?p=8096","name":"Grupos O Liberal e RBA desrespeitam, de novo, direitos assegurados aos jornalistas - Ded\u00e9 Mesquita","isPartOf":{"@id":"https:\/\/dedemesquita.com.br\/#website"},"datePublished":"2023-11-28T19:53:56+00:00","dateModified":"2023-11-28T20:01:52+00:00","author":{"@id":"https:\/\/dedemesquita.com.br\/#\/schema\/person\/36571f81dd2d76dc3ab37231542c9e24"},"breadcrumb":{"@id":"https:\/\/dedemesquita.com.br\/?p=8096#breadcrumb"},"inLanguage":"pt-BR","potentialAction":[{"@type":"ReadAction","target":["https:\/\/dedemesquita.com.br\/?p=8096"]}]},{"@type":"BreadcrumbList","@id":"https:\/\/dedemesquita.com.br\/?p=8096#breadcrumb","itemListElement":[{"@type":"ListItem","position":1,"name":"In\u00edcio","item":"https:\/\/dedemesquita.com.br\/"},{"@type":"ListItem","position":2,"name":"Grupos O Liberal e RBA desrespeitam, de novo, direitos assegurados aos jornalistas"}]},{"@type":"WebSite","@id":"https:\/\/dedemesquita.com.br\/#website","url":"https:\/\/dedemesquita.com.br\/","name":"Ded\u00e9 Mesquita","description":"Um site que mostra os bastidores da imprensa no estado do Par\u00e1 e em Bel\u00e9m","potentialAction":[{"@type":"SearchAction","target":{"@type":"EntryPoint","urlTemplate":"https:\/\/dedemesquita.com.br\/?s={search_term_string}"},"query-input":"required name=search_term_string"}],"inLanguage":"pt-BR"},{"@type":"Person","@id":"https:\/\/dedemesquita.com.br\/#\/schema\/person\/36571f81dd2d76dc3ab37231542c9e24","name":"Ded\u00e9 Mesquita","image":{"@type":"ImageObject","inLanguage":"pt-BR","@id":"https:\/\/dedemesquita.com.br\/#\/schema\/person\/image\/","url":"https:\/\/dedemesquita.com.br\/wp-content\/uploads\/2021\/02\/foto_perfil-150x150.jpg","contentUrl":"https:\/\/dedemesquita.com.br\/wp-content\/uploads\/2021\/02\/foto_perfil-150x150.jpg","caption":"Ded\u00e9 Mesquita"},"sameAs":["https:\/\/dedemesquita.com.br"]}]}},"_links":{"self":[{"href":"https:\/\/dedemesquita.com.br\/index.php?rest_route=\/wp\/v2\/posts\/8096"}],"collection":[{"href":"https:\/\/dedemesquita.com.br\/index.php?rest_route=\/wp\/v2\/posts"}],"about":[{"href":"https:\/\/dedemesquita.com.br\/index.php?rest_route=\/wp\/v2\/types\/post"}],"author":[{"embeddable":true,"href":"https:\/\/dedemesquita.com.br\/index.php?rest_route=\/wp\/v2\/users\/2"}],"replies":[{"embeddable":true,"href":"https:\/\/dedemesquita.com.br\/index.php?rest_route=%2Fwp%2Fv2%2Fcomments&post=8096"}],"version-history":[{"count":6,"href":"https:\/\/dedemesquita.com.br\/index.php?rest_route=\/wp\/v2\/posts\/8096\/revisions"}],"predecessor-version":[{"id":8110,"href":"https:\/\/dedemesquita.com.br\/index.php?rest_route=\/wp\/v2\/posts\/8096\/revisions\/8110"}],"wp:featuredmedia":[{"embeddable":true,"href":"https:\/\/dedemesquita.com.br\/index.php?rest_route=\/wp\/v2\/media\/8107"}],"wp:attachment":[{"href":"https:\/\/dedemesquita.com.br\/index.php?rest_route=%2Fwp%2Fv2%2Fmedia&parent=8096"}],"wp:term":[{"taxonomy":"category","embeddable":true,"href":"https:\/\/dedemesquita.com.br\/index.php?rest_route=%2Fwp%2Fv2%2Fcategories&post=8096"},{"taxonomy":"post_tag","embeddable":true,"href":"https:\/\/dedemesquita.com.br\/index.php?rest_route=%2Fwp%2Fv2%2Ftags&post=8096"}],"curies":[{"name":"wp","href":"https:\/\/api.w.org\/{rel}","templated":true}]}}