{"id":8082,"date":"2023-11-23T10:06:25","date_gmt":"2023-11-23T13:06:25","guid":{"rendered":"https:\/\/dedemesquita.com.br\/?p=8082"},"modified":"2023-11-23T10:07:28","modified_gmt":"2023-11-23T13:07:28","slug":"segunda-edicao-da-mostra-amazonia-multitelas-e-nesta-quinta-feira-23-com-entrada-gratuita","status":"publish","type":"post","link":"https:\/\/dedemesquita.com.br\/?p=8082","title":{"rendered":"Segunda edi\u00e7\u00e3o da Mostra Amaz\u00f4nia Multitelas \u00e9 nesta quinta-feira, 23, com entrada gratuita"},"content":{"rendered":"\n<p><strong>Bel\u00e9m, 23 de novembro de 2023 &#8211;<\/strong> O <strong>Circuito Jambu Multicultural<\/strong>, com cinema da Amaz\u00f4nia, democr\u00e1tico, plural e acess\u00edvel, apresenta a sua segunda edi\u00e7\u00e3o, com exibi\u00e7\u00e3o de filmes <strong>nesta quinta-feira, 23, a partir das 18 horas, na sala Vicente Salles, no Memorial dos Povos. A entrada \u00e9 gratuita.<\/strong><\/p>\n\n\n\n<p>Este ano, a Mostra Amaz\u00f4nia Multitelas antecede a programa\u00e7\u00e3o do Festival Jambu Live, como uma esp\u00e9cie de \u201cabertura\u201d para a programa\u00e7\u00e3o de shows. O objetivo \u00e9 valorizar os fazedores e fazedoras de cultura locais, seja na m\u00fasica, nas artes c\u00eanicas ou no audiovisual. A curadoria das obras foi feita pela equipe organizadora do evento e re\u00fane filmes de g\u00eaneros e formatos distintos.<\/p>\n\n\n\n<p><strong>Programa\u00e7\u00e3o &#8211; <\/strong>Os filmes escolhidos para a sess\u00e3o especial s\u00e3o: <strong>\u201cLeona\u201d<\/strong>, de 2023, dire\u00e7\u00e3o de Clara Soria e Hugo Resende, um minidocument\u00e1rio sobre hist\u00f3ria da artista e youtuber trans paraense; <strong>\u201cVentre\u201d<\/strong>, curta-metragem de 2018, de Gaia B\u00ea, um di\u00e1logo entre uma mulher e um feto e os dilemas enfrentados na tomada de decis\u00e3o sobre o pr\u00f3prio corpo; <strong>\u201cMonteiro Lopes\u201d<\/strong>, curta de 2022, de Bianca D\u2019Aquino, um curta-metragem que narra a paix\u00e3o entre duas meninas e remonta \u00e0 cria\u00e7\u00e3o do doce paraense Monteiro Lopes;<strong> \u201cMandinga\u201d<\/strong>, de &nbsp;2023, curta de Adrianna Oliveira e Raidol, um romance com m\u00fasicas envolventes do artista Raidol; e <strong>\u201cNoites Alien\u00edgenas\u201d<\/strong>, de 2022, longa-metragem de S\u00e9rgio de Carvalho, que apresenta em um longa a viv\u00eancia de tr\u00eas jovens do Acre frente aos problemas sociais do Brasil e a tentativa de resgatar a ancestralidade amaz\u00f4nida.<\/p>\n\n\n<div class=\"wp-block-image\">\n<figure class=\"aligncenter size-full\"><img loading=\"lazy\" decoding=\"async\" width=\"509\" height=\"750\" src=\"https:\/\/dedemesquita.com.br\/wp-content\/uploads\/2023\/11\/WhatsApp-Image-2023-11-22-at-14.59.52-3.jpeg\" alt=\"\" class=\"wp-image-8085\"\/><figcaption class=\"wp-element-caption\">Cartaz do filme &#8220;Ventre&#8221;<\/figcaption><\/figure><\/div>\n\n<div class=\"wp-block-image\">\n<figure class=\"aligncenter size-full\"><img loading=\"lazy\" decoding=\"async\" width=\"499\" height=\"750\" src=\"https:\/\/dedemesquita.com.br\/wp-content\/uploads\/2023\/11\/WhatsApp-Image-2023-11-22-at-14.59.52-2.jpeg\" alt=\"\" class=\"wp-image-8086\"\/><figcaption class=\"wp-element-caption\">Leona Vingativa \u00e9 tema do curta &#8220;Leona&#8221;<\/figcaption><\/figure><\/div>\n\n<div class=\"wp-block-image\">\n<figure class=\"aligncenter size-full\"><img loading=\"lazy\" decoding=\"async\" width=\"600\" height=\"750\" src=\"https:\/\/dedemesquita.com.br\/wp-content\/uploads\/2023\/11\/WhatsApp-Image-2023-11-22-at-14.59.51.jpeg\" alt=\"\" class=\"wp-image-8087\"\/><figcaption class=\"wp-element-caption\">Curta &#8220;Mandinga&#8221; fala sobre a m\u00fasica de Raidol<\/figcaption><\/figure><\/div>\n\n<div class=\"wp-block-image\">\n<figure class=\"aligncenter size-full\"><img loading=\"lazy\" decoding=\"async\" width=\"600\" height=\"750\" src=\"https:\/\/dedemesquita.com.br\/wp-content\/uploads\/2023\/11\/WhatsApp-Image-2023-11-22-at-14.59.52.jpeg\" alt=\"\" class=\"wp-image-8088\"\/><figcaption class=\"wp-element-caption\">O curta &#8220;Monteiro Lopes&#8221; mostra a hist\u00f3ria do doce paraenese hom\u00f4nimo<\/figcaption><\/figure><\/div>\n\n<div class=\"wp-block-image\">\n<figure class=\"aligncenter size-full\"><img loading=\"lazy\" decoding=\"async\" width=\"510\" height=\"750\" src=\"https:\/\/dedemesquita.com.br\/wp-content\/uploads\/2023\/11\/WhatsApp-Image-2023-11-22-at-14.59.52-1.jpeg\" alt=\"\" class=\"wp-image-8089\"\/><figcaption class=\"wp-element-caption\">&#8220;Noite Alien\u00edgenas&#8221; \u00e9 um longa-metragem do Acre multipremiado <\/figcaption><\/figure><\/div>\n\n\n<p>\u201c\u00c9 importante destacar que o Circuito celebra a arte e entende que a cultura paraense, ou melhor, que a cultura amaz\u00f4nida \u00e9 ampla e possui v\u00e1rias vertentes. N\u00e3o podemos realizar um evento apenas com m\u00fasica, sem abra\u00e7ar tamb\u00e9m outras formas de fazer arte como as artes c\u00eanicas e o pr\u00f3prio audiovisual\u201d, explica Regina Lima, coordenadora do Circuito Jambu Multicultural e docente de comunica\u00e7\u00e3o na Universidade Federal do Par\u00e1 &#8211; UFPA.<\/p>\n\n\n\n<p><strong>Circuito Jambu Multicultural &#8211;<\/strong> O Festival Jambu Live \u00e9 uma das atividades do Circuito Jambu Multicultural, projeto de extens\u00e3o da UFPA. Consiste em uma s\u00e9rie de eventos multiculturais que visam o enriquecimento local, ampliando a visibilidade do trabalho dos fazedores e fazedoras de cultura na regi\u00e3o amaz\u00f4nica e possibilitando o acesso de artistas pretos, ind\u00edgenas, quilombolas, LGBTI+ e pessoas com defici\u00eancia nas agendas art\u00edsticas e culturais do estado.<\/p>\n\n\n\n<p>O Circuito Jambu Multicultural \u00e9 financiado por emenda parlamentar do deputado Federal Airton Faleiro, tem apoio do Na Figueredo, Lo Slow 360, Fumbel e Prefeitura de Bel\u00e9m, e apoio institucional da Faculdade de Comunica\u00e7\u00e3o &#8211; Facom, do Instituto de Letras e Comunica\u00e7\u00e3o &#8211; ILC, da Funda\u00e7\u00e3o de Amparo e Desenvolvimento da Pesquisa e da Pr\u00f3-reitora de Extens\u00e3o da UFPA.<\/p>\n\n\n\n<p>A programa\u00e7\u00e3o completa da Mostra e do Festival Jambu Live 2023, incluindo hor\u00e1rios e novidades podem ser acompanhadas nas redes do Festival em <a href=\"http:\/\/@jambulive\"><strong>@jambulive<\/strong><\/a><\/p>\n\n\n\n<p><strong>Servi\u00e7o:<\/strong> <strong>2\u00aa Mostra Amaz\u00f4nia Multitelas &#8211; Jambu Live 2023<\/strong>, nesta quinta-feira, 23, a partir das 18 horas, no Memorial dos Povos, na avenida Governador Jos\u00e9 Malcher, 257, Nazar\u00e9<strong>. Entrada gratuita.<\/strong> Mais informa\u00e7\u00f5es:<strong> <a href=\"http:\/\/@jambulive.\">@jambulive<\/a><\/strong><\/p>\n\n\n\n<p class=\"has-text-align-right\"><strong><em>Com informa\u00e7\u00f5es da assessoria de imprensa <\/em><\/strong><\/p>\n\n\n\n<p><\/p>\n","protected":false},"excerpt":{"rendered":"<p>Bel\u00e9m, 23 de novembro de 2023 &#8211; O Circuito Jambu Multicultural, com cinema da Amaz\u00f4nia, democr\u00e1tico, plural e acess\u00edvel, apresenta a sua segunda edi\u00e7\u00e3o, com exibi\u00e7\u00e3o de filmes nesta quinta-feira, 23, a partir das 18 horas, na sala Vicente Salles, no Memorial dos Povos. A entrada \u00e9 gratuita. Este ano, a Mostra Amaz\u00f4nia Multitelas antecede [&hellip;]<\/p>\n","protected":false},"author":2,"featured_media":8083,"comment_status":"open","ping_status":"open","sticky":false,"template":"","format":"standard","meta":{"footnotes":""},"categories":[51,14,29],"tags":[236,532,119,120,533,535,536,534,192],"class_list":["post-8082","post","type-post","status-publish","format-standard","has-post-thumbnail","hentry","category-destaque","category-imprensa","category-jornalismo","tag-facom-ufpa","tag-jambu-live","tag-jornalismo","tag-jornalistas-paraenses-em-acao","tag-leona","tag-lo-slow-360","tag-na-figueredo","tag-noites-alienigenas","tag-ufpa"],"yoast_head":"<!-- This site is optimized with the Yoast SEO plugin v19.10 - https:\/\/yoast.com\/wordpress\/plugins\/seo\/ -->\n<title>Segunda edi\u00e7\u00e3o da Mostra Amaz\u00f4nia Multitelas \u00e9 nesta quinta-feira, 23, com entrada gratuita - Ded\u00e9 Mesquita<\/title>\n<meta name=\"robots\" content=\"index, follow, max-snippet:-1, max-image-preview:large, max-video-preview:-1\" \/>\n<link rel=\"canonical\" href=\"https:\/\/dedemesquita.com.br\/?p=8082\" \/>\n<meta property=\"og:locale\" content=\"pt_BR\" \/>\n<meta property=\"og:type\" content=\"article\" \/>\n<meta property=\"og:title\" content=\"Segunda edi\u00e7\u00e3o da Mostra Amaz\u00f4nia Multitelas \u00e9 nesta quinta-feira, 23, com entrada gratuita - Ded\u00e9 Mesquita\" \/>\n<meta property=\"og:description\" content=\"Bel\u00e9m, 23 de novembro de 2023 &#8211; O Circuito Jambu Multicultural, com cinema da Amaz\u00f4nia, democr\u00e1tico, plural e acess\u00edvel, apresenta a sua segunda edi\u00e7\u00e3o, com exibi\u00e7\u00e3o de filmes nesta quinta-feira, 23, a partir das 18 horas, na sala Vicente Salles, no Memorial dos Povos. A entrada \u00e9 gratuita. Este ano, a Mostra Amaz\u00f4nia Multitelas antecede [&hellip;]\" \/>\n<meta property=\"og:url\" content=\"https:\/\/dedemesquita.com.br\/?p=8082\" \/>\n<meta property=\"og:site_name\" content=\"Ded\u00e9 Mesquita\" \/>\n<meta property=\"article:publisher\" content=\"https:\/\/www.facebook.com\/dede.mesquita\" \/>\n<meta property=\"article:published_time\" content=\"2023-11-23T13:06:25+00:00\" \/>\n<meta property=\"article:modified_time\" content=\"2023-11-23T13:07:28+00:00\" \/>\n<meta property=\"og:image\" content=\"https:\/\/dedemesquita.com.br\/wp-content\/uploads\/2023\/11\/noites_alienigenas_longa_com_a_ex-bbb_gleici_damasceno_esta_disponivel_na_netflix.jpg\" \/>\n\t<meta property=\"og:image:width\" content=\"950\" \/>\n\t<meta property=\"og:image:height\" content=\"503\" \/>\n\t<meta property=\"og:image:type\" content=\"image\/jpeg\" \/>\n<meta name=\"author\" content=\"Ded\u00e9 Mesquita\" \/>\n<meta name=\"twitter:card\" content=\"summary_large_image\" \/>\n<meta name=\"twitter:creator\" content=\"@dedemesquita\" \/>\n<meta name=\"twitter:site\" content=\"@dedemesquita\" \/>\n<meta name=\"twitter:label1\" content=\"Escrito por\" \/>\n\t<meta name=\"twitter:data1\" content=\"Ded\u00e9 Mesquita\" \/>\n\t<meta name=\"twitter:label2\" content=\"Est. tempo de leitura\" \/>\n\t<meta name=\"twitter:data2\" content=\"3 minutos\" \/>\n<script type=\"application\/ld+json\" class=\"yoast-schema-graph\">{\"@context\":\"https:\/\/schema.org\",\"@graph\":[{\"@type\":\"WebPage\",\"@id\":\"https:\/\/dedemesquita.com.br\/?p=8082\",\"url\":\"https:\/\/dedemesquita.com.br\/?p=8082\",\"name\":\"Segunda edi\u00e7\u00e3o da Mostra Amaz\u00f4nia Multitelas \u00e9 nesta quinta-feira, 23, com entrada gratuita - Ded\u00e9 Mesquita\",\"isPartOf\":{\"@id\":\"https:\/\/dedemesquita.com.br\/#website\"},\"datePublished\":\"2023-11-23T13:06:25+00:00\",\"dateModified\":\"2023-11-23T13:07:28+00:00\",\"author\":{\"@id\":\"https:\/\/dedemesquita.com.br\/#\/schema\/person\/36571f81dd2d76dc3ab37231542c9e24\"},\"breadcrumb\":{\"@id\":\"https:\/\/dedemesquita.com.br\/?p=8082#breadcrumb\"},\"inLanguage\":\"pt-BR\",\"potentialAction\":[{\"@type\":\"ReadAction\",\"target\":[\"https:\/\/dedemesquita.com.br\/?p=8082\"]}]},{\"@type\":\"BreadcrumbList\",\"@id\":\"https:\/\/dedemesquita.com.br\/?p=8082#breadcrumb\",\"itemListElement\":[{\"@type\":\"ListItem\",\"position\":1,\"name\":\"In\u00edcio\",\"item\":\"https:\/\/dedemesquita.com.br\/\"},{\"@type\":\"ListItem\",\"position\":2,\"name\":\"Segunda edi\u00e7\u00e3o da Mostra Amaz\u00f4nia Multitelas \u00e9 nesta quinta-feira, 23, com entrada gratuita\"}]},{\"@type\":\"WebSite\",\"@id\":\"https:\/\/dedemesquita.com.br\/#website\",\"url\":\"https:\/\/dedemesquita.com.br\/\",\"name\":\"Ded\u00e9 Mesquita\",\"description\":\"Um site que mostra os bastidores da imprensa no estado do Par\u00e1 e em Bel\u00e9m\",\"potentialAction\":[{\"@type\":\"SearchAction\",\"target\":{\"@type\":\"EntryPoint\",\"urlTemplate\":\"https:\/\/dedemesquita.com.br\/?s={search_term_string}\"},\"query-input\":\"required name=search_term_string\"}],\"inLanguage\":\"pt-BR\"},{\"@type\":\"Person\",\"@id\":\"https:\/\/dedemesquita.com.br\/#\/schema\/person\/36571f81dd2d76dc3ab37231542c9e24\",\"name\":\"Ded\u00e9 Mesquita\",\"image\":{\"@type\":\"ImageObject\",\"inLanguage\":\"pt-BR\",\"@id\":\"https:\/\/dedemesquita.com.br\/#\/schema\/person\/image\/\",\"url\":\"https:\/\/dedemesquita.com.br\/wp-content\/uploads\/2021\/02\/foto_perfil-150x150.jpg\",\"contentUrl\":\"https:\/\/dedemesquita.com.br\/wp-content\/uploads\/2021\/02\/foto_perfil-150x150.jpg\",\"caption\":\"Ded\u00e9 Mesquita\"},\"sameAs\":[\"https:\/\/dedemesquita.com.br\"]}]}<\/script>\n<!-- \/ Yoast SEO plugin. -->","yoast_head_json":{"title":"Segunda edi\u00e7\u00e3o da Mostra Amaz\u00f4nia Multitelas \u00e9 nesta quinta-feira, 23, com entrada gratuita - Ded\u00e9 Mesquita","robots":{"index":"index","follow":"follow","max-snippet":"max-snippet:-1","max-image-preview":"max-image-preview:large","max-video-preview":"max-video-preview:-1"},"canonical":"https:\/\/dedemesquita.com.br\/?p=8082","og_locale":"pt_BR","og_type":"article","og_title":"Segunda edi\u00e7\u00e3o da Mostra Amaz\u00f4nia Multitelas \u00e9 nesta quinta-feira, 23, com entrada gratuita - Ded\u00e9 Mesquita","og_description":"Bel\u00e9m, 23 de novembro de 2023 &#8211; O Circuito Jambu Multicultural, com cinema da Amaz\u00f4nia, democr\u00e1tico, plural e acess\u00edvel, apresenta a sua segunda edi\u00e7\u00e3o, com exibi\u00e7\u00e3o de filmes nesta quinta-feira, 23, a partir das 18 horas, na sala Vicente Salles, no Memorial dos Povos. A entrada \u00e9 gratuita. Este ano, a Mostra Amaz\u00f4nia Multitelas antecede [&hellip;]","og_url":"https:\/\/dedemesquita.com.br\/?p=8082","og_site_name":"Ded\u00e9 Mesquita","article_publisher":"https:\/\/www.facebook.com\/dede.mesquita","article_published_time":"2023-11-23T13:06:25+00:00","article_modified_time":"2023-11-23T13:07:28+00:00","og_image":[{"width":950,"height":503,"url":"https:\/\/dedemesquita.com.br\/wp-content\/uploads\/2023\/11\/noites_alienigenas_longa_com_a_ex-bbb_gleici_damasceno_esta_disponivel_na_netflix.jpg","type":"image\/jpeg"}],"author":"Ded\u00e9 Mesquita","twitter_card":"summary_large_image","twitter_creator":"@dedemesquita","twitter_site":"@dedemesquita","twitter_misc":{"Escrito por":"Ded\u00e9 Mesquita","Est. tempo de leitura":"3 minutos"},"schema":{"@context":"https:\/\/schema.org","@graph":[{"@type":"WebPage","@id":"https:\/\/dedemesquita.com.br\/?p=8082","url":"https:\/\/dedemesquita.com.br\/?p=8082","name":"Segunda edi\u00e7\u00e3o da Mostra Amaz\u00f4nia Multitelas \u00e9 nesta quinta-feira, 23, com entrada gratuita - Ded\u00e9 Mesquita","isPartOf":{"@id":"https:\/\/dedemesquita.com.br\/#website"},"datePublished":"2023-11-23T13:06:25+00:00","dateModified":"2023-11-23T13:07:28+00:00","author":{"@id":"https:\/\/dedemesquita.com.br\/#\/schema\/person\/36571f81dd2d76dc3ab37231542c9e24"},"breadcrumb":{"@id":"https:\/\/dedemesquita.com.br\/?p=8082#breadcrumb"},"inLanguage":"pt-BR","potentialAction":[{"@type":"ReadAction","target":["https:\/\/dedemesquita.com.br\/?p=8082"]}]},{"@type":"BreadcrumbList","@id":"https:\/\/dedemesquita.com.br\/?p=8082#breadcrumb","itemListElement":[{"@type":"ListItem","position":1,"name":"In\u00edcio","item":"https:\/\/dedemesquita.com.br\/"},{"@type":"ListItem","position":2,"name":"Segunda edi\u00e7\u00e3o da Mostra Amaz\u00f4nia Multitelas \u00e9 nesta quinta-feira, 23, com entrada gratuita"}]},{"@type":"WebSite","@id":"https:\/\/dedemesquita.com.br\/#website","url":"https:\/\/dedemesquita.com.br\/","name":"Ded\u00e9 Mesquita","description":"Um site que mostra os bastidores da imprensa no estado do Par\u00e1 e em Bel\u00e9m","potentialAction":[{"@type":"SearchAction","target":{"@type":"EntryPoint","urlTemplate":"https:\/\/dedemesquita.com.br\/?s={search_term_string}"},"query-input":"required name=search_term_string"}],"inLanguage":"pt-BR"},{"@type":"Person","@id":"https:\/\/dedemesquita.com.br\/#\/schema\/person\/36571f81dd2d76dc3ab37231542c9e24","name":"Ded\u00e9 Mesquita","image":{"@type":"ImageObject","inLanguage":"pt-BR","@id":"https:\/\/dedemesquita.com.br\/#\/schema\/person\/image\/","url":"https:\/\/dedemesquita.com.br\/wp-content\/uploads\/2021\/02\/foto_perfil-150x150.jpg","contentUrl":"https:\/\/dedemesquita.com.br\/wp-content\/uploads\/2021\/02\/foto_perfil-150x150.jpg","caption":"Ded\u00e9 Mesquita"},"sameAs":["https:\/\/dedemesquita.com.br"]}]}},"_links":{"self":[{"href":"https:\/\/dedemesquita.com.br\/index.php?rest_route=\/wp\/v2\/posts\/8082"}],"collection":[{"href":"https:\/\/dedemesquita.com.br\/index.php?rest_route=\/wp\/v2\/posts"}],"about":[{"href":"https:\/\/dedemesquita.com.br\/index.php?rest_route=\/wp\/v2\/types\/post"}],"author":[{"embeddable":true,"href":"https:\/\/dedemesquita.com.br\/index.php?rest_route=\/wp\/v2\/users\/2"}],"replies":[{"embeddable":true,"href":"https:\/\/dedemesquita.com.br\/index.php?rest_route=%2Fwp%2Fv2%2Fcomments&post=8082"}],"version-history":[{"count":3,"href":"https:\/\/dedemesquita.com.br\/index.php?rest_route=\/wp\/v2\/posts\/8082\/revisions"}],"predecessor-version":[{"id":8091,"href":"https:\/\/dedemesquita.com.br\/index.php?rest_route=\/wp\/v2\/posts\/8082\/revisions\/8091"}],"wp:featuredmedia":[{"embeddable":true,"href":"https:\/\/dedemesquita.com.br\/index.php?rest_route=\/wp\/v2\/media\/8083"}],"wp:attachment":[{"href":"https:\/\/dedemesquita.com.br\/index.php?rest_route=%2Fwp%2Fv2%2Fmedia&parent=8082"}],"wp:term":[{"taxonomy":"category","embeddable":true,"href":"https:\/\/dedemesquita.com.br\/index.php?rest_route=%2Fwp%2Fv2%2Fcategories&post=8082"},{"taxonomy":"post_tag","embeddable":true,"href":"https:\/\/dedemesquita.com.br\/index.php?rest_route=%2Fwp%2Fv2%2Ftags&post=8082"}],"curies":[{"name":"wp","href":"https:\/\/api.w.org\/{rel}","templated":true}]}}