{"id":8013,"date":"2023-11-14T14:52:45","date_gmt":"2023-11-14T17:52:45","guid":{"rendered":"https:\/\/dedemesquita.com.br\/?p=8013"},"modified":"2023-11-14T15:08:48","modified_gmt":"2023-11-14T18:08:48","slug":"eleicao-para-nova-diretoria-do-sinjor-pa-sera-na-segunda-feira-dia-20-e-outras-mais-noticias","status":"publish","type":"post","link":"https:\/\/dedemesquita.com.br\/?p=8013","title":{"rendered":"Elei\u00e7\u00e3o para nova diretoria do Sinjor-PA ser\u00e1 na segunda-feira, dia 20, e outras not\u00edcias mais"},"content":{"rendered":"\n<p><strong>Bel\u00e9m, 14 de novembro de 2023 &#8211; <\/strong>Na <strong>segunda-feira, dia 20 de novembro<\/strong>, ser\u00e1 realizada a <strong>elei\u00e7\u00e3o para a nova diretoria do Sindicato dos Jornalistas do Par\u00e1 &#8211; Sinjor-PA<\/strong>. Quem estiver apto para votar, eu pe\u00e7o que n\u00e3o deixe de cumprir esse direito. Abaixo est\u00e3o algumas informa\u00e7\u00f5es importantes sobre a elei\u00e7\u00e3o, quem pode votar, mesas receptoras etc. <\/p>\n\n\n\n<p><strong>Elei\u00e7\u00e3o Sinjor-PA &#8211;<\/strong> A Comiss\u00e3o Eleitoral do Sindicato dos Jornalistas do Par\u00e1 &#8211; Sinjor-PA tornou p\u00fablica a composi\u00e7\u00e3o das <strong>mesas coletoras de votos da elei\u00e7\u00e3o<\/strong> para a <strong>nova diretoria do Sindicato <\/strong>que ser\u00e1 realizada no pr\u00f3ximo <strong>dia 20 de novembro, segunda-feira, com vota\u00e7\u00e3o das 8h \u00e0s 19h. <\/strong>A Comiss\u00e3o Eleitoral tamb\u00e9m divulgou a <strong>lista de aptos a votar <\/strong>nas elei\u00e7\u00f5es para a Diretoria Executiva e Diretoria Regional dos Tapaj\u00f3s (DRTap), assim como para membros do Conselho Fiscal e da Comiss\u00e3o de \u00c9tica e Liberdade de Express\u00e3o do Sindicato de Jornalistas do Par\u00e1 &#8211; Sinjor-PA. A lista pode ser acessada no link: <a href=\"https:\/\/sinjorpa.org.br\/\"><strong>https:\/\/sinjorpa.org.br\/<\/strong><\/a>, assim como as composi\u00e7\u00f5es das mesas. No dia da elei\u00e7\u00e3o, haver\u00e1<strong> tr\u00eas urnas fixas<\/strong> em Bel\u00e9m, sendo uma na <strong>sede do Sindicato<\/strong>, localizada na passagem Lindolfo Collor, n\u00famero 60, no bairro do Marco, e as demais nas sedes do <strong>jornal O Liberal<\/strong>, na avenida Maiorana, e <strong>do grupo RBA<\/strong>, na avenida Almirante Barroso, al\u00e9m de uma <strong>urna itinerante<\/strong>. Tamb\u00e9m haver\u00e1 uma <strong>urna em Santar\u00e9m<\/strong>, na Unama. Os locais que que ser\u00e3o visitados pela urna itinerante s\u00e3o <strong>Funtelpa<\/strong>, <strong>TV Liberal<\/strong>, <strong>TV Record Bel\u00e9m<\/strong>, <strong>Secom\/Ag\u00eancia Par\u00e1<\/strong> e <strong>Comus\/Ag\u00eancia Bel\u00e9m<\/strong>. S\u00e3o duas chapas na disputa: <strong>Chapa Renova Sinjor<\/strong>, cujo presidente \u00e9 <strong>Evandro Corr\u00eaa<\/strong>; e <strong>Chapa Sempre na Luta<\/strong>, liderada por <strong>Vito Gemaque<\/strong>, que concorre \u00e0 reelei\u00e7\u00e3o.<\/p>\n\n\n\n<p><strong>Andrei &#8211; Andrei Santos<\/strong> deixou o programa Carimb\u00f3 da Sorte e \u00e9 o novo radialista da <strong>r\u00e1dio CBN Amaz\u00f4nia Bel\u00e9m<\/strong>, mas continua tamb\u00e9m na RBA TV.<\/p>\n\n\n<div class=\"wp-block-image\">\n<figure class=\"aligncenter size-full\"><img loading=\"lazy\" decoding=\"async\" width=\"750\" height=\"517\" src=\"https:\/\/dedemesquita.com.br\/wp-content\/uploads\/2023\/11\/Andrei-Santos.jpg\" alt=\"\" class=\"wp-image-8016\"\/><figcaption class=\"wp-element-caption\">Andrei Santos est\u00e1 na r\u00e1dio CBN Bel\u00e9m <\/figcaption><\/figure><\/div>\n\n\n<p><strong>Nova editora &#8211; Pryscila Soares<\/strong>, que era do jornal Di\u00e1rio do Par\u00e1, come\u00e7ou em um novo cargo de editora na <strong>RBA TV<\/strong>, tamb\u00e9m no grupo RBA.<\/p>\n\n\n<div class=\"wp-block-image\">\n<figure class=\"aligncenter size-full\"><img loading=\"lazy\" decoding=\"async\" width=\"320\" height=\"320\" src=\"https:\/\/dedemesquita.com.br\/wp-content\/uploads\/2023\/11\/Pryscila-Soares.jpg\" alt=\"\" class=\"wp-image-8028\" srcset=\"https:\/\/dedemesquita.com.br\/wp-content\/uploads\/2023\/11\/Pryscila-Soares.jpg 320w, https:\/\/dedemesquita.com.br\/wp-content\/uploads\/2023\/11\/Pryscila-Soares-150x150.jpg 150w\" sizes=\"(max-width: 320px) 100vw, 320px\" \/><figcaption class=\"wp-element-caption\">Pryscila Soares assumiu novo cargo<\/figcaption><\/figure><\/div>\n\n\n<p><strong>Nova locutora &#8211; S\u00f4nia Ferro<\/strong>, depois de mais de uma d\u00e9cada na televis\u00e3o, se tornou locutora e est\u00e1 apresentando o <strong>programa \u201cPalco\u201d<\/strong>, com produ\u00e7\u00e3o do <strong>Fabr\u00edcio Rocha<\/strong>, aos s\u00e1bados, \u00e0s 15 horas, na <strong>r\u00e1dio Cultura FM<\/strong>. E em todas as quintas-feiras, ela faz discotecagem <strong>na festa \u201cLambateria\u201d<\/strong>, no bar Apoena, ao lado do marid\u00e3o F\u00e9lix Robatto.<\/p>\n\n\n<div class=\"wp-block-image\">\n<figure class=\"aligncenter size-full\"><img loading=\"lazy\" decoding=\"async\" width=\"590\" height=\"517\" src=\"https:\/\/dedemesquita.com.br\/wp-content\/uploads\/2023\/11\/Sonia-Ferro.jpeg\" alt=\"\" class=\"wp-image-8017\"\/><figcaption class=\"wp-element-caption\">S\u00f4nia Ferro apresenta o programa &#8220;Palco&#8221;, na r\u00e1dio Cultura FM<\/figcaption><\/figure><\/div>\n\n\n<p><strong>Reportagem &#8211; Tamires Porteglio<\/strong> come\u00e7ou como rep\u00f3rter de rede e produtora na <strong>RedeTV Bel\u00e9m<\/strong>, com as reportagens dela sendo veiculadas em n\u00edvel nacional.<\/p>\n\n\n<div class=\"wp-block-image\">\n<figure class=\"aligncenter size-full\"><img loading=\"lazy\" decoding=\"async\" width=\"528\" height=\"332\" src=\"https:\/\/dedemesquita.com.br\/wp-content\/uploads\/2023\/11\/Tamires-Porteglio.jpeg\" alt=\"\" class=\"wp-image-8018\"\/><figcaption class=\"wp-element-caption\">Tamires Porteglio est\u00e1 na RedeTV Bel\u00e9m <\/figcaption><\/figure><\/div>\n\n\n<p><strong>M\u00e1rio &#8211; <\/strong>O jornalista <strong>M\u00e1rio Augusto<\/strong> est\u00e1 de volta ao Par\u00e1, depois de alguns anos trabalhando em S\u00e3o Paulo. Ele estreou o programa <strong>\u201cEsta\u00e7\u00e3o Amaz\u00f4nia\u201d<\/strong>, na quarta-feira, dia 1\u00ba, na <strong>R\u00e1dio Atl\u00e2ntico FM 105,1<\/strong>, de Castanhal-PA sempre \u00e0s 10h30. A atra\u00e7\u00e3o fala sobre assuntos como meio ambiente, sustentabilidade, empreendedorismo e gest\u00e3o de pessoas. Para acessar, \u00e9 s\u00f3 digital no Google R\u00e1dio Atl\u00e2ntico FM 105,1<\/p>\n\n\n<div class=\"wp-block-image\">\n<figure class=\"aligncenter size-full\"><img loading=\"lazy\" decoding=\"async\" width=\"750\" height=\"575\" src=\"https:\/\/dedemesquita.com.br\/wp-content\/uploads\/2023\/11\/Mario-Augusto.jpg\" alt=\"\" class=\"wp-image-8019\"\/><figcaption class=\"wp-element-caption\">M\u00e1rio Augusto est\u00e1 de volta ao estado do Par\u00e1 e apresenta programa de r\u00e1dio <\/figcaption><\/figure><\/div>\n\n\n<p><strong>Comentarista esportiva &#8211; <\/strong>A comentarista esportiva da TV Cultura do Par\u00e1, <strong>Giordana Krumpanzer<\/strong>, foi uma das convidadas do programa \u201cNo Mundo da Bola\u201d, da TV Brasil, exibido em rede nacional na noite de domingo, dia 5. No comando do apresentador Maur\u00edcio Costa, o dominical tamb\u00e9m contou com a participa\u00e7\u00e3o do jornalista Alexandre Vasconcelos. O jogo final da Copa Libertadores da Am\u00e9rica, no dia 4 de novembro, teve destaque nesse programa e foi analisado por Giordana. Advogada de forma\u00e7\u00e3o, Giordana foi revelada pela <strong>TV Cultura do Par\u00e1<\/strong>, emissora p\u00fablica e educativa do Estado.<\/p>\n\n\n<div class=\"wp-block-image\">\n<figure class=\"aligncenter size-full\"><img loading=\"lazy\" decoding=\"async\" width=\"551\" height=\"406\" src=\"https:\/\/dedemesquita.com.br\/wp-content\/uploads\/2023\/11\/Giordana-Krumpanzer.jpeg\" alt=\"\" class=\"wp-image-8020\"\/><figcaption class=\"wp-element-caption\">Giordana Krumpanzer \u00e9 revela\u00e7\u00e3o como comentarista esportiva <\/figcaption><\/figure><\/div>\n\n\n<p><strong>Danin lan\u00e7a livro &#8211;<\/strong> <strong>Ana Danin<\/strong>, agora tamb\u00e9m escritora, lan\u00e7a o primeiro livro dela, <strong>\u201cTeca, A Gata Sapeca\u201d<\/strong>, neste <strong>s\u00e1bado, 18<\/strong>, a partir das 17 horas, na<strong> Casa Namata Caf\u00e9,<\/strong> que fica na avenida Conselheiro Furtado, 287, pr\u00f3ximo \u00e0 pra\u00e7a Amazonas. O livro custa apenas R$ 49,90 e pode ser comprado, via PIX por <a href=\"mailto:anadanin@gmail.com\"><strong>anadanin@gmail.com<\/strong><\/a><\/p>\n\n\n<div class=\"wp-block-image\">\n<figure class=\"aligncenter size-full\"><img loading=\"lazy\" decoding=\"async\" width=\"750\" height=\"666\" src=\"https:\/\/dedemesquita.com.br\/wp-content\/uploads\/2023\/11\/ana-danin.jpg\" alt=\"\" class=\"wp-image-8022\"\/><figcaption class=\"wp-element-caption\">Convite para o lan\u00e7amento do primeiro livro de Ana Danin <\/figcaption><\/figure><\/div>\n\n\n<p><strong>Terceiro livro do Tonga &#8211; <\/strong>O jornalista e professor paraense <strong>Ant\u00f4nio Carlos Pimentel Jr.<\/strong>, o <strong>Tonga<\/strong>, lan\u00e7ou no s\u00e1bado, dia 11, na 25\u00aa Festa do Livro da USP, a Universidade de S\u00e3o Paulo, em S\u00e3o Paulo, capital, o terceiro livro dele <strong>&#8220;A Biblioteca Vermelha de Raimundo Jinkings&#8221;<\/strong>. O livro \u00e9 uma pesquisa sobre a biblioteca particular de Raimundo Jinkings, importante personagem da vida cultural e pol\u00edtica de Bel\u00e9m, do Par\u00e1 e do Brasil. A edi\u00e7\u00e3o do livro \u00e9 da Com Arte Editora, da Escola de Comunica\u00e7\u00e3o e Artes &#8211; ECA, de S\u00e3o Paulo e estar\u00e1 \u00e0 venda no site da Edusp<strong> <a href=\"http:\/\/www.edusp.com.br\/\">www.edusp.com.br<\/a><\/strong> &nbsp;<\/p>\n\n\n<div class=\"wp-block-image\">\n<figure class=\"aligncenter size-full\"><img loading=\"lazy\" decoding=\"async\" width=\"750\" height=\"562\" src=\"https:\/\/dedemesquita.com.br\/wp-content\/uploads\/2023\/11\/Antonio-Carlos-Pimentel-Jr.jpg\" alt=\"\" class=\"wp-image-8023\"\/><figcaption class=\"wp-element-caption\">Tonga lan\u00e7ou mais um livro <\/figcaption><\/figure><\/div>\n\n\n<p><strong>Jornalistas autografaram em Bel\u00e9m <\/strong>&#8211; Quatro jornalistas e comunicadoras do Pa\u00eds se reuniram para lan\u00e7ar seus livros em coquetel organizado durante o <strong>XVII Congresso Brasileiro dos Assessores de Comunica\u00e7\u00e3o do Sistema de Justi\u00e7a, em Bel\u00e9m-PA<\/strong>, entre os dias 8 e 10 passados. <strong>Patr\u00edcia Marins<\/strong>, a paraense <strong>Cristina Serra<\/strong>, <strong>Grazielle Albuquerque<\/strong> e <strong>Fabiana Moraes<\/strong> distribu\u00edram aut\u00f3grafos no pr\u00e9dio do Tribunal de Justi\u00e7a do Par\u00e1, entre autoridades e especialistas nas \u00e1reas jur\u00eddicas e de comunica\u00e7\u00e3o, participantes do congresso. As obras lan\u00e7adas foram <strong>\u201cMuito al\u00e9m do media training &#8211; O porta-voz na era de hiperconex\u00e3o\u201d<\/strong>, de Patr\u00edcia Marins e Miriam Moura; <strong>\u201cN\u00f3s, sobreviventes do \u00f3dio\u201d<\/strong>, de Cristina Serra; <strong>\u201cA pauta \u00e9 uma arma de combate &#8211; Subjetividade pr\u00e1tica reflexiva e posicionamento para superar um jornalismo que desumaniza\u201d<\/strong> e <strong>\u201cO nascimento de Joicy\u201d<\/strong>, de Fabiana Moraes; e <strong>\u201cDa lei aos desejos &#8211; O agendamento estrat\u00e9gico do STF\u201d<\/strong>, de Grazielle Albuquerque. O evento foi uma promo\u00e7\u00e3o do F\u00f3rum Nacional de Comunica\u00e7\u00e3o e Justi\u00e7a &#8211; FNCJ, sob o tema &#8220;Di\u00e1logos na Amaz\u00f4nia: a comunica\u00e7\u00e3o como instrumento de transforma\u00e7\u00e3o e defesa das institui\u00e7\u00f5es&#8221;.<\/p>\n\n\n<div class=\"wp-block-image\">\n<figure class=\"aligncenter size-full\"><img loading=\"lazy\" decoding=\"async\" width=\"325\" height=\"329\" src=\"https:\/\/dedemesquita.com.br\/wp-content\/uploads\/2023\/11\/jornalistas_livros_lancamento.png\" alt=\"\" class=\"wp-image-8024\"\/><figcaption class=\"wp-element-caption\">Jornalistas lan\u00e7aram livros em Bel\u00e9m <\/figcaption><\/figure><\/div>\n\n\n<p><strong>Show de Eduardo &#8211; <\/strong>O jornalista e cantor <strong>Eduardo Marques<\/strong> volta aos palcos paraenses na sexta-feira, 17, \u00e0s 20 horas, no audit\u00f3rio David Mufarrej, da Unama, campus Alcindo Cacela. Eduardo costumava celebrar o anivers\u00e1rio dele com um show realizado todo dia 14 de mar\u00e7o, mas atendendo aos pedidos, o jornalista retorna para a quarta edi\u00e7\u00e3o do show <strong>&#8220;Esse Sou Eu&#8221;<\/strong>, que ter\u00e1 a participa\u00e7\u00e3o dos filhos g\u00eameos de Eduardo, Rafael e Vit\u00f3ria, de 8 anos, que cantam nas duas primeiras m\u00fasicas do show. Os ingressos custam R$ 10,00 e podem ser adquiridos pelo <strong>n\u00famero 091 98964 9365<\/strong>. <\/p>\n\n\n<div class=\"wp-block-image\">\n<figure class=\"aligncenter size-full\"><img loading=\"lazy\" decoding=\"async\" width=\"755\" height=\"474\" src=\"https:\/\/dedemesquita.com.br\/wp-content\/uploads\/2023\/11\/Eduardo-Marques.jpeg\" alt=\"\" class=\"wp-image-8025\"\/><figcaption class=\"wp-element-caption\">Eduardo Marques sobe ao palco no show &#8220;Esse Sou Eu&#8221; <\/figcaption><\/figure><\/div>\n\n\n<p><strong>TCC aprovado &#8211; <\/strong>O fot\u00f3grafo <strong>Filipe Bispo Vale<\/strong> apresentou TCC e foi aprovado no curso de Jornalismo na <strong>faculdade Est\u00e1dio<\/strong>, em Bel\u00e9m, sob o tema \u201cAlter Filmes &#8211; A constru\u00e7\u00e3o de uma produtora audiovisual na Amaz\u00f4nia\u201d. A <strong>Alter Filmes<\/strong> \u00e9 a produtora que Filipe criou, no ano passado.<\/p>\n\n\n<div class=\"wp-block-image\">\n<figure class=\"aligncenter size-full\"><img loading=\"lazy\" decoding=\"async\" width=\"549\" height=\"524\" src=\"https:\/\/dedemesquita.com.br\/wp-content\/uploads\/2023\/11\/Filipe-Bispo.jpeg\" alt=\"\" class=\"wp-image-8026\"\/><figcaption class=\"wp-element-caption\">Filipe Bispo Vale teve TCC aprovado na faculdade Est\u00e1cio <\/figcaption><\/figure><\/div>\n\n\n<p><\/p>\n","protected":false},"excerpt":{"rendered":"<p>Bel\u00e9m, 14 de novembro de 2023 &#8211; Na segunda-feira, dia 20 de novembro, ser\u00e1 realizada a elei\u00e7\u00e3o para a nova diretoria do Sindicato dos Jornalistas do Par\u00e1 &#8211; Sinjor-PA. Quem estiver apto para votar, eu pe\u00e7o que n\u00e3o deixe de cumprir esse direito. Abaixo est\u00e3o algumas informa\u00e7\u00f5es importantes sobre a elei\u00e7\u00e3o, quem pode votar, mesas [&hellip;]<\/p>\n","protected":false},"author":2,"featured_media":8015,"comment_status":"open","ping_status":"open","sticky":false,"template":"","format":"standard","meta":{"footnotes":""},"categories":[51,14,29],"tags":[393,136,181,474,119,120,144,527,204,143,145,426,150,130,197,137],"class_list":["post-8013","post","type-post","status-publish","format-standard","has-post-thumbnail","hentry","category-destaque","category-imprensa","category-jornalismo","tag-alter-filmes","tag-comus-agencia-belem","tag-diario-do-para","tag-faculdade-estacio","tag-jornalismo","tag-jornalistas-paraenses-em-acao","tag-o-liberal","tag-radio-atlantico-fm","tag-radio-cbn-belem","tag-radio-cultura-fm","tag-rbatv","tag-rede-tv-belem","tag-secom-pa","tag-sinjor-pa","tag-tv-cultura","tag-tv-liberal"],"yoast_head":"<!-- This site is optimized with the Yoast SEO plugin v19.10 - https:\/\/yoast.com\/wordpress\/plugins\/seo\/ -->\n<title>Elei\u00e7\u00e3o para nova diretoria do Sinjor-PA ser\u00e1 na segunda-feira, dia 20, e outras not\u00edcias mais - Ded\u00e9 Mesquita<\/title>\n<meta name=\"robots\" content=\"index, follow, max-snippet:-1, max-image-preview:large, max-video-preview:-1\" \/>\n<link rel=\"canonical\" href=\"https:\/\/dedemesquita.com.br\/?p=8013\" \/>\n<meta property=\"og:locale\" content=\"pt_BR\" \/>\n<meta property=\"og:type\" content=\"article\" \/>\n<meta property=\"og:title\" content=\"Elei\u00e7\u00e3o para nova diretoria do Sinjor-PA ser\u00e1 na segunda-feira, dia 20, e outras not\u00edcias mais - Ded\u00e9 Mesquita\" \/>\n<meta property=\"og:description\" content=\"Bel\u00e9m, 14 de novembro de 2023 &#8211; Na segunda-feira, dia 20 de novembro, ser\u00e1 realizada a elei\u00e7\u00e3o para a nova diretoria do Sindicato dos Jornalistas do Par\u00e1 &#8211; Sinjor-PA. Quem estiver apto para votar, eu pe\u00e7o que n\u00e3o deixe de cumprir esse direito. Abaixo est\u00e3o algumas informa\u00e7\u00f5es importantes sobre a elei\u00e7\u00e3o, quem pode votar, mesas [&hellip;]\" \/>\n<meta property=\"og:url\" content=\"https:\/\/dedemesquita.com.br\/?p=8013\" \/>\n<meta property=\"og:site_name\" content=\"Ded\u00e9 Mesquita\" \/>\n<meta property=\"article:publisher\" content=\"https:\/\/www.facebook.com\/dede.mesquita\" \/>\n<meta property=\"article:published_time\" content=\"2023-11-14T17:52:45+00:00\" \/>\n<meta property=\"article:modified_time\" content=\"2023-11-14T18:08:48+00:00\" \/>\n<meta property=\"og:image\" content=\"https:\/\/dedemesquita.com.br\/wp-content\/uploads\/2023\/11\/WhatsApp-Image-2023-11-14-at-14.19.43.jpeg\" \/>\n\t<meta property=\"og:image:width\" content=\"950\" \/>\n\t<meta property=\"og:image:height\" content=\"370\" \/>\n\t<meta property=\"og:image:type\" content=\"image\/jpeg\" \/>\n<meta name=\"author\" content=\"Ded\u00e9 Mesquita\" \/>\n<meta name=\"twitter:card\" content=\"summary_large_image\" \/>\n<meta name=\"twitter:creator\" content=\"@dedemesquita\" \/>\n<meta name=\"twitter:site\" content=\"@dedemesquita\" \/>\n<meta name=\"twitter:label1\" content=\"Escrito por\" \/>\n\t<meta name=\"twitter:data1\" content=\"Ded\u00e9 Mesquita\" \/>\n\t<meta name=\"twitter:label2\" content=\"Est. tempo de leitura\" \/>\n\t<meta name=\"twitter:data2\" content=\"6 minutos\" \/>\n<script type=\"application\/ld+json\" class=\"yoast-schema-graph\">{\"@context\":\"https:\/\/schema.org\",\"@graph\":[{\"@type\":\"WebPage\",\"@id\":\"https:\/\/dedemesquita.com.br\/?p=8013\",\"url\":\"https:\/\/dedemesquita.com.br\/?p=8013\",\"name\":\"Elei\u00e7\u00e3o para nova diretoria do Sinjor-PA ser\u00e1 na segunda-feira, dia 20, e outras not\u00edcias mais - Ded\u00e9 Mesquita\",\"isPartOf\":{\"@id\":\"https:\/\/dedemesquita.com.br\/#website\"},\"datePublished\":\"2023-11-14T17:52:45+00:00\",\"dateModified\":\"2023-11-14T18:08:48+00:00\",\"author\":{\"@id\":\"https:\/\/dedemesquita.com.br\/#\/schema\/person\/36571f81dd2d76dc3ab37231542c9e24\"},\"breadcrumb\":{\"@id\":\"https:\/\/dedemesquita.com.br\/?p=8013#breadcrumb\"},\"inLanguage\":\"pt-BR\",\"potentialAction\":[{\"@type\":\"ReadAction\",\"target\":[\"https:\/\/dedemesquita.com.br\/?p=8013\"]}]},{\"@type\":\"BreadcrumbList\",\"@id\":\"https:\/\/dedemesquita.com.br\/?p=8013#breadcrumb\",\"itemListElement\":[{\"@type\":\"ListItem\",\"position\":1,\"name\":\"In\u00edcio\",\"item\":\"https:\/\/dedemesquita.com.br\/\"},{\"@type\":\"ListItem\",\"position\":2,\"name\":\"Elei\u00e7\u00e3o para nova diretoria do Sinjor-PA ser\u00e1 na segunda-feira, dia 20, e outras not\u00edcias mais\"}]},{\"@type\":\"WebSite\",\"@id\":\"https:\/\/dedemesquita.com.br\/#website\",\"url\":\"https:\/\/dedemesquita.com.br\/\",\"name\":\"Ded\u00e9 Mesquita\",\"description\":\"Um site que mostra os bastidores da imprensa no estado do Par\u00e1 e em Bel\u00e9m\",\"potentialAction\":[{\"@type\":\"SearchAction\",\"target\":{\"@type\":\"EntryPoint\",\"urlTemplate\":\"https:\/\/dedemesquita.com.br\/?s={search_term_string}\"},\"query-input\":\"required name=search_term_string\"}],\"inLanguage\":\"pt-BR\"},{\"@type\":\"Person\",\"@id\":\"https:\/\/dedemesquita.com.br\/#\/schema\/person\/36571f81dd2d76dc3ab37231542c9e24\",\"name\":\"Ded\u00e9 Mesquita\",\"image\":{\"@type\":\"ImageObject\",\"inLanguage\":\"pt-BR\",\"@id\":\"https:\/\/dedemesquita.com.br\/#\/schema\/person\/image\/\",\"url\":\"https:\/\/dedemesquita.com.br\/wp-content\/uploads\/2021\/02\/foto_perfil-150x150.jpg\",\"contentUrl\":\"https:\/\/dedemesquita.com.br\/wp-content\/uploads\/2021\/02\/foto_perfil-150x150.jpg\",\"caption\":\"Ded\u00e9 Mesquita\"},\"sameAs\":[\"https:\/\/dedemesquita.com.br\"]}]}<\/script>\n<!-- \/ Yoast SEO plugin. -->","yoast_head_json":{"title":"Elei\u00e7\u00e3o para nova diretoria do Sinjor-PA ser\u00e1 na segunda-feira, dia 20, e outras not\u00edcias mais - Ded\u00e9 Mesquita","robots":{"index":"index","follow":"follow","max-snippet":"max-snippet:-1","max-image-preview":"max-image-preview:large","max-video-preview":"max-video-preview:-1"},"canonical":"https:\/\/dedemesquita.com.br\/?p=8013","og_locale":"pt_BR","og_type":"article","og_title":"Elei\u00e7\u00e3o para nova diretoria do Sinjor-PA ser\u00e1 na segunda-feira, dia 20, e outras not\u00edcias mais - Ded\u00e9 Mesquita","og_description":"Bel\u00e9m, 14 de novembro de 2023 &#8211; Na segunda-feira, dia 20 de novembro, ser\u00e1 realizada a elei\u00e7\u00e3o para a nova diretoria do Sindicato dos Jornalistas do Par\u00e1 &#8211; Sinjor-PA. Quem estiver apto para votar, eu pe\u00e7o que n\u00e3o deixe de cumprir esse direito. Abaixo est\u00e3o algumas informa\u00e7\u00f5es importantes sobre a elei\u00e7\u00e3o, quem pode votar, mesas [&hellip;]","og_url":"https:\/\/dedemesquita.com.br\/?p=8013","og_site_name":"Ded\u00e9 Mesquita","article_publisher":"https:\/\/www.facebook.com\/dede.mesquita","article_published_time":"2023-11-14T17:52:45+00:00","article_modified_time":"2023-11-14T18:08:48+00:00","og_image":[{"width":950,"height":370,"url":"https:\/\/dedemesquita.com.br\/wp-content\/uploads\/2023\/11\/WhatsApp-Image-2023-11-14-at-14.19.43.jpeg","type":"image\/jpeg"}],"author":"Ded\u00e9 Mesquita","twitter_card":"summary_large_image","twitter_creator":"@dedemesquita","twitter_site":"@dedemesquita","twitter_misc":{"Escrito por":"Ded\u00e9 Mesquita","Est. tempo de leitura":"6 minutos"},"schema":{"@context":"https:\/\/schema.org","@graph":[{"@type":"WebPage","@id":"https:\/\/dedemesquita.com.br\/?p=8013","url":"https:\/\/dedemesquita.com.br\/?p=8013","name":"Elei\u00e7\u00e3o para nova diretoria do Sinjor-PA ser\u00e1 na segunda-feira, dia 20, e outras not\u00edcias mais - Ded\u00e9 Mesquita","isPartOf":{"@id":"https:\/\/dedemesquita.com.br\/#website"},"datePublished":"2023-11-14T17:52:45+00:00","dateModified":"2023-11-14T18:08:48+00:00","author":{"@id":"https:\/\/dedemesquita.com.br\/#\/schema\/person\/36571f81dd2d76dc3ab37231542c9e24"},"breadcrumb":{"@id":"https:\/\/dedemesquita.com.br\/?p=8013#breadcrumb"},"inLanguage":"pt-BR","potentialAction":[{"@type":"ReadAction","target":["https:\/\/dedemesquita.com.br\/?p=8013"]}]},{"@type":"BreadcrumbList","@id":"https:\/\/dedemesquita.com.br\/?p=8013#breadcrumb","itemListElement":[{"@type":"ListItem","position":1,"name":"In\u00edcio","item":"https:\/\/dedemesquita.com.br\/"},{"@type":"ListItem","position":2,"name":"Elei\u00e7\u00e3o para nova diretoria do Sinjor-PA ser\u00e1 na segunda-feira, dia 20, e outras not\u00edcias mais"}]},{"@type":"WebSite","@id":"https:\/\/dedemesquita.com.br\/#website","url":"https:\/\/dedemesquita.com.br\/","name":"Ded\u00e9 Mesquita","description":"Um site que mostra os bastidores da imprensa no estado do Par\u00e1 e em Bel\u00e9m","potentialAction":[{"@type":"SearchAction","target":{"@type":"EntryPoint","urlTemplate":"https:\/\/dedemesquita.com.br\/?s={search_term_string}"},"query-input":"required name=search_term_string"}],"inLanguage":"pt-BR"},{"@type":"Person","@id":"https:\/\/dedemesquita.com.br\/#\/schema\/person\/36571f81dd2d76dc3ab37231542c9e24","name":"Ded\u00e9 Mesquita","image":{"@type":"ImageObject","inLanguage":"pt-BR","@id":"https:\/\/dedemesquita.com.br\/#\/schema\/person\/image\/","url":"https:\/\/dedemesquita.com.br\/wp-content\/uploads\/2021\/02\/foto_perfil-150x150.jpg","contentUrl":"https:\/\/dedemesquita.com.br\/wp-content\/uploads\/2021\/02\/foto_perfil-150x150.jpg","caption":"Ded\u00e9 Mesquita"},"sameAs":["https:\/\/dedemesquita.com.br"]}]}},"_links":{"self":[{"href":"https:\/\/dedemesquita.com.br\/index.php?rest_route=\/wp\/v2\/posts\/8013"}],"collection":[{"href":"https:\/\/dedemesquita.com.br\/index.php?rest_route=\/wp\/v2\/posts"}],"about":[{"href":"https:\/\/dedemesquita.com.br\/index.php?rest_route=\/wp\/v2\/types\/post"}],"author":[{"embeddable":true,"href":"https:\/\/dedemesquita.com.br\/index.php?rest_route=\/wp\/v2\/users\/2"}],"replies":[{"embeddable":true,"href":"https:\/\/dedemesquita.com.br\/index.php?rest_route=%2Fwp%2Fv2%2Fcomments&post=8013"}],"version-history":[{"count":5,"href":"https:\/\/dedemesquita.com.br\/index.php?rest_route=\/wp\/v2\/posts\/8013\/revisions"}],"predecessor-version":[{"id":8030,"href":"https:\/\/dedemesquita.com.br\/index.php?rest_route=\/wp\/v2\/posts\/8013\/revisions\/8030"}],"wp:featuredmedia":[{"embeddable":true,"href":"https:\/\/dedemesquita.com.br\/index.php?rest_route=\/wp\/v2\/media\/8015"}],"wp:attachment":[{"href":"https:\/\/dedemesquita.com.br\/index.php?rest_route=%2Fwp%2Fv2%2Fmedia&parent=8013"}],"wp:term":[{"taxonomy":"category","embeddable":true,"href":"https:\/\/dedemesquita.com.br\/index.php?rest_route=%2Fwp%2Fv2%2Fcategories&post=8013"},{"taxonomy":"post_tag","embeddable":true,"href":"https:\/\/dedemesquita.com.br\/index.php?rest_route=%2Fwp%2Fv2%2Ftags&post=8013"}],"curies":[{"name":"wp","href":"https:\/\/api.w.org\/{rel}","templated":true}]}}