{"id":8006,"date":"2023-11-08T09:47:51","date_gmt":"2023-11-08T12:47:51","guid":{"rendered":"https:\/\/dedemesquita.com.br\/?p=8006"},"modified":"2023-11-08T09:47:52","modified_gmt":"2023-11-08T12:47:52","slug":"cineclube-paraense-e-usina-da-paz-do-icui-guajara-exibem-o-filme-viva-a-vida-e-uma-festa","status":"publish","type":"post","link":"https:\/\/dedemesquita.com.br\/?p=8006","title":{"rendered":"Cineclube Paraense e Usina da Paz do Icu\u00ed-Guajar\u00e1 exibem o filme &#8220;Viva &#8211; A Vida \u00e9 uma Festa&#8221;"},"content":{"rendered":"\n<p><strong>Bel\u00e9m, 8 de novembro de 2023 &#8211; <\/strong>O filme de anima\u00e7\u00e3o <strong>\u201cViva &#8211; A Vida \u00e9 uma Festa\u201d<\/strong> tem exibi\u00e7\u00e3o nesta quarta-feira, 8, a partir das 16 horas, no teatro da Usina da Paz do Icu\u00ed-Guajar\u00e1, em uma parceria firmada entre essa institui\u00e7\u00e3o e o Cineclube Paraense. <strong>A entrada \u00e9 gr\u00e1tis e aberta a todos.<\/strong><\/p>\n\n\n\n<p>Depois da exibi\u00e7\u00e3o, a programa\u00e7\u00e3o ter\u00e1 din\u00e2micas com o p\u00fablico, brincadeiras, distribui\u00e7\u00e3o de brindes e lanche para todos os que s\u00e3o apaixonados pelo cinema, mas antes, os membros do Cineclube conversam com o p\u00fablico e mostram detalhes e informa\u00e7\u00f5es sobre como o filme foi produzido.<\/p>\n\n\n<div class=\"wp-block-image\">\n<figure class=\"aligncenter size-full\"><img loading=\"lazy\" decoding=\"async\" width=\"478\" height=\"850\" src=\"https:\/\/dedemesquita.com.br\/wp-content\/uploads\/2023\/11\/WhatsApp-Image-2023-11-03-at-19.00.25-1.jpeg\" alt=\"\" class=\"wp-image-8009\"\/><figcaption class=\"wp-element-caption\">Convite para todo o p\u00fablico <\/figcaption><\/figure><\/div>\n\n\n<p><strong>Filme &#8211; <\/strong>\u201cViva &#8211; A Vida \u00e9 uma Festa\u201d \u00e9 um filme do ano de 2017, da produtora Disney\/ Pixar, que ganhou muitos pr\u00eamios no ano seguinte, 2028, como o Oscar, Globo de Ouro e BAFTA de Melhor Anima\u00e7\u00e3o.<\/p>\n\n\n\n<p>A hist\u00f3ria de \u201cA Vida \u00e9 uma Festa\u201d mostra Miguel, um menino de 12 anos que quer muito ser um m\u00fasico famoso, mas ele precisa lidar com sua fam\u00edlia que desaprova seu sonho. Determinado a virar o jogo, ele acaba desencadeando uma s\u00e9rie de eventos ligados a um mist\u00e9rio de 100 anos. A aventura, com inspira\u00e7\u00e3o no feriado tradicional mexicano do Dia dos Mortos, acaba gerando uma extraordin\u00e1ria reuni\u00e3o familiar.<\/p>\n\n\n\n<p><strong>Parceria &#8211;<\/strong> Esta \u00e9 segunda vez em que o Cineclube Paraense e a Usina da Paz do Icu\u00ed-Guajar\u00e1 se unem em prol do cinema. No \u00faltimo dia 31 de outubro, o Cineclube participou da Festa de Halloween da Usina, exibindo curtas-metragens paraenses com tem\u00e1ticas sobre as lendas e o folclore da Amaz\u00f4nia.<\/p>\n\n\n\n<p>A ideia \u00e9 que essa parceria continue por muito tempo e que muitos filmes sejam exibidos na Usina da Paz Icu\u00ed-Guajar\u00e1, seguidos sempre de debate com o p\u00fablico para sejam motivados, ainda mais, no p\u00fablico, a curiosidade e o amor pela S\u00e9tima Arte, o cinema. <\/p>\n\n\n\n<p><strong>Servi\u00e7o:<\/strong> Exibi\u00e7\u00e3o do filme <strong>\u201cViva &#8211; A Vida \u00e9 uma Festa\u201d,<\/strong> nesta <strong>quarta-feira, 8, \u00e0s 16 horas<\/strong>, no teatro Professor Amintas Pinheiro da <strong>Usina da Paz do Icu\u00ed-Guajar\u00e1<\/strong>, em parceria com o <strong>Cineclube Paraense<\/strong>. Endere\u00e7o: estrada do Icu\u00ed-Guajar\u00e1, s\/n, esquina com a avenida Independ\u00eancia, Icu\u00ed-Guajar\u00e1, Ananindeua. <strong>Entrada franca.<\/strong><\/p>\n\n\n<div class=\"wp-block-image\">\n<figure class=\"aligncenter size-full\"><img loading=\"lazy\" decoding=\"async\" width=\"800\" height=\"800\" src=\"https:\/\/dedemesquita.com.br\/wp-content\/uploads\/2023\/11\/WhatsApp-Image-2023-10-27-at-16.03.03.jpeg\" alt=\"\" class=\"wp-image-8010\" srcset=\"https:\/\/dedemesquita.com.br\/wp-content\/uploads\/2023\/11\/WhatsApp-Image-2023-10-27-at-16.03.03.jpeg 800w, https:\/\/dedemesquita.com.br\/wp-content\/uploads\/2023\/11\/WhatsApp-Image-2023-10-27-at-16.03.03-150x150.jpeg 150w, https:\/\/dedemesquita.com.br\/wp-content\/uploads\/2023\/11\/WhatsApp-Image-2023-10-27-at-16.03.03-768x768.jpeg 768w\" sizes=\"(max-width: 800px) 100vw, 800px\" \/><figcaption class=\"wp-element-caption\">Mais um refor\u00e7o no convite para todos os que amam o cinema <\/figcaption><\/figure><\/div>","protected":false},"excerpt":{"rendered":"<p>Bel\u00e9m, 8 de novembro de 2023 &#8211; O filme de anima\u00e7\u00e3o \u201cViva &#8211; A Vida \u00e9 uma Festa\u201d tem exibi\u00e7\u00e3o nesta quarta-feira, 8, a partir das 16 horas, no teatro da Usina da Paz do Icu\u00ed-Guajar\u00e1, em uma parceria firmada entre essa institui\u00e7\u00e3o e o Cineclube Paraense. A entrada \u00e9 gr\u00e1tis e aberta a todos. [&hellip;]<\/p>\n","protected":false},"author":2,"featured_media":8007,"comment_status":"open","ping_status":"open","sticky":false,"template":"","format":"standard","meta":{"footnotes":""},"categories":[51,14,29],"tags":[290,175,119,120,400,526],"class_list":["post-8006","post","type-post","status-publish","format-standard","has-post-thumbnail","hentry","category-destaque","category-imprensa","category-jornalismo","tag-cineclube-paraense","tag-governo-do-para","tag-jornalismo","tag-jornalistas-paraenses-em-acao","tag-usina-da-paz","tag-usina-da-paz-icui-guajara"],"yoast_head":"<!-- This site is optimized with the Yoast SEO plugin v19.10 - https:\/\/yoast.com\/wordpress\/plugins\/seo\/ -->\n<title>Cineclube Paraense e Usina da Paz do Icu\u00ed-Guajar\u00e1 exibem o filme &quot;Viva - A Vida \u00e9 uma Festa&quot; - Ded\u00e9 Mesquita<\/title>\n<meta name=\"robots\" content=\"index, follow, max-snippet:-1, max-image-preview:large, max-video-preview:-1\" \/>\n<link rel=\"canonical\" href=\"https:\/\/dedemesquita.com.br\/?p=8006\" \/>\n<meta property=\"og:locale\" content=\"pt_BR\" \/>\n<meta property=\"og:type\" content=\"article\" \/>\n<meta property=\"og:title\" content=\"Cineclube Paraense e Usina da Paz do Icu\u00ed-Guajar\u00e1 exibem o filme &quot;Viva - A Vida \u00e9 uma Festa&quot; - Ded\u00e9 Mesquita\" \/>\n<meta property=\"og:description\" content=\"Bel\u00e9m, 8 de novembro de 2023 &#8211; O filme de anima\u00e7\u00e3o \u201cViva &#8211; A Vida \u00e9 uma Festa\u201d tem exibi\u00e7\u00e3o nesta quarta-feira, 8, a partir das 16 horas, no teatro da Usina da Paz do Icu\u00ed-Guajar\u00e1, em uma parceria firmada entre essa institui\u00e7\u00e3o e o Cineclube Paraense. A entrada \u00e9 gr\u00e1tis e aberta a todos. [&hellip;]\" \/>\n<meta property=\"og:url\" content=\"https:\/\/dedemesquita.com.br\/?p=8006\" \/>\n<meta property=\"og:site_name\" content=\"Ded\u00e9 Mesquita\" \/>\n<meta property=\"article:publisher\" content=\"https:\/\/www.facebook.com\/dede.mesquita\" \/>\n<meta property=\"article:published_time\" content=\"2023-11-08T12:47:51+00:00\" \/>\n<meta property=\"article:modified_time\" content=\"2023-11-08T12:47:52+00:00\" \/>\n<meta property=\"og:image\" content=\"https:\/\/dedemesquita.com.br\/wp-content\/uploads\/2023\/11\/a1.jpeg\" \/>\n\t<meta property=\"og:image:width\" content=\"950\" \/>\n\t<meta property=\"og:image:height\" content=\"534\" \/>\n\t<meta property=\"og:image:type\" content=\"image\/jpeg\" \/>\n<meta name=\"author\" content=\"Ded\u00e9 Mesquita\" \/>\n<meta name=\"twitter:card\" content=\"summary_large_image\" \/>\n<meta name=\"twitter:creator\" content=\"@dedemesquita\" \/>\n<meta name=\"twitter:site\" content=\"@dedemesquita\" \/>\n<meta name=\"twitter:label1\" content=\"Escrito por\" \/>\n\t<meta name=\"twitter:data1\" content=\"Ded\u00e9 Mesquita\" \/>\n\t<meta name=\"twitter:label2\" content=\"Est. tempo de leitura\" \/>\n\t<meta name=\"twitter:data2\" content=\"2 minutos\" \/>\n<script type=\"application\/ld+json\" class=\"yoast-schema-graph\">{\"@context\":\"https:\/\/schema.org\",\"@graph\":[{\"@type\":\"WebPage\",\"@id\":\"https:\/\/dedemesquita.com.br\/?p=8006\",\"url\":\"https:\/\/dedemesquita.com.br\/?p=8006\",\"name\":\"Cineclube Paraense e Usina da Paz do Icu\u00ed-Guajar\u00e1 exibem o filme \\\"Viva - A Vida \u00e9 uma Festa\\\" - Ded\u00e9 Mesquita\",\"isPartOf\":{\"@id\":\"https:\/\/dedemesquita.com.br\/#website\"},\"datePublished\":\"2023-11-08T12:47:51+00:00\",\"dateModified\":\"2023-11-08T12:47:52+00:00\",\"author\":{\"@id\":\"https:\/\/dedemesquita.com.br\/#\/schema\/person\/36571f81dd2d76dc3ab37231542c9e24\"},\"breadcrumb\":{\"@id\":\"https:\/\/dedemesquita.com.br\/?p=8006#breadcrumb\"},\"inLanguage\":\"pt-BR\",\"potentialAction\":[{\"@type\":\"ReadAction\",\"target\":[\"https:\/\/dedemesquita.com.br\/?p=8006\"]}]},{\"@type\":\"BreadcrumbList\",\"@id\":\"https:\/\/dedemesquita.com.br\/?p=8006#breadcrumb\",\"itemListElement\":[{\"@type\":\"ListItem\",\"position\":1,\"name\":\"In\u00edcio\",\"item\":\"https:\/\/dedemesquita.com.br\/\"},{\"@type\":\"ListItem\",\"position\":2,\"name\":\"Cineclube Paraense e Usina da Paz do Icu\u00ed-Guajar\u00e1 exibem o filme &#8220;Viva &#8211; A Vida \u00e9 uma Festa&#8221;\"}]},{\"@type\":\"WebSite\",\"@id\":\"https:\/\/dedemesquita.com.br\/#website\",\"url\":\"https:\/\/dedemesquita.com.br\/\",\"name\":\"Ded\u00e9 Mesquita\",\"description\":\"Um site que mostra os bastidores da imprensa no estado do Par\u00e1 e em Bel\u00e9m\",\"potentialAction\":[{\"@type\":\"SearchAction\",\"target\":{\"@type\":\"EntryPoint\",\"urlTemplate\":\"https:\/\/dedemesquita.com.br\/?s={search_term_string}\"},\"query-input\":\"required name=search_term_string\"}],\"inLanguage\":\"pt-BR\"},{\"@type\":\"Person\",\"@id\":\"https:\/\/dedemesquita.com.br\/#\/schema\/person\/36571f81dd2d76dc3ab37231542c9e24\",\"name\":\"Ded\u00e9 Mesquita\",\"image\":{\"@type\":\"ImageObject\",\"inLanguage\":\"pt-BR\",\"@id\":\"https:\/\/dedemesquita.com.br\/#\/schema\/person\/image\/\",\"url\":\"https:\/\/dedemesquita.com.br\/wp-content\/uploads\/2021\/02\/foto_perfil-150x150.jpg\",\"contentUrl\":\"https:\/\/dedemesquita.com.br\/wp-content\/uploads\/2021\/02\/foto_perfil-150x150.jpg\",\"caption\":\"Ded\u00e9 Mesquita\"},\"sameAs\":[\"https:\/\/dedemesquita.com.br\"]}]}<\/script>\n<!-- \/ Yoast SEO plugin. -->","yoast_head_json":{"title":"Cineclube Paraense e Usina da Paz do Icu\u00ed-Guajar\u00e1 exibem o filme \"Viva - A Vida \u00e9 uma Festa\" - Ded\u00e9 Mesquita","robots":{"index":"index","follow":"follow","max-snippet":"max-snippet:-1","max-image-preview":"max-image-preview:large","max-video-preview":"max-video-preview:-1"},"canonical":"https:\/\/dedemesquita.com.br\/?p=8006","og_locale":"pt_BR","og_type":"article","og_title":"Cineclube Paraense e Usina da Paz do Icu\u00ed-Guajar\u00e1 exibem o filme \"Viva - A Vida \u00e9 uma Festa\" - Ded\u00e9 Mesquita","og_description":"Bel\u00e9m, 8 de novembro de 2023 &#8211; O filme de anima\u00e7\u00e3o \u201cViva &#8211; A Vida \u00e9 uma Festa\u201d tem exibi\u00e7\u00e3o nesta quarta-feira, 8, a partir das 16 horas, no teatro da Usina da Paz do Icu\u00ed-Guajar\u00e1, em uma parceria firmada entre essa institui\u00e7\u00e3o e o Cineclube Paraense. A entrada \u00e9 gr\u00e1tis e aberta a todos. [&hellip;]","og_url":"https:\/\/dedemesquita.com.br\/?p=8006","og_site_name":"Ded\u00e9 Mesquita","article_publisher":"https:\/\/www.facebook.com\/dede.mesquita","article_published_time":"2023-11-08T12:47:51+00:00","article_modified_time":"2023-11-08T12:47:52+00:00","og_image":[{"width":950,"height":534,"url":"https:\/\/dedemesquita.com.br\/wp-content\/uploads\/2023\/11\/a1.jpeg","type":"image\/jpeg"}],"author":"Ded\u00e9 Mesquita","twitter_card":"summary_large_image","twitter_creator":"@dedemesquita","twitter_site":"@dedemesquita","twitter_misc":{"Escrito por":"Ded\u00e9 Mesquita","Est. tempo de leitura":"2 minutos"},"schema":{"@context":"https:\/\/schema.org","@graph":[{"@type":"WebPage","@id":"https:\/\/dedemesquita.com.br\/?p=8006","url":"https:\/\/dedemesquita.com.br\/?p=8006","name":"Cineclube Paraense e Usina da Paz do Icu\u00ed-Guajar\u00e1 exibem o filme \"Viva - A Vida \u00e9 uma Festa\" - Ded\u00e9 Mesquita","isPartOf":{"@id":"https:\/\/dedemesquita.com.br\/#website"},"datePublished":"2023-11-08T12:47:51+00:00","dateModified":"2023-11-08T12:47:52+00:00","author":{"@id":"https:\/\/dedemesquita.com.br\/#\/schema\/person\/36571f81dd2d76dc3ab37231542c9e24"},"breadcrumb":{"@id":"https:\/\/dedemesquita.com.br\/?p=8006#breadcrumb"},"inLanguage":"pt-BR","potentialAction":[{"@type":"ReadAction","target":["https:\/\/dedemesquita.com.br\/?p=8006"]}]},{"@type":"BreadcrumbList","@id":"https:\/\/dedemesquita.com.br\/?p=8006#breadcrumb","itemListElement":[{"@type":"ListItem","position":1,"name":"In\u00edcio","item":"https:\/\/dedemesquita.com.br\/"},{"@type":"ListItem","position":2,"name":"Cineclube Paraense e Usina da Paz do Icu\u00ed-Guajar\u00e1 exibem o filme &#8220;Viva &#8211; A Vida \u00e9 uma Festa&#8221;"}]},{"@type":"WebSite","@id":"https:\/\/dedemesquita.com.br\/#website","url":"https:\/\/dedemesquita.com.br\/","name":"Ded\u00e9 Mesquita","description":"Um site que mostra os bastidores da imprensa no estado do Par\u00e1 e em Bel\u00e9m","potentialAction":[{"@type":"SearchAction","target":{"@type":"EntryPoint","urlTemplate":"https:\/\/dedemesquita.com.br\/?s={search_term_string}"},"query-input":"required name=search_term_string"}],"inLanguage":"pt-BR"},{"@type":"Person","@id":"https:\/\/dedemesquita.com.br\/#\/schema\/person\/36571f81dd2d76dc3ab37231542c9e24","name":"Ded\u00e9 Mesquita","image":{"@type":"ImageObject","inLanguage":"pt-BR","@id":"https:\/\/dedemesquita.com.br\/#\/schema\/person\/image\/","url":"https:\/\/dedemesquita.com.br\/wp-content\/uploads\/2021\/02\/foto_perfil-150x150.jpg","contentUrl":"https:\/\/dedemesquita.com.br\/wp-content\/uploads\/2021\/02\/foto_perfil-150x150.jpg","caption":"Ded\u00e9 Mesquita"},"sameAs":["https:\/\/dedemesquita.com.br"]}]}},"_links":{"self":[{"href":"https:\/\/dedemesquita.com.br\/index.php?rest_route=\/wp\/v2\/posts\/8006"}],"collection":[{"href":"https:\/\/dedemesquita.com.br\/index.php?rest_route=\/wp\/v2\/posts"}],"about":[{"href":"https:\/\/dedemesquita.com.br\/index.php?rest_route=\/wp\/v2\/types\/post"}],"author":[{"embeddable":true,"href":"https:\/\/dedemesquita.com.br\/index.php?rest_route=\/wp\/v2\/users\/2"}],"replies":[{"embeddable":true,"href":"https:\/\/dedemesquita.com.br\/index.php?rest_route=%2Fwp%2Fv2%2Fcomments&post=8006"}],"version-history":[{"count":1,"href":"https:\/\/dedemesquita.com.br\/index.php?rest_route=\/wp\/v2\/posts\/8006\/revisions"}],"predecessor-version":[{"id":8011,"href":"https:\/\/dedemesquita.com.br\/index.php?rest_route=\/wp\/v2\/posts\/8006\/revisions\/8011"}],"wp:featuredmedia":[{"embeddable":true,"href":"https:\/\/dedemesquita.com.br\/index.php?rest_route=\/wp\/v2\/media\/8007"}],"wp:attachment":[{"href":"https:\/\/dedemesquita.com.br\/index.php?rest_route=%2Fwp%2Fv2%2Fmedia&parent=8006"}],"wp:term":[{"taxonomy":"category","embeddable":true,"href":"https:\/\/dedemesquita.com.br\/index.php?rest_route=%2Fwp%2Fv2%2Fcategories&post=8006"},{"taxonomy":"post_tag","embeddable":true,"href":"https:\/\/dedemesquita.com.br\/index.php?rest_route=%2Fwp%2Fv2%2Ftags&post=8006"}],"curies":[{"name":"wp","href":"https:\/\/api.w.org\/{rel}","templated":true}]}}