{"id":7966,"date":"2023-11-07T16:04:33","date_gmt":"2023-11-07T19:04:33","guid":{"rendered":"https:\/\/dedemesquita.com.br\/?p=7966"},"modified":"2023-11-07T19:35:37","modified_gmt":"2023-11-07T22:35:37","slug":"assedio-moral-no-nucleo-de-midias-digitais-da-rba-demissoes-em-o-liberal-e-dol-campanha-ao-sinjor-pega-fogo-e-muito-mais","status":"publish","type":"post","link":"https:\/\/dedemesquita.com.br\/?p=7966","title":{"rendered":"Ass\u00e9dio moral no N\u00facleo de M\u00eddias Digitais da RBA, demiss\u00f5es em O Liberal e DOL, campanha ao Sinjor pega fogo e muito mais"},"content":{"rendered":"\n<p><strong>Bel\u00e9m, 7 de novembro de 2023 &#8211;<\/strong> Olha, olha, se na semana passada, as notas por aqui foram quase &#8220;cheirando a rosas&#8221; de t\u00e3o <em>lights<\/em>, te prepara que hoje, 7, algumas das not\u00edcias a seguir est\u00e3o bem apimentadas. E vamos logo come\u00e7ar: <\/p>\n\n\n\n<p><strong>O Liberal &#8211;<\/strong> <strong>Laiana Damasceno<\/strong>, que come\u00e7ou como <em>free lancer<\/em> em setembro passado no grupo O Liberal, \u00e9 a mais nova rep\u00f3rter<strong> <\/strong>desse ve\u00edculo de comunica\u00e7\u00e3o. <\/p>\n\n\n<div class=\"wp-block-image\">\n<figure class=\"aligncenter size-full\"><img loading=\"lazy\" decoding=\"async\" width=\"667\" height=\"479\" src=\"https:\/\/dedemesquita.com.br\/wp-content\/uploads\/2023\/11\/Laiana-Damasceno.jpeg\" alt=\"\" class=\"wp-image-7972\"\/><figcaption class=\"wp-element-caption\">Laiana Damasceno \u00e9 a nova rep\u00f3rter de O Liberal <\/figcaption><\/figure><\/div>\n\n\n<p><strong>Demiss\u00f5es &#8211; <\/strong>Por outro lado, <strong>o grupo O Liberal <\/strong>continua na pol\u00edtica de demiss\u00f5es de jornalistas que t\u00eam mais tempo \u201cde casa\u201d. Na sexta-feira, 3, <strong>Cary John<\/strong>, com quase 30 anos no grupo, entre reportagem, edi\u00e7\u00e3o e coordenador de reda\u00e7\u00e3o, foi demitido; na segunda-feira, 6, foi a vez de <strong>Enize Vidigal<\/strong>, que tinha mais de 20 anos entre as editorias de pol\u00edtica, pol\u00edcia e cultura.<\/p>\n\n\n<div class=\"wp-block-image\">\n<figure class=\"aligncenter size-full\"><img loading=\"lazy\" decoding=\"async\" width=\"420\" height=\"421\" src=\"https:\/\/dedemesquita.com.br\/wp-content\/uploads\/2023\/11\/Cary-John.jpg\" alt=\"\" class=\"wp-image-7973\" srcset=\"https:\/\/dedemesquita.com.br\/wp-content\/uploads\/2023\/11\/Cary-John.jpg 420w, https:\/\/dedemesquita.com.br\/wp-content\/uploads\/2023\/11\/Cary-John-150x150.jpg 150w\" sizes=\"(max-width: 420px) 100vw, 420px\" \/><figcaption class=\"wp-element-caption\">Cary John deixou o jornal O Liberal <\/figcaption><\/figure><\/div>\n\n\n<p><strong>Ataques &#8211;<\/strong> A demiss\u00e3o de <strong>Enize<\/strong> transparece algo mais grave, porque ela \u00e9 presidente da comiss\u00e3o de elei\u00e7\u00e3o 2023 do <strong>Sindicato de Jornalistas do Par\u00e1 &#8211; Sinjor-PA<\/strong>, e est\u00e1 recebendo constantes ataques direcionados pela chapa de oposi\u00e7\u00e3o \u00e0 atual diretoria do Sindicato, dos jornais <strong>O Liberal <\/strong>e <strong>Di\u00e1rio do Par\u00e1 <\/strong>e tamb\u00e9m dos sites <strong>O Antag\u00f4nico<\/strong>, <strong>Par\u00e1 Web News<\/strong> e <strong>O Estado do Par\u00e1 On Line<\/strong>. A atual diretoria do Sinjor-PA publicou nota de apoio \u00e0 Enize. <\/p>\n\n\n<div class=\"wp-block-image\">\n<figure class=\"aligncenter size-full\"><img loading=\"lazy\" decoding=\"async\" width=\"551\" height=\"559\" src=\"https:\/\/dedemesquita.com.br\/wp-content\/uploads\/2023\/11\/WhatsApp-Image-2023-11-07-at-15.41.35.jpeg\" alt=\"\" class=\"wp-image-7974\"\/><figcaption class=\"wp-element-caption\">Enize Vidigal tem sido alvo de constantes ataques de jornais e sites <\/figcaption><\/figure><\/div>\n\n\n<p><strong>Outra demiss\u00e3o &#8211; <\/strong>Outra demiss\u00e3o pol\u00eamica foi a do rep\u00f3rter <strong>Magno Fernandes<\/strong>, da editoria de esportes do portal <strong>Di\u00e1rio on Line &#8211; DOL<\/strong>, do grupo <strong>RBA<\/strong>. No m\u00eas passado, Magno recebeu puni\u00e7\u00e3o desse ve\u00edculo, depois que uma reportagem escrita por ele, sobre o acesso do Paysandu \u00e0 S\u00e9rie B, foi colocada erroneamente no ar por outro profissional que estava respons\u00e1vel por isso. &nbsp;Quase um m\u00eas depois, Magno foi demitido.<\/p>\n\n\n<div class=\"wp-block-image\">\n<figure class=\"aligncenter size-full\"><img loading=\"lazy\" decoding=\"async\" width=\"573\" height=\"343\" src=\"https:\/\/dedemesquita.com.br\/wp-content\/uploads\/2023\/11\/WhatsApp-Image-2023-11-07-at-15.43.02.jpeg\" alt=\"\" class=\"wp-image-7975\"\/><figcaption class=\"wp-element-caption\">Magno Fernandes deixou o portal DOL em meio a uma hist\u00f3ria bem nebulosa<\/figcaption><\/figure><\/div>\n\n\n<p><strong>Ass\u00e9dio moral e outras mais &#8211; <\/strong>Por falar no <strong>grupo RBA<\/strong>, as coisas se complicaram l\u00e1 por conta da revolta dos funcion\u00e1rios do <strong>N\u00facleo de M\u00eddias Digitais<\/strong>, que fizeram den\u00fancias de ass\u00e9dio moral e \u2018otras cositas m\u00e1s\u2019 promovidas por duas pessoas desse setor, uma \u00e9 a gerente, <strong>D.C.<\/strong>, com apoio do social media, <strong>R.A.<\/strong>, que, como disse a den\u00fancia \u201c\u00c9 o c\u00e3o!\u201d. O pior \u00e9 que ele &#8211;<strong> R.A.<\/strong> &#8211; estaria <strong>vendendo<\/strong> mat\u00e9rias para redes sociais, sem a diretoria da RBA saber; usaria o programa Canva da empresa para fazer trabalhos de fora dele, o famoso \u201cchen&#8221;; e tudo seria sob a coniv\u00eancia da coordenadora do setor, <strong>D.C., <\/strong>que \u00e9 muito amiga de<strong> R.A.<\/strong> Recentemente, 12 pessoas do N\u00facleo de M\u00eddias fizeram in\u00fameras den\u00fancias a<strong> Jader Barbalho Neto<\/strong>, que,<em> na teoria<\/em> \u00e9 o <strong>supervisor do N\u00facleo de M\u00eddias<\/strong>. O rapaz, bem novinho, por sinal, \u00e9 a terceira gera\u00e7\u00e3o de Barbalho que come\u00e7ou a trabalhar na empresa, como este site j\u00e1 publicou. Neto \u00e9 filho de Jaderzinho, o ministro, e sobrinho do gove Heldissss. Sem ter muito o que fazer, Neto aconselhou aos funcion\u00e1rios que levassem as den\u00fancias ao <strong>RH da empresa<\/strong>, o que come\u00e7ou a ser feito na segunda-feira, 6. <em>Mas assim&#8230;<\/em><\/p>\n\n\n\n<p><strong>Campanha pegando fogo &#8211; <\/strong>Nessa campanha \u00e0 elei\u00e7\u00e3o do Sindicato dos Jornalistas, dentre os v\u00e1rios ataques da chapa de oposi\u00e7\u00e3o a <strong>Vito Gemaque<\/strong>, atual presidente do Sinjor-PA, um deles foi que ele seria \u201cracista\u201d. A dire\u00e7\u00e3o do Sindicato denunciou o crime de cal\u00fania, supostamente cometido pela <strong>Associa\u00e7\u00e3o Internacional dos Jornalistas da Amaz\u00f4nia &#8211; AIJAM<\/strong>, ligada \u00e0 chapa de oposi\u00e7\u00e3o, em nota publicada por essa associa\u00e7\u00e3o, na imprensa, no \u00faltimo s\u00e1bado, 4. Gemaque registrou um Boletim de Ocorr\u00eancia na segunda-feira, 6, na\u00a0Delegacia da Pol\u00edcia Civil do\u00a0Par\u00e1. Em um v\u00eddeo publicado nas redes sociais, Vito se defendeu e disse que tem como provar que a nota \u00e9 mentirosa, e afirma ainda que essa n\u00e3o \u00e9 a primeira vez que \u00e9 atacado em meio \u00e0 campanha da elei\u00e7\u00e3o do sindicato. A nota sobre Vito foi reproduzida pelo <strong>jornal Di\u00e1rio do Par\u00e1<\/strong>.<\/p>\n\n\n<div class=\"wp-block-image\">\n<figure class=\"aligncenter size-full\"><img loading=\"lazy\" decoding=\"async\" width=\"492\" height=\"458\" src=\"https:\/\/dedemesquita.com.br\/wp-content\/uploads\/2023\/11\/WhatsApp-Image-2023-11-07-at-16.01.22.jpeg\" alt=\"\" class=\"wp-image-7987\"\/><figcaption class=\"wp-element-caption\">Vito Gemaque \u00e9 candidato \u00e0 reelei\u00e7\u00e3o no Sinjor-PA <\/figcaption><\/figure><\/div>\n\n\n<p><strong>Amaz\u00f4nia Vox &#8211;<\/strong> O Amaz\u00f4nia Vox foi um dos selecionados, entre 80 iniciativas de todo Pa\u00eds, como um dos \u201ccasos de sucesso\u201d do programa Acelerando Neg\u00f3cios Digitais, realizado pela Meta e pelo International Center for Journalists &#8211; ICFJ. O idealizador da plataforma, Daniel Nardin, participou em S\u00e3o Paulo de uma mesa de debates, nesta ter\u00e7a-feira, 7, sobre inova\u00e7\u00e3o no jornalismo e apresentou o projeto para jornalistas, representantes de associa\u00e7\u00f5es e empresas de m\u00eddia e investidores. Al\u00e9m de S\u00e3o Paulo, o Amaz\u00f4nia Vox tamb\u00e9m ser\u00e1 apresentado, nesta semana, em evento semelhante do ICFJ em Recife-PE, sendo o \u00fanico escolhido para dois dos quatro eventos regionais da Meta\/ICFJ no Brasil.<\/p>\n\n\n<div class=\"wp-block-image\">\n<figure class=\"aligncenter size-full\"><img loading=\"lazy\" decoding=\"async\" width=\"750\" height=\"697\" src=\"https:\/\/dedemesquita.com.br\/wp-content\/uploads\/2023\/11\/Daniel-Nardin.jpeg\" alt=\"\" class=\"wp-image-7990\"\/><figcaption class=\"wp-element-caption\">Daniel Nardin em evento da Meta em S\u00e3o Paulo<\/figcaption><\/figure><\/div>\n\n<div class=\"wp-block-image\">\n<figure class=\"aligncenter size-full\"><img loading=\"lazy\" decoding=\"async\" width=\"750\" height=\"520\" src=\"https:\/\/dedemesquita.com.br\/wp-content\/uploads\/2023\/11\/WhatsApp-Image-2023-11-07-at-16.05.39.jpeg\" alt=\"\" class=\"wp-image-7991\"\/><figcaption class=\"wp-element-caption\">Mesa redonda da qual Daniel participou <\/figcaption><\/figure><\/div>\n\n\n<p><strong>Amaz\u00f4nia+ &#8211;<\/strong> O <strong>Instituto Amaz\u00f4nia+<\/strong>, gerenciado pelo jornalista <strong>Reginaldo Ramos<\/strong>, trabalha projetos e conte\u00fados pautados para a Amaz\u00f4nia paraense, j\u00e1 com foco na COP-30, confer\u00eancia para o clima que ser\u00e1 no Par\u00e1 em 2025. Para 2024, ter\u00e1 novas edi\u00e7\u00f5es do <strong>\u201cAgroAmaz\u00f4nia\u201d<\/strong>, sobre o setor produtivo do Par\u00e1; a terceira temporada da <strong>\u201cExpedi\u00e7\u00e3o Jornal\u00edstica Amaz\u00f4nia+\u201d<\/strong>, que mostrar\u00e1 a riqueza hist\u00f3rica, cultural e social das cidades do Maraj\u00f3; e o ainda embrion\u00e1rio <strong>\u201cLa\u00e7os da Amaz\u00f4nia\u201d<\/strong>, que ir\u00e1 destacar as vozes dos povos origin\u00e1rios e quilombolas da Amaz\u00f4nia paraense. A in\u00e9dita s\u00e9rie <strong>\u201cRa\u00edzes de Bel\u00e9m\u201d<\/strong> mostrar\u00e1 a evolu\u00e7\u00e3o de Bel\u00e9m, a riqueza arquitet\u00f4nica, o cotidiano e os segredos dos bairros da capital. As reportagens s\u00e3o de Reginaldo Ramos e produ\u00e7\u00e3o da ag\u00eancia<strong> R3-Comunica\u00e7\u00e3o<\/strong>. A produtora R3-Comunica\u00e7\u00e3o dispara seus conte\u00fados para TV aberta e fechada e agora tamb\u00e9m conta com o portal <a href=\"https:\/\/www.amazoniamais.tv.br\/\"><strong>https:\/\/www.amazoniamais.tv.br\/<\/strong><\/a> que caminha para ser a primeira Web-TV do Par\u00e1, com grade 24 horas no ar.<\/p>\n\n\n<div class=\"wp-block-image\">\n<figure class=\"aligncenter size-full\"><img loading=\"lazy\" decoding=\"async\" width=\"700\" height=\"549\" src=\"https:\/\/dedemesquita.com.br\/wp-content\/uploads\/2023\/11\/Reginaldo-Ramos.jpeg\" alt=\"\" class=\"wp-image-7977\"\/><figcaption class=\"wp-element-caption\">Reginaldo Ramos faz a reportagens e coordena o Instituto Amaz\u00f4nia+<\/figcaption><\/figure><\/div>\n\n<div class=\"wp-block-image\">\n<figure class=\"aligncenter size-full\"><img loading=\"lazy\" decoding=\"async\" width=\"800\" height=\"537\" src=\"https:\/\/dedemesquita.com.br\/wp-content\/uploads\/2023\/11\/WhatsApp-Image-2023-11-01-at-12.14.57.jpeg\" alt=\"\" class=\"wp-image-7978\" srcset=\"https:\/\/dedemesquita.com.br\/wp-content\/uploads\/2023\/11\/WhatsApp-Image-2023-11-01-at-12.14.57.jpeg 800w, https:\/\/dedemesquita.com.br\/wp-content\/uploads\/2023\/11\/WhatsApp-Image-2023-11-01-at-12.14.57-768x516.jpeg 768w\" sizes=\"(max-width: 800px) 100vw, 800px\" \/><figcaption class=\"wp-element-caption\">Equipe da produtora R3-Comunica\u00e7\u00e3o em grava\u00e7\u00f5es por essa Amaz\u00f4nia paraense afora <\/figcaption><\/figure><\/div>\n\n\n<p><strong>Infantil por Ana Danin &#8211; <\/strong>A jornalista <strong>Ana Danin<\/strong> vai lan\u00e7ar o primeiro livro dela, a hist\u00f3ria infantil <strong>&#8220;Teca, a Gata Sapeca&#8221;<\/strong>, um convite a brincar e criar mem\u00f3rias afetivas com as crian\u00e7as. Em breve, ele estar\u00e1 dispon\u00edvel online e tamb\u00e9m haver\u00e1 um lan\u00e7amento presencial. Quem mora em Bel\u00e9m, no Par\u00e1, n\u00e3o precisa esperar: \u00e9 s\u00f3 enviar WhatsApp para <strong>91 98427-9120 <\/strong>que Danin faz a entrega. O valor do livro \u00e9 R$ 49,90 e os pagamentos podem ser feitos por <strong>pix <\/strong>no e-mail <a href=\"mailto:anadanin@gmail.com\"><strong>anadanin@gmail.com<\/strong><\/a><\/p>\n\n\n<div class=\"wp-block-image\">\n<figure class=\"aligncenter size-full\"><img loading=\"lazy\" decoding=\"async\" width=\"553\" height=\"481\" src=\"https:\/\/dedemesquita.com.br\/wp-content\/uploads\/2023\/11\/WhatsApp-Image-2023-11-07-at-14.57.04.jpeg\" alt=\"\" class=\"wp-image-7979\"\/><figcaption class=\"wp-element-caption\">Ana Danin lan\u00e7a seu primeiro livro &#8220;Teca, a Gata Sapeca&#8221; <\/figcaption><\/figure><\/div>\n\n\n<p><strong>Livro de Fabiana &#8211;<\/strong> A jornalista e professora <strong>Fabiana Moraes<\/strong>, da Universidade Federal de Pernambuco, lan\u00e7a em Bel\u00e9m, <strong>na sexta-feira, dia 10<\/strong>, o livro <strong>\u201cA Pauta \u00e9 uma Arma de Combate\u201d<\/strong>, da editora Arquip\u00e9lago, que reflete sobre o jornalismo, especificamente sobre a pauta, como tecnologia para um agir. Ser\u00e1 \u00e0s 10 horas, seguida de conversa com a autora, <strong>no audit\u00f3rio do PPGCom\/UFPA<\/strong>.<\/p>\n\n\n<div class=\"wp-block-image\">\n<figure class=\"aligncenter size-full\"><img loading=\"lazy\" decoding=\"async\" width=\"750\" height=\"533\" src=\"https:\/\/dedemesquita.com.br\/wp-content\/uploads\/2023\/11\/Fabiana-Moraes.jpeg\" alt=\"\" class=\"wp-image-7980\"\/><figcaption class=\"wp-element-caption\">Fabiana Moraes lan\u00e7a livro na sexta-feira, 10, na UFPA <\/figcaption><\/figure><\/div>\n\n\n<p><strong>Congresso &#8211;<\/strong> O <strong>XVII Congresso Brasileiro dos Assessores de Comunica\u00e7\u00e3o do Sistema de Justi\u00e7a &#8211; Conbrascom<\/strong> ocorre entre os dias 8 e 10 de novembro, na sede do Tribunal de Justi\u00e7a do Estado do Par\u00e1, em Bel\u00e9m-PA. Dentro da programa\u00e7\u00e3o, a <strong>jornalista paraense Cristina Serra <\/strong>lan\u00e7a o livro \u201cN\u00f3s, Sobreviventes do \u00d3dio\u201d.<\/p>\n\n\n<div class=\"wp-block-image\">\n<figure class=\"aligncenter size-full\"><img loading=\"lazy\" decoding=\"async\" width=\"600\" height=\"600\" src=\"https:\/\/dedemesquita.com.br\/wp-content\/uploads\/2023\/11\/Cristina-Serra.jpg\" alt=\"\" class=\"wp-image-7981\" srcset=\"https:\/\/dedemesquita.com.br\/wp-content\/uploads\/2023\/11\/Cristina-Serra.jpg 600w, https:\/\/dedemesquita.com.br\/wp-content\/uploads\/2023\/11\/Cristina-Serra-150x150.jpg 150w\" sizes=\"(max-width: 600px) 100vw, 600px\" \/><figcaption class=\"wp-element-caption\">Cristina Serra lan\u00e7a livro em congresso em Bel\u00e9m <\/figcaption><\/figure><\/div>\n\n\n<p><strong>Seabra &#8211;<\/strong> O fot\u00f3grafo <strong>Marcelo Seabra<\/strong>, depois de ser demitido pela Secom-PA, voltou \u00e0 carreira de corretor de im\u00f3veis, na qual est\u00e1 fazendo muito sucesso. Sob o <strong>CRECI 9426<\/strong>, ele j\u00e1 vendeu tr\u00eas lotes de um empreendimento em Bel\u00e9m. Seabra continua tamb\u00e9m na carreira de fot\u00f3grafo e come\u00e7ou o projeto <strong>\u201cExpedi\u00e7\u00e3o On Off Road Photo\u201d<\/strong>, que teve in\u00edcio pela capital paraense.<\/p>\n\n\n<div class=\"wp-block-image\">\n<figure class=\"aligncenter size-full\"><img loading=\"lazy\" decoding=\"async\" width=\"419\" height=\"419\" src=\"https:\/\/dedemesquita.com.br\/wp-content\/uploads\/2023\/11\/WhatsApp-Image-2023-11-07-at-14.02.48.jpeg\" alt=\"\" class=\"wp-image-7982\" srcset=\"https:\/\/dedemesquita.com.br\/wp-content\/uploads\/2023\/11\/WhatsApp-Image-2023-11-07-at-14.02.48.jpeg 419w, https:\/\/dedemesquita.com.br\/wp-content\/uploads\/2023\/11\/WhatsApp-Image-2023-11-07-at-14.02.48-150x150.jpeg 150w\" sizes=\"(max-width: 419px) 100vw, 419px\" \/><figcaption class=\"wp-element-caption\">Marcelo Seabra em meio a fotos e empreendimentos imobili\u00e1rios <\/figcaption><\/figure><\/div>\n\n<div class=\"wp-block-image\">\n<figure class=\"aligncenter size-full\"><img loading=\"lazy\" decoding=\"async\" width=\"500\" height=\"333\" src=\"https:\/\/dedemesquita.com.br\/wp-content\/uploads\/2023\/11\/WhatsApp-Image-2023-11-07-at-14.16.27.jpeg\" alt=\"\" class=\"wp-image-7983\"\/><figcaption class=\"wp-element-caption\">Foto de Marcelo Seabra <\/figcaption><\/figure><\/div>","protected":false},"excerpt":{"rendered":"<p>Bel\u00e9m, 7 de novembro de 2023 &#8211; Olha, olha, se na semana passada, as notas por aqui foram quase &#8220;cheirando a rosas&#8221; de t\u00e3o lights, te prepara que hoje, 7, algumas das not\u00edcias a seguir est\u00e3o bem apimentadas. E vamos logo come\u00e7ar: O Liberal &#8211; Laiana Damasceno, que come\u00e7ou como free lancer em setembro passado [&hellip;]<\/p>\n","protected":false},"author":2,"featured_media":7971,"comment_status":"open","ping_status":"open","sticky":false,"template":"","format":"standard","meta":{"footnotes":""},"categories":[51,14,29],"tags":[377,181,184,236,119,120,235,144,280,525,130],"class_list":["post-7966","post","type-post","status-publish","format-standard","has-post-thumbnail","hentry","category-destaque","category-imprensa","category-jornalismo","tag-amazonia-vox","tag-diario-do-para","tag-dol","tag-facom-ufpa","tag-jornalismo","tag-jornalistas-paraenses-em-acao","tag-o-antagonico","tag-o-liberal","tag-para-web-news","tag-r3-comunicacao","tag-sinjor-pa"],"yoast_head":"<!-- This site is optimized with the Yoast SEO plugin v19.10 - https:\/\/yoast.com\/wordpress\/plugins\/seo\/ -->\n<title>Ass\u00e9dio moral no N\u00facleo de M\u00eddias Digitais da RBA, demiss\u00f5es em O Liberal e DOL, campanha ao Sinjor pega fogo e muito mais - Ded\u00e9 Mesquita<\/title>\n<meta name=\"robots\" content=\"index, follow, max-snippet:-1, max-image-preview:large, max-video-preview:-1\" \/>\n<link rel=\"canonical\" href=\"https:\/\/dedemesquita.com.br\/?p=7966\" \/>\n<meta property=\"og:locale\" content=\"pt_BR\" \/>\n<meta property=\"og:type\" content=\"article\" \/>\n<meta property=\"og:title\" content=\"Ass\u00e9dio moral no N\u00facleo de M\u00eddias Digitais da RBA, demiss\u00f5es em O Liberal e DOL, campanha ao Sinjor pega fogo e muito mais - Ded\u00e9 Mesquita\" \/>\n<meta property=\"og:description\" content=\"Bel\u00e9m, 7 de novembro de 2023 &#8211; Olha, olha, se na semana passada, as notas por aqui foram quase &#8220;cheirando a rosas&#8221; de t\u00e3o lights, te prepara que hoje, 7, algumas das not\u00edcias a seguir est\u00e3o bem apimentadas. E vamos logo come\u00e7ar: O Liberal &#8211; Laiana Damasceno, que come\u00e7ou como free lancer em setembro passado [&hellip;]\" \/>\n<meta property=\"og:url\" content=\"https:\/\/dedemesquita.com.br\/?p=7966\" \/>\n<meta property=\"og:site_name\" content=\"Ded\u00e9 Mesquita\" \/>\n<meta property=\"article:publisher\" content=\"https:\/\/www.facebook.com\/dede.mesquita\" \/>\n<meta property=\"article:published_time\" content=\"2023-11-07T19:04:33+00:00\" \/>\n<meta property=\"article:modified_time\" content=\"2023-11-07T22:35:37+00:00\" \/>\n<meta property=\"og:image\" content=\"https:\/\/dedemesquita.com.br\/wp-content\/uploads\/2023\/11\/RBA.jpg\" \/>\n\t<meta property=\"og:image:width\" content=\"950\" \/>\n\t<meta property=\"og:image:height\" content=\"588\" \/>\n\t<meta property=\"og:image:type\" content=\"image\/jpeg\" \/>\n<meta name=\"author\" content=\"Ded\u00e9 Mesquita\" \/>\n<meta name=\"twitter:card\" content=\"summary_large_image\" \/>\n<meta name=\"twitter:creator\" content=\"@dedemesquita\" \/>\n<meta name=\"twitter:site\" content=\"@dedemesquita\" \/>\n<meta name=\"twitter:label1\" content=\"Escrito por\" \/>\n\t<meta name=\"twitter:data1\" content=\"Ded\u00e9 Mesquita\" \/>\n\t<meta name=\"twitter:label2\" content=\"Est. tempo de leitura\" \/>\n\t<meta name=\"twitter:data2\" content=\"7 minutos\" \/>\n<script type=\"application\/ld+json\" class=\"yoast-schema-graph\">{\"@context\":\"https:\/\/schema.org\",\"@graph\":[{\"@type\":\"WebPage\",\"@id\":\"https:\/\/dedemesquita.com.br\/?p=7966\",\"url\":\"https:\/\/dedemesquita.com.br\/?p=7966\",\"name\":\"Ass\u00e9dio moral no N\u00facleo de M\u00eddias Digitais da RBA, demiss\u00f5es em O Liberal e DOL, campanha ao Sinjor pega fogo e muito mais - Ded\u00e9 Mesquita\",\"isPartOf\":{\"@id\":\"https:\/\/dedemesquita.com.br\/#website\"},\"datePublished\":\"2023-11-07T19:04:33+00:00\",\"dateModified\":\"2023-11-07T22:35:37+00:00\",\"author\":{\"@id\":\"https:\/\/dedemesquita.com.br\/#\/schema\/person\/36571f81dd2d76dc3ab37231542c9e24\"},\"breadcrumb\":{\"@id\":\"https:\/\/dedemesquita.com.br\/?p=7966#breadcrumb\"},\"inLanguage\":\"pt-BR\",\"potentialAction\":[{\"@type\":\"ReadAction\",\"target\":[\"https:\/\/dedemesquita.com.br\/?p=7966\"]}]},{\"@type\":\"BreadcrumbList\",\"@id\":\"https:\/\/dedemesquita.com.br\/?p=7966#breadcrumb\",\"itemListElement\":[{\"@type\":\"ListItem\",\"position\":1,\"name\":\"In\u00edcio\",\"item\":\"https:\/\/dedemesquita.com.br\/\"},{\"@type\":\"ListItem\",\"position\":2,\"name\":\"Ass\u00e9dio moral no N\u00facleo de M\u00eddias Digitais da RBA, demiss\u00f5es em O Liberal e DOL, campanha ao Sinjor pega fogo e muito mais\"}]},{\"@type\":\"WebSite\",\"@id\":\"https:\/\/dedemesquita.com.br\/#website\",\"url\":\"https:\/\/dedemesquita.com.br\/\",\"name\":\"Ded\u00e9 Mesquita\",\"description\":\"Um site que mostra os bastidores da imprensa no estado do Par\u00e1 e em Bel\u00e9m\",\"potentialAction\":[{\"@type\":\"SearchAction\",\"target\":{\"@type\":\"EntryPoint\",\"urlTemplate\":\"https:\/\/dedemesquita.com.br\/?s={search_term_string}\"},\"query-input\":\"required name=search_term_string\"}],\"inLanguage\":\"pt-BR\"},{\"@type\":\"Person\",\"@id\":\"https:\/\/dedemesquita.com.br\/#\/schema\/person\/36571f81dd2d76dc3ab37231542c9e24\",\"name\":\"Ded\u00e9 Mesquita\",\"image\":{\"@type\":\"ImageObject\",\"inLanguage\":\"pt-BR\",\"@id\":\"https:\/\/dedemesquita.com.br\/#\/schema\/person\/image\/\",\"url\":\"https:\/\/dedemesquita.com.br\/wp-content\/uploads\/2021\/02\/foto_perfil-150x150.jpg\",\"contentUrl\":\"https:\/\/dedemesquita.com.br\/wp-content\/uploads\/2021\/02\/foto_perfil-150x150.jpg\",\"caption\":\"Ded\u00e9 Mesquita\"},\"sameAs\":[\"https:\/\/dedemesquita.com.br\"]}]}<\/script>\n<!-- \/ Yoast SEO plugin. -->","yoast_head_json":{"title":"Ass\u00e9dio moral no N\u00facleo de M\u00eddias Digitais da RBA, demiss\u00f5es em O Liberal e DOL, campanha ao Sinjor pega fogo e muito mais - Ded\u00e9 Mesquita","robots":{"index":"index","follow":"follow","max-snippet":"max-snippet:-1","max-image-preview":"max-image-preview:large","max-video-preview":"max-video-preview:-1"},"canonical":"https:\/\/dedemesquita.com.br\/?p=7966","og_locale":"pt_BR","og_type":"article","og_title":"Ass\u00e9dio moral no N\u00facleo de M\u00eddias Digitais da RBA, demiss\u00f5es em O Liberal e DOL, campanha ao Sinjor pega fogo e muito mais - Ded\u00e9 Mesquita","og_description":"Bel\u00e9m, 7 de novembro de 2023 &#8211; Olha, olha, se na semana passada, as notas por aqui foram quase &#8220;cheirando a rosas&#8221; de t\u00e3o lights, te prepara que hoje, 7, algumas das not\u00edcias a seguir est\u00e3o bem apimentadas. E vamos logo come\u00e7ar: O Liberal &#8211; Laiana Damasceno, que come\u00e7ou como free lancer em setembro passado [&hellip;]","og_url":"https:\/\/dedemesquita.com.br\/?p=7966","og_site_name":"Ded\u00e9 Mesquita","article_publisher":"https:\/\/www.facebook.com\/dede.mesquita","article_published_time":"2023-11-07T19:04:33+00:00","article_modified_time":"2023-11-07T22:35:37+00:00","og_image":[{"width":950,"height":588,"url":"https:\/\/dedemesquita.com.br\/wp-content\/uploads\/2023\/11\/RBA.jpg","type":"image\/jpeg"}],"author":"Ded\u00e9 Mesquita","twitter_card":"summary_large_image","twitter_creator":"@dedemesquita","twitter_site":"@dedemesquita","twitter_misc":{"Escrito por":"Ded\u00e9 Mesquita","Est. tempo de leitura":"7 minutos"},"schema":{"@context":"https:\/\/schema.org","@graph":[{"@type":"WebPage","@id":"https:\/\/dedemesquita.com.br\/?p=7966","url":"https:\/\/dedemesquita.com.br\/?p=7966","name":"Ass\u00e9dio moral no N\u00facleo de M\u00eddias Digitais da RBA, demiss\u00f5es em O Liberal e DOL, campanha ao Sinjor pega fogo e muito mais - Ded\u00e9 Mesquita","isPartOf":{"@id":"https:\/\/dedemesquita.com.br\/#website"},"datePublished":"2023-11-07T19:04:33+00:00","dateModified":"2023-11-07T22:35:37+00:00","author":{"@id":"https:\/\/dedemesquita.com.br\/#\/schema\/person\/36571f81dd2d76dc3ab37231542c9e24"},"breadcrumb":{"@id":"https:\/\/dedemesquita.com.br\/?p=7966#breadcrumb"},"inLanguage":"pt-BR","potentialAction":[{"@type":"ReadAction","target":["https:\/\/dedemesquita.com.br\/?p=7966"]}]},{"@type":"BreadcrumbList","@id":"https:\/\/dedemesquita.com.br\/?p=7966#breadcrumb","itemListElement":[{"@type":"ListItem","position":1,"name":"In\u00edcio","item":"https:\/\/dedemesquita.com.br\/"},{"@type":"ListItem","position":2,"name":"Ass\u00e9dio moral no N\u00facleo de M\u00eddias Digitais da RBA, demiss\u00f5es em O Liberal e DOL, campanha ao Sinjor pega fogo e muito mais"}]},{"@type":"WebSite","@id":"https:\/\/dedemesquita.com.br\/#website","url":"https:\/\/dedemesquita.com.br\/","name":"Ded\u00e9 Mesquita","description":"Um site que mostra os bastidores da imprensa no estado do Par\u00e1 e em Bel\u00e9m","potentialAction":[{"@type":"SearchAction","target":{"@type":"EntryPoint","urlTemplate":"https:\/\/dedemesquita.com.br\/?s={search_term_string}"},"query-input":"required name=search_term_string"}],"inLanguage":"pt-BR"},{"@type":"Person","@id":"https:\/\/dedemesquita.com.br\/#\/schema\/person\/36571f81dd2d76dc3ab37231542c9e24","name":"Ded\u00e9 Mesquita","image":{"@type":"ImageObject","inLanguage":"pt-BR","@id":"https:\/\/dedemesquita.com.br\/#\/schema\/person\/image\/","url":"https:\/\/dedemesquita.com.br\/wp-content\/uploads\/2021\/02\/foto_perfil-150x150.jpg","contentUrl":"https:\/\/dedemesquita.com.br\/wp-content\/uploads\/2021\/02\/foto_perfil-150x150.jpg","caption":"Ded\u00e9 Mesquita"},"sameAs":["https:\/\/dedemesquita.com.br"]}]}},"_links":{"self":[{"href":"https:\/\/dedemesquita.com.br\/index.php?rest_route=\/wp\/v2\/posts\/7966"}],"collection":[{"href":"https:\/\/dedemesquita.com.br\/index.php?rest_route=\/wp\/v2\/posts"}],"about":[{"href":"https:\/\/dedemesquita.com.br\/index.php?rest_route=\/wp\/v2\/types\/post"}],"author":[{"embeddable":true,"href":"https:\/\/dedemesquita.com.br\/index.php?rest_route=\/wp\/v2\/users\/2"}],"replies":[{"embeddable":true,"href":"https:\/\/dedemesquita.com.br\/index.php?rest_route=%2Fwp%2Fv2%2Fcomments&post=7966"}],"version-history":[{"count":19,"href":"https:\/\/dedemesquita.com.br\/index.php?rest_route=\/wp\/v2\/posts\/7966\/revisions"}],"predecessor-version":[{"id":8005,"href":"https:\/\/dedemesquita.com.br\/index.php?rest_route=\/wp\/v2\/posts\/7966\/revisions\/8005"}],"wp:featuredmedia":[{"embeddable":true,"href":"https:\/\/dedemesquita.com.br\/index.php?rest_route=\/wp\/v2\/media\/7971"}],"wp:attachment":[{"href":"https:\/\/dedemesquita.com.br\/index.php?rest_route=%2Fwp%2Fv2%2Fmedia&parent=7966"}],"wp:term":[{"taxonomy":"category","embeddable":true,"href":"https:\/\/dedemesquita.com.br\/index.php?rest_route=%2Fwp%2Fv2%2Fcategories&post=7966"},{"taxonomy":"post_tag","embeddable":true,"href":"https:\/\/dedemesquita.com.br\/index.php?rest_route=%2Fwp%2Fv2%2Ftags&post=7966"}],"curies":[{"name":"wp","href":"https:\/\/api.w.org\/{rel}","templated":true}]}}