{"id":7951,"date":"2023-11-07T11:06:10","date_gmt":"2023-11-07T14:06:10","guid":{"rendered":"https:\/\/dedemesquita.com.br\/?p=7951"},"modified":"2023-11-07T11:22:40","modified_gmt":"2023-11-07T14:22:40","slug":"curta-metragem-paraense-inedito-estreia-em-sao-paulo-na-quarta-feira-dia-8","status":"publish","type":"post","link":"https:\/\/dedemesquita.com.br\/?p=7951","title":{"rendered":"Curta-metragem paraense in\u00e9dito estreia em S\u00e3o Paulo na quarta-feira, dia 8"},"content":{"rendered":"\n<p><strong>Bel\u00e9m, 7 de novembro de 2023 &#8211;<\/strong> Estreia nesta quarta-feira, dia 8, em S\u00e3o Paulo, mais uma produ\u00e7\u00e3o audiovisual paraense: o <strong>curta-metragem &#8220;Sem Encruzilhadas\u201d<\/strong>, com roteiro e dire\u00e7\u00e3o do paraense M\u00e1rio Costa, que tem lan\u00e7amento, \u00e0s 15 horas, na sede do instituto Ita\u00fa Cultural, na capital paulista.<\/p>\n\n\n<div class=\"wp-block-image\">\n<figure class=\"aligncenter size-full\"><img loading=\"lazy\" decoding=\"async\" width=\"700\" height=\"533\" src=\"https:\/\/dedemesquita.com.br\/wp-content\/uploads\/2023\/11\/WhatsApp-Image-2023-11-06-at-16.44.15-3.jpeg\" alt=\"\" class=\"wp-image-7956\"\/><figcaption class=\"wp-element-caption\">Mario Costa, de camiseta branca, \u00e9 roteirista, montador e diretor do curta &#8220;Sem Encruzilhadas&#8221;<\/figcaption><\/figure><\/div>\n\n\n<p>O curta \u00e9 uma produ\u00e7\u00e3o da <strong>Negritar Filmes e Produ\u00e7\u00f5es<\/strong>, que foi uma das cinco selecionadas por carta-convite e aprovadas pela <strong>Funda\u00e7\u00e3o Tide Set\u00fabal<\/strong> e jurados convidados, para marcar presen\u00e7a na terceira temporada da webs\u00e9rie \u201cAncestrais do Futuro\u201d, idealizada pelo <strong>Canal Enfrente<\/strong>, da qual o curta faz parte. A trama do filme se insere e mergulha no universo dos saberes ancestrais e no resgate de mem\u00f3rias e tradi\u00e7\u00f5es afro-brasileiras.<\/p>\n\n\n\n<p>Al\u00e9m da Negritar, de Bel\u00e9m-PA, os coletivos selecionados que realizaram as produ\u00e7\u00f5es audiovisuais s\u00e3o For\u00e7a Tururu, de Paulista (PE); Souza.Doc, de Santar\u00e9m (PA); Olhar Marginal, da Baixada Santista (SP); e DDB7 Produ\u00e7\u00f5es, de Londrina (PR).<\/p>\n\n\n\n<p><strong>Webs\u00e9rie e curta &#8211; <\/strong>A webs\u00e9rie se divide em cinco epis\u00f3dios e apresenta reflex\u00f5es sobre os temas mem\u00f3ria e ancestralidade, em diferentes perspectivas geogr\u00e1ficas brasileiras.<\/p>\n\n\n\n<p>Em <strong>\u201cSem Encruzilhadas\u201d<\/strong>, Bart\u00f4 (Carlos Vera Cruz) \u00e9 um dan\u00e7arino preto prestes a estrear seu primeiro espet\u00e1culo. Durante o ensaio, ele tem um encontro com Exu (Arilson Dipreto), que o leva a uma jornada de autoconhecimento e reconex\u00e3o com sua ancestralidade e com seu territ\u00f3rio quilombola que est\u00e1 sofrendo com a invas\u00e3o de igrejas neopentecostais.<\/p>\n\n\n<div class=\"wp-block-image\">\n<figure class=\"aligncenter size-full\"><img loading=\"lazy\" decoding=\"async\" width=\"619\" height=\"700\" src=\"https:\/\/dedemesquita.com.br\/wp-content\/uploads\/2023\/11\/WhatsApp-Image-2023-11-06-at-16.44.15-1.jpeg\" alt=\"\" class=\"wp-image-7957\"\/><figcaption class=\"wp-element-caption\">Carlos Vera Cruz \u00e9 o protagonista do curta <\/figcaption><\/figure><\/div>\n\n\n<p>Ap\u00f3s seu encontro com Exu, Bart\u00f4 percebe que precisa voltar para seu territ\u00f3rio para ajudar a manter viva a mem\u00f3ria ancestral de seu povo. Junto com sua irm\u00e3 Mariana (Samily Mar\u00e9), ele decide reerguer o terreiro de seu av\u00f4 e resgatar as tradi\u00e7\u00f5es do quilombo.<\/p>\n\n\n\n<p>&#8220;Sem Encruzilhadas&#8221; \u00e9 uma hist\u00f3ria de resist\u00eancia e ancestralidade, na qual Exu \u00e9 movimento, \u00e9 dan\u00e7a, \u00e9 vida. Por conta do regulamento da webs\u00e9rie, o curta ser\u00e1 lan\u00e7ado e ir\u00e1 para o YouTube com oito minutos de dura\u00e7\u00e3o.<\/p>\n\n\n\n<p>Mas os produtores t\u00eam mais e maiores planos para a produ\u00e7\u00e3o. \u201cTemos um corte de 17 minutos do \u2018Sem Encruzilhadas\u2019 que iremos trabalhar e inscrev\u00ea-lo em festivais de cinema pelo Brasil. Entendemos que essa hist\u00f3ria merece ser conhecida por um p\u00fablico maior\u201d, aponta M\u00e1rio Costa, diretor do curta, que vai estar em S\u00e3o Paulo para o lan\u00e7amento e participar de uma das mesas redondas do evento.<\/p>\n\n\n<div class=\"wp-block-image\">\n<figure class=\"aligncenter size-full\"><img loading=\"lazy\" decoding=\"async\" width=\"694\" height=\"750\" src=\"https:\/\/dedemesquita.com.br\/wp-content\/uploads\/2023\/11\/WhatsApp-Image-2023-11-06-at-16.44.15.jpeg\" alt=\"\" class=\"wp-image-7958\"\/><figcaption class=\"wp-element-caption\">Os tons de vermelho s\u00e3o presen\u00e7a forte na fotografia do curta <\/figcaption><\/figure><\/div>\n\n\n<p><strong>Negritar &#8211; <\/strong>A <strong>Negritar Filmes e Produ\u00e7\u00f5es<\/strong> \u00e9 uma produtora audiovisual de impacto social, pol\u00edtico e cultural composta por pessoas negras e que tem como objetivo potencializar narrativas pretas, perif\u00e9ricas e da Amaz\u00f4nia para construir e fortalecer o audiovisual negro a partir da produ\u00e7\u00e3o e forma\u00e7\u00e3o das periferias e comunidades tradicionais.<\/p>\n\n\n\n<p><strong>Ficha T\u00e9cnica do curta \u201cSem Encruzilhadas\u201d<\/strong><\/p>\n\n\n\n<p>Produ\u00e7\u00e3o Executiva: Joyce Cursino<\/p>\n\n\n\n<p>Assist\u00eancia de produ\u00e7\u00e3o executiva: Raphael Ribeiro<\/p>\n\n\n\n<p>Dire\u00e7\u00e3o e roteiro: Mario Costa<\/p>\n\n\n\n<p>Assist\u00eancia de dire\u00e7\u00e3o e coordena\u00e7\u00e3o de produ\u00e7\u00e3o: Tamara Mesquita<\/p>\n\n\n\n<p>Consultoria de roteiro: Mayara Coelho<\/p>\n\n\n\n<p>Dire\u00e7\u00e3o de fotografia: Satura\u00e7\u00e3o<\/p>\n\n\n\n<p>Dire\u00e7\u00e3o de arte: Bea Morbach<\/p>\n\n\n\n<p>Dire\u00e7\u00e3o de movimento: Samily Mar\u00e9<\/p>\n\n\n\n<p>Som direto: Marcos Adles<\/p>\n\n\n\n<p>Tambor: Arilson Dipreto<\/p>\n\n\n\n<p>Making off: Thayse Panda<\/p>\n\n\n\n<p>Montagem: Mario Costa, edt.<\/p>\n\n\n\n<p>Finaliza\u00e7\u00e3o: Satura\u00e7\u00e3o<\/p>\n\n\n\n<p>Consultoria: M\u00e3e Helaine de Oxum e Pai Marcelo de Ogum <\/p>\n\n\n\n<p>Cozinheiras: Rosalina Neves e Silair Cursino<\/p>\n\n\n\n<p class=\"has-text-align-right\"><strong><em>Com informa\u00e7\u00f5es da assessoria de imprensa<\/em><\/strong><\/p>\n","protected":false},"excerpt":{"rendered":"<p>Bel\u00e9m, 7 de novembro de 2023 &#8211; Estreia nesta quarta-feira, dia 8, em S\u00e3o Paulo, mais uma produ\u00e7\u00e3o audiovisual paraense: o curta-metragem &#8220;Sem Encruzilhadas\u201d, com roteiro e dire\u00e7\u00e3o do paraense M\u00e1rio Costa, que tem lan\u00e7amento, \u00e0s 15 horas, na sede do instituto Ita\u00fa Cultural, na capital paulista. O curta \u00e9 uma produ\u00e7\u00e3o da Negritar Filmes [&hellip;]<\/p>\n","protected":false},"author":2,"featured_media":7954,"comment_status":"open","ping_status":"open","sticky":false,"template":"","format":"standard","meta":{"footnotes":""},"categories":[51,14,29],"tags":[523,518,522,521,119,120,520,524,519],"class_list":["post-7951","post","type-post","status-publish","format-standard","has-post-thumbnail","hentry","category-destaque","category-imprensa","category-jornalismo","tag-canal-enfrente","tag-cinema-paraense","tag-fundacao-tide-setubal","tag-itau-cultural","tag-jornalismo","tag-jornalistas-paraenses-em-acao","tag-joyce-cursino","tag-mario-costa","tag-negritar-filmes"],"yoast_head":"<!-- This site is optimized with the Yoast SEO plugin v19.10 - https:\/\/yoast.com\/wordpress\/plugins\/seo\/ -->\n<title>Curta-metragem paraense in\u00e9dito estreia em S\u00e3o Paulo na quarta-feira, dia 8 - Ded\u00e9 Mesquita<\/title>\n<meta name=\"robots\" content=\"index, follow, max-snippet:-1, max-image-preview:large, max-video-preview:-1\" \/>\n<link rel=\"canonical\" href=\"https:\/\/dedemesquita.com.br\/?p=7951\" \/>\n<meta property=\"og:locale\" content=\"pt_BR\" \/>\n<meta property=\"og:type\" content=\"article\" \/>\n<meta property=\"og:title\" content=\"Curta-metragem paraense in\u00e9dito estreia em S\u00e3o Paulo na quarta-feira, dia 8 - Ded\u00e9 Mesquita\" \/>\n<meta property=\"og:description\" content=\"Bel\u00e9m, 7 de novembro de 2023 &#8211; Estreia nesta quarta-feira, dia 8, em S\u00e3o Paulo, mais uma produ\u00e7\u00e3o audiovisual paraense: o curta-metragem &#8220;Sem Encruzilhadas\u201d, com roteiro e dire\u00e7\u00e3o do paraense M\u00e1rio Costa, que tem lan\u00e7amento, \u00e0s 15 horas, na sede do instituto Ita\u00fa Cultural, na capital paulista. O curta \u00e9 uma produ\u00e7\u00e3o da Negritar Filmes [&hellip;]\" \/>\n<meta property=\"og:url\" content=\"https:\/\/dedemesquita.com.br\/?p=7951\" \/>\n<meta property=\"og:site_name\" content=\"Ded\u00e9 Mesquita\" \/>\n<meta property=\"article:publisher\" content=\"https:\/\/www.facebook.com\/dede.mesquita\" \/>\n<meta property=\"article:published_time\" content=\"2023-11-07T14:06:10+00:00\" \/>\n<meta property=\"article:modified_time\" content=\"2023-11-07T14:22:40+00:00\" \/>\n<meta property=\"og:image\" content=\"https:\/\/dedemesquita.com.br\/wp-content\/uploads\/2023\/11\/WhatsApp-Image-2023-11-06-at-16.44.15-4.jpeg\" \/>\n\t<meta property=\"og:image:width\" content=\"950\" \/>\n\t<meta property=\"og:image:height\" content=\"652\" \/>\n\t<meta property=\"og:image:type\" content=\"image\/jpeg\" \/>\n<meta name=\"author\" content=\"Ded\u00e9 Mesquita\" \/>\n<meta name=\"twitter:card\" content=\"summary_large_image\" \/>\n<meta name=\"twitter:creator\" content=\"@dedemesquita\" \/>\n<meta name=\"twitter:site\" content=\"@dedemesquita\" \/>\n<meta name=\"twitter:label1\" content=\"Escrito por\" \/>\n\t<meta name=\"twitter:data1\" content=\"Ded\u00e9 Mesquita\" \/>\n\t<meta name=\"twitter:label2\" content=\"Est. tempo de leitura\" \/>\n\t<meta name=\"twitter:data2\" content=\"3 minutos\" \/>\n<script type=\"application\/ld+json\" class=\"yoast-schema-graph\">{\"@context\":\"https:\/\/schema.org\",\"@graph\":[{\"@type\":\"WebPage\",\"@id\":\"https:\/\/dedemesquita.com.br\/?p=7951\",\"url\":\"https:\/\/dedemesquita.com.br\/?p=7951\",\"name\":\"Curta-metragem paraense in\u00e9dito estreia em S\u00e3o Paulo na quarta-feira, dia 8 - Ded\u00e9 Mesquita\",\"isPartOf\":{\"@id\":\"https:\/\/dedemesquita.com.br\/#website\"},\"datePublished\":\"2023-11-07T14:06:10+00:00\",\"dateModified\":\"2023-11-07T14:22:40+00:00\",\"author\":{\"@id\":\"https:\/\/dedemesquita.com.br\/#\/schema\/person\/36571f81dd2d76dc3ab37231542c9e24\"},\"breadcrumb\":{\"@id\":\"https:\/\/dedemesquita.com.br\/?p=7951#breadcrumb\"},\"inLanguage\":\"pt-BR\",\"potentialAction\":[{\"@type\":\"ReadAction\",\"target\":[\"https:\/\/dedemesquita.com.br\/?p=7951\"]}]},{\"@type\":\"BreadcrumbList\",\"@id\":\"https:\/\/dedemesquita.com.br\/?p=7951#breadcrumb\",\"itemListElement\":[{\"@type\":\"ListItem\",\"position\":1,\"name\":\"In\u00edcio\",\"item\":\"https:\/\/dedemesquita.com.br\/\"},{\"@type\":\"ListItem\",\"position\":2,\"name\":\"Curta-metragem paraense in\u00e9dito estreia em S\u00e3o Paulo na quarta-feira, dia 8\"}]},{\"@type\":\"WebSite\",\"@id\":\"https:\/\/dedemesquita.com.br\/#website\",\"url\":\"https:\/\/dedemesquita.com.br\/\",\"name\":\"Ded\u00e9 Mesquita\",\"description\":\"Um site que mostra os bastidores da imprensa no estado do Par\u00e1 e em Bel\u00e9m\",\"potentialAction\":[{\"@type\":\"SearchAction\",\"target\":{\"@type\":\"EntryPoint\",\"urlTemplate\":\"https:\/\/dedemesquita.com.br\/?s={search_term_string}\"},\"query-input\":\"required name=search_term_string\"}],\"inLanguage\":\"pt-BR\"},{\"@type\":\"Person\",\"@id\":\"https:\/\/dedemesquita.com.br\/#\/schema\/person\/36571f81dd2d76dc3ab37231542c9e24\",\"name\":\"Ded\u00e9 Mesquita\",\"image\":{\"@type\":\"ImageObject\",\"inLanguage\":\"pt-BR\",\"@id\":\"https:\/\/dedemesquita.com.br\/#\/schema\/person\/image\/\",\"url\":\"https:\/\/dedemesquita.com.br\/wp-content\/uploads\/2021\/02\/foto_perfil-150x150.jpg\",\"contentUrl\":\"https:\/\/dedemesquita.com.br\/wp-content\/uploads\/2021\/02\/foto_perfil-150x150.jpg\",\"caption\":\"Ded\u00e9 Mesquita\"},\"sameAs\":[\"https:\/\/dedemesquita.com.br\"]}]}<\/script>\n<!-- \/ Yoast SEO plugin. -->","yoast_head_json":{"title":"Curta-metragem paraense in\u00e9dito estreia em S\u00e3o Paulo na quarta-feira, dia 8 - Ded\u00e9 Mesquita","robots":{"index":"index","follow":"follow","max-snippet":"max-snippet:-1","max-image-preview":"max-image-preview:large","max-video-preview":"max-video-preview:-1"},"canonical":"https:\/\/dedemesquita.com.br\/?p=7951","og_locale":"pt_BR","og_type":"article","og_title":"Curta-metragem paraense in\u00e9dito estreia em S\u00e3o Paulo na quarta-feira, dia 8 - Ded\u00e9 Mesquita","og_description":"Bel\u00e9m, 7 de novembro de 2023 &#8211; Estreia nesta quarta-feira, dia 8, em S\u00e3o Paulo, mais uma produ\u00e7\u00e3o audiovisual paraense: o curta-metragem &#8220;Sem Encruzilhadas\u201d, com roteiro e dire\u00e7\u00e3o do paraense M\u00e1rio Costa, que tem lan\u00e7amento, \u00e0s 15 horas, na sede do instituto Ita\u00fa Cultural, na capital paulista. O curta \u00e9 uma produ\u00e7\u00e3o da Negritar Filmes [&hellip;]","og_url":"https:\/\/dedemesquita.com.br\/?p=7951","og_site_name":"Ded\u00e9 Mesquita","article_publisher":"https:\/\/www.facebook.com\/dede.mesquita","article_published_time":"2023-11-07T14:06:10+00:00","article_modified_time":"2023-11-07T14:22:40+00:00","og_image":[{"width":950,"height":652,"url":"https:\/\/dedemesquita.com.br\/wp-content\/uploads\/2023\/11\/WhatsApp-Image-2023-11-06-at-16.44.15-4.jpeg","type":"image\/jpeg"}],"author":"Ded\u00e9 Mesquita","twitter_card":"summary_large_image","twitter_creator":"@dedemesquita","twitter_site":"@dedemesquita","twitter_misc":{"Escrito por":"Ded\u00e9 Mesquita","Est. tempo de leitura":"3 minutos"},"schema":{"@context":"https:\/\/schema.org","@graph":[{"@type":"WebPage","@id":"https:\/\/dedemesquita.com.br\/?p=7951","url":"https:\/\/dedemesquita.com.br\/?p=7951","name":"Curta-metragem paraense in\u00e9dito estreia em S\u00e3o Paulo na quarta-feira, dia 8 - Ded\u00e9 Mesquita","isPartOf":{"@id":"https:\/\/dedemesquita.com.br\/#website"},"datePublished":"2023-11-07T14:06:10+00:00","dateModified":"2023-11-07T14:22:40+00:00","author":{"@id":"https:\/\/dedemesquita.com.br\/#\/schema\/person\/36571f81dd2d76dc3ab37231542c9e24"},"breadcrumb":{"@id":"https:\/\/dedemesquita.com.br\/?p=7951#breadcrumb"},"inLanguage":"pt-BR","potentialAction":[{"@type":"ReadAction","target":["https:\/\/dedemesquita.com.br\/?p=7951"]}]},{"@type":"BreadcrumbList","@id":"https:\/\/dedemesquita.com.br\/?p=7951#breadcrumb","itemListElement":[{"@type":"ListItem","position":1,"name":"In\u00edcio","item":"https:\/\/dedemesquita.com.br\/"},{"@type":"ListItem","position":2,"name":"Curta-metragem paraense in\u00e9dito estreia em S\u00e3o Paulo na quarta-feira, dia 8"}]},{"@type":"WebSite","@id":"https:\/\/dedemesquita.com.br\/#website","url":"https:\/\/dedemesquita.com.br\/","name":"Ded\u00e9 Mesquita","description":"Um site que mostra os bastidores da imprensa no estado do Par\u00e1 e em Bel\u00e9m","potentialAction":[{"@type":"SearchAction","target":{"@type":"EntryPoint","urlTemplate":"https:\/\/dedemesquita.com.br\/?s={search_term_string}"},"query-input":"required name=search_term_string"}],"inLanguage":"pt-BR"},{"@type":"Person","@id":"https:\/\/dedemesquita.com.br\/#\/schema\/person\/36571f81dd2d76dc3ab37231542c9e24","name":"Ded\u00e9 Mesquita","image":{"@type":"ImageObject","inLanguage":"pt-BR","@id":"https:\/\/dedemesquita.com.br\/#\/schema\/person\/image\/","url":"https:\/\/dedemesquita.com.br\/wp-content\/uploads\/2021\/02\/foto_perfil-150x150.jpg","contentUrl":"https:\/\/dedemesquita.com.br\/wp-content\/uploads\/2021\/02\/foto_perfil-150x150.jpg","caption":"Ded\u00e9 Mesquita"},"sameAs":["https:\/\/dedemesquita.com.br"]}]}},"_links":{"self":[{"href":"https:\/\/dedemesquita.com.br\/index.php?rest_route=\/wp\/v2\/posts\/7951"}],"collection":[{"href":"https:\/\/dedemesquita.com.br\/index.php?rest_route=\/wp\/v2\/posts"}],"about":[{"href":"https:\/\/dedemesquita.com.br\/index.php?rest_route=\/wp\/v2\/types\/post"}],"author":[{"embeddable":true,"href":"https:\/\/dedemesquita.com.br\/index.php?rest_route=\/wp\/v2\/users\/2"}],"replies":[{"embeddable":true,"href":"https:\/\/dedemesquita.com.br\/index.php?rest_route=%2Fwp%2Fv2%2Fcomments&post=7951"}],"version-history":[{"count":10,"href":"https:\/\/dedemesquita.com.br\/index.php?rest_route=\/wp\/v2\/posts\/7951\/revisions"}],"predecessor-version":[{"id":7965,"href":"https:\/\/dedemesquita.com.br\/index.php?rest_route=\/wp\/v2\/posts\/7951\/revisions\/7965"}],"wp:featuredmedia":[{"embeddable":true,"href":"https:\/\/dedemesquita.com.br\/index.php?rest_route=\/wp\/v2\/media\/7954"}],"wp:attachment":[{"href":"https:\/\/dedemesquita.com.br\/index.php?rest_route=%2Fwp%2Fv2%2Fmedia&parent=7951"}],"wp:term":[{"taxonomy":"category","embeddable":true,"href":"https:\/\/dedemesquita.com.br\/index.php?rest_route=%2Fwp%2Fv2%2Fcategories&post=7951"},{"taxonomy":"post_tag","embeddable":true,"href":"https:\/\/dedemesquita.com.br\/index.php?rest_route=%2Fwp%2Fv2%2Ftags&post=7951"}],"curies":[{"name":"wp","href":"https:\/\/api.w.org\/{rel}","templated":true}]}}