{"id":7890,"date":"2023-10-25T18:39:55","date_gmt":"2023-10-25T21:39:55","guid":{"rendered":"https:\/\/dedemesquita.com.br\/?p=7890"},"modified":"2023-10-25T18:50:18","modified_gmt":"2023-10-25T21:50:18","slug":"servidores-da-funtelpa-entram-em-pe-de-guerra-depois-que-pge-ignorou-direitos-deles-ja-conquistados","status":"publish","type":"post","link":"https:\/\/dedemesquita.com.br\/?p=7890","title":{"rendered":"Servidores da Funtelpa entram em p\u00e9 de guerra depois que PGE ignorou direitos deles j\u00e1 conquistados"},"content":{"rendered":"\n<p><strong>Bel\u00e9m, 25 de outubro de 2023 &#8211; <\/strong>A <strong>Procuradoria Geral do Estado &#8211; PGE<\/strong> ignora pareceres de <strong>Seplad<\/strong> e <strong>Funtelpa<\/strong> e diz que n\u00e3o vai assinar Acordo Coletivo de Trabalho. A decis\u00e3o coloca o <strong>governador Helder Barbalho, do MDB<\/strong>, como o \u00fanico da hist\u00f3ria a se recusar a negociar com os trabalhadores em quase cinco anos de governo<\/p>\n\n\n\n<p><strong>Parecer &#8211; <\/strong>\u201cEsta Procuradoria-Geral informa que n\u00e3o possui interesse em fazer acordo no momento\u201d. Esta frase curta resume o parecer da Procuradoria Geral do Estado, representada pela procuradora Susanne Schnoll Petrola, no caso do Acordo Coletivo de Trabalho &#8211; ACT dos trabalhadores celetistas da <strong>Funda\u00e7\u00e3o Paraense de Radiodifus\u00e3o &#8211; Funtelpa<\/strong>, intermediado pelo <strong>Minist\u00e9rio P\u00fablico do Trabalho<\/strong>.<\/p>\n\n\n\n<p>Redigido no dia 16 de outubro passado, o parecer da PGE possui somente tr\u00eas par\u00e1grafos e coube em meia p\u00e1gina. O tamanho enxuto da resposta retrata bem a postura de descaso que a Procuradoria tem dispensado \u00e0s reivindica\u00e7\u00f5es dos servidores. A delibera\u00e7\u00e3o culminou na retirada do quinqu\u00eanio dos contracheques de outubro de 2023, dispon\u00edveis para consulta dos servidores nesta quarta-feira, 25 de outubro.<\/p>\n\n\n\n<p><strong>Descompasso &#8211; <\/strong>Esse posicionamento intransigente est\u00e1 em descompasso com outras decis\u00f5es do pr\u00f3prio Governo do Estado. \u00c9 que enquanto a PGE trata os trabalhadores da Funtelpa com desprezo, a Secretaria de Estado de Planejamento e Administra\u00e7\u00e3o &#8211; Seplad publicou no Di\u00e1rio Oficial do Estado, do dia 25 de setembro de 2023, o Decreto N\u00ba 3348. A decis\u00e3o, assinada pela titular da Seplad, Elieth de F\u00e1tima da Silva Braga, com anu\u00eancia da governadora em exerc\u00edcio, \u00e0 ocasi\u00e3o, Hana Ghassan, concedeu suplementa\u00e7\u00e3o or\u00e7ament\u00e1ria \u00e0 Funtelpa <strong>de R$ 180 mil, com natureza da despesa 319011<\/strong>, destinada para &#8220;vencimentos e vantagens fixas&#8221;, ou seja, despesa com a remunera\u00e7\u00e3o dos trabalhadores.<\/p>\n\n\n\n<p>O valor \u00e9 fruto de negocia\u00e7\u00f5es do ACT com o <strong>Sindicato de Jornalistas no Estado do Par\u00e1 &#8211; Sinjor-PA<\/strong>, <strong>Sindicato dos Trabalhadores das Empresas de R\u00e1dio e Televis\u00e3o do Estado do Par\u00e1 &#8211; Stert-PA<\/strong> e <strong>Comiss\u00e3o de Servidores<\/strong>. A suplementa\u00e7\u00e3o or\u00e7ament\u00e1ria foi feita a pedido da Funtelpa e permite atender todas as reivindica\u00e7\u00f5es do ACT previstas para os anos de 2023, 2024 e 2025. O tratamento da Seplad, portanto, foi c\u00e9lere e respeitoso, com participa\u00e7\u00e3o de uma ampla equipe de t\u00e9cnicos, que realizou intensas e exaustivas an\u00e1lises, repletas de c\u00e1lculos, com os respectivos documentos comprobat\u00f3rios. Nada disso, no entanto, importou \u00e0 PGE, que ignora o fato de a Funtelpa j\u00e1 possuir dinheiro em caixa para honrar o acordo.<\/p>\n\n\n\n<p>Cabe perguntar: o que ser\u00e1 feito com os R$ 180 mil destinados pela Seplad para honrar o acordo da Funtelpa? Qual o motivo da PGE n\u00e3o ter interesse em assinar o acordo? Sobre este cen\u00e1rio s\u00f3 cabe um apelo: Respeitem os trabalhadores da Funtelpa.<\/p>\n\n\n\n<p><strong>Baixos sal\u00e1rios e trabalho demais &#8211; <\/strong>Os trabalhadores da Funtelpa destacam que t\u00eam a menor m\u00e9dia salarial de todo o governo do Estado &#8211; R$ 2.694,24 &#8211; e enorme volume de trabalho, com transmiss\u00f5es de eventos ao vivo, como \u00c7air\u00e9, Festribal, Festival Cultura Eco em Salinas, C\u00edrio de Nazar\u00e9, Paraz\u00e3o, Futebol Pelada, Carnaval, MMA, Boxe. Al\u00e9m disso, a grade de programa\u00e7\u00e3o agora tem mais um telejornal di\u00e1rio, o Jornal Cultura Primeira Edi\u00e7\u00e3o. S\u00e3o duas horas e meia a mais de jornalismo por semana, que demandam mais esfor\u00e7o dos trabalhadores. Os produtos s\u00e3o muitos e exigem profissionais qualificados. Os sal\u00e1rios para essa equipe altamente produtiva, minguados.<\/p>\n\n\n\n<p>Os 53 efetivos ganham um sal\u00e1rio m\u00ednimo de sal\u00e1rio base e s\u00f3 pedem a volta de um direito que foi retirado e que agora j\u00e1 est\u00e1 previsto novamente na lei do or\u00e7amento e dispon\u00edvel em caixa da Funtelpa.<\/p>\n\n\n\n<p><strong>Mais den\u00fancias &#8211; <\/strong>As den\u00fancias tamb\u00e9m passam por estarem loteando, tudo na Funtelpa, de contratados\/tempor\u00e1rios e estagi\u00e1rios, mas estes &#8211; estagi\u00e1rios &#8211; est\u00e3o trabalhando <strong>at\u00e9 nos finais de semana<\/strong> &#8211; <strong>Al\u00f4, Sinjor-PA!!!<\/strong>. Tem fun\u00e7\u00f5es dentro da Funda\u00e7\u00e3o nas quais <strong>somente estagi\u00e1rios est\u00e3o atuando<\/strong>, sem a orienta\u00e7\u00e3o de um profissional, que \u00e9 o que manda a Lei.<\/p>\n\n\n\n<p>A outra den\u00fancia \u00e9 que j\u00e1 falei aqui no site, em <strong>11 de maio de 2021<\/strong>:<strong> o filho da titular da Secretaria de Comunica\u00e7\u00e3o \u2013 Secom-PA, Vera Oliveira<\/strong>, a Verinha, <strong>Leonardo Chaves de Oliveira<\/strong>, <strong>que \u00e9 n\u00e3o \u00e9 jornalista<\/strong>, fisioterapeuta, \u00e9 nomeado e ganha sal\u00e1rio pela <strong>Casa Civil<\/strong>, recebendo mais at\u00e9 do que os diretores da Funtelpa. E ele \u00e9 apenas <strong>produtor<\/strong> da R\u00e1dio Cultura FM. <\/p>\n\n\n\n<p>Relembre aqui: <a href=\"https:\/\/dedemesquita.com.br\/?p=1387\"><strong>Filho de Vera Oliveira, fisioterapeuta, \u00e9 DAS na r\u00e1dio Cultura<\/strong><\/a><\/p>\n\n\n\n<p><strong>Assembleia Geral &#8211;<\/strong> Diante disso, os sindicatos de jornalistas e radialistas est\u00e3o organizando uma Assembleia Geral para a quinta-feira, 26, \u00e0 noite, e h\u00e1 proposta para denunciar ao MPT o descumprimento do acordo, organizar paralisa\u00e7\u00e3o e a\u00e7\u00f5es judiciais.<\/p>\n","protected":false},"excerpt":{"rendered":"<p>Bel\u00e9m, 25 de outubro de 2023 &#8211; A Procuradoria Geral do Estado &#8211; PGE ignora pareceres de Seplad e Funtelpa e diz que n\u00e3o vai assinar Acordo Coletivo de Trabalho. A decis\u00e3o coloca o governador Helder Barbalho, do MDB, como o \u00fanico da hist\u00f3ria a se recusar a negociar com os trabalhadores em quase cinco [&hellip;]<\/p>\n","protected":false},"author":2,"featured_media":7893,"comment_status":"open","ping_status":"open","sticky":false,"template":"","format":"standard","meta":{"footnotes":""},"categories":[51,14,29],"tags":[147,175,119,120,510,143,511,130,197],"class_list":["post-7890","post","type-post","status-publish","format-standard","has-post-thumbnail","hentry","category-destaque","category-imprensa","category-jornalismo","tag-funtelpa","tag-governo-do-para","tag-jornalismo","tag-jornalistas-paraenses-em-acao","tag-procuradoria-geral-do-estado-pge","tag-radio-cultura-fm","tag-seplad","tag-sinjor-pa","tag-tv-cultura"],"yoast_head":"<!-- This site is optimized with the Yoast SEO plugin v19.10 - https:\/\/yoast.com\/wordpress\/plugins\/seo\/ -->\n<title>Servidores da Funtelpa entram em p\u00e9 de guerra depois que PGE ignorou direitos deles j\u00e1 conquistados - Ded\u00e9 Mesquita<\/title>\n<meta name=\"robots\" content=\"index, follow, max-snippet:-1, max-image-preview:large, max-video-preview:-1\" \/>\n<link rel=\"canonical\" href=\"https:\/\/dedemesquita.com.br\/?p=7890\" \/>\n<meta property=\"og:locale\" content=\"pt_BR\" \/>\n<meta property=\"og:type\" content=\"article\" \/>\n<meta property=\"og:title\" content=\"Servidores da Funtelpa entram em p\u00e9 de guerra depois que PGE ignorou direitos deles j\u00e1 conquistados - Ded\u00e9 Mesquita\" \/>\n<meta property=\"og:description\" content=\"Bel\u00e9m, 25 de outubro de 2023 &#8211; A Procuradoria Geral do Estado &#8211; PGE ignora pareceres de Seplad e Funtelpa e diz que n\u00e3o vai assinar Acordo Coletivo de Trabalho. A decis\u00e3o coloca o governador Helder Barbalho, do MDB, como o \u00fanico da hist\u00f3ria a se recusar a negociar com os trabalhadores em quase cinco [&hellip;]\" \/>\n<meta property=\"og:url\" content=\"https:\/\/dedemesquita.com.br\/?p=7890\" \/>\n<meta property=\"og:site_name\" content=\"Ded\u00e9 Mesquita\" \/>\n<meta property=\"article:publisher\" content=\"https:\/\/www.facebook.com\/dede.mesquita\" \/>\n<meta property=\"article:published_time\" content=\"2023-10-25T21:39:55+00:00\" \/>\n<meta property=\"article:modified_time\" content=\"2023-10-25T21:50:18+00:00\" \/>\n<meta property=\"og:image\" content=\"https:\/\/dedemesquita.com.br\/wp-content\/uploads\/2023\/10\/topo_funtelpa.jpg\" \/>\n\t<meta property=\"og:image:width\" content=\"900\" \/>\n\t<meta property=\"og:image:height\" content=\"186\" \/>\n\t<meta property=\"og:image:type\" content=\"image\/jpeg\" \/>\n<meta name=\"author\" content=\"Ded\u00e9 Mesquita\" \/>\n<meta name=\"twitter:card\" content=\"summary_large_image\" \/>\n<meta name=\"twitter:creator\" content=\"@dedemesquita\" \/>\n<meta name=\"twitter:site\" content=\"@dedemesquita\" \/>\n<meta name=\"twitter:label1\" content=\"Escrito por\" \/>\n\t<meta name=\"twitter:data1\" content=\"Ded\u00e9 Mesquita\" \/>\n\t<meta name=\"twitter:label2\" content=\"Est. tempo de leitura\" \/>\n\t<meta name=\"twitter:data2\" content=\"4 minutos\" \/>\n<script type=\"application\/ld+json\" class=\"yoast-schema-graph\">{\"@context\":\"https:\/\/schema.org\",\"@graph\":[{\"@type\":\"WebPage\",\"@id\":\"https:\/\/dedemesquita.com.br\/?p=7890\",\"url\":\"https:\/\/dedemesquita.com.br\/?p=7890\",\"name\":\"Servidores da Funtelpa entram em p\u00e9 de guerra depois que PGE ignorou direitos deles j\u00e1 conquistados - Ded\u00e9 Mesquita\",\"isPartOf\":{\"@id\":\"https:\/\/dedemesquita.com.br\/#website\"},\"datePublished\":\"2023-10-25T21:39:55+00:00\",\"dateModified\":\"2023-10-25T21:50:18+00:00\",\"author\":{\"@id\":\"https:\/\/dedemesquita.com.br\/#\/schema\/person\/36571f81dd2d76dc3ab37231542c9e24\"},\"breadcrumb\":{\"@id\":\"https:\/\/dedemesquita.com.br\/?p=7890#breadcrumb\"},\"inLanguage\":\"pt-BR\",\"potentialAction\":[{\"@type\":\"ReadAction\",\"target\":[\"https:\/\/dedemesquita.com.br\/?p=7890\"]}]},{\"@type\":\"BreadcrumbList\",\"@id\":\"https:\/\/dedemesquita.com.br\/?p=7890#breadcrumb\",\"itemListElement\":[{\"@type\":\"ListItem\",\"position\":1,\"name\":\"In\u00edcio\",\"item\":\"https:\/\/dedemesquita.com.br\/\"},{\"@type\":\"ListItem\",\"position\":2,\"name\":\"Servidores da Funtelpa entram em p\u00e9 de guerra depois que PGE ignorou direitos deles j\u00e1 conquistados\"}]},{\"@type\":\"WebSite\",\"@id\":\"https:\/\/dedemesquita.com.br\/#website\",\"url\":\"https:\/\/dedemesquita.com.br\/\",\"name\":\"Ded\u00e9 Mesquita\",\"description\":\"Um site que mostra os bastidores da imprensa no estado do Par\u00e1 e em Bel\u00e9m\",\"potentialAction\":[{\"@type\":\"SearchAction\",\"target\":{\"@type\":\"EntryPoint\",\"urlTemplate\":\"https:\/\/dedemesquita.com.br\/?s={search_term_string}\"},\"query-input\":\"required name=search_term_string\"}],\"inLanguage\":\"pt-BR\"},{\"@type\":\"Person\",\"@id\":\"https:\/\/dedemesquita.com.br\/#\/schema\/person\/36571f81dd2d76dc3ab37231542c9e24\",\"name\":\"Ded\u00e9 Mesquita\",\"image\":{\"@type\":\"ImageObject\",\"inLanguage\":\"pt-BR\",\"@id\":\"https:\/\/dedemesquita.com.br\/#\/schema\/person\/image\/\",\"url\":\"https:\/\/dedemesquita.com.br\/wp-content\/uploads\/2021\/02\/foto_perfil-150x150.jpg\",\"contentUrl\":\"https:\/\/dedemesquita.com.br\/wp-content\/uploads\/2021\/02\/foto_perfil-150x150.jpg\",\"caption\":\"Ded\u00e9 Mesquita\"},\"sameAs\":[\"https:\/\/dedemesquita.com.br\"]}]}<\/script>\n<!-- \/ Yoast SEO plugin. -->","yoast_head_json":{"title":"Servidores da Funtelpa entram em p\u00e9 de guerra depois que PGE ignorou direitos deles j\u00e1 conquistados - Ded\u00e9 Mesquita","robots":{"index":"index","follow":"follow","max-snippet":"max-snippet:-1","max-image-preview":"max-image-preview:large","max-video-preview":"max-video-preview:-1"},"canonical":"https:\/\/dedemesquita.com.br\/?p=7890","og_locale":"pt_BR","og_type":"article","og_title":"Servidores da Funtelpa entram em p\u00e9 de guerra depois que PGE ignorou direitos deles j\u00e1 conquistados - Ded\u00e9 Mesquita","og_description":"Bel\u00e9m, 25 de outubro de 2023 &#8211; A Procuradoria Geral do Estado &#8211; PGE ignora pareceres de Seplad e Funtelpa e diz que n\u00e3o vai assinar Acordo Coletivo de Trabalho. A decis\u00e3o coloca o governador Helder Barbalho, do MDB, como o \u00fanico da hist\u00f3ria a se recusar a negociar com os trabalhadores em quase cinco [&hellip;]","og_url":"https:\/\/dedemesquita.com.br\/?p=7890","og_site_name":"Ded\u00e9 Mesquita","article_publisher":"https:\/\/www.facebook.com\/dede.mesquita","article_published_time":"2023-10-25T21:39:55+00:00","article_modified_time":"2023-10-25T21:50:18+00:00","og_image":[{"width":900,"height":186,"url":"https:\/\/dedemesquita.com.br\/wp-content\/uploads\/2023\/10\/topo_funtelpa.jpg","type":"image\/jpeg"}],"author":"Ded\u00e9 Mesquita","twitter_card":"summary_large_image","twitter_creator":"@dedemesquita","twitter_site":"@dedemesquita","twitter_misc":{"Escrito por":"Ded\u00e9 Mesquita","Est. tempo de leitura":"4 minutos"},"schema":{"@context":"https:\/\/schema.org","@graph":[{"@type":"WebPage","@id":"https:\/\/dedemesquita.com.br\/?p=7890","url":"https:\/\/dedemesquita.com.br\/?p=7890","name":"Servidores da Funtelpa entram em p\u00e9 de guerra depois que PGE ignorou direitos deles j\u00e1 conquistados - Ded\u00e9 Mesquita","isPartOf":{"@id":"https:\/\/dedemesquita.com.br\/#website"},"datePublished":"2023-10-25T21:39:55+00:00","dateModified":"2023-10-25T21:50:18+00:00","author":{"@id":"https:\/\/dedemesquita.com.br\/#\/schema\/person\/36571f81dd2d76dc3ab37231542c9e24"},"breadcrumb":{"@id":"https:\/\/dedemesquita.com.br\/?p=7890#breadcrumb"},"inLanguage":"pt-BR","potentialAction":[{"@type":"ReadAction","target":["https:\/\/dedemesquita.com.br\/?p=7890"]}]},{"@type":"BreadcrumbList","@id":"https:\/\/dedemesquita.com.br\/?p=7890#breadcrumb","itemListElement":[{"@type":"ListItem","position":1,"name":"In\u00edcio","item":"https:\/\/dedemesquita.com.br\/"},{"@type":"ListItem","position":2,"name":"Servidores da Funtelpa entram em p\u00e9 de guerra depois que PGE ignorou direitos deles j\u00e1 conquistados"}]},{"@type":"WebSite","@id":"https:\/\/dedemesquita.com.br\/#website","url":"https:\/\/dedemesquita.com.br\/","name":"Ded\u00e9 Mesquita","description":"Um site que mostra os bastidores da imprensa no estado do Par\u00e1 e em Bel\u00e9m","potentialAction":[{"@type":"SearchAction","target":{"@type":"EntryPoint","urlTemplate":"https:\/\/dedemesquita.com.br\/?s={search_term_string}"},"query-input":"required name=search_term_string"}],"inLanguage":"pt-BR"},{"@type":"Person","@id":"https:\/\/dedemesquita.com.br\/#\/schema\/person\/36571f81dd2d76dc3ab37231542c9e24","name":"Ded\u00e9 Mesquita","image":{"@type":"ImageObject","inLanguage":"pt-BR","@id":"https:\/\/dedemesquita.com.br\/#\/schema\/person\/image\/","url":"https:\/\/dedemesquita.com.br\/wp-content\/uploads\/2021\/02\/foto_perfil-150x150.jpg","contentUrl":"https:\/\/dedemesquita.com.br\/wp-content\/uploads\/2021\/02\/foto_perfil-150x150.jpg","caption":"Ded\u00e9 Mesquita"},"sameAs":["https:\/\/dedemesquita.com.br"]}]}},"_links":{"self":[{"href":"https:\/\/dedemesquita.com.br\/index.php?rest_route=\/wp\/v2\/posts\/7890"}],"collection":[{"href":"https:\/\/dedemesquita.com.br\/index.php?rest_route=\/wp\/v2\/posts"}],"about":[{"href":"https:\/\/dedemesquita.com.br\/index.php?rest_route=\/wp\/v2\/types\/post"}],"author":[{"embeddable":true,"href":"https:\/\/dedemesquita.com.br\/index.php?rest_route=\/wp\/v2\/users\/2"}],"replies":[{"embeddable":true,"href":"https:\/\/dedemesquita.com.br\/index.php?rest_route=%2Fwp%2Fv2%2Fcomments&post=7890"}],"version-history":[{"count":5,"href":"https:\/\/dedemesquita.com.br\/index.php?rest_route=\/wp\/v2\/posts\/7890\/revisions"}],"predecessor-version":[{"id":7897,"href":"https:\/\/dedemesquita.com.br\/index.php?rest_route=\/wp\/v2\/posts\/7890\/revisions\/7897"}],"wp:featuredmedia":[{"embeddable":true,"href":"https:\/\/dedemesquita.com.br\/index.php?rest_route=\/wp\/v2\/media\/7893"}],"wp:attachment":[{"href":"https:\/\/dedemesquita.com.br\/index.php?rest_route=%2Fwp%2Fv2%2Fmedia&parent=7890"}],"wp:term":[{"taxonomy":"category","embeddable":true,"href":"https:\/\/dedemesquita.com.br\/index.php?rest_route=%2Fwp%2Fv2%2Fcategories&post=7890"},{"taxonomy":"post_tag","embeddable":true,"href":"https:\/\/dedemesquita.com.br\/index.php?rest_route=%2Fwp%2Fv2%2Ftags&post=7890"}],"curies":[{"name":"wp","href":"https:\/\/api.w.org\/{rel}","templated":true}]}}