{"id":7826,"date":"2023-10-17T10:10:26","date_gmt":"2023-10-17T13:10:26","guid":{"rendered":"https:\/\/dedemesquita.com.br\/?p=7826"},"modified":"2023-10-17T10:14:44","modified_gmt":"2023-10-17T13:14:44","slug":"cadastrados-na-plataforma-amazonia-vox-terao-formacao-gratuita-e-podem-concorrer-a-bolsas-para-curso-de-ingles","status":"publish","type":"post","link":"https:\/\/dedemesquita.com.br\/?p=7826","title":{"rendered":"Cadastrados na plataforma Amaz\u00f4nia Vox ter\u00e3o forma\u00e7\u00e3o gratuita e podem concorrer a bolsas para curso de ingl\u00eas"},"content":{"rendered":"\n<p><strong>Bel\u00e9m, 17 de outubro de 2023 &#8211; <\/strong>Profissionais freelancers de comunica\u00e7\u00e3o da regi\u00e3o amaz\u00f4nica brasileira cadastrados <strong>na plataforma Amaz\u00f4nia Vox<\/strong> podem participar de uma jornada gratuita de forma\u00e7\u00e3o online semanal e concorrer <strong>a quatro bolsas integrais <\/strong>da turma exclusiva de curso de ingl\u00eas oferecida pela escola de idiomas online <strong>Upper<\/strong> em parceria com o <strong>Instituto Bem da Amaz\u00f4nia.<\/strong><\/p>\n\n\n\n<p><strong>As inscri\u00e7\u00f5es<\/strong> para a forma\u00e7\u00e3o online gratuita, que ter\u00e1 cinco [5] sess\u00f5es de dura\u00e7\u00e3o de uma hora, <strong>ficam abertas apenas at\u00e9 o dia 7 de novembro, ter\u00e7a-feira<\/strong>. As aulas ser\u00e3o sempre das 19h30 \u00e0s 20h30, no hor\u00e1rio de Bras\u00edlia &#8211; DF.<\/p>\n\n\n\n<p><a href=\"https:\/\/forms.gle\/CYANhqCSiDJkfLmr6\"><strong>A ficha de inscri\u00e7\u00e3o est\u00e1 dispon\u00edvel neste link aqui<\/strong><\/a><\/p>\n\n\n\n<p><strong>Forma\u00e7\u00e3o &#8211; <\/strong>Entre os temas da forma\u00e7\u00e3o est\u00e3o o uso de Intelig\u00eancia Artificial na comunica\u00e7\u00e3o, produ\u00e7\u00e3o de podcasts, Jornalismo de Solu\u00e7\u00f5es e dicas para elaborar um projeto para capta\u00e7\u00e3o de recursos via chamadas de bolsas de reportagem, al\u00e9m de orienta\u00e7\u00e3o b\u00e1sica para formaliza\u00e7\u00e3o de cadastro de pessoa jur\u00eddica como MEI &#8211; Microempreendedor Individual.<\/p>\n\n\n\n<p>Para confirmar a vaga, \u00e9 preciso estar cadastrado como profissional freelancer de comunica\u00e7\u00e3o na plataforma Amaz\u00f4nia Vox, que pode ser feita <a href=\"https:\/\/amazoniavox.com\/Freelancers\/cadastro\"><strong>atrav\u00e9s deste link<\/strong><\/a><\/p>\n\n\n\n<p>As vagas s\u00e3o exclusivas para profissionais que atuam em um dos nove estados da Amaz\u00f4nia Legal [Acre, Amap\u00e1, Amazonas, Maranh\u00e3o, Mato Grosso, Par\u00e1, Rond\u00f4nia, Roraima e Tocantins].<\/p>\n\n\n\n<p><strong>Bolsa de ingl\u00eas &#8211; <\/strong>Somente os inscritos que confirmarem presen\u00e7a em ao menos 4 das 5 sess\u00f5es estar\u00e3o aptos a <strong>concorrer \u00e0 sele\u00e7\u00e3o de bolsa <em>semestral<\/em> gratuita de curso de ingl\u00eas <\/strong>oferecida pela escola de idiomas Upper. As aulas s\u00e3o online e a bolsa inclui ainda isen\u00e7\u00e3o do custo de material did\u00e1tico e matr\u00edcula sem qualquer taxa. As regras da sele\u00e7\u00e3o ser\u00e3o divulgadas em breve.<\/p>\n\n\n\n<p><strong>Aulas &#8211;<\/strong> A primeira sess\u00e3o ser\u00e1 com a fundadora da Ag\u00eancia Lupa, <strong>Cristina Tard\u00e1guila<\/strong>. A segunda sess\u00e3o ser\u00e1 com o produtor s\u00eanior da R\u00e1dio Novelo, <strong>Vitor Hugo Brandalise<\/strong>. Na sequ\u00eancia, ser\u00e1 a vez do gerente da Ag\u00eancia Metropolitana do Sebrae no Par\u00e1, <strong>Igo Silva<\/strong>. O quarto m\u00f3dulo ter\u00e1 como instrutor o especialista de comunica\u00e7\u00e3o do Centro Internacional para Jornalistas (ICFJ),<strong> Daniel Dieb<\/strong>. No quinto m\u00f3dulo, o fundador da plataforma Amaz\u00f4nia Vox, <strong>Daniel Nardin<\/strong>, ir\u00e1 apresentar os conceitos e como aplicar o Jornalismo de Solu\u00e7\u00f5es.<\/p>\n\n\n\n<p>Esta \u00e9 a primeira etapa de forma\u00e7\u00e3o com profissionais e comunicadores da Amaz\u00f4nia idealizada pelo Instituto Bem da Amaz\u00f4nia, que em breve dever\u00e1 divulgar outras iniciativas, com eixos tem\u00e1ticos como mudan\u00e7as clim\u00e1ticas, mercado de carbono, cobertura de tem\u00e1ticas relacionadas aos ODS &#8211; Objetivos de Desenvolvimento Sustent\u00e1vel, entre outras.<\/p>\n\n\n\n<p><strong>Servi\u00e7o:<\/strong> <strong>I Etapa Amaz\u00f4nia Vox de qualifica\u00e7\u00e3o para freelancers e comunicadores da Amaz\u00f4nia \u2013 FormAmaz\u00f4niaVox<\/strong>. As sess\u00f5es online s\u00e3o ao vivo e sempre \u00e0s ter\u00e7as-feiras, entre 19h30 e 20h30, no hor\u00e1rio de Bras\u00edlia. No dia 20 de dezembro, divulga\u00e7\u00e3o dos selecionados para bolsa gratuita cursos de ingl\u00eas da Upper, que come\u00e7a a turma em janeiro de 2024. <a href=\"https:\/\/forms.gle\/CYANhqCSiDJkfLmr6\"><strong>A ficha de inscri\u00e7\u00e3o est\u00e1 dispon\u00edvel neste link aqui<\/strong><\/a><\/p>\n\n\n\n<p class=\"has-text-align-right\"><strong><em>Com informa\u00e7\u00f5es da Amaz\u00f4nia Vox<\/em><\/strong><\/p>\n\n\n\n<p><\/p>\n","protected":false},"excerpt":{"rendered":"<p>Bel\u00e9m, 17 de outubro de 2023 &#8211; Profissionais freelancers de comunica\u00e7\u00e3o da regi\u00e3o amaz\u00f4nica brasileira cadastrados na plataforma Amaz\u00f4nia Vox podem participar de uma jornada gratuita de forma\u00e7\u00e3o online semanal e concorrer a quatro bolsas integrais da turma exclusiva de curso de ingl\u00eas oferecida pela escola de idiomas online Upper em parceria com o Instituto [&hellip;]<\/p>\n","protected":false},"author":2,"featured_media":7827,"comment_status":"open","ping_status":"open","sticky":false,"template":"","format":"standard","meta":{"footnotes":""},"categories":[51,14,29],"tags":[507,377,509,378,119,120,508,238],"class_list":["post-7826","post","type-post","status-publish","format-standard","has-post-thumbnail","hentry","category-destaque","category-imprensa","category-jornalismo","tag-agencia-lupa","tag-amazonia-vox","tag-centro-internacional-para-jornalistas-icfj","tag-instituto-bem-da-amazonia","tag-jornalismo","tag-jornalistas-paraenses-em-acao","tag-radio-novelo","tag-sebrae-para"],"yoast_head":"<!-- This site is optimized with the Yoast SEO plugin v19.10 - https:\/\/yoast.com\/wordpress\/plugins\/seo\/ -->\n<title>Cadastrados na plataforma Amaz\u00f4nia Vox ter\u00e3o forma\u00e7\u00e3o gratuita e podem concorrer a bolsas para curso de ingl\u00eas - Ded\u00e9 Mesquita<\/title>\n<meta name=\"robots\" content=\"index, follow, max-snippet:-1, max-image-preview:large, max-video-preview:-1\" \/>\n<link rel=\"canonical\" href=\"https:\/\/dedemesquita.com.br\/?p=7826\" \/>\n<meta property=\"og:locale\" content=\"pt_BR\" \/>\n<meta property=\"og:type\" content=\"article\" \/>\n<meta property=\"og:title\" content=\"Cadastrados na plataforma Amaz\u00f4nia Vox ter\u00e3o forma\u00e7\u00e3o gratuita e podem concorrer a bolsas para curso de ingl\u00eas - Ded\u00e9 Mesquita\" \/>\n<meta property=\"og:description\" content=\"Bel\u00e9m, 17 de outubro de 2023 &#8211; Profissionais freelancers de comunica\u00e7\u00e3o da regi\u00e3o amaz\u00f4nica brasileira cadastrados na plataforma Amaz\u00f4nia Vox podem participar de uma jornada gratuita de forma\u00e7\u00e3o online semanal e concorrer a quatro bolsas integrais da turma exclusiva de curso de ingl\u00eas oferecida pela escola de idiomas online Upper em parceria com o Instituto [&hellip;]\" \/>\n<meta property=\"og:url\" content=\"https:\/\/dedemesquita.com.br\/?p=7826\" \/>\n<meta property=\"og:site_name\" content=\"Ded\u00e9 Mesquita\" \/>\n<meta property=\"article:publisher\" content=\"https:\/\/www.facebook.com\/dede.mesquita\" \/>\n<meta property=\"article:published_time\" content=\"2023-10-17T13:10:26+00:00\" \/>\n<meta property=\"article:modified_time\" content=\"2023-10-17T13:14:44+00:00\" \/>\n<meta property=\"og:image\" content=\"https:\/\/dedemesquita.com.br\/wp-content\/uploads\/2023\/10\/amaz.jpeg\" \/>\n\t<meta property=\"og:image:width\" content=\"1000\" \/>\n\t<meta property=\"og:image:height\" content=\"630\" \/>\n\t<meta property=\"og:image:type\" content=\"image\/jpeg\" \/>\n<meta name=\"author\" content=\"Ded\u00e9 Mesquita\" \/>\n<meta name=\"twitter:card\" content=\"summary_large_image\" \/>\n<meta name=\"twitter:creator\" content=\"@dedemesquita\" \/>\n<meta name=\"twitter:site\" content=\"@dedemesquita\" \/>\n<meta name=\"twitter:label1\" content=\"Escrito por\" \/>\n\t<meta name=\"twitter:data1\" content=\"Ded\u00e9 Mesquita\" \/>\n\t<meta name=\"twitter:label2\" content=\"Est. tempo de leitura\" \/>\n\t<meta name=\"twitter:data2\" content=\"3 minutos\" \/>\n<script type=\"application\/ld+json\" class=\"yoast-schema-graph\">{\"@context\":\"https:\/\/schema.org\",\"@graph\":[{\"@type\":\"WebPage\",\"@id\":\"https:\/\/dedemesquita.com.br\/?p=7826\",\"url\":\"https:\/\/dedemesquita.com.br\/?p=7826\",\"name\":\"Cadastrados na plataforma Amaz\u00f4nia Vox ter\u00e3o forma\u00e7\u00e3o gratuita e podem concorrer a bolsas para curso de ingl\u00eas - Ded\u00e9 Mesquita\",\"isPartOf\":{\"@id\":\"https:\/\/dedemesquita.com.br\/#website\"},\"datePublished\":\"2023-10-17T13:10:26+00:00\",\"dateModified\":\"2023-10-17T13:14:44+00:00\",\"author\":{\"@id\":\"https:\/\/dedemesquita.com.br\/#\/schema\/person\/36571f81dd2d76dc3ab37231542c9e24\"},\"breadcrumb\":{\"@id\":\"https:\/\/dedemesquita.com.br\/?p=7826#breadcrumb\"},\"inLanguage\":\"pt-BR\",\"potentialAction\":[{\"@type\":\"ReadAction\",\"target\":[\"https:\/\/dedemesquita.com.br\/?p=7826\"]}]},{\"@type\":\"BreadcrumbList\",\"@id\":\"https:\/\/dedemesquita.com.br\/?p=7826#breadcrumb\",\"itemListElement\":[{\"@type\":\"ListItem\",\"position\":1,\"name\":\"In\u00edcio\",\"item\":\"https:\/\/dedemesquita.com.br\/\"},{\"@type\":\"ListItem\",\"position\":2,\"name\":\"Cadastrados na plataforma Amaz\u00f4nia Vox ter\u00e3o forma\u00e7\u00e3o gratuita e podem concorrer a bolsas para curso de ingl\u00eas\"}]},{\"@type\":\"WebSite\",\"@id\":\"https:\/\/dedemesquita.com.br\/#website\",\"url\":\"https:\/\/dedemesquita.com.br\/\",\"name\":\"Ded\u00e9 Mesquita\",\"description\":\"Um site que mostra os bastidores da imprensa no estado do Par\u00e1 e em Bel\u00e9m\",\"potentialAction\":[{\"@type\":\"SearchAction\",\"target\":{\"@type\":\"EntryPoint\",\"urlTemplate\":\"https:\/\/dedemesquita.com.br\/?s={search_term_string}\"},\"query-input\":\"required name=search_term_string\"}],\"inLanguage\":\"pt-BR\"},{\"@type\":\"Person\",\"@id\":\"https:\/\/dedemesquita.com.br\/#\/schema\/person\/36571f81dd2d76dc3ab37231542c9e24\",\"name\":\"Ded\u00e9 Mesquita\",\"image\":{\"@type\":\"ImageObject\",\"inLanguage\":\"pt-BR\",\"@id\":\"https:\/\/dedemesquita.com.br\/#\/schema\/person\/image\/\",\"url\":\"https:\/\/dedemesquita.com.br\/wp-content\/uploads\/2021\/02\/foto_perfil-150x150.jpg\",\"contentUrl\":\"https:\/\/dedemesquita.com.br\/wp-content\/uploads\/2021\/02\/foto_perfil-150x150.jpg\",\"caption\":\"Ded\u00e9 Mesquita\"},\"sameAs\":[\"https:\/\/dedemesquita.com.br\"]}]}<\/script>\n<!-- \/ Yoast SEO plugin. -->","yoast_head_json":{"title":"Cadastrados na plataforma Amaz\u00f4nia Vox ter\u00e3o forma\u00e7\u00e3o gratuita e podem concorrer a bolsas para curso de ingl\u00eas - Ded\u00e9 Mesquita","robots":{"index":"index","follow":"follow","max-snippet":"max-snippet:-1","max-image-preview":"max-image-preview:large","max-video-preview":"max-video-preview:-1"},"canonical":"https:\/\/dedemesquita.com.br\/?p=7826","og_locale":"pt_BR","og_type":"article","og_title":"Cadastrados na plataforma Amaz\u00f4nia Vox ter\u00e3o forma\u00e7\u00e3o gratuita e podem concorrer a bolsas para curso de ingl\u00eas - Ded\u00e9 Mesquita","og_description":"Bel\u00e9m, 17 de outubro de 2023 &#8211; Profissionais freelancers de comunica\u00e7\u00e3o da regi\u00e3o amaz\u00f4nica brasileira cadastrados na plataforma Amaz\u00f4nia Vox podem participar de uma jornada gratuita de forma\u00e7\u00e3o online semanal e concorrer a quatro bolsas integrais da turma exclusiva de curso de ingl\u00eas oferecida pela escola de idiomas online Upper em parceria com o Instituto [&hellip;]","og_url":"https:\/\/dedemesquita.com.br\/?p=7826","og_site_name":"Ded\u00e9 Mesquita","article_publisher":"https:\/\/www.facebook.com\/dede.mesquita","article_published_time":"2023-10-17T13:10:26+00:00","article_modified_time":"2023-10-17T13:14:44+00:00","og_image":[{"width":1000,"height":630,"url":"https:\/\/dedemesquita.com.br\/wp-content\/uploads\/2023\/10\/amaz.jpeg","type":"image\/jpeg"}],"author":"Ded\u00e9 Mesquita","twitter_card":"summary_large_image","twitter_creator":"@dedemesquita","twitter_site":"@dedemesquita","twitter_misc":{"Escrito por":"Ded\u00e9 Mesquita","Est. tempo de leitura":"3 minutos"},"schema":{"@context":"https:\/\/schema.org","@graph":[{"@type":"WebPage","@id":"https:\/\/dedemesquita.com.br\/?p=7826","url":"https:\/\/dedemesquita.com.br\/?p=7826","name":"Cadastrados na plataforma Amaz\u00f4nia Vox ter\u00e3o forma\u00e7\u00e3o gratuita e podem concorrer a bolsas para curso de ingl\u00eas - Ded\u00e9 Mesquita","isPartOf":{"@id":"https:\/\/dedemesquita.com.br\/#website"},"datePublished":"2023-10-17T13:10:26+00:00","dateModified":"2023-10-17T13:14:44+00:00","author":{"@id":"https:\/\/dedemesquita.com.br\/#\/schema\/person\/36571f81dd2d76dc3ab37231542c9e24"},"breadcrumb":{"@id":"https:\/\/dedemesquita.com.br\/?p=7826#breadcrumb"},"inLanguage":"pt-BR","potentialAction":[{"@type":"ReadAction","target":["https:\/\/dedemesquita.com.br\/?p=7826"]}]},{"@type":"BreadcrumbList","@id":"https:\/\/dedemesquita.com.br\/?p=7826#breadcrumb","itemListElement":[{"@type":"ListItem","position":1,"name":"In\u00edcio","item":"https:\/\/dedemesquita.com.br\/"},{"@type":"ListItem","position":2,"name":"Cadastrados na plataforma Amaz\u00f4nia Vox ter\u00e3o forma\u00e7\u00e3o gratuita e podem concorrer a bolsas para curso de ingl\u00eas"}]},{"@type":"WebSite","@id":"https:\/\/dedemesquita.com.br\/#website","url":"https:\/\/dedemesquita.com.br\/","name":"Ded\u00e9 Mesquita","description":"Um site que mostra os bastidores da imprensa no estado do Par\u00e1 e em Bel\u00e9m","potentialAction":[{"@type":"SearchAction","target":{"@type":"EntryPoint","urlTemplate":"https:\/\/dedemesquita.com.br\/?s={search_term_string}"},"query-input":"required name=search_term_string"}],"inLanguage":"pt-BR"},{"@type":"Person","@id":"https:\/\/dedemesquita.com.br\/#\/schema\/person\/36571f81dd2d76dc3ab37231542c9e24","name":"Ded\u00e9 Mesquita","image":{"@type":"ImageObject","inLanguage":"pt-BR","@id":"https:\/\/dedemesquita.com.br\/#\/schema\/person\/image\/","url":"https:\/\/dedemesquita.com.br\/wp-content\/uploads\/2021\/02\/foto_perfil-150x150.jpg","contentUrl":"https:\/\/dedemesquita.com.br\/wp-content\/uploads\/2021\/02\/foto_perfil-150x150.jpg","caption":"Ded\u00e9 Mesquita"},"sameAs":["https:\/\/dedemesquita.com.br"]}]}},"_links":{"self":[{"href":"https:\/\/dedemesquita.com.br\/index.php?rest_route=\/wp\/v2\/posts\/7826"}],"collection":[{"href":"https:\/\/dedemesquita.com.br\/index.php?rest_route=\/wp\/v2\/posts"}],"about":[{"href":"https:\/\/dedemesquita.com.br\/index.php?rest_route=\/wp\/v2\/types\/post"}],"author":[{"embeddable":true,"href":"https:\/\/dedemesquita.com.br\/index.php?rest_route=\/wp\/v2\/users\/2"}],"replies":[{"embeddable":true,"href":"https:\/\/dedemesquita.com.br\/index.php?rest_route=%2Fwp%2Fv2%2Fcomments&post=7826"}],"version-history":[{"count":2,"href":"https:\/\/dedemesquita.com.br\/index.php?rest_route=\/wp\/v2\/posts\/7826\/revisions"}],"predecessor-version":[{"id":7830,"href":"https:\/\/dedemesquita.com.br\/index.php?rest_route=\/wp\/v2\/posts\/7826\/revisions\/7830"}],"wp:featuredmedia":[{"embeddable":true,"href":"https:\/\/dedemesquita.com.br\/index.php?rest_route=\/wp\/v2\/media\/7827"}],"wp:attachment":[{"href":"https:\/\/dedemesquita.com.br\/index.php?rest_route=%2Fwp%2Fv2%2Fmedia&parent=7826"}],"wp:term":[{"taxonomy":"category","embeddable":true,"href":"https:\/\/dedemesquita.com.br\/index.php?rest_route=%2Fwp%2Fv2%2Fcategories&post=7826"},{"taxonomy":"post_tag","embeddable":true,"href":"https:\/\/dedemesquita.com.br\/index.php?rest_route=%2Fwp%2Fv2%2Ftags&post=7826"}],"curies":[{"name":"wp","href":"https:\/\/api.w.org\/{rel}","templated":true}]}}