{"id":7818,"date":"2023-10-15T17:52:51","date_gmt":"2023-10-15T20:52:51","guid":{"rendered":"https:\/\/dedemesquita.com.br\/?p=7818"},"modified":"2023-10-15T17:52:52","modified_gmt":"2023-10-15T20:52:52","slug":"summit-eleicoes-belem-2023-ensina-os-segredos-de-campanhas-politicas-bem-sucedidas-em-dois-dias-em-belem","status":"publish","type":"post","link":"https:\/\/dedemesquita.com.br\/?p=7818","title":{"rendered":"Summit Elei\u00e7\u00f5es Bel\u00e9m 2023 ensina os segredos de campanhas pol\u00edticas bem sucedidas em dois dias em Bel\u00e9m"},"content":{"rendered":"\n<p><strong>Bel\u00e9m, 15 de outubro de 2023 &#8211; <\/strong>A maior imers\u00e3o na ind\u00fastria pol\u00edtica eleitoral do Brasil vai rolar em Bel\u00e9m, nos dias<strong> 19 e 20 de outubro [quinta e sexta-feira pr\u00f3ximos]<\/strong> o <strong>Summit Elei\u00e7\u00f5es Bel\u00e9m 2023<\/strong>, no audit\u00f3rio David Mufarrej, da Unama, campus Alcindo Cacela. As inscri\u00e7\u00f5es j\u00e1 est\u00e3o abertas. <\/p>\n\n\n\n<p>O evento contar\u00e1 com a realiza\u00e7\u00e3o do CIEL &#8211; Centro de Inova\u00e7\u00e3o Eleitoral, Pol\u00edtico e Governamental, com co-realiza\u00e7\u00e3o da ag\u00eancia Troika Intelig\u00eancia Pol\u00edtica<\/p>\n\n\n<div class=\"wp-block-image\">\n<figure class=\"aligncenter size-full\"><img loading=\"lazy\" decoding=\"async\" width=\"800\" height=\"772\" src=\"https:\/\/dedemesquita.com.br\/wp-content\/uploads\/2023\/10\/WhatsApp-Image-2023-10-14-at-18.28.37-1.jpeg\" alt=\"\" class=\"wp-image-7820\" srcset=\"https:\/\/dedemesquita.com.br\/wp-content\/uploads\/2023\/10\/WhatsApp-Image-2023-10-14-at-18.28.37-1.jpeg 800w, https:\/\/dedemesquita.com.br\/wp-content\/uploads\/2023\/10\/WhatsApp-Image-2023-10-14-at-18.28.37-1-768x741.jpeg 768w\" sizes=\"(max-width: 800px) 100vw, 800px\" \/><figcaption class=\"wp-element-caption\">Palestrantes do <strong>Summit Elei\u00e7\u00f5es Bel\u00e9m 2023<\/strong><\/figcaption><\/figure><\/div>\n\n\n<p><strong>O que \u00e9 &#8211; <\/strong>O <strong>Summit Elei\u00e7\u00f5es Bel\u00e9m 2023<\/strong> ter\u00e1 mais de 20 horas de imers\u00e3o com renomados profissionais do Par\u00e1 e do Brasil. No ano passado, as elei\u00e7\u00f5es movimentaram mais de R$ 13,5 bilh\u00f5es de reais em receita. O objetivo do evento \u00e9 ensinar a fazer parte desse mercado, debatendo, junto a pr\u00e9-candidatos, l\u00edderes partid\u00e1rios, contadores, advogados, cientistas, consultores, marketeiros e a comunidade pol\u00edtica, com experi\u00eancia e resultados comprovados em in\u00fameros processos eleitorais para disseminar conhecimento e explorar as melhores pr\u00e1ticas do que h\u00e1 de mais atual quando o assunto\u00a0\u00e9\u00a0pol\u00edtica. <\/p>\n\n\n\n<p>O evento ser\u00e1 realizado pela primeira vez na capital paraense, no qual ser\u00e3o discutidos com os principais stakeholders do Brasil e do Par\u00e1 sobre os principais temas relativos \u00e0s elei\u00e7\u00f5es de 2024. As palestras ser\u00e3o presenciais e transmitidos on-line para todo o Brasil com workshops e oficinas sobre Estrat\u00e9gia, Direito Eleitoral, Presta\u00e7\u00e3o de Contas, audiovisual, <em>media training<\/em>, gest\u00e3o de crise, planejamento e produ\u00e7\u00e3o de conte\u00fado.<\/p>\n\n\n\n<p>Uma oportunidade \u00fanica para quem tem mandato, quem \u00e9 assessor ou est\u00e1 pensando em candidatar-se ou trabalhar neste mercado que cresce a cada ano.<\/p>\n\n\n\n<p>1 &#8211; Vais aprender sobre as novas regras e detalhes important\u00edssimos sobre a legisla\u00e7\u00e3o eleitoral de 2024.<\/p>\n\n\n\n<p>2 &#8211; Desenvolver habilitades in\u00e9ditas na Produ\u00e7\u00e3o de Conte\u00fado e Planejamento para campanhas pol\u00edticas.<\/p>\n\n\n\n<p>3 &#8211; Pegar dicas de ouro e entender como melhor mensurar e converter estrat\u00e9gias com Tr\u00e1fego Pago.<\/p>\n\n\n\n<p>4 &#8211; Entender o porqu\u00ea a Comunica\u00e7\u00e3o Offiline ainda \u00e9 importante.<\/p>\n\n\n\n<p>5 &#8211; Criar o melhor fluxo de trabalho e equipe, assim como a gest\u00e3o de poss\u00edveis crises.<\/p>\n\n\n\n<p><strong>Confira a programa\u00e7\u00e3o: <\/strong><\/p>\n\n\n<div class=\"wp-block-image\">\n<figure class=\"aligncenter size-full\"><img loading=\"lazy\" decoding=\"async\" width=\"696\" height=\"800\" src=\"https:\/\/dedemesquita.com.br\/wp-content\/uploads\/2023\/10\/WhatsApp-Image-2023-10-14-at-18.28.38.jpeg\" alt=\"\" class=\"wp-image-7821\"\/><figcaption class=\"wp-element-caption\">Programa\u00e7\u00e3o do primeiro dia, quinta-feira, 19, do <strong>Summit Elei\u00e7\u00f5es Bel\u00e9m 2023<\/strong><\/figcaption><\/figure><\/div>\n\n<div class=\"wp-block-image\">\n<figure class=\"aligncenter size-full\"><img loading=\"lazy\" decoding=\"async\" width=\"711\" height=\"800\" src=\"https:\/\/dedemesquita.com.br\/wp-content\/uploads\/2023\/10\/WhatsApp-Image-2023-10-14-at-18.28.38-1.jpeg\" alt=\"\" class=\"wp-image-7822\"\/><figcaption class=\"wp-element-caption\">Programa\u00e7\u00e3o do segundo dia, sexta-feira, 20, do <strong>Summit Elei\u00e7\u00f5es Bel\u00e9m 2023<\/strong><\/figcaption><\/figure><\/div>\n\n\n<p><strong>Servi\u00e7o:<\/strong> Garante seu passaporte e aproveite essa imers\u00e3o in\u00e9dita:<strong> <a href=\"https:\/\/summiteleicoesbelem.com.br\/\">https:\/\/summiteleicoesbelem.com.br\/<\/a><\/strong><\/p>\n\n\n\n<p class=\"has-text-align-right\"><strong><em>Com informa\u00e7\u00f5es da assessoria de comunica\u00e7\u00e3o do evento<\/em><br><\/strong><\/p>\n","protected":false},"excerpt":{"rendered":"<p>Bel\u00e9m, 15 de outubro de 2023 &#8211; A maior imers\u00e3o na ind\u00fastria pol\u00edtica eleitoral do Brasil vai rolar em Bel\u00e9m, nos dias 19 e 20 de outubro [quinta e sexta-feira pr\u00f3ximos] o Summit Elei\u00e7\u00f5es Bel\u00e9m 2023, no audit\u00f3rio David Mufarrej, da Unama, campus Alcindo Cacela. As inscri\u00e7\u00f5es j\u00e1 est\u00e3o abertas. O evento contar\u00e1 com a [&hellip;]<\/p>\n","protected":false},"author":2,"featured_media":7824,"comment_status":"open","ping_status":"open","sticky":false,"template":"","format":"standard","meta":{"footnotes":""},"categories":[51,14,29],"tags":[351,119,120,505,506],"class_list":["post-7818","post","type-post","status-publish","format-standard","has-post-thumbnail","hentry","category-destaque","category-imprensa","category-jornalismo","tag-daniel-nardin","tag-jornalismo","tag-jornalistas-paraenses-em-acao","tag-summit-eleicoes-belem-2023","tag-troika-politica"],"yoast_head":"<!-- This site is optimized with the Yoast SEO plugin v19.10 - https:\/\/yoast.com\/wordpress\/plugins\/seo\/ -->\n<title>Summit Elei\u00e7\u00f5es Bel\u00e9m 2023 ensina os segredos de campanhas pol\u00edticas bem sucedidas em dois dias em Bel\u00e9m - Ded\u00e9 Mesquita<\/title>\n<meta name=\"robots\" content=\"index, follow, max-snippet:-1, max-image-preview:large, max-video-preview:-1\" \/>\n<link rel=\"canonical\" href=\"https:\/\/dedemesquita.com.br\/?p=7818\" \/>\n<meta property=\"og:locale\" content=\"pt_BR\" \/>\n<meta property=\"og:type\" content=\"article\" \/>\n<meta property=\"og:title\" content=\"Summit Elei\u00e7\u00f5es Bel\u00e9m 2023 ensina os segredos de campanhas pol\u00edticas bem sucedidas em dois dias em Bel\u00e9m - Ded\u00e9 Mesquita\" \/>\n<meta property=\"og:description\" content=\"Bel\u00e9m, 15 de outubro de 2023 &#8211; A maior imers\u00e3o na ind\u00fastria pol\u00edtica eleitoral do Brasil vai rolar em Bel\u00e9m, nos dias 19 e 20 de outubro [quinta e sexta-feira pr\u00f3ximos] o Summit Elei\u00e7\u00f5es Bel\u00e9m 2023, no audit\u00f3rio David Mufarrej, da Unama, campus Alcindo Cacela. As inscri\u00e7\u00f5es j\u00e1 est\u00e3o abertas. O evento contar\u00e1 com a [&hellip;]\" \/>\n<meta property=\"og:url\" content=\"https:\/\/dedemesquita.com.br\/?p=7818\" \/>\n<meta property=\"og:site_name\" content=\"Ded\u00e9 Mesquita\" \/>\n<meta property=\"article:publisher\" content=\"https:\/\/www.facebook.com\/dede.mesquita\" \/>\n<meta property=\"article:published_time\" content=\"2023-10-15T20:52:51+00:00\" \/>\n<meta property=\"article:modified_time\" content=\"2023-10-15T20:52:52+00:00\" \/>\n<meta property=\"og:image\" content=\"https:\/\/dedemesquita.com.br\/wp-content\/uploads\/2023\/10\/WhatsApp-Image-2023-10-14-at-18.28.37.jpeg\" \/>\n\t<meta property=\"og:image:width\" content=\"950\" \/>\n\t<meta property=\"og:image:height\" content=\"594\" \/>\n\t<meta property=\"og:image:type\" content=\"image\/jpeg\" \/>\n<meta name=\"author\" content=\"Ded\u00e9 Mesquita\" \/>\n<meta name=\"twitter:card\" content=\"summary_large_image\" \/>\n<meta name=\"twitter:creator\" content=\"@dedemesquita\" \/>\n<meta name=\"twitter:site\" content=\"@dedemesquita\" \/>\n<meta name=\"twitter:label1\" content=\"Escrito por\" \/>\n\t<meta name=\"twitter:data1\" content=\"Ded\u00e9 Mesquita\" \/>\n\t<meta name=\"twitter:label2\" content=\"Est. tempo de leitura\" \/>\n\t<meta name=\"twitter:data2\" content=\"2 minutos\" \/>\n<script type=\"application\/ld+json\" class=\"yoast-schema-graph\">{\"@context\":\"https:\/\/schema.org\",\"@graph\":[{\"@type\":\"WebPage\",\"@id\":\"https:\/\/dedemesquita.com.br\/?p=7818\",\"url\":\"https:\/\/dedemesquita.com.br\/?p=7818\",\"name\":\"Summit Elei\u00e7\u00f5es Bel\u00e9m 2023 ensina os segredos de campanhas pol\u00edticas bem sucedidas em dois dias em Bel\u00e9m - Ded\u00e9 Mesquita\",\"isPartOf\":{\"@id\":\"https:\/\/dedemesquita.com.br\/#website\"},\"datePublished\":\"2023-10-15T20:52:51+00:00\",\"dateModified\":\"2023-10-15T20:52:52+00:00\",\"author\":{\"@id\":\"https:\/\/dedemesquita.com.br\/#\/schema\/person\/36571f81dd2d76dc3ab37231542c9e24\"},\"breadcrumb\":{\"@id\":\"https:\/\/dedemesquita.com.br\/?p=7818#breadcrumb\"},\"inLanguage\":\"pt-BR\",\"potentialAction\":[{\"@type\":\"ReadAction\",\"target\":[\"https:\/\/dedemesquita.com.br\/?p=7818\"]}]},{\"@type\":\"BreadcrumbList\",\"@id\":\"https:\/\/dedemesquita.com.br\/?p=7818#breadcrumb\",\"itemListElement\":[{\"@type\":\"ListItem\",\"position\":1,\"name\":\"In\u00edcio\",\"item\":\"https:\/\/dedemesquita.com.br\/\"},{\"@type\":\"ListItem\",\"position\":2,\"name\":\"Summit Elei\u00e7\u00f5es Bel\u00e9m 2023 ensina os segredos de campanhas pol\u00edticas bem sucedidas em dois dias em Bel\u00e9m\"}]},{\"@type\":\"WebSite\",\"@id\":\"https:\/\/dedemesquita.com.br\/#website\",\"url\":\"https:\/\/dedemesquita.com.br\/\",\"name\":\"Ded\u00e9 Mesquita\",\"description\":\"Um site que mostra os bastidores da imprensa no estado do Par\u00e1 e em Bel\u00e9m\",\"potentialAction\":[{\"@type\":\"SearchAction\",\"target\":{\"@type\":\"EntryPoint\",\"urlTemplate\":\"https:\/\/dedemesquita.com.br\/?s={search_term_string}\"},\"query-input\":\"required name=search_term_string\"}],\"inLanguage\":\"pt-BR\"},{\"@type\":\"Person\",\"@id\":\"https:\/\/dedemesquita.com.br\/#\/schema\/person\/36571f81dd2d76dc3ab37231542c9e24\",\"name\":\"Ded\u00e9 Mesquita\",\"image\":{\"@type\":\"ImageObject\",\"inLanguage\":\"pt-BR\",\"@id\":\"https:\/\/dedemesquita.com.br\/#\/schema\/person\/image\/\",\"url\":\"https:\/\/dedemesquita.com.br\/wp-content\/uploads\/2021\/02\/foto_perfil-150x150.jpg\",\"contentUrl\":\"https:\/\/dedemesquita.com.br\/wp-content\/uploads\/2021\/02\/foto_perfil-150x150.jpg\",\"caption\":\"Ded\u00e9 Mesquita\"},\"sameAs\":[\"https:\/\/dedemesquita.com.br\"]}]}<\/script>\n<!-- \/ Yoast SEO plugin. -->","yoast_head_json":{"title":"Summit Elei\u00e7\u00f5es Bel\u00e9m 2023 ensina os segredos de campanhas pol\u00edticas bem sucedidas em dois dias em Bel\u00e9m - Ded\u00e9 Mesquita","robots":{"index":"index","follow":"follow","max-snippet":"max-snippet:-1","max-image-preview":"max-image-preview:large","max-video-preview":"max-video-preview:-1"},"canonical":"https:\/\/dedemesquita.com.br\/?p=7818","og_locale":"pt_BR","og_type":"article","og_title":"Summit Elei\u00e7\u00f5es Bel\u00e9m 2023 ensina os segredos de campanhas pol\u00edticas bem sucedidas em dois dias em Bel\u00e9m - Ded\u00e9 Mesquita","og_description":"Bel\u00e9m, 15 de outubro de 2023 &#8211; A maior imers\u00e3o na ind\u00fastria pol\u00edtica eleitoral do Brasil vai rolar em Bel\u00e9m, nos dias 19 e 20 de outubro [quinta e sexta-feira pr\u00f3ximos] o Summit Elei\u00e7\u00f5es Bel\u00e9m 2023, no audit\u00f3rio David Mufarrej, da Unama, campus Alcindo Cacela. As inscri\u00e7\u00f5es j\u00e1 est\u00e3o abertas. O evento contar\u00e1 com a [&hellip;]","og_url":"https:\/\/dedemesquita.com.br\/?p=7818","og_site_name":"Ded\u00e9 Mesquita","article_publisher":"https:\/\/www.facebook.com\/dede.mesquita","article_published_time":"2023-10-15T20:52:51+00:00","article_modified_time":"2023-10-15T20:52:52+00:00","og_image":[{"width":950,"height":594,"url":"https:\/\/dedemesquita.com.br\/wp-content\/uploads\/2023\/10\/WhatsApp-Image-2023-10-14-at-18.28.37.jpeg","type":"image\/jpeg"}],"author":"Ded\u00e9 Mesquita","twitter_card":"summary_large_image","twitter_creator":"@dedemesquita","twitter_site":"@dedemesquita","twitter_misc":{"Escrito por":"Ded\u00e9 Mesquita","Est. tempo de leitura":"2 minutos"},"schema":{"@context":"https:\/\/schema.org","@graph":[{"@type":"WebPage","@id":"https:\/\/dedemesquita.com.br\/?p=7818","url":"https:\/\/dedemesquita.com.br\/?p=7818","name":"Summit Elei\u00e7\u00f5es Bel\u00e9m 2023 ensina os segredos de campanhas pol\u00edticas bem sucedidas em dois dias em Bel\u00e9m - Ded\u00e9 Mesquita","isPartOf":{"@id":"https:\/\/dedemesquita.com.br\/#website"},"datePublished":"2023-10-15T20:52:51+00:00","dateModified":"2023-10-15T20:52:52+00:00","author":{"@id":"https:\/\/dedemesquita.com.br\/#\/schema\/person\/36571f81dd2d76dc3ab37231542c9e24"},"breadcrumb":{"@id":"https:\/\/dedemesquita.com.br\/?p=7818#breadcrumb"},"inLanguage":"pt-BR","potentialAction":[{"@type":"ReadAction","target":["https:\/\/dedemesquita.com.br\/?p=7818"]}]},{"@type":"BreadcrumbList","@id":"https:\/\/dedemesquita.com.br\/?p=7818#breadcrumb","itemListElement":[{"@type":"ListItem","position":1,"name":"In\u00edcio","item":"https:\/\/dedemesquita.com.br\/"},{"@type":"ListItem","position":2,"name":"Summit Elei\u00e7\u00f5es Bel\u00e9m 2023 ensina os segredos de campanhas pol\u00edticas bem sucedidas em dois dias em Bel\u00e9m"}]},{"@type":"WebSite","@id":"https:\/\/dedemesquita.com.br\/#website","url":"https:\/\/dedemesquita.com.br\/","name":"Ded\u00e9 Mesquita","description":"Um site que mostra os bastidores da imprensa no estado do Par\u00e1 e em Bel\u00e9m","potentialAction":[{"@type":"SearchAction","target":{"@type":"EntryPoint","urlTemplate":"https:\/\/dedemesquita.com.br\/?s={search_term_string}"},"query-input":"required name=search_term_string"}],"inLanguage":"pt-BR"},{"@type":"Person","@id":"https:\/\/dedemesquita.com.br\/#\/schema\/person\/36571f81dd2d76dc3ab37231542c9e24","name":"Ded\u00e9 Mesquita","image":{"@type":"ImageObject","inLanguage":"pt-BR","@id":"https:\/\/dedemesquita.com.br\/#\/schema\/person\/image\/","url":"https:\/\/dedemesquita.com.br\/wp-content\/uploads\/2021\/02\/foto_perfil-150x150.jpg","contentUrl":"https:\/\/dedemesquita.com.br\/wp-content\/uploads\/2021\/02\/foto_perfil-150x150.jpg","caption":"Ded\u00e9 Mesquita"},"sameAs":["https:\/\/dedemesquita.com.br"]}]}},"_links":{"self":[{"href":"https:\/\/dedemesquita.com.br\/index.php?rest_route=\/wp\/v2\/posts\/7818"}],"collection":[{"href":"https:\/\/dedemesquita.com.br\/index.php?rest_route=\/wp\/v2\/posts"}],"about":[{"href":"https:\/\/dedemesquita.com.br\/index.php?rest_route=\/wp\/v2\/types\/post"}],"author":[{"embeddable":true,"href":"https:\/\/dedemesquita.com.br\/index.php?rest_route=\/wp\/v2\/users\/2"}],"replies":[{"embeddable":true,"href":"https:\/\/dedemesquita.com.br\/index.php?rest_route=%2Fwp%2Fv2%2Fcomments&post=7818"}],"version-history":[{"count":3,"href":"https:\/\/dedemesquita.com.br\/index.php?rest_route=\/wp\/v2\/posts\/7818\/revisions"}],"predecessor-version":[{"id":7825,"href":"https:\/\/dedemesquita.com.br\/index.php?rest_route=\/wp\/v2\/posts\/7818\/revisions\/7825"}],"wp:featuredmedia":[{"embeddable":true,"href":"https:\/\/dedemesquita.com.br\/index.php?rest_route=\/wp\/v2\/media\/7824"}],"wp:attachment":[{"href":"https:\/\/dedemesquita.com.br\/index.php?rest_route=%2Fwp%2Fv2%2Fmedia&parent=7818"}],"wp:term":[{"taxonomy":"category","embeddable":true,"href":"https:\/\/dedemesquita.com.br\/index.php?rest_route=%2Fwp%2Fv2%2Fcategories&post=7818"},{"taxonomy":"post_tag","embeddable":true,"href":"https:\/\/dedemesquita.com.br\/index.php?rest_route=%2Fwp%2Fv2%2Ftags&post=7818"}],"curies":[{"name":"wp","href":"https:\/\/api.w.org\/{rel}","templated":true}]}}