{"id":7693,"date":"2023-10-08T20:05:09","date_gmt":"2023-10-08T23:05:09","guid":{"rendered":"https:\/\/dedemesquita.com.br\/?p=7693"},"modified":"2023-10-09T09:47:12","modified_gmt":"2023-10-09T12:47:12","slug":"a-imprensa-no-cirio-de-nazare-2023-pelo-olhar-do-fotografo-adriano-nascimento","status":"publish","type":"post","link":"https:\/\/dedemesquita.com.br\/?p=7693","title":{"rendered":"A imprensa no C\u00edrio de Nazar\u00e9 2023 pelo olhar do fot\u00f3grafo Adriano Nascimento"},"content":{"rendered":"\n<p><strong>Bel\u00e9m, 8 de outubro de 2023 &#8211;<\/strong> Este ano, o site ganhou mais um parceiro no registro, em fotos, dos eventos do C\u00edrio de Nossa Senhora de Nazar\u00e9: <strong>o fot\u00f3grafo Adriano Nascimento<\/strong>. <\/p>\n\n\n\n<p>Ele esteve comigo &#8211; eu aqui do Rio de Janeiro e ele nas ruas de Bel\u00e9m &#8211; desde a visita da Imagem Peregrina ao Ver-o-Peso. Sou muito grata a <strong>ele <\/strong>e todos <strong>os meus fi\u00e9is colaboradores-fot\u00f3grafos<\/strong> que nunca, nunca me deixaram na m\u00e3o, &#8220;desamparada&#8221; e sem fotos. <\/p>\n\n\n\n<p>Sou s\u00f3 gratid\u00e3o. E fiquem com os registro do Adriano, porque ele <strong><em>a rra sou<\/em><\/strong> nas fotinhas:  <\/p>\n\n\n<div class=\"wp-block-image\">\n<figure class=\"aligncenter size-full\"><img loading=\"lazy\" decoding=\"async\" width=\"740\" height=\"800\" src=\"https:\/\/dedemesquita.com.br\/wp-content\/uploads\/2023\/10\/WhatsApp-Image-2023-10-08-at-13.57.50.jpeg\" alt=\"\" class=\"wp-image-7695\"\/><figcaption class=\"wp-element-caption\">Os primos fot\u00f3grafos Adriano Nascimento e Wagner Almeida (foto de Adriano Nascimento)<\/figcaption><\/figure><\/div>\n\n<div class=\"wp-block-image\">\n<figure class=\"aligncenter size-full\"><img loading=\"lazy\" decoding=\"async\" width=\"800\" height=\"533\" src=\"https:\/\/dedemesquita.com.br\/wp-content\/uploads\/2023\/10\/WhatsApp-Image-2023-10-08-at-08.10.48.jpeg\" alt=\"\" class=\"wp-image-7696\" srcset=\"https:\/\/dedemesquita.com.br\/wp-content\/uploads\/2023\/10\/WhatsApp-Image-2023-10-08-at-08.10.48.jpeg 800w, https:\/\/dedemesquita.com.br\/wp-content\/uploads\/2023\/10\/WhatsApp-Image-2023-10-08-at-08.10.48-768x512.jpeg 768w\" sizes=\"(max-width: 800px) 100vw, 800px\" \/><figcaption class=\"wp-element-caption\">A produ\u00e7\u00e3o da TV Liberal na miss\u00e3o de encontrar os personagens para as reportagens (foto de Adriano Nascimento)<\/figcaption><\/figure><\/div>\n\n<div class=\"wp-block-image\">\n<figure class=\"aligncenter size-full\"><img loading=\"lazy\" decoding=\"async\" width=\"800\" height=\"533\" src=\"https:\/\/dedemesquita.com.br\/wp-content\/uploads\/2023\/10\/WhatsApp-Image-2023-10-08-at-08.10.49.jpeg\" alt=\"\" class=\"wp-image-7698\" srcset=\"https:\/\/dedemesquita.com.br\/wp-content\/uploads\/2023\/10\/WhatsApp-Image-2023-10-08-at-08.10.49.jpeg 800w, https:\/\/dedemesquita.com.br\/wp-content\/uploads\/2023\/10\/WhatsApp-Image-2023-10-08-at-08.10.49-768x512.jpeg 768w\" sizes=\"(max-width: 800px) 100vw, 800px\" \/><figcaption class=\"wp-element-caption\">Laiana Damasceno, al\u00e9m de Rainha do Traslado, recebe agora o t\u00edtulo de Miss C\u00edrio (foto de Adriano Nascimento)<\/figcaption><\/figure><\/div>\n\n<div class=\"wp-block-image\">\n<figure class=\"aligncenter size-full\"><img loading=\"lazy\" decoding=\"async\" width=\"582\" height=\"750\" src=\"https:\/\/dedemesquita.com.br\/wp-content\/uploads\/2023\/10\/WhatsApp-Image-2023-10-07-at-12.04.21.jpeg\" alt=\"\" class=\"wp-image-7724\"\/><figcaption class=\"wp-element-caption\">Explico o t\u00edtulo de Miss C\u00edrio: Laiana Damasceno produziu e escreveu o caderno especial do C\u00edrio de Nazar\u00e9 nos jornais O Liberal e Amaz\u00f4nia, do grupo ORM <\/figcaption><\/figure><\/div>\n\n<div class=\"wp-block-image\">\n<figure class=\"aligncenter size-full\"><img loading=\"lazy\" decoding=\"async\" width=\"800\" height=\"533\" src=\"https:\/\/dedemesquita.com.br\/wp-content\/uploads\/2023\/10\/WhatsApp-Image-2023-10-08-at-08.10.49-1.jpeg\" alt=\"\" class=\"wp-image-7699\" srcset=\"https:\/\/dedemesquita.com.br\/wp-content\/uploads\/2023\/10\/WhatsApp-Image-2023-10-08-at-08.10.49-1.jpeg 800w, https:\/\/dedemesquita.com.br\/wp-content\/uploads\/2023\/10\/WhatsApp-Image-2023-10-08-at-08.10.49-1-768x512.jpeg 768w\" sizes=\"(max-width: 800px) 100vw, 800px\" \/><figcaption class=\"wp-element-caption\">Wellington J\u00fanior, da RBA TV  (foto de Adriano Nascimento)<\/figcaption><\/figure><\/div>\n\n<div class=\"wp-block-image\">\n<figure class=\"aligncenter size-full\"><img loading=\"lazy\" decoding=\"async\" width=\"800\" height=\"533\" src=\"https:\/\/dedemesquita.com.br\/wp-content\/uploads\/2023\/10\/WhatsApp-Image-2023-10-08-at-08.10.50.jpeg\" alt=\"\" class=\"wp-image-7700\" srcset=\"https:\/\/dedemesquita.com.br\/wp-content\/uploads\/2023\/10\/WhatsApp-Image-2023-10-08-at-08.10.50.jpeg 800w, https:\/\/dedemesquita.com.br\/wp-content\/uploads\/2023\/10\/WhatsApp-Image-2023-10-08-at-08.10.50-768x512.jpeg 768w\" sizes=\"(max-width: 800px) 100vw, 800px\" \/><figcaption class=\"wp-element-caption\">Uma das equipes da RBA TV (foto de Adriano Nascimento)<\/figcaption><\/figure><\/div>\n\n<div class=\"wp-block-image\">\n<figure class=\"aligncenter size-full\"><img loading=\"lazy\" decoding=\"async\" width=\"800\" height=\"533\" src=\"https:\/\/dedemesquita.com.br\/wp-content\/uploads\/2023\/10\/WhatsApp-Image-2023-10-08-at-08.30.37-1.jpeg\" alt=\"\" class=\"wp-image-7701\" srcset=\"https:\/\/dedemesquita.com.br\/wp-content\/uploads\/2023\/10\/WhatsApp-Image-2023-10-08-at-08.30.37-1.jpeg 800w, https:\/\/dedemesquita.com.br\/wp-content\/uploads\/2023\/10\/WhatsApp-Image-2023-10-08-at-08.30.37-1-768x512.jpeg 768w\" sizes=\"(max-width: 800px) 100vw, 800px\" \/><figcaption class=\"wp-element-caption\">Colega cinegrafista do SBT Par\u00e1 (foto de Adriano Nascimento)<\/figcaption><\/figure><\/div>\n\n<div class=\"wp-block-image\">\n<figure class=\"aligncenter size-full\"><img loading=\"lazy\" decoding=\"async\" width=\"800\" height=\"533\" src=\"https:\/\/dedemesquita.com.br\/wp-content\/uploads\/2023\/10\/WhatsApp-Image-2023-10-08-at-08.30.37-2.jpeg\" alt=\"\" class=\"wp-image-7702\" srcset=\"https:\/\/dedemesquita.com.br\/wp-content\/uploads\/2023\/10\/WhatsApp-Image-2023-10-08-at-08.30.37-2.jpeg 800w, https:\/\/dedemesquita.com.br\/wp-content\/uploads\/2023\/10\/WhatsApp-Image-2023-10-08-at-08.30.37-2-768x512.jpeg 768w\" sizes=\"(max-width: 800px) 100vw, 800px\" \/><figcaption class=\"wp-element-caption\">Fala, produ\u00e7\u00e3o! RBA TV (foto de Adriano Nascimento)<\/figcaption><\/figure><\/div>\n\n<div class=\"wp-block-image\">\n<figure class=\"aligncenter size-full\"><img loading=\"lazy\" decoding=\"async\" width=\"800\" height=\"533\" src=\"https:\/\/dedemesquita.com.br\/wp-content\/uploads\/2023\/10\/WhatsApp-Image-2023-10-08-at-08.30.38.jpeg\" alt=\"\" class=\"wp-image-7703\" srcset=\"https:\/\/dedemesquita.com.br\/wp-content\/uploads\/2023\/10\/WhatsApp-Image-2023-10-08-at-08.30.38.jpeg 800w, https:\/\/dedemesquita.com.br\/wp-content\/uploads\/2023\/10\/WhatsApp-Image-2023-10-08-at-08.30.38-768x512.jpeg 768w\" sizes=\"(max-width: 800px) 100vw, 800px\" \/><figcaption class=\"wp-element-caption\">Priscilla Sousa, da TV Liberal (foto de Adriano Nascimento)<\/figcaption><\/figure><\/div>\n\n<div class=\"wp-block-image\">\n<figure class=\"aligncenter size-full\"><img loading=\"lazy\" decoding=\"async\" width=\"800\" height=\"533\" src=\"https:\/\/dedemesquita.com.br\/wp-content\/uploads\/2023\/10\/WhatsApp-Image-2023-10-08-at-08.30.39.jpeg\" alt=\"\" class=\"wp-image-7704\" srcset=\"https:\/\/dedemesquita.com.br\/wp-content\/uploads\/2023\/10\/WhatsApp-Image-2023-10-08-at-08.30.39.jpeg 800w, https:\/\/dedemesquita.com.br\/wp-content\/uploads\/2023\/10\/WhatsApp-Image-2023-10-08-at-08.30.39-768x512.jpeg 768w\" sizes=\"(max-width: 800px) 100vw, 800px\" \/><figcaption class=\"wp-element-caption\">O cansa\u00e7o bate mesmo (foto de Adriano Nascimento)<\/figcaption><\/figure><\/div>\n\n<div class=\"wp-block-image\">\n<figure class=\"aligncenter size-full\"><img loading=\"lazy\" decoding=\"async\" width=\"800\" height=\"533\" src=\"https:\/\/dedemesquita.com.br\/wp-content\/uploads\/2023\/10\/WhatsApp-Image-2023-10-08-at-08.30.39-1.jpeg\" alt=\"\" class=\"wp-image-7706\" srcset=\"https:\/\/dedemesquita.com.br\/wp-content\/uploads\/2023\/10\/WhatsApp-Image-2023-10-08-at-08.30.39-1.jpeg 800w, https:\/\/dedemesquita.com.br\/wp-content\/uploads\/2023\/10\/WhatsApp-Image-2023-10-08-at-08.30.39-1-768x512.jpeg 768w\" sizes=\"(max-width: 800px) 100vw, 800px\" \/><figcaption class=\"wp-element-caption\">RBA TV em plena a\u00e7\u00e3o no meio da avenida (foto de Adriano Nascimento)<\/figcaption><\/figure><\/div>\n\n<div class=\"wp-block-image\">\n<figure class=\"aligncenter size-full\"><img loading=\"lazy\" decoding=\"async\" width=\"800\" height=\"533\" src=\"https:\/\/dedemesquita.com.br\/wp-content\/uploads\/2023\/10\/WhatsApp-Image-2023-10-08-at-08.30.39-2.jpeg\" alt=\"\" class=\"wp-image-7707\" srcset=\"https:\/\/dedemesquita.com.br\/wp-content\/uploads\/2023\/10\/WhatsApp-Image-2023-10-08-at-08.30.39-2.jpeg 800w, https:\/\/dedemesquita.com.br\/wp-content\/uploads\/2023\/10\/WhatsApp-Image-2023-10-08-at-08.30.39-2-768x512.jpeg 768w\" sizes=\"(max-width: 800px) 100vw, 800px\" \/><figcaption class=\"wp-element-caption\">Equipe de produ\u00e7\u00e3o do SBT Par\u00e1 (foto de Adriano Nascimento)<\/figcaption><\/figure><\/div>\n\n<div class=\"wp-block-image\">\n<figure class=\"aligncenter size-full\"><img loading=\"lazy\" decoding=\"async\" width=\"800\" height=\"533\" src=\"https:\/\/dedemesquita.com.br\/wp-content\/uploads\/2023\/10\/WhatsApp-Image-2023-10-08-at-08.37.04.jpeg\" alt=\"\" class=\"wp-image-7708\" srcset=\"https:\/\/dedemesquita.com.br\/wp-content\/uploads\/2023\/10\/WhatsApp-Image-2023-10-08-at-08.37.04.jpeg 800w, https:\/\/dedemesquita.com.br\/wp-content\/uploads\/2023\/10\/WhatsApp-Image-2023-10-08-at-08.37.04-768x512.jpeg 768w\" sizes=\"(max-width: 800px) 100vw, 800px\" \/><figcaption class=\"wp-element-caption\">Mais da equipe da RBA TV (foto de Adriano Nascimento)<\/figcaption><\/figure><\/div>\n\n<div class=\"wp-block-image\">\n<figure class=\"aligncenter size-full\"><img loading=\"lazy\" decoding=\"async\" width=\"800\" height=\"533\" src=\"https:\/\/dedemesquita.com.br\/wp-content\/uploads\/2023\/10\/WhatsApp-Image-2023-10-08-at-08.37.14.jpeg\" alt=\"\" class=\"wp-image-7709\" srcset=\"https:\/\/dedemesquita.com.br\/wp-content\/uploads\/2023\/10\/WhatsApp-Image-2023-10-08-at-08.37.14.jpeg 800w, https:\/\/dedemesquita.com.br\/wp-content\/uploads\/2023\/10\/WhatsApp-Image-2023-10-08-at-08.37.14-768x512.jpeg 768w\" sizes=\"(max-width: 800px) 100vw, 800px\" \/><figcaption class=\"wp-element-caption\">Nathalia Kahwage, da RBA TV, de volta \u00e0 cobertura do C\u00edrio (foto de Adriano Nascimento)<\/figcaption><\/figure><\/div>\n\n<div class=\"wp-block-image\">\n<figure class=\"aligncenter size-full\"><img loading=\"lazy\" decoding=\"async\" width=\"800\" height=\"533\" src=\"https:\/\/dedemesquita.com.br\/wp-content\/uploads\/2023\/10\/WhatsApp-Image-2023-10-08-at-09.00.07.jpeg\" alt=\"\" class=\"wp-image-7710\" srcset=\"https:\/\/dedemesquita.com.br\/wp-content\/uploads\/2023\/10\/WhatsApp-Image-2023-10-08-at-09.00.07.jpeg 800w, https:\/\/dedemesquita.com.br\/wp-content\/uploads\/2023\/10\/WhatsApp-Image-2023-10-08-at-09.00.07-768x512.jpeg 768w\" sizes=\"(max-width: 800px) 100vw, 800px\" \/><figcaption class=\"wp-element-caption\">\u00c9, minha colega, \u00e0s vezes, \u00e9 preciso correr&#8230;(foto de Adriano Nascimento)<\/figcaption><\/figure><\/div>\n\n<div class=\"wp-block-image\">\n<figure class=\"aligncenter size-full\"><img loading=\"lazy\" decoding=\"async\" width=\"800\" height=\"533\" src=\"https:\/\/dedemesquita.com.br\/wp-content\/uploads\/2023\/10\/WhatsApp-Image-2023-10-08-at-09.00.08.jpeg\" alt=\"\" class=\"wp-image-7711\" srcset=\"https:\/\/dedemesquita.com.br\/wp-content\/uploads\/2023\/10\/WhatsApp-Image-2023-10-08-at-09.00.08.jpeg 800w, https:\/\/dedemesquita.com.br\/wp-content\/uploads\/2023\/10\/WhatsApp-Image-2023-10-08-at-09.00.08-768x512.jpeg 768w\" sizes=\"(max-width: 800px) 100vw, 800px\" \/><figcaption class=\"wp-element-caption\">Mas tem a sua recompensa (foto de Adriano Nascimento)<\/figcaption><\/figure><\/div>\n\n<div class=\"wp-block-image\">\n<figure class=\"aligncenter size-full\"><img loading=\"lazy\" decoding=\"async\" width=\"800\" height=\"533\" src=\"https:\/\/dedemesquita.com.br\/wp-content\/uploads\/2023\/10\/WhatsApp-Image-2023-10-08-at-09.00.07-1.jpeg\" alt=\"\" class=\"wp-image-7712\" srcset=\"https:\/\/dedemesquita.com.br\/wp-content\/uploads\/2023\/10\/WhatsApp-Image-2023-10-08-at-09.00.07-1.jpeg 800w, https:\/\/dedemesquita.com.br\/wp-content\/uploads\/2023\/10\/WhatsApp-Image-2023-10-08-at-09.00.07-1-768x512.jpeg 768w\" sizes=\"(max-width: 800px) 100vw, 800px\" \/><figcaption class=\"wp-element-caption\">E corre que a Santa j\u00e1 est\u00e1 vindo (foto de Adriano Nascimento)<\/figcaption><\/figure><\/div>\n\n<div class=\"wp-block-image\">\n<figure class=\"aligncenter size-full\"><img loading=\"lazy\" decoding=\"async\" width=\"800\" height=\"533\" src=\"https:\/\/dedemesquita.com.br\/wp-content\/uploads\/2023\/10\/WhatsApp-Image-2023-10-08-at-09.37.06.jpeg\" alt=\"\" class=\"wp-image-7713\" srcset=\"https:\/\/dedemesquita.com.br\/wp-content\/uploads\/2023\/10\/WhatsApp-Image-2023-10-08-at-09.37.06.jpeg 800w, https:\/\/dedemesquita.com.br\/wp-content\/uploads\/2023\/10\/WhatsApp-Image-2023-10-08-at-09.37.06-768x512.jpeg 768w\" sizes=\"(max-width: 800px) 100vw, 800px\" \/><figcaption class=\"wp-element-caption\">Equipe da TV Liberal, com o cinegrafista Mois\u00e9s Nascimento e a rep\u00f3rter Juliana Alvarez (foto de Adriano Nascimento)<\/figcaption><\/figure><\/div>\n\n<div class=\"wp-block-image\">\n<figure class=\"aligncenter size-full\"><img loading=\"lazy\" decoding=\"async\" width=\"800\" height=\"533\" src=\"https:\/\/dedemesquita.com.br\/wp-content\/uploads\/2023\/10\/WhatsApp-Image-2023-10-08-at-09.37.06-1.jpeg\" alt=\"\" class=\"wp-image-7714\" srcset=\"https:\/\/dedemesquita.com.br\/wp-content\/uploads\/2023\/10\/WhatsApp-Image-2023-10-08-at-09.37.06-1.jpeg 800w, https:\/\/dedemesquita.com.br\/wp-content\/uploads\/2023\/10\/WhatsApp-Image-2023-10-08-at-09.37.06-1-768x512.jpeg 768w\" sizes=\"(max-width: 800px) 100vw, 800px\" \/><figcaption class=\"wp-element-caption\">O fot\u00f3grafo paraense Paulo Amorim veio diretamente da Holanda para esse cobertura (foto de Adriano Nascimento)<\/figcaption><\/figure><\/div>\n\n<div class=\"wp-block-image\">\n<figure class=\"aligncenter size-full\"><img loading=\"lazy\" decoding=\"async\" width=\"800\" height=\"533\" src=\"https:\/\/dedemesquita.com.br\/wp-content\/uploads\/2023\/10\/WhatsApp-Image-2023-10-08-at-09.37.07.jpeg\" alt=\"\" class=\"wp-image-7715\" srcset=\"https:\/\/dedemesquita.com.br\/wp-content\/uploads\/2023\/10\/WhatsApp-Image-2023-10-08-at-09.37.07.jpeg 800w, https:\/\/dedemesquita.com.br\/wp-content\/uploads\/2023\/10\/WhatsApp-Image-2023-10-08-at-09.37.07-768x512.jpeg 768w\" sizes=\"(max-width: 800px) 100vw, 800px\" \/><figcaption class=\"wp-element-caption\">Equipe da TV Liberal completa com Vin\u00edcius Macedo, rep\u00f3rter Juliana Alvarez, cinegrafista Mois\u00e9s Nascimento e auxiliar (foto de Adriano Nascimento)<\/figcaption><\/figure><\/div>\n\n<div class=\"wp-block-image\">\n<figure class=\"aligncenter size-full\"><img loading=\"lazy\" decoding=\"async\" width=\"500\" height=\"750\" src=\"https:\/\/dedemesquita.com.br\/wp-content\/uploads\/2023\/10\/WhatsApp-Image-2023-10-08-at-13.33.26-1.jpeg\" alt=\"\" class=\"wp-image-7716\"\/><figcaption class=\"wp-element-caption\">Dilson Pimentel distribuindo simpatia depois do cord\u00e3o de isolamento do Ex\u00e9rcito (foto de Adriano Nascimento)<\/figcaption><\/figure><\/div>\n\n<div class=\"wp-block-image\">\n<figure class=\"aligncenter size-full\"><img loading=\"lazy\" decoding=\"async\" width=\"800\" height=\"533\" src=\"https:\/\/dedemesquita.com.br\/wp-content\/uploads\/2023\/10\/WhatsApp-Image-2023-10-08-at-13.33.28.jpeg\" alt=\"\" class=\"wp-image-7717\" srcset=\"https:\/\/dedemesquita.com.br\/wp-content\/uploads\/2023\/10\/WhatsApp-Image-2023-10-08-at-13.33.28.jpeg 800w, https:\/\/dedemesquita.com.br\/wp-content\/uploads\/2023\/10\/WhatsApp-Image-2023-10-08-at-13.33.28-768x512.jpeg 768w\" sizes=\"(max-width: 800px) 100vw, 800px\" \/><figcaption class=\"wp-element-caption\">Dilson, Laiana e Ivan, da Reda\u00e7\u00e3o Integrada O Liberal (foto de Adriano Nascimento)<\/figcaption><\/figure><\/div>\n\n<div class=\"wp-block-image\">\n<figure class=\"aligncenter size-full\"><img loading=\"lazy\" decoding=\"async\" width=\"800\" height=\"533\" src=\"https:\/\/dedemesquita.com.br\/wp-content\/uploads\/2023\/10\/WhatsApp-Image-2023-10-08-at-13.33.29.jpeg\" alt=\"\" class=\"wp-image-7718\" srcset=\"https:\/\/dedemesquita.com.br\/wp-content\/uploads\/2023\/10\/WhatsApp-Image-2023-10-08-at-13.33.29.jpeg 800w, https:\/\/dedemesquita.com.br\/wp-content\/uploads\/2023\/10\/WhatsApp-Image-2023-10-08-at-13.33.29-768x512.jpeg 768w\" sizes=\"(max-width: 800px) 100vw, 800px\" \/><figcaption class=\"wp-element-caption\">Dilson confere a foto de Ivan (foto de Adriano Nascimento)<\/figcaption><\/figure><\/div>\n\n<div class=\"wp-block-image\">\n<figure class=\"aligncenter size-full\"><img loading=\"lazy\" decoding=\"async\" width=\"800\" height=\"533\" src=\"https:\/\/dedemesquita.com.br\/wp-content\/uploads\/2023\/10\/WhatsApp-Image-2023-10-08-at-08.10.51-1.jpeg\" alt=\"\" class=\"wp-image-7728\" srcset=\"https:\/\/dedemesquita.com.br\/wp-content\/uploads\/2023\/10\/WhatsApp-Image-2023-10-08-at-08.10.51-1.jpeg 800w, https:\/\/dedemesquita.com.br\/wp-content\/uploads\/2023\/10\/WhatsApp-Image-2023-10-08-at-08.10.51-1-768x512.jpeg 768w\" sizes=\"(max-width: 800px) 100vw, 800px\" \/><figcaption class=\"wp-element-caption\">Equipe de Nathalia Kahwage, da RBA TV (foto de Adriano Nascimento)<\/figcaption><\/figure><\/div>\n\n<div class=\"wp-block-image\">\n<figure class=\"aligncenter size-full\"><img loading=\"lazy\" decoding=\"async\" width=\"533\" height=\"800\" src=\"https:\/\/dedemesquita.com.br\/wp-content\/uploads\/2023\/10\/WhatsApp-Image-2023-10-08-at-13.33.26-2.jpeg\" alt=\"\" class=\"wp-image-7721\"\/><figcaption class=\"wp-element-caption\">Dilson Pimentel e seu bloquinho de notas (foto de Adriano Nascimento)<\/figcaption><\/figure><\/div>","protected":false},"excerpt":{"rendered":"<p>Bel\u00e9m, 8 de outubro de 2023 &#8211; Este ano, o site ganhou mais um parceiro no registro, em fotos, dos eventos do C\u00edrio de Nossa Senhora de Nazar\u00e9: o fot\u00f3grafo Adriano Nascimento. Ele esteve comigo &#8211; eu aqui do Rio de Janeiro e ele nas ruas de Bel\u00e9m &#8211; desde a visita da Imagem Peregrina [&hellip;]<\/p>\n","protected":false},"author":2,"featured_media":7694,"comment_status":"open","ping_status":"open","sticky":false,"template":"","format":"standard","meta":{"footnotes":""},"categories":[51,14,29],"tags":[501,408,181,119,120,144,145,137],"class_list":["post-7693","post","type-post","status-publish","format-standard","has-post-thumbnail","hentry","category-destaque","category-imprensa","category-jornalismo","tag-adriano-nascimento","tag-cirio-2023","tag-diario-do-para","tag-jornalismo","tag-jornalistas-paraenses-em-acao","tag-o-liberal","tag-rbatv","tag-tv-liberal"],"yoast_head":"<!-- This site is optimized with the Yoast SEO plugin v19.10 - https:\/\/yoast.com\/wordpress\/plugins\/seo\/ -->\n<title>A imprensa no C\u00edrio de Nazar\u00e9 2023 pelo olhar do fot\u00f3grafo Adriano Nascimento - Ded\u00e9 Mesquita<\/title>\n<meta name=\"robots\" content=\"index, follow, max-snippet:-1, max-image-preview:large, max-video-preview:-1\" \/>\n<link rel=\"canonical\" href=\"https:\/\/dedemesquita.com.br\/?p=7693\" \/>\n<meta property=\"og:locale\" content=\"pt_BR\" \/>\n<meta property=\"og:type\" content=\"article\" \/>\n<meta property=\"og:title\" content=\"A imprensa no C\u00edrio de Nazar\u00e9 2023 pelo olhar do fot\u00f3grafo Adriano Nascimento - Ded\u00e9 Mesquita\" \/>\n<meta property=\"og:description\" content=\"Bel\u00e9m, 8 de outubro de 2023 &#8211; Este ano, o site ganhou mais um parceiro no registro, em fotos, dos eventos do C\u00edrio de Nossa Senhora de Nazar\u00e9: o fot\u00f3grafo Adriano Nascimento. Ele esteve comigo &#8211; eu aqui do Rio de Janeiro e ele nas ruas de Bel\u00e9m &#8211; desde a visita da Imagem Peregrina [&hellip;]\" \/>\n<meta property=\"og:url\" content=\"https:\/\/dedemesquita.com.br\/?p=7693\" \/>\n<meta property=\"og:site_name\" content=\"Ded\u00e9 Mesquita\" \/>\n<meta property=\"article:publisher\" content=\"https:\/\/www.facebook.com\/dede.mesquita\" \/>\n<meta property=\"article:published_time\" content=\"2023-10-08T23:05:09+00:00\" \/>\n<meta property=\"article:modified_time\" content=\"2023-10-09T12:47:12+00:00\" \/>\n<meta property=\"og:image\" content=\"https:\/\/dedemesquita.com.br\/wp-content\/uploads\/2023\/10\/capa_Ad.jpeg\" \/>\n\t<meta property=\"og:image:width\" content=\"1000\" \/>\n\t<meta property=\"og:image:height\" content=\"666\" \/>\n\t<meta property=\"og:image:type\" content=\"image\/jpeg\" \/>\n<meta name=\"author\" content=\"Ded\u00e9 Mesquita\" \/>\n<meta name=\"twitter:card\" content=\"summary_large_image\" \/>\n<meta name=\"twitter:creator\" content=\"@dedemesquita\" \/>\n<meta name=\"twitter:site\" content=\"@dedemesquita\" \/>\n<meta name=\"twitter:label1\" content=\"Escrito por\" \/>\n\t<meta name=\"twitter:data1\" content=\"Ded\u00e9 Mesquita\" \/>\n\t<meta name=\"twitter:label2\" content=\"Est. tempo de leitura\" \/>\n\t<meta name=\"twitter:data2\" content=\"2 minutos\" \/>\n<script type=\"application\/ld+json\" class=\"yoast-schema-graph\">{\"@context\":\"https:\/\/schema.org\",\"@graph\":[{\"@type\":\"WebPage\",\"@id\":\"https:\/\/dedemesquita.com.br\/?p=7693\",\"url\":\"https:\/\/dedemesquita.com.br\/?p=7693\",\"name\":\"A imprensa no C\u00edrio de Nazar\u00e9 2023 pelo olhar do fot\u00f3grafo Adriano Nascimento - Ded\u00e9 Mesquita\",\"isPartOf\":{\"@id\":\"https:\/\/dedemesquita.com.br\/#website\"},\"datePublished\":\"2023-10-08T23:05:09+00:00\",\"dateModified\":\"2023-10-09T12:47:12+00:00\",\"author\":{\"@id\":\"https:\/\/dedemesquita.com.br\/#\/schema\/person\/36571f81dd2d76dc3ab37231542c9e24\"},\"breadcrumb\":{\"@id\":\"https:\/\/dedemesquita.com.br\/?p=7693#breadcrumb\"},\"inLanguage\":\"pt-BR\",\"potentialAction\":[{\"@type\":\"ReadAction\",\"target\":[\"https:\/\/dedemesquita.com.br\/?p=7693\"]}]},{\"@type\":\"BreadcrumbList\",\"@id\":\"https:\/\/dedemesquita.com.br\/?p=7693#breadcrumb\",\"itemListElement\":[{\"@type\":\"ListItem\",\"position\":1,\"name\":\"In\u00edcio\",\"item\":\"https:\/\/dedemesquita.com.br\/\"},{\"@type\":\"ListItem\",\"position\":2,\"name\":\"A imprensa no C\u00edrio de Nazar\u00e9 2023 pelo olhar do fot\u00f3grafo Adriano Nascimento\"}]},{\"@type\":\"WebSite\",\"@id\":\"https:\/\/dedemesquita.com.br\/#website\",\"url\":\"https:\/\/dedemesquita.com.br\/\",\"name\":\"Ded\u00e9 Mesquita\",\"description\":\"Um site que mostra os bastidores da imprensa no estado do Par\u00e1 e em Bel\u00e9m\",\"potentialAction\":[{\"@type\":\"SearchAction\",\"target\":{\"@type\":\"EntryPoint\",\"urlTemplate\":\"https:\/\/dedemesquita.com.br\/?s={search_term_string}\"},\"query-input\":\"required name=search_term_string\"}],\"inLanguage\":\"pt-BR\"},{\"@type\":\"Person\",\"@id\":\"https:\/\/dedemesquita.com.br\/#\/schema\/person\/36571f81dd2d76dc3ab37231542c9e24\",\"name\":\"Ded\u00e9 Mesquita\",\"image\":{\"@type\":\"ImageObject\",\"inLanguage\":\"pt-BR\",\"@id\":\"https:\/\/dedemesquita.com.br\/#\/schema\/person\/image\/\",\"url\":\"https:\/\/dedemesquita.com.br\/wp-content\/uploads\/2021\/02\/foto_perfil-150x150.jpg\",\"contentUrl\":\"https:\/\/dedemesquita.com.br\/wp-content\/uploads\/2021\/02\/foto_perfil-150x150.jpg\",\"caption\":\"Ded\u00e9 Mesquita\"},\"sameAs\":[\"https:\/\/dedemesquita.com.br\"]}]}<\/script>\n<!-- \/ Yoast SEO plugin. -->","yoast_head_json":{"title":"A imprensa no C\u00edrio de Nazar\u00e9 2023 pelo olhar do fot\u00f3grafo Adriano Nascimento - Ded\u00e9 Mesquita","robots":{"index":"index","follow":"follow","max-snippet":"max-snippet:-1","max-image-preview":"max-image-preview:large","max-video-preview":"max-video-preview:-1"},"canonical":"https:\/\/dedemesquita.com.br\/?p=7693","og_locale":"pt_BR","og_type":"article","og_title":"A imprensa no C\u00edrio de Nazar\u00e9 2023 pelo olhar do fot\u00f3grafo Adriano Nascimento - Ded\u00e9 Mesquita","og_description":"Bel\u00e9m, 8 de outubro de 2023 &#8211; Este ano, o site ganhou mais um parceiro no registro, em fotos, dos eventos do C\u00edrio de Nossa Senhora de Nazar\u00e9: o fot\u00f3grafo Adriano Nascimento. Ele esteve comigo &#8211; eu aqui do Rio de Janeiro e ele nas ruas de Bel\u00e9m &#8211; desde a visita da Imagem Peregrina [&hellip;]","og_url":"https:\/\/dedemesquita.com.br\/?p=7693","og_site_name":"Ded\u00e9 Mesquita","article_publisher":"https:\/\/www.facebook.com\/dede.mesquita","article_published_time":"2023-10-08T23:05:09+00:00","article_modified_time":"2023-10-09T12:47:12+00:00","og_image":[{"width":1000,"height":666,"url":"https:\/\/dedemesquita.com.br\/wp-content\/uploads\/2023\/10\/capa_Ad.jpeg","type":"image\/jpeg"}],"author":"Ded\u00e9 Mesquita","twitter_card":"summary_large_image","twitter_creator":"@dedemesquita","twitter_site":"@dedemesquita","twitter_misc":{"Escrito por":"Ded\u00e9 Mesquita","Est. tempo de leitura":"2 minutos"},"schema":{"@context":"https:\/\/schema.org","@graph":[{"@type":"WebPage","@id":"https:\/\/dedemesquita.com.br\/?p=7693","url":"https:\/\/dedemesquita.com.br\/?p=7693","name":"A imprensa no C\u00edrio de Nazar\u00e9 2023 pelo olhar do fot\u00f3grafo Adriano Nascimento - Ded\u00e9 Mesquita","isPartOf":{"@id":"https:\/\/dedemesquita.com.br\/#website"},"datePublished":"2023-10-08T23:05:09+00:00","dateModified":"2023-10-09T12:47:12+00:00","author":{"@id":"https:\/\/dedemesquita.com.br\/#\/schema\/person\/36571f81dd2d76dc3ab37231542c9e24"},"breadcrumb":{"@id":"https:\/\/dedemesquita.com.br\/?p=7693#breadcrumb"},"inLanguage":"pt-BR","potentialAction":[{"@type":"ReadAction","target":["https:\/\/dedemesquita.com.br\/?p=7693"]}]},{"@type":"BreadcrumbList","@id":"https:\/\/dedemesquita.com.br\/?p=7693#breadcrumb","itemListElement":[{"@type":"ListItem","position":1,"name":"In\u00edcio","item":"https:\/\/dedemesquita.com.br\/"},{"@type":"ListItem","position":2,"name":"A imprensa no C\u00edrio de Nazar\u00e9 2023 pelo olhar do fot\u00f3grafo Adriano Nascimento"}]},{"@type":"WebSite","@id":"https:\/\/dedemesquita.com.br\/#website","url":"https:\/\/dedemesquita.com.br\/","name":"Ded\u00e9 Mesquita","description":"Um site que mostra os bastidores da imprensa no estado do Par\u00e1 e em Bel\u00e9m","potentialAction":[{"@type":"SearchAction","target":{"@type":"EntryPoint","urlTemplate":"https:\/\/dedemesquita.com.br\/?s={search_term_string}"},"query-input":"required name=search_term_string"}],"inLanguage":"pt-BR"},{"@type":"Person","@id":"https:\/\/dedemesquita.com.br\/#\/schema\/person\/36571f81dd2d76dc3ab37231542c9e24","name":"Ded\u00e9 Mesquita","image":{"@type":"ImageObject","inLanguage":"pt-BR","@id":"https:\/\/dedemesquita.com.br\/#\/schema\/person\/image\/","url":"https:\/\/dedemesquita.com.br\/wp-content\/uploads\/2021\/02\/foto_perfil-150x150.jpg","contentUrl":"https:\/\/dedemesquita.com.br\/wp-content\/uploads\/2021\/02\/foto_perfil-150x150.jpg","caption":"Ded\u00e9 Mesquita"},"sameAs":["https:\/\/dedemesquita.com.br"]}]}},"_links":{"self":[{"href":"https:\/\/dedemesquita.com.br\/index.php?rest_route=\/wp\/v2\/posts\/7693"}],"collection":[{"href":"https:\/\/dedemesquita.com.br\/index.php?rest_route=\/wp\/v2\/posts"}],"about":[{"href":"https:\/\/dedemesquita.com.br\/index.php?rest_route=\/wp\/v2\/types\/post"}],"author":[{"embeddable":true,"href":"https:\/\/dedemesquita.com.br\/index.php?rest_route=\/wp\/v2\/users\/2"}],"replies":[{"embeddable":true,"href":"https:\/\/dedemesquita.com.br\/index.php?rest_route=%2Fwp%2Fv2%2Fcomments&post=7693"}],"version-history":[{"count":7,"href":"https:\/\/dedemesquita.com.br\/index.php?rest_route=\/wp\/v2\/posts\/7693\/revisions"}],"predecessor-version":[{"id":7731,"href":"https:\/\/dedemesquita.com.br\/index.php?rest_route=\/wp\/v2\/posts\/7693\/revisions\/7731"}],"wp:featuredmedia":[{"embeddable":true,"href":"https:\/\/dedemesquita.com.br\/index.php?rest_route=\/wp\/v2\/media\/7694"}],"wp:attachment":[{"href":"https:\/\/dedemesquita.com.br\/index.php?rest_route=%2Fwp%2Fv2%2Fmedia&parent=7693"}],"wp:term":[{"taxonomy":"category","embeddable":true,"href":"https:\/\/dedemesquita.com.br\/index.php?rest_route=%2Fwp%2Fv2%2Fcategories&post=7693"},{"taxonomy":"post_tag","embeddable":true,"href":"https:\/\/dedemesquita.com.br\/index.php?rest_route=%2Fwp%2Fv2%2Ftags&post=7693"}],"curies":[{"name":"wp","href":"https:\/\/api.w.org\/{rel}","templated":true}]}}