{"id":7609,"date":"2023-10-08T16:33:48","date_gmt":"2023-10-08T19:33:48","guid":{"rendered":"https:\/\/dedemesquita.com.br\/?p=7609"},"modified":"2023-10-08T18:32:51","modified_gmt":"2023-10-08T21:32:51","slug":"cirio-2023-parte-4-trasladacao","status":"publish","type":"post","link":"https:\/\/dedemesquita.com.br\/?p=7609","title":{"rendered":"C\u00edrio 2023 \u2013 parte 5:\u00a0Traslada\u00e7\u00e3o"},"content":{"rendered":"\n<p><strong>Bel\u00e9m, 8 de outubro de 2023 &#8211;<\/strong> Entre o finalzinho da tarde de tarde de s\u00e1bado, 7, entrando pela noite, at\u00e9 por volta das 23 horas, foi realizada pelas ruas de Bel\u00e9m a romaria da Traslada\u00e7\u00e3o, que leva Imagem Peregrina de Nossa Senhora de Nazar\u00e9 da capela do col\u00e9gio Gentil Bittencourt, em Nazar\u00e9, at\u00e9 a igreja da S\u00e9, Catedral Metropolitana de Bel\u00e9m, no bairro da Cidade Velha, naquela que \u00e9 <strong>a sexta romaria <\/strong>das festividades do C\u00edrio de Nazar\u00e9.   <\/p>\n\n\n<div class=\"wp-block-image\">\n<figure class=\"aligncenter size-full\"><img loading=\"lazy\" decoding=\"async\" width=\"800\" height=\"533\" src=\"https:\/\/dedemesquita.com.br\/wp-content\/uploads\/2023\/10\/WhatsApp-Image-2023-10-08-at-00.30.17.jpeg\" alt=\"\" class=\"wp-image-7612\" srcset=\"https:\/\/dedemesquita.com.br\/wp-content\/uploads\/2023\/10\/WhatsApp-Image-2023-10-08-at-00.30.17.jpeg 800w, https:\/\/dedemesquita.com.br\/wp-content\/uploads\/2023\/10\/WhatsApp-Image-2023-10-08-at-00.30.17-768x512.jpeg 768w\" sizes=\"(max-width: 800px) 100vw, 800px\" \/><figcaption class=\"wp-element-caption\">Ruas de Bel\u00e9m enfeitadas e lotadas na Traslada\u00e7\u00e3o (foto de Fernando Sette) <\/figcaption><\/figure><\/div>\n\n<div class=\"wp-block-image\">\n<figure class=\"aligncenter size-full\"><img loading=\"lazy\" decoding=\"async\" width=\"713\" height=\"800\" src=\"https:\/\/dedemesquita.com.br\/wp-content\/uploads\/2023\/10\/WhatsApp-Image-2023-10-08-at-10.45.46-2.jpeg\" alt=\"\" class=\"wp-image-7621\"\/><figcaption class=\"wp-element-caption\">Wagner Santana bem acomodado nos muitos pratic\u00e1veis ao longo do percurso das prociss\u00f5es <\/figcaption><\/figure><\/div>\n\n<div class=\"wp-block-image\">\n<figure class=\"aligncenter size-full\"><img loading=\"lazy\" decoding=\"async\" width=\"716\" height=\"702\" src=\"https:\/\/dedemesquita.com.br\/wp-content\/uploads\/2023\/10\/WhatsApp-Image-2023-10-08-at-18.07.26-1.jpeg\" alt=\"\" class=\"wp-image-7675\"\/><figcaption class=\"wp-element-caption\">Vitor Souza Lima e amiga na Traslada\u00e7\u00e3o <\/figcaption><\/figure><\/div>\n\n<div class=\"wp-block-image\">\n<figure class=\"aligncenter size-full\"><img loading=\"lazy\" decoding=\"async\" width=\"627\" height=\"750\" src=\"https:\/\/dedemesquita.com.br\/wp-content\/uploads\/2023\/10\/WhatsApp-Image-2023-10-08-at-15.30.56.jpeg\" alt=\"\" class=\"wp-image-7616\"\/><figcaption class=\"wp-element-caption\">A dupla imbat\u00edvel do &#8220;Livro do C\u00edrio&#8221;, Luly Mendon\u00e7a e Thiago Viana na Traslada\u00e7\u00e3o <\/figcaption><\/figure><\/div>\n\n<div class=\"wp-block-image\">\n<figure class=\"aligncenter size-full\"><img loading=\"lazy\" decoding=\"async\" width=\"717\" height=\"576\" src=\"https:\/\/dedemesquita.com.br\/wp-content\/uploads\/2023\/10\/WhatsApp-Image-2023-10-08-at-15.30.55-2.jpeg\" alt=\"\" class=\"wp-image-7615\"\/><figcaption class=\"wp-element-caption\">Rog\u00e9rio Uch\u00f4a, Paulo Lisboa e Maycon Nunes <\/figcaption><\/figure><\/div>\n\n<div class=\"wp-block-image\">\n<figure class=\"aligncenter size-full\"><img loading=\"lazy\" decoding=\"async\" width=\"720\" height=\"800\" src=\"https:\/\/dedemesquita.com.br\/wp-content\/uploads\/2023\/10\/WhatsApp-Image-2023-10-07-at-19.55.01.jpeg\" alt=\"\" class=\"wp-image-7613\"\/><figcaption class=\"wp-element-caption\">Wagner Santana, do jornal Di\u00e1rio do Par\u00e1 (foto de Den\u00edlson d\u00b4Almeida)<\/figcaption><\/figure><\/div>\n\n<div class=\"wp-block-image\">\n<figure class=\"aligncenter size-full\"><img loading=\"lazy\" decoding=\"async\" width=\"673\" height=\"800\" src=\"https:\/\/dedemesquita.com.br\/wp-content\/uploads\/2023\/10\/WhatsApp-Image-2023-10-07-at-17.10.32.jpeg\" alt=\"\" class=\"wp-image-7614\"\/><figcaption class=\"wp-element-caption\">Fernando Sette antes de come\u00e7ar a Traslada\u00e7\u00e3o <\/figcaption><\/figure><\/div>\n\n<div class=\"wp-block-image\">\n<figure class=\"aligncenter size-full\"><img loading=\"lazy\" decoding=\"async\" width=\"617\" height=\"800\" src=\"https:\/\/dedemesquita.com.br\/wp-content\/uploads\/2023\/10\/WhatsApp-Image-2023-10-08-at-10.45.46-1.jpeg\" alt=\"\" class=\"wp-image-7623\"\/><figcaption class=\"wp-element-caption\">Fernando Sette e Wagner Santana antes da Tralasda\u00e7\u00e3o come\u00e7ar<\/figcaption><\/figure><\/div>\n\n<div class=\"wp-block-image\">\n<figure class=\"aligncenter size-full\"><img loading=\"lazy\" decoding=\"async\" width=\"605\" height=\"800\" src=\"https:\/\/dedemesquita.com.br\/wp-content\/uploads\/2023\/10\/WhatsApp-Image-2023-10-08-at-15.30.55-1.jpeg\" alt=\"\" class=\"wp-image-7617\"\/><figcaption class=\"wp-element-caption\">E o  Thiago Viana que ganhou um peda\u00e7o da corda da Traslada\u00e7\u00e3o? <\/figcaption><\/figure><\/div>\n\n<div class=\"wp-block-image\">\n<figure class=\"aligncenter size-full\"><img loading=\"lazy\" decoding=\"async\" width=\"700\" height=\"459\" src=\"https:\/\/dedemesquita.com.br\/wp-content\/uploads\/2023\/10\/WhatsApp-Image-2023-10-08-at-15.30.55-3.jpeg\" alt=\"\" class=\"wp-image-7618\"\/><figcaption class=\"wp-element-caption\">Equipe de Secom-PA com o governador Heldissss e a chefa Verinha, na passagem da Santa na Esta\u00e7\u00e3o das Docas <\/figcaption><\/figure><\/div>\n\n<div class=\"wp-block-image\">\n<figure class=\"aligncenter size-full\"><img loading=\"lazy\" decoding=\"async\" width=\"503\" height=\"800\" src=\"https:\/\/dedemesquita.com.br\/wp-content\/uploads\/2023\/10\/WhatsApp-Image-2023-10-08-at-10.45.46.jpeg\" alt=\"\" class=\"wp-image-7624\"\/><figcaption class=\"wp-element-caption\">Wagner Santana e o colega cinegrafista da TV Cultura <\/figcaption><\/figure><\/div>","protected":false},"excerpt":{"rendered":"<p>Bel\u00e9m, 8 de outubro de 2023 &#8211; Entre o finalzinho da tarde de tarde de s\u00e1bado, 7, entrando pela noite, at\u00e9 por volta das 23 horas, foi realizada pelas ruas de Bel\u00e9m a romaria da Traslada\u00e7\u00e3o, que leva Imagem Peregrina de Nossa Senhora de Nazar\u00e9 da capela do col\u00e9gio Gentil Bittencourt, em Nazar\u00e9, at\u00e9 a [&hellip;]<\/p>\n","protected":false},"author":2,"featured_media":7611,"comment_status":"open","ping_status":"open","sticky":false,"template":"","format":"standard","meta":{"footnotes":""},"categories":[51,14,29],"tags":[408,119,120],"class_list":["post-7609","post","type-post","status-publish","format-standard","has-post-thumbnail","hentry","category-destaque","category-imprensa","category-jornalismo","tag-cirio-2023","tag-jornalismo","tag-jornalistas-paraenses-em-acao"],"yoast_head":"<!-- This site is optimized with the Yoast SEO plugin v19.10 - https:\/\/yoast.com\/wordpress\/plugins\/seo\/ -->\n<title>C\u00edrio 2023 \u2013 parte 5:\u00a0Traslada\u00e7\u00e3o - Ded\u00e9 Mesquita<\/title>\n<meta name=\"robots\" content=\"index, follow, max-snippet:-1, max-image-preview:large, max-video-preview:-1\" \/>\n<link rel=\"canonical\" href=\"https:\/\/dedemesquita.com.br\/?p=7609\" \/>\n<meta property=\"og:locale\" content=\"pt_BR\" \/>\n<meta property=\"og:type\" content=\"article\" \/>\n<meta property=\"og:title\" content=\"C\u00edrio 2023 \u2013 parte 5:\u00a0Traslada\u00e7\u00e3o - Ded\u00e9 Mesquita\" \/>\n<meta property=\"og:description\" content=\"Bel\u00e9m, 8 de outubro de 2023 &#8211; Entre o finalzinho da tarde de tarde de s\u00e1bado, 7, entrando pela noite, at\u00e9 por volta das 23 horas, foi realizada pelas ruas de Bel\u00e9m a romaria da Traslada\u00e7\u00e3o, que leva Imagem Peregrina de Nossa Senhora de Nazar\u00e9 da capela do col\u00e9gio Gentil Bittencourt, em Nazar\u00e9, at\u00e9 a [&hellip;]\" \/>\n<meta property=\"og:url\" content=\"https:\/\/dedemesquita.com.br\/?p=7609\" \/>\n<meta property=\"og:site_name\" content=\"Ded\u00e9 Mesquita\" \/>\n<meta property=\"article:publisher\" content=\"https:\/\/www.facebook.com\/dede.mesquita\" \/>\n<meta property=\"article:published_time\" content=\"2023-10-08T19:33:48+00:00\" \/>\n<meta property=\"article:modified_time\" content=\"2023-10-08T21:32:51+00:00\" \/>\n<meta property=\"og:image\" content=\"https:\/\/dedemesquita.com.br\/wp-content\/uploads\/2023\/10\/WhatsApp-Image-2023-10-08-at-00.30.16.jpeg\" \/>\n\t<meta property=\"og:image:width\" content=\"1000\" \/>\n\t<meta property=\"og:image:height\" content=\"666\" \/>\n\t<meta property=\"og:image:type\" content=\"image\/jpeg\" \/>\n<meta name=\"author\" content=\"Ded\u00e9 Mesquita\" \/>\n<meta name=\"twitter:card\" content=\"summary_large_image\" \/>\n<meta name=\"twitter:creator\" content=\"@dedemesquita\" \/>\n<meta name=\"twitter:site\" content=\"@dedemesquita\" \/>\n<meta name=\"twitter:label1\" content=\"Escrito por\" \/>\n\t<meta name=\"twitter:data1\" content=\"Ded\u00e9 Mesquita\" \/>\n\t<meta name=\"twitter:label2\" content=\"Est. tempo de leitura\" \/>\n\t<meta name=\"twitter:data2\" content=\"1 minuto\" \/>\n<script type=\"application\/ld+json\" class=\"yoast-schema-graph\">{\"@context\":\"https:\/\/schema.org\",\"@graph\":[{\"@type\":\"WebPage\",\"@id\":\"https:\/\/dedemesquita.com.br\/?p=7609\",\"url\":\"https:\/\/dedemesquita.com.br\/?p=7609\",\"name\":\"C\u00edrio 2023 \u2013 parte 5:\u00a0Traslada\u00e7\u00e3o - Ded\u00e9 Mesquita\",\"isPartOf\":{\"@id\":\"https:\/\/dedemesquita.com.br\/#website\"},\"datePublished\":\"2023-10-08T19:33:48+00:00\",\"dateModified\":\"2023-10-08T21:32:51+00:00\",\"author\":{\"@id\":\"https:\/\/dedemesquita.com.br\/#\/schema\/person\/36571f81dd2d76dc3ab37231542c9e24\"},\"breadcrumb\":{\"@id\":\"https:\/\/dedemesquita.com.br\/?p=7609#breadcrumb\"},\"inLanguage\":\"pt-BR\",\"potentialAction\":[{\"@type\":\"ReadAction\",\"target\":[\"https:\/\/dedemesquita.com.br\/?p=7609\"]}]},{\"@type\":\"BreadcrumbList\",\"@id\":\"https:\/\/dedemesquita.com.br\/?p=7609#breadcrumb\",\"itemListElement\":[{\"@type\":\"ListItem\",\"position\":1,\"name\":\"In\u00edcio\",\"item\":\"https:\/\/dedemesquita.com.br\/\"},{\"@type\":\"ListItem\",\"position\":2,\"name\":\"C\u00edrio 2023 \u2013 parte 5:\u00a0Traslada\u00e7\u00e3o\"}]},{\"@type\":\"WebSite\",\"@id\":\"https:\/\/dedemesquita.com.br\/#website\",\"url\":\"https:\/\/dedemesquita.com.br\/\",\"name\":\"Ded\u00e9 Mesquita\",\"description\":\"Um site que mostra os bastidores da imprensa no estado do Par\u00e1 e em Bel\u00e9m\",\"potentialAction\":[{\"@type\":\"SearchAction\",\"target\":{\"@type\":\"EntryPoint\",\"urlTemplate\":\"https:\/\/dedemesquita.com.br\/?s={search_term_string}\"},\"query-input\":\"required name=search_term_string\"}],\"inLanguage\":\"pt-BR\"},{\"@type\":\"Person\",\"@id\":\"https:\/\/dedemesquita.com.br\/#\/schema\/person\/36571f81dd2d76dc3ab37231542c9e24\",\"name\":\"Ded\u00e9 Mesquita\",\"image\":{\"@type\":\"ImageObject\",\"inLanguage\":\"pt-BR\",\"@id\":\"https:\/\/dedemesquita.com.br\/#\/schema\/person\/image\/\",\"url\":\"https:\/\/dedemesquita.com.br\/wp-content\/uploads\/2021\/02\/foto_perfil-150x150.jpg\",\"contentUrl\":\"https:\/\/dedemesquita.com.br\/wp-content\/uploads\/2021\/02\/foto_perfil-150x150.jpg\",\"caption\":\"Ded\u00e9 Mesquita\"},\"sameAs\":[\"https:\/\/dedemesquita.com.br\"]}]}<\/script>\n<!-- \/ Yoast SEO plugin. -->","yoast_head_json":{"title":"C\u00edrio 2023 \u2013 parte 5:\u00a0Traslada\u00e7\u00e3o - Ded\u00e9 Mesquita","robots":{"index":"index","follow":"follow","max-snippet":"max-snippet:-1","max-image-preview":"max-image-preview:large","max-video-preview":"max-video-preview:-1"},"canonical":"https:\/\/dedemesquita.com.br\/?p=7609","og_locale":"pt_BR","og_type":"article","og_title":"C\u00edrio 2023 \u2013 parte 5:\u00a0Traslada\u00e7\u00e3o - Ded\u00e9 Mesquita","og_description":"Bel\u00e9m, 8 de outubro de 2023 &#8211; Entre o finalzinho da tarde de tarde de s\u00e1bado, 7, entrando pela noite, at\u00e9 por volta das 23 horas, foi realizada pelas ruas de Bel\u00e9m a romaria da Traslada\u00e7\u00e3o, que leva Imagem Peregrina de Nossa Senhora de Nazar\u00e9 da capela do col\u00e9gio Gentil Bittencourt, em Nazar\u00e9, at\u00e9 a [&hellip;]","og_url":"https:\/\/dedemesquita.com.br\/?p=7609","og_site_name":"Ded\u00e9 Mesquita","article_publisher":"https:\/\/www.facebook.com\/dede.mesquita","article_published_time":"2023-10-08T19:33:48+00:00","article_modified_time":"2023-10-08T21:32:51+00:00","og_image":[{"width":1000,"height":666,"url":"https:\/\/dedemesquita.com.br\/wp-content\/uploads\/2023\/10\/WhatsApp-Image-2023-10-08-at-00.30.16.jpeg","type":"image\/jpeg"}],"author":"Ded\u00e9 Mesquita","twitter_card":"summary_large_image","twitter_creator":"@dedemesquita","twitter_site":"@dedemesquita","twitter_misc":{"Escrito por":"Ded\u00e9 Mesquita","Est. tempo de leitura":"1 minuto"},"schema":{"@context":"https:\/\/schema.org","@graph":[{"@type":"WebPage","@id":"https:\/\/dedemesquita.com.br\/?p=7609","url":"https:\/\/dedemesquita.com.br\/?p=7609","name":"C\u00edrio 2023 \u2013 parte 5:\u00a0Traslada\u00e7\u00e3o - Ded\u00e9 Mesquita","isPartOf":{"@id":"https:\/\/dedemesquita.com.br\/#website"},"datePublished":"2023-10-08T19:33:48+00:00","dateModified":"2023-10-08T21:32:51+00:00","author":{"@id":"https:\/\/dedemesquita.com.br\/#\/schema\/person\/36571f81dd2d76dc3ab37231542c9e24"},"breadcrumb":{"@id":"https:\/\/dedemesquita.com.br\/?p=7609#breadcrumb"},"inLanguage":"pt-BR","potentialAction":[{"@type":"ReadAction","target":["https:\/\/dedemesquita.com.br\/?p=7609"]}]},{"@type":"BreadcrumbList","@id":"https:\/\/dedemesquita.com.br\/?p=7609#breadcrumb","itemListElement":[{"@type":"ListItem","position":1,"name":"In\u00edcio","item":"https:\/\/dedemesquita.com.br\/"},{"@type":"ListItem","position":2,"name":"C\u00edrio 2023 \u2013 parte 5:\u00a0Traslada\u00e7\u00e3o"}]},{"@type":"WebSite","@id":"https:\/\/dedemesquita.com.br\/#website","url":"https:\/\/dedemesquita.com.br\/","name":"Ded\u00e9 Mesquita","description":"Um site que mostra os bastidores da imprensa no estado do Par\u00e1 e em Bel\u00e9m","potentialAction":[{"@type":"SearchAction","target":{"@type":"EntryPoint","urlTemplate":"https:\/\/dedemesquita.com.br\/?s={search_term_string}"},"query-input":"required name=search_term_string"}],"inLanguage":"pt-BR"},{"@type":"Person","@id":"https:\/\/dedemesquita.com.br\/#\/schema\/person\/36571f81dd2d76dc3ab37231542c9e24","name":"Ded\u00e9 Mesquita","image":{"@type":"ImageObject","inLanguage":"pt-BR","@id":"https:\/\/dedemesquita.com.br\/#\/schema\/person\/image\/","url":"https:\/\/dedemesquita.com.br\/wp-content\/uploads\/2021\/02\/foto_perfil-150x150.jpg","contentUrl":"https:\/\/dedemesquita.com.br\/wp-content\/uploads\/2021\/02\/foto_perfil-150x150.jpg","caption":"Ded\u00e9 Mesquita"},"sameAs":["https:\/\/dedemesquita.com.br"]}]}},"_links":{"self":[{"href":"https:\/\/dedemesquita.com.br\/index.php?rest_route=\/wp\/v2\/posts\/7609"}],"collection":[{"href":"https:\/\/dedemesquita.com.br\/index.php?rest_route=\/wp\/v2\/posts"}],"about":[{"href":"https:\/\/dedemesquita.com.br\/index.php?rest_route=\/wp\/v2\/types\/post"}],"author":[{"embeddable":true,"href":"https:\/\/dedemesquita.com.br\/index.php?rest_route=\/wp\/v2\/users\/2"}],"replies":[{"embeddable":true,"href":"https:\/\/dedemesquita.com.br\/index.php?rest_route=%2Fwp%2Fv2%2Fcomments&post=7609"}],"version-history":[{"count":6,"href":"https:\/\/dedemesquita.com.br\/index.php?rest_route=\/wp\/v2\/posts\/7609\/revisions"}],"predecessor-version":[{"id":7676,"href":"https:\/\/dedemesquita.com.br\/index.php?rest_route=\/wp\/v2\/posts\/7609\/revisions\/7676"}],"wp:featuredmedia":[{"embeddable":true,"href":"https:\/\/dedemesquita.com.br\/index.php?rest_route=\/wp\/v2\/media\/7611"}],"wp:attachment":[{"href":"https:\/\/dedemesquita.com.br\/index.php?rest_route=%2Fwp%2Fv2%2Fmedia&parent=7609"}],"wp:term":[{"taxonomy":"category","embeddable":true,"href":"https:\/\/dedemesquita.com.br\/index.php?rest_route=%2Fwp%2Fv2%2Fcategories&post=7609"},{"taxonomy":"post_tag","embeddable":true,"href":"https:\/\/dedemesquita.com.br\/index.php?rest_route=%2Fwp%2Fv2%2Ftags&post=7609"}],"curies":[{"name":"wp","href":"https:\/\/api.w.org\/{rel}","templated":true}]}}