{"id":7554,"date":"2023-10-07T20:35:05","date_gmt":"2023-10-07T23:35:05","guid":{"rendered":"https:\/\/dedemesquita.com.br\/?p=7554"},"modified":"2023-10-07T21:53:17","modified_gmt":"2023-10-08T00:53:17","slug":"cirio-2023-parte-4-romaria-rodofluvial-descida-da-imagem-original-do-gloria-e-varanda-de-nazare","status":"publish","type":"post","link":"https:\/\/dedemesquita.com.br\/?p=7554","title":{"rendered":"C\u00edrio 2023 \u2013 parte 4: Romaria Rodofluvial, Descida da Imagem Original do Gl\u00f3ria e Varanda de Nazar\u00e9"},"content":{"rendered":"\n<p><strong>Bel\u00e9m, 7 de outubro de 2023 &#8211;<\/strong> Este s\u00e1bado, 7, come\u00e7ou bem cedo com a <strong>Prociss\u00e3o Rodovi\u00e1ria<\/strong> que conduz a Imagem Peregrina de Nossa Senhora de Nazar\u00e9, da igreja de Nossa Senhora das Gra\u00e7as, em dire\u00e7\u00e3o ao <strong>porto de Icoaraci<\/strong>, no distrito hom\u00f4nimo. \u00c9 a terceira romaria das festividades do C\u00edrio de Nazar\u00e9. <\/p>\n\n\n\n<p>Em Icoaraci, a Imagem \u00e9 colocada em uma corveta da Marinha do Brasil e segue pelas \u00e1guas do rio Par\u00e1 e ba\u00eda do Guajar\u00e1, at\u00e9 \u00e0 escadinha do Cais do Porto, na quarta romaria do C\u00edrio, o <strong>C\u00edrio Fluvial<\/strong>. Quando chega em Bel\u00e9m, a Imagem come\u00e7a mais uma romaria, a quinta, na <strong>Motorromaria<\/strong>, em uma homenagem dos motociclistas, qeu segue at\u00e9 o col\u00e9gio Gentil Bittencourt, em Nazar\u00e9. <\/p>\n\n\n\n<p>Por volta de 12h30, tem in\u00edcio a cerim\u00f4nia das <strong>descida do Gl\u00f3ria<\/strong> &#8211; parte mais alta e destacada da Bas\u00edlica de Nazar\u00e9 -, da <strong>Imagem Original, a que foi encontrada pelo caboclo Pl\u00e1cido<\/strong>.   <\/p>\n\n\n\n<p><strong>E a imprensa segue na cobertura desses todos eventos:<\/strong> <\/p>\n\n\n<div class=\"wp-block-image\">\n<figure class=\"aligncenter size-full is-resized\"><img loading=\"lazy\" decoding=\"async\" src=\"https:\/\/dedemesquita.com.br\/wp-content\/uploads\/2023\/10\/WhatsApp-Image-2023-10-07-at-12.04.20.jpeg\" alt=\"\" class=\"wp-image-7574\" width=\"712\" height=\"570\"\/><figcaption class=\"wp-element-caption\">Todos junto e misturados \u00e0 espera de Nazinha na pra\u00e7a Pedro Teixeira, mais conhecida como escadinha do Cais do Porto<\/figcaption><\/figure><\/div>\n\n<div class=\"wp-block-image\">\n<figure class=\"aligncenter size-full\"><img loading=\"lazy\" decoding=\"async\" width=\"800\" height=\"533\" src=\"https:\/\/dedemesquita.com.br\/wp-content\/uploads\/2023\/10\/WhatsApp-Image-2023-10-07-at-14.51.13.jpeg\" alt=\"\" class=\"wp-image-7562\" srcset=\"https:\/\/dedemesquita.com.br\/wp-content\/uploads\/2023\/10\/WhatsApp-Image-2023-10-07-at-14.51.13.jpeg 800w, https:\/\/dedemesquita.com.br\/wp-content\/uploads\/2023\/10\/WhatsApp-Image-2023-10-07-at-14.51.13-768x512.jpeg 768w\" sizes=\"(max-width: 800px) 100vw, 800px\" \/><figcaption class=\"wp-element-caption\">(foto de Fernando Sette)<\/figcaption><\/figure><\/div>\n\n<div class=\"wp-block-image\">\n<figure class=\"aligncenter size-full\"><img loading=\"lazy\" decoding=\"async\" width=\"533\" height=\"800\" src=\"https:\/\/dedemesquita.com.br\/wp-content\/uploads\/2023\/10\/WhatsApp-Image-2023-10-07-at-14.51.11.jpeg\" alt=\"\" class=\"wp-image-7561\"\/><figcaption class=\"wp-element-caption\">A Imagem Peregrina \u00e9 conduzida pela arcebispo de Bel\u00e9m, do Dom Alberto Taveira, na pra\u00e7a Pedro Teixeira (foto de Fernando Sette)<\/figcaption><\/figure><\/div>\n\n<div class=\"wp-block-image\">\n<figure class=\"aligncenter size-full\"><img loading=\"lazy\" decoding=\"async\" width=\"800\" height=\"533\" src=\"https:\/\/dedemesquita.com.br\/wp-content\/uploads\/2023\/10\/WhatsApp-Image-2023-10-07-at-14.51.08.jpeg\" alt=\"\" class=\"wp-image-7560\" srcset=\"https:\/\/dedemesquita.com.br\/wp-content\/uploads\/2023\/10\/WhatsApp-Image-2023-10-07-at-14.51.08.jpeg 800w, https:\/\/dedemesquita.com.br\/wp-content\/uploads\/2023\/10\/WhatsApp-Image-2023-10-07-at-14.51.08-768x512.jpeg 768w\" sizes=\"(max-width: 800px) 100vw, 800px\" \/><figcaption class=\"wp-element-caption\">Centenas de embarca\u00e7\u00f5es participam do C\u00edrio Fluvial (foto de Fernando Sette)<\/figcaption><\/figure><\/div>\n\n<div class=\"wp-block-image\">\n<figure class=\"aligncenter size-full\"><img loading=\"lazy\" decoding=\"async\" width=\"800\" height=\"533\" src=\"https:\/\/dedemesquita.com.br\/wp-content\/uploads\/2023\/10\/WhatsApp-Image-2023-10-07-at-14.51.00.jpeg\" alt=\"\" class=\"wp-image-7559\" srcset=\"https:\/\/dedemesquita.com.br\/wp-content\/uploads\/2023\/10\/WhatsApp-Image-2023-10-07-at-14.51.00.jpeg 800w, https:\/\/dedemesquita.com.br\/wp-content\/uploads\/2023\/10\/WhatsApp-Image-2023-10-07-at-14.51.00-768x512.jpeg 768w\" sizes=\"(max-width: 800px) 100vw, 800px\" \/><figcaption class=\"wp-element-caption\">Os imensos barcos ganham decora\u00e7\u00e3o tem\u00e1tica do C\u00edrio (foto de Fernando Sette)<\/figcaption><\/figure><\/div>\n\n<div class=\"wp-block-image\">\n<figure class=\"aligncenter size-full\"><img loading=\"lazy\" decoding=\"async\" width=\"850\" height=\"566\" src=\"https:\/\/dedemesquita.com.br\/wp-content\/uploads\/2023\/10\/WhatsApp-Image-2023-10-07-at-21.30.48.jpeg\" alt=\"\" class=\"wp-image-7606\" srcset=\"https:\/\/dedemesquita.com.br\/wp-content\/uploads\/2023\/10\/WhatsApp-Image-2023-10-07-at-21.30.48.jpeg 850w, https:\/\/dedemesquita.com.br\/wp-content\/uploads\/2023\/10\/WhatsApp-Image-2023-10-07-at-21.30.48-768x511.jpeg 768w\" sizes=\"(max-width: 850px) 100vw, 850px\" \/><figcaption class=\"wp-element-caption\">Foto, do tipo &#8220;duCA&#8221; feita pelo Cezar Magalh\u00e3es, a romaria fluvial passando pelo Ver-o-Peso <\/figcaption><\/figure><\/div>\n\n<div class=\"wp-block-image\">\n<figure class=\"aligncenter size-full\"><img loading=\"lazy\" decoding=\"async\" width=\"800\" height=\"600\" src=\"https:\/\/dedemesquita.com.br\/wp-content\/uploads\/2023\/10\/WhatsApp-Image-2023-10-07-at-13.28.23.jpeg\" alt=\"\" class=\"wp-image-7599\" srcset=\"https:\/\/dedemesquita.com.br\/wp-content\/uploads\/2023\/10\/WhatsApp-Image-2023-10-07-at-13.28.23.jpeg 800w, https:\/\/dedemesquita.com.br\/wp-content\/uploads\/2023\/10\/WhatsApp-Image-2023-10-07-at-13.28.23-768x576.jpeg 768w\" sizes=\"(max-width: 800px) 100vw, 800px\" \/><figcaption class=\"wp-element-caption\">C\u00e9sar Magalh\u00e3es, o Magalha, na cobertura da Romaria Fluvial 2023, no helic\u00f3ptero Esquilo da Marinha, com Pedro, Brand\u00e3o e Sapucaia<\/figcaption><\/figure><\/div>\n\n<div class=\"wp-block-image\">\n<figure class=\"aligncenter size-full\"><img loading=\"lazy\" decoding=\"async\" width=\"800\" height=\"533\" src=\"https:\/\/dedemesquita.com.br\/wp-content\/uploads\/2023\/10\/WhatsApp-Image-2023-10-07-at-19.50.08.jpeg\" alt=\"\" class=\"wp-image-7581\" srcset=\"https:\/\/dedemesquita.com.br\/wp-content\/uploads\/2023\/10\/WhatsApp-Image-2023-10-07-at-19.50.08.jpeg 800w, https:\/\/dedemesquita.com.br\/wp-content\/uploads\/2023\/10\/WhatsApp-Image-2023-10-07-at-19.50.08-768x512.jpeg 768w\" sizes=\"(max-width: 800px) 100vw, 800px\" \/><figcaption class=\"wp-element-caption\">Ascons do C\u00edrio e da Guarda de Nazar\u00e9, com Rosana Pinto e Salim Wariss(foto de Wagner Almeida)<\/figcaption><\/figure><\/div>\n\n<div class=\"wp-block-image\">\n<figure class=\"aligncenter size-full\"><img loading=\"lazy\" decoding=\"async\" width=\"800\" height=\"600\" src=\"https:\/\/dedemesquita.com.br\/wp-content\/uploads\/2023\/10\/WhatsApp-Image-2023-10-07-at-19.53.26.jpeg\" alt=\"\" class=\"wp-image-7584\" srcset=\"https:\/\/dedemesquita.com.br\/wp-content\/uploads\/2023\/10\/WhatsApp-Image-2023-10-07-at-19.53.26.jpeg 800w, https:\/\/dedemesquita.com.br\/wp-content\/uploads\/2023\/10\/WhatsApp-Image-2023-10-07-at-19.53.26-768x576.jpeg 768w\" sizes=\"(max-width: 800px) 100vw, 800px\" \/><figcaption class=\"wp-element-caption\">Wagner Almeida, Fernando Ara\u00fajo e os Irm\u00e3os Passarinho, Fernando e Advaldo, no porto de Icoaraci (foto de Wagner Almeida)<\/figcaption><\/figure><\/div>\n\n<div class=\"wp-block-image\">\n<figure class=\"aligncenter size-full\"><img loading=\"lazy\" decoding=\"async\" width=\"800\" height=\"736\" src=\"https:\/\/dedemesquita.com.br\/wp-content\/uploads\/2023\/10\/WhatsApp-Image-2023-10-07-at-19.56.52.jpeg\" alt=\"\" class=\"wp-image-7582\" srcset=\"https:\/\/dedemesquita.com.br\/wp-content\/uploads\/2023\/10\/WhatsApp-Image-2023-10-07-at-19.56.52.jpeg 800w, https:\/\/dedemesquita.com.br\/wp-content\/uploads\/2023\/10\/WhatsApp-Image-2023-10-07-at-19.56.52-768x707.jpeg 768w\" sizes=\"(max-width: 800px) 100vw, 800px\" \/><figcaption class=\"wp-element-caption\">Fernando &#8211; Passarinho &#8211; Nobre s\u00f3 no equil\u00edbrio, no porto de Icoaraci (foto de Wagner Almeida)<\/figcaption><\/figure><\/div>\n\n<div class=\"wp-block-image\">\n<figure class=\"aligncenter size-full\"><img loading=\"lazy\" decoding=\"async\" width=\"800\" height=\"898\" src=\"https:\/\/dedemesquita.com.br\/wp-content\/uploads\/2023\/10\/WhatsApp-Image-2023-10-07-at-19.55.15.jpeg\" alt=\"\" class=\"wp-image-7583\" srcset=\"https:\/\/dedemesquita.com.br\/wp-content\/uploads\/2023\/10\/WhatsApp-Image-2023-10-07-at-19.55.15.jpeg 800w, https:\/\/dedemesquita.com.br\/wp-content\/uploads\/2023\/10\/WhatsApp-Image-2023-10-07-at-19.55.15-768x862.jpeg 768w\" sizes=\"(max-width: 800px) 100vw, 800px\" \/><figcaption class=\"wp-element-caption\">Wagner Almeida (foto de Ronald Sales)<\/figcaption><\/figure><\/div>\n\n<div class=\"wp-block-image\">\n<figure class=\"aligncenter size-full\"><img loading=\"lazy\" decoding=\"async\" width=\"800\" height=\"533\" src=\"https:\/\/dedemesquita.com.br\/wp-content\/uploads\/2023\/10\/WhatsApp-Image-2023-10-07-at-19.50.08-1.jpeg\" alt=\"\" class=\"wp-image-7586\" srcset=\"https:\/\/dedemesquita.com.br\/wp-content\/uploads\/2023\/10\/WhatsApp-Image-2023-10-07-at-19.50.08-1.jpeg 800w, https:\/\/dedemesquita.com.br\/wp-content\/uploads\/2023\/10\/WhatsApp-Image-2023-10-07-at-19.50.08-1-768x512.jpeg 768w\" sizes=\"(max-width: 800px) 100vw, 800px\" \/><figcaption class=\"wp-element-caption\">Fernando Ara\u00fajo e os Irm\u00e3os Passarinho (foto de Wagner Almeida)<\/figcaption><\/figure><\/div>\n\n<div class=\"wp-block-image\">\n<figure class=\"aligncenter size-full\"><img loading=\"lazy\" decoding=\"async\" width=\"665\" height=\"800\" src=\"https:\/\/dedemesquita.com.br\/wp-content\/uploads\/2023\/10\/WhatsApp-Image-2023-10-07-at-19.50.08-2.jpeg\" alt=\"\" class=\"wp-image-7587\"\/><figcaption class=\"wp-element-caption\">Emily Lopes, da Pascom Arquidiocesana e R\u00e1dio Unama FM (foto de Wagner Almeida)<\/figcaption><\/figure><\/div>\n\n<div class=\"wp-block-image\">\n<figure class=\"aligncenter size-full\"><img loading=\"lazy\" decoding=\"async\" width=\"533\" height=\"800\" src=\"https:\/\/dedemesquita.com.br\/wp-content\/uploads\/2023\/10\/WhatsApp-Image-2023-10-07-at-19.57.24.jpeg\" alt=\"\" class=\"wp-image-7588\"\/><figcaption class=\"wp-element-caption\">Ivan Duarte, da Reda\u00e7\u00e3o Integrada O Liberal, chegando apressado (foto de Fernando Nobre)<\/figcaption><\/figure><\/div>\n\n<div class=\"wp-block-image\">\n<figure class=\"aligncenter size-full\"><img loading=\"lazy\" decoding=\"async\" width=\"800\" height=\"533\" src=\"https:\/\/dedemesquita.com.br\/wp-content\/uploads\/2023\/10\/WhatsApp-Image-2023-10-07-at-14.51.05.jpeg\" alt=\"\" class=\"wp-image-7558\" srcset=\"https:\/\/dedemesquita.com.br\/wp-content\/uploads\/2023\/10\/WhatsApp-Image-2023-10-07-at-14.51.05.jpeg 800w, https:\/\/dedemesquita.com.br\/wp-content\/uploads\/2023\/10\/WhatsApp-Image-2023-10-07-at-14.51.05-768x512.jpeg 768w\" sizes=\"(max-width: 800px) 100vw, 800px\" \/><figcaption class=\"wp-element-caption\">\u00c0 espera da chegada do C\u00edrio Fluvial (foto de Fernando Sette)<\/figcaption><\/figure><\/div>\n\n<div class=\"wp-block-image\">\n<figure class=\"aligncenter size-full\"><img loading=\"lazy\" decoding=\"async\" width=\"800\" height=\"533\" src=\"https:\/\/dedemesquita.com.br\/wp-content\/uploads\/2023\/10\/WhatsApp-Image-2023-10-07-at-14.51.04.jpeg\" alt=\"\" class=\"wp-image-7557\" srcset=\"https:\/\/dedemesquita.com.br\/wp-content\/uploads\/2023\/10\/WhatsApp-Image-2023-10-07-at-14.51.04.jpeg 800w, https:\/\/dedemesquita.com.br\/wp-content\/uploads\/2023\/10\/WhatsApp-Image-2023-10-07-at-14.51.04-768x512.jpeg 768w\" sizes=\"(max-width: 800px) 100vw, 800px\" \/><figcaption class=\"wp-element-caption\">Imprensa fica em ponto estrat\u00e9gico para a chegada de Nazinha (foto de Fernando Sette)<\/figcaption><\/figure><\/div>\n\n<div class=\"wp-block-image\">\n<figure class=\"aligncenter size-full\"><img loading=\"lazy\" decoding=\"async\" width=\"800\" height=\"516\" src=\"https:\/\/dedemesquita.com.br\/wp-content\/uploads\/2023\/10\/WhatsApp-Image-2023-10-07-at-11.30.38.jpeg\" alt=\"\" class=\"wp-image-7564\" srcset=\"https:\/\/dedemesquita.com.br\/wp-content\/uploads\/2023\/10\/WhatsApp-Image-2023-10-07-at-11.30.38.jpeg 800w, https:\/\/dedemesquita.com.br\/wp-content\/uploads\/2023\/10\/WhatsApp-Image-2023-10-07-at-11.30.38-768x495.jpeg 768w\" sizes=\"(max-width: 800px) 100vw, 800px\" \/><figcaption class=\"wp-element-caption\">Tarso Sarraf e todos garantindo as imagens (foto de Karla Pereira)<\/figcaption><\/figure><\/div>\n\n<div class=\"wp-block-image\">\n<figure class=\"aligncenter size-full\"><img loading=\"lazy\" decoding=\"async\" width=\"559\" height=\"800\" src=\"https:\/\/dedemesquita.com.br\/wp-content\/uploads\/2023\/10\/WhatsApp-Image-2023-10-07-at-11.00.58.jpeg\" alt=\"\" class=\"wp-image-7565\"\/><figcaption class=\"wp-element-caption\">Fernando Sette e a c\u00e2mera que &#8220;v\u00ea&#8221; tudo em 360 graus (foto de Karla Pereira)<\/figcaption><\/figure><\/div>\n\n<div class=\"wp-block-image\">\n<figure class=\"aligncenter size-full\"><img loading=\"lazy\" decoding=\"async\" width=\"547\" height=\"800\" src=\"https:\/\/dedemesquita.com.br\/wp-content\/uploads\/2023\/10\/WhatsApp-Image-2023-10-07-at-11.01.00.jpeg\" alt=\"\" class=\"wp-image-7566\"\/><figcaption class=\"wp-element-caption\">Em uma folguinha da Varanda de Nazar\u00e9, na Esta\u00e7\u00e3o das Docas, Karla Pereira se encontra com Settinho (foto de Karla Pereira)<\/figcaption><\/figure><\/div>\n\n<div class=\"wp-block-image\">\n<figure class=\"aligncenter size-full\"><img loading=\"lazy\" decoding=\"async\" width=\"532\" height=\"800\" src=\"https:\/\/dedemesquita.com.br\/wp-content\/uploads\/2023\/10\/WhatsApp-Image-2023-10-07-at-11.00.59.jpeg\" alt=\"\" class=\"wp-image-7567\"\/><figcaption class=\"wp-element-caption\">T\u00e1 quase morto de cansa\u00e7o, mas est\u00e1 feliz, n\u00e9, Settinho? (foto de Karla Pereira)<\/figcaption><\/figure><\/div>\n\n<div class=\"wp-block-image\">\n<figure class=\"aligncenter size-full\"><img loading=\"lazy\" decoding=\"async\" width=\"664\" height=\"750\" src=\"https:\/\/dedemesquita.com.br\/wp-content\/uploads\/2023\/10\/WhatsApp-Image-2023-10-07-at-19.26.36-1.jpeg\" alt=\"\" class=\"wp-image-7568\"\/><figcaption class=\"wp-element-caption\">Cristian Emanoel, da TV Liberal, e Karla Pereira, uma das assessoras da Varanda de Nazar\u00e9 2023 <\/figcaption><\/figure><\/div>\n\n<div class=\"wp-block-image\">\n<figure class=\"aligncenter size-full\"><img loading=\"lazy\" decoding=\"async\" width=\"800\" height=\"533\" src=\"https:\/\/dedemesquita.com.br\/wp-content\/uploads\/2023\/10\/WhatsApp-Image-2023-10-07-at-15.02.17.jpeg\" alt=\"\" class=\"wp-image-7569\" srcset=\"https:\/\/dedemesquita.com.br\/wp-content\/uploads\/2023\/10\/WhatsApp-Image-2023-10-07-at-15.02.17.jpeg 800w, https:\/\/dedemesquita.com.br\/wp-content\/uploads\/2023\/10\/WhatsApp-Image-2023-10-07-at-15.02.17-768x512.jpeg 768w\" sizes=\"(max-width: 800px) 100vw, 800px\" \/><figcaption class=\"wp-element-caption\">Jal\u00edlia Messias, da TV Liberal, nas entradas, ao vivo, em rede nacional, para a TV Globo (foto de Fernando Sette)<\/figcaption><\/figure><\/div>\n\n<div class=\"wp-block-image\">\n<figure class=\"aligncenter size-full\"><img loading=\"lazy\" decoding=\"async\" width=\"800\" height=\"533\" src=\"https:\/\/dedemesquita.com.br\/wp-content\/uploads\/2023\/10\/WhatsApp-Image-2023-10-07-at-15.04.36.jpeg\" alt=\"\" class=\"wp-image-7571\" srcset=\"https:\/\/dedemesquita.com.br\/wp-content\/uploads\/2023\/10\/WhatsApp-Image-2023-10-07-at-15.04.36.jpeg 800w, https:\/\/dedemesquita.com.br\/wp-content\/uploads\/2023\/10\/WhatsApp-Image-2023-10-07-at-15.04.36-768x512.jpeg 768w\" sizes=\"(max-width: 800px) 100vw, 800px\" \/><figcaption class=\"wp-element-caption\">\u00c9 c\u00e2meras que tu queres, @? Ent\u00e3o, toma! (foto de Fernando Sette)<\/figcaption><\/figure><\/div>\n\n<div class=\"wp-block-image\">\n<figure class=\"aligncenter size-full\"><img loading=\"lazy\" decoding=\"async\" width=\"800\" height=\"533\" src=\"https:\/\/dedemesquita.com.br\/wp-content\/uploads\/2023\/10\/WhatsApp-Image-2023-10-07-at-15.04.36-1.jpeg\" alt=\"\" class=\"wp-image-7572\" srcset=\"https:\/\/dedemesquita.com.br\/wp-content\/uploads\/2023\/10\/WhatsApp-Image-2023-10-07-at-15.04.36-1.jpeg 800w, https:\/\/dedemesquita.com.br\/wp-content\/uploads\/2023\/10\/WhatsApp-Image-2023-10-07-at-15.04.36-1-768x512.jpeg 768w\" sizes=\"(max-width: 800px) 100vw, 800px\" \/><figcaption class=\"wp-element-caption\">O charme de Marco Santos, da Secom-PA, chegando de barco (foto de Fernando Sette)<\/figcaption><\/figure><\/div>\n\n<div class=\"wp-block-image\">\n<figure class=\"aligncenter size-full\"><img loading=\"lazy\" decoding=\"async\" width=\"468\" height=\"750\" src=\"https:\/\/dedemesquita.com.br\/wp-content\/uploads\/2023\/10\/WhatsApp-Image-2023-10-07-at-12.04.19-1.jpeg\" alt=\"\" class=\"wp-image-7573\"\/><figcaption class=\"wp-element-caption\">Tarso Sarraf na corveta onde Nossa Senhora de Nazar\u00e9 \u00e9 conduzida <\/figcaption><\/figure><\/div>\n\n<div class=\"wp-block-image\">\n<figure class=\"aligncenter size-full\"><img loading=\"lazy\" decoding=\"async\" width=\"700\" height=\"469\" src=\"https:\/\/dedemesquita.com.br\/wp-content\/uploads\/2023\/10\/WhatsApp-Image-2023-10-07-at-19.26.36.jpeg\" alt=\"\" class=\"wp-image-7575\"\/><figcaption class=\"wp-element-caption\">Mayra Leal, do SBT Par\u00e1, na espera da chegada do C\u00edrio Fluvial, na Esta\u00e7\u00e3o das Docas (foto de Tarso Sarraf) <\/figcaption><\/figure><\/div>\n\n<div class=\"wp-block-image\">\n<figure class=\"aligncenter size-full\"><img loading=\"lazy\" decoding=\"async\" width=\"602\" height=\"750\" src=\"https:\/\/dedemesquita.com.br\/wp-content\/uploads\/2023\/10\/WhatsApp-Image-2023-10-07-at-13.27.29.jpeg\" alt=\"\" class=\"wp-image-7576\"\/><figcaption class=\"wp-element-caption\">Irene Almeida e Diego Monteiro, do jornal Di\u00e1rio do Par\u00e1, nas pautas da Motorromaria e Descida do Gl\u00f3ria (foto de Diego Monteiro)<\/figcaption><\/figure><\/div>\n\n<div class=\"wp-block-image\">\n<figure class=\"aligncenter size-full\"><img loading=\"lazy\" decoding=\"async\" width=\"700\" height=\"700\" src=\"https:\/\/dedemesquita.com.br\/wp-content\/uploads\/2023\/10\/WhatsApp-Image-2023-10-07-at-18.46.33.jpeg\" alt=\"\" class=\"wp-image-7577\" srcset=\"https:\/\/dedemesquita.com.br\/wp-content\/uploads\/2023\/10\/WhatsApp-Image-2023-10-07-at-18.46.33.jpeg 700w, https:\/\/dedemesquita.com.br\/wp-content\/uploads\/2023\/10\/WhatsApp-Image-2023-10-07-at-18.46.33-150x150.jpeg 150w\" sizes=\"(max-width: 700px) 100vw, 700px\" \/><figcaption class=\"wp-element-caption\">Jo\u00e3o Paulo Seabra, da TV Cultura, na Bas\u00edlica de Nazar\u00e9, na pauta da Descida do Gl\u00f3ria <\/figcaption><\/figure><\/div>\n\n<div class=\"wp-block-image\">\n<figure class=\"aligncenter size-full\"><img loading=\"lazy\" decoding=\"async\" width=\"303\" height=\"403\" src=\"https:\/\/dedemesquita.com.br\/wp-content\/uploads\/2023\/10\/amorim.jpg\" alt=\"\" class=\"wp-image-7602\"\/><figcaption class=\"wp-element-caption\">Osmarino Souza e o fot\u00f3grafo paraense Paulo Amorim, que mora na Holanda e est\u00e1 em Bel\u00e9m para a cobertura do C\u00edrio de Nazar\u00e9  <\/figcaption><\/figure><\/div>\n\n<div class=\"wp-block-image\">\n<figure class=\"aligncenter size-full\"><img loading=\"lazy\" decoding=\"async\" width=\"653\" height=\"750\" src=\"https:\/\/dedemesquita.com.br\/wp-content\/uploads\/2023\/10\/WhatsApp-Image-2023-10-07-at-19.26.36-2.jpeg\" alt=\"\" class=\"wp-image-7578\"\/><figcaption class=\"wp-element-caption\">Karla Pereira, Dani Filgueiras e Adriana Pereira em noite de Sarau da Varanda de Nazar\u00e9, de Faf\u00e1 de Bel\u00e9m <\/figcaption><\/figure><\/div>","protected":false},"excerpt":{"rendered":"<p>Bel\u00e9m, 7 de outubro de 2023 &#8211; Este s\u00e1bado, 7, come\u00e7ou bem cedo com a Prociss\u00e3o Rodovi\u00e1ria que conduz a Imagem Peregrina de Nossa Senhora de Nazar\u00e9, da igreja de Nossa Senhora das Gra\u00e7as, em dire\u00e7\u00e3o ao porto de Icoaraci, no distrito hom\u00f4nimo. \u00c9 a terceira romaria das festividades do C\u00edrio de Nazar\u00e9. Em Icoaraci, [&hellip;]<\/p>\n","protected":false},"author":2,"featured_media":7556,"comment_status":"open","ping_status":"open","sticky":false,"template":"","format":"standard","meta":{"footnotes":""},"categories":[51,14,29],"tags":[408,181,119,120,144,145,137],"class_list":["post-7554","post","type-post","status-publish","format-standard","has-post-thumbnail","hentry","category-destaque","category-imprensa","category-jornalismo","tag-cirio-2023","tag-diario-do-para","tag-jornalismo","tag-jornalistas-paraenses-em-acao","tag-o-liberal","tag-rbatv","tag-tv-liberal"],"yoast_head":"<!-- This site is optimized with the Yoast SEO plugin v19.10 - https:\/\/yoast.com\/wordpress\/plugins\/seo\/ -->\n<title>C\u00edrio 2023 \u2013 parte 4: Romaria Rodofluvial, Descida da Imagem Original do Gl\u00f3ria e Varanda de Nazar\u00e9 - Ded\u00e9 Mesquita<\/title>\n<meta name=\"robots\" content=\"index, follow, max-snippet:-1, max-image-preview:large, max-video-preview:-1\" \/>\n<link rel=\"canonical\" href=\"https:\/\/dedemesquita.com.br\/?p=7554\" \/>\n<meta property=\"og:locale\" content=\"pt_BR\" \/>\n<meta property=\"og:type\" content=\"article\" \/>\n<meta property=\"og:title\" content=\"C\u00edrio 2023 \u2013 parte 4: Romaria Rodofluvial, Descida da Imagem Original do Gl\u00f3ria e Varanda de Nazar\u00e9 - Ded\u00e9 Mesquita\" \/>\n<meta property=\"og:description\" content=\"Bel\u00e9m, 7 de outubro de 2023 &#8211; Este s\u00e1bado, 7, come\u00e7ou bem cedo com a Prociss\u00e3o Rodovi\u00e1ria que conduz a Imagem Peregrina de Nossa Senhora de Nazar\u00e9, da igreja de Nossa Senhora das Gra\u00e7as, em dire\u00e7\u00e3o ao porto de Icoaraci, no distrito hom\u00f4nimo. \u00c9 a terceira romaria das festividades do C\u00edrio de Nazar\u00e9. Em Icoaraci, [&hellip;]\" \/>\n<meta property=\"og:url\" content=\"https:\/\/dedemesquita.com.br\/?p=7554\" \/>\n<meta property=\"og:site_name\" content=\"Ded\u00e9 Mesquita\" \/>\n<meta property=\"article:publisher\" content=\"https:\/\/www.facebook.com\/dede.mesquita\" \/>\n<meta property=\"article:published_time\" content=\"2023-10-07T23:35:05+00:00\" \/>\n<meta property=\"article:modified_time\" content=\"2023-10-08T00:53:17+00:00\" \/>\n<meta property=\"og:image\" content=\"https:\/\/dedemesquita.com.br\/wp-content\/uploads\/2023\/10\/capa.jpeg\" \/>\n\t<meta property=\"og:image:width\" content=\"1000\" \/>\n\t<meta property=\"og:image:height\" content=\"667\" \/>\n\t<meta property=\"og:image:type\" content=\"image\/jpeg\" \/>\n<meta name=\"author\" content=\"Ded\u00e9 Mesquita\" \/>\n<meta name=\"twitter:card\" content=\"summary_large_image\" \/>\n<meta name=\"twitter:creator\" content=\"@dedemesquita\" \/>\n<meta name=\"twitter:site\" content=\"@dedemesquita\" \/>\n<meta name=\"twitter:label1\" content=\"Escrito por\" \/>\n\t<meta name=\"twitter:data1\" content=\"Ded\u00e9 Mesquita\" \/>\n\t<meta name=\"twitter:label2\" content=\"Est. tempo de leitura\" \/>\n\t<meta name=\"twitter:data2\" content=\"3 minutos\" \/>\n<script type=\"application\/ld+json\" class=\"yoast-schema-graph\">{\"@context\":\"https:\/\/schema.org\",\"@graph\":[{\"@type\":\"WebPage\",\"@id\":\"https:\/\/dedemesquita.com.br\/?p=7554\",\"url\":\"https:\/\/dedemesquita.com.br\/?p=7554\",\"name\":\"C\u00edrio 2023 \u2013 parte 4: Romaria Rodofluvial, Descida da Imagem Original do Gl\u00f3ria e Varanda de Nazar\u00e9 - Ded\u00e9 Mesquita\",\"isPartOf\":{\"@id\":\"https:\/\/dedemesquita.com.br\/#website\"},\"datePublished\":\"2023-10-07T23:35:05+00:00\",\"dateModified\":\"2023-10-08T00:53:17+00:00\",\"author\":{\"@id\":\"https:\/\/dedemesquita.com.br\/#\/schema\/person\/36571f81dd2d76dc3ab37231542c9e24\"},\"breadcrumb\":{\"@id\":\"https:\/\/dedemesquita.com.br\/?p=7554#breadcrumb\"},\"inLanguage\":\"pt-BR\",\"potentialAction\":[{\"@type\":\"ReadAction\",\"target\":[\"https:\/\/dedemesquita.com.br\/?p=7554\"]}]},{\"@type\":\"BreadcrumbList\",\"@id\":\"https:\/\/dedemesquita.com.br\/?p=7554#breadcrumb\",\"itemListElement\":[{\"@type\":\"ListItem\",\"position\":1,\"name\":\"In\u00edcio\",\"item\":\"https:\/\/dedemesquita.com.br\/\"},{\"@type\":\"ListItem\",\"position\":2,\"name\":\"C\u00edrio 2023 \u2013 parte 4: Romaria Rodofluvial, Descida da Imagem Original do Gl\u00f3ria e Varanda de Nazar\u00e9\"}]},{\"@type\":\"WebSite\",\"@id\":\"https:\/\/dedemesquita.com.br\/#website\",\"url\":\"https:\/\/dedemesquita.com.br\/\",\"name\":\"Ded\u00e9 Mesquita\",\"description\":\"Um site que mostra os bastidores da imprensa no estado do Par\u00e1 e em Bel\u00e9m\",\"potentialAction\":[{\"@type\":\"SearchAction\",\"target\":{\"@type\":\"EntryPoint\",\"urlTemplate\":\"https:\/\/dedemesquita.com.br\/?s={search_term_string}\"},\"query-input\":\"required name=search_term_string\"}],\"inLanguage\":\"pt-BR\"},{\"@type\":\"Person\",\"@id\":\"https:\/\/dedemesquita.com.br\/#\/schema\/person\/36571f81dd2d76dc3ab37231542c9e24\",\"name\":\"Ded\u00e9 Mesquita\",\"image\":{\"@type\":\"ImageObject\",\"inLanguage\":\"pt-BR\",\"@id\":\"https:\/\/dedemesquita.com.br\/#\/schema\/person\/image\/\",\"url\":\"https:\/\/dedemesquita.com.br\/wp-content\/uploads\/2021\/02\/foto_perfil-150x150.jpg\",\"contentUrl\":\"https:\/\/dedemesquita.com.br\/wp-content\/uploads\/2021\/02\/foto_perfil-150x150.jpg\",\"caption\":\"Ded\u00e9 Mesquita\"},\"sameAs\":[\"https:\/\/dedemesquita.com.br\"]}]}<\/script>\n<!-- \/ Yoast SEO plugin. -->","yoast_head_json":{"title":"C\u00edrio 2023 \u2013 parte 4: Romaria Rodofluvial, Descida da Imagem Original do Gl\u00f3ria e Varanda de Nazar\u00e9 - Ded\u00e9 Mesquita","robots":{"index":"index","follow":"follow","max-snippet":"max-snippet:-1","max-image-preview":"max-image-preview:large","max-video-preview":"max-video-preview:-1"},"canonical":"https:\/\/dedemesquita.com.br\/?p=7554","og_locale":"pt_BR","og_type":"article","og_title":"C\u00edrio 2023 \u2013 parte 4: Romaria Rodofluvial, Descida da Imagem Original do Gl\u00f3ria e Varanda de Nazar\u00e9 - Ded\u00e9 Mesquita","og_description":"Bel\u00e9m, 7 de outubro de 2023 &#8211; Este s\u00e1bado, 7, come\u00e7ou bem cedo com a Prociss\u00e3o Rodovi\u00e1ria que conduz a Imagem Peregrina de Nossa Senhora de Nazar\u00e9, da igreja de Nossa Senhora das Gra\u00e7as, em dire\u00e7\u00e3o ao porto de Icoaraci, no distrito hom\u00f4nimo. \u00c9 a terceira romaria das festividades do C\u00edrio de Nazar\u00e9. Em Icoaraci, [&hellip;]","og_url":"https:\/\/dedemesquita.com.br\/?p=7554","og_site_name":"Ded\u00e9 Mesquita","article_publisher":"https:\/\/www.facebook.com\/dede.mesquita","article_published_time":"2023-10-07T23:35:05+00:00","article_modified_time":"2023-10-08T00:53:17+00:00","og_image":[{"width":1000,"height":667,"url":"https:\/\/dedemesquita.com.br\/wp-content\/uploads\/2023\/10\/capa.jpeg","type":"image\/jpeg"}],"author":"Ded\u00e9 Mesquita","twitter_card":"summary_large_image","twitter_creator":"@dedemesquita","twitter_site":"@dedemesquita","twitter_misc":{"Escrito por":"Ded\u00e9 Mesquita","Est. tempo de leitura":"3 minutos"},"schema":{"@context":"https:\/\/schema.org","@graph":[{"@type":"WebPage","@id":"https:\/\/dedemesquita.com.br\/?p=7554","url":"https:\/\/dedemesquita.com.br\/?p=7554","name":"C\u00edrio 2023 \u2013 parte 4: Romaria Rodofluvial, Descida da Imagem Original do Gl\u00f3ria e Varanda de Nazar\u00e9 - Ded\u00e9 Mesquita","isPartOf":{"@id":"https:\/\/dedemesquita.com.br\/#website"},"datePublished":"2023-10-07T23:35:05+00:00","dateModified":"2023-10-08T00:53:17+00:00","author":{"@id":"https:\/\/dedemesquita.com.br\/#\/schema\/person\/36571f81dd2d76dc3ab37231542c9e24"},"breadcrumb":{"@id":"https:\/\/dedemesquita.com.br\/?p=7554#breadcrumb"},"inLanguage":"pt-BR","potentialAction":[{"@type":"ReadAction","target":["https:\/\/dedemesquita.com.br\/?p=7554"]}]},{"@type":"BreadcrumbList","@id":"https:\/\/dedemesquita.com.br\/?p=7554#breadcrumb","itemListElement":[{"@type":"ListItem","position":1,"name":"In\u00edcio","item":"https:\/\/dedemesquita.com.br\/"},{"@type":"ListItem","position":2,"name":"C\u00edrio 2023 \u2013 parte 4: Romaria Rodofluvial, Descida da Imagem Original do Gl\u00f3ria e Varanda de Nazar\u00e9"}]},{"@type":"WebSite","@id":"https:\/\/dedemesquita.com.br\/#website","url":"https:\/\/dedemesquita.com.br\/","name":"Ded\u00e9 Mesquita","description":"Um site que mostra os bastidores da imprensa no estado do Par\u00e1 e em Bel\u00e9m","potentialAction":[{"@type":"SearchAction","target":{"@type":"EntryPoint","urlTemplate":"https:\/\/dedemesquita.com.br\/?s={search_term_string}"},"query-input":"required name=search_term_string"}],"inLanguage":"pt-BR"},{"@type":"Person","@id":"https:\/\/dedemesquita.com.br\/#\/schema\/person\/36571f81dd2d76dc3ab37231542c9e24","name":"Ded\u00e9 Mesquita","image":{"@type":"ImageObject","inLanguage":"pt-BR","@id":"https:\/\/dedemesquita.com.br\/#\/schema\/person\/image\/","url":"https:\/\/dedemesquita.com.br\/wp-content\/uploads\/2021\/02\/foto_perfil-150x150.jpg","contentUrl":"https:\/\/dedemesquita.com.br\/wp-content\/uploads\/2021\/02\/foto_perfil-150x150.jpg","caption":"Ded\u00e9 Mesquita"},"sameAs":["https:\/\/dedemesquita.com.br"]}]}},"_links":{"self":[{"href":"https:\/\/dedemesquita.com.br\/index.php?rest_route=\/wp\/v2\/posts\/7554"}],"collection":[{"href":"https:\/\/dedemesquita.com.br\/index.php?rest_route=\/wp\/v2\/posts"}],"about":[{"href":"https:\/\/dedemesquita.com.br\/index.php?rest_route=\/wp\/v2\/types\/post"}],"author":[{"embeddable":true,"href":"https:\/\/dedemesquita.com.br\/index.php?rest_route=\/wp\/v2\/users\/2"}],"replies":[{"embeddable":true,"href":"https:\/\/dedemesquita.com.br\/index.php?rest_route=%2Fwp%2Fv2%2Fcomments&post=7554"}],"version-history":[{"count":14,"href":"https:\/\/dedemesquita.com.br\/index.php?rest_route=\/wp\/v2\/posts\/7554\/revisions"}],"predecessor-version":[{"id":7608,"href":"https:\/\/dedemesquita.com.br\/index.php?rest_route=\/wp\/v2\/posts\/7554\/revisions\/7608"}],"wp:featuredmedia":[{"embeddable":true,"href":"https:\/\/dedemesquita.com.br\/index.php?rest_route=\/wp\/v2\/media\/7556"}],"wp:attachment":[{"href":"https:\/\/dedemesquita.com.br\/index.php?rest_route=%2Fwp%2Fv2%2Fmedia&parent=7554"}],"wp:term":[{"taxonomy":"category","embeddable":true,"href":"https:\/\/dedemesquita.com.br\/index.php?rest_route=%2Fwp%2Fv2%2Fcategories&post=7554"},{"taxonomy":"post_tag","embeddable":true,"href":"https:\/\/dedemesquita.com.br\/index.php?rest_route=%2Fwp%2Fv2%2Ftags&post=7554"}],"curies":[{"name":"wp","href":"https:\/\/api.w.org\/{rel}","templated":true}]}}