{"id":7483,"date":"2023-10-06T11:42:38","date_gmt":"2023-10-06T14:42:38","guid":{"rendered":"https:\/\/dedemesquita.com.br\/?p=7483"},"modified":"2023-10-07T11:38:59","modified_gmt":"2023-10-07T14:38:59","slug":"cirio-2023-parte-2-apresentacao-do-manto-de-nossa-senhora-de-nazare","status":"publish","type":"post","link":"https:\/\/dedemesquita.com.br\/?p=7483","title":{"rendered":"C\u00edrio 2023 &#8211; parte 2: Apresenta\u00e7\u00e3o do manto de Nossa Senhora de Nazar\u00e9"},"content":{"rendered":"\n<p><strong>Bel\u00e9m, 6 de outubro de 2023 &#8211;<\/strong> Na noite de quinta-feira, 5, \u00e0s 19 horas, foi realizada a mais que tradicional <strong>apresenta\u00e7\u00e3o do novo manto<\/strong> que ir\u00e1 envolve a <strong>Imagem Peregrina de Nossa Senhora de Nazar\u00e9 <\/strong>nas prociss\u00f5es do C\u00edrio 2023. <\/p>\n\n\n<div class=\"wp-block-image\">\n<figure class=\"aligncenter size-full\"><img loading=\"lazy\" decoding=\"async\" width=\"800\" height=\"533\" src=\"https:\/\/dedemesquita.com.br\/wp-content\/uploads\/2023\/10\/WhatsApp-Image-2023-10-05-at-21.13.36-1.jpeg\" alt=\"\" class=\"wp-image-7486\" srcset=\"https:\/\/dedemesquita.com.br\/wp-content\/uploads\/2023\/10\/WhatsApp-Image-2023-10-05-at-21.13.36-1.jpeg 800w, https:\/\/dedemesquita.com.br\/wp-content\/uploads\/2023\/10\/WhatsApp-Image-2023-10-05-at-21.13.36-1-768x512.jpeg 768w\" sizes=\"(max-width: 800px) 100vw, 800px\" \/><figcaption class=\"wp-element-caption\">Momento emocionante em que o manto \u00e9 revelado dentro da Bas\u00edlica de Nazar\u00e9 <\/figcaption><\/figure><\/div>\n\n\n<p>Esse momento \u00e9 muito aguardado e cheio de expectativas por todos que est\u00e3o dentro da Bas\u00edlica de Nazar\u00e9 e na pra\u00e7a Santu\u00e1rio &#8211; e por todos os paraenses. O manto 2023 \u00e9 predominantemente branco, com cristais Swarovski e madrep\u00e9rolas naturais, com detalhes em bordado de pedrarias verdes &#8211; bem amaz\u00f4nico, digamos assim. A estilista foi Lel\u00e9 Grello; desenho de Odair Mindelo; bordado de Ant\u00f4nio Jos\u00e9 Souza; costura de Edyr Silva e metais de Marcelo Monteiro &#8211; Ourogema. <\/p>\n\n\n\n<p><strong>Veja quem esteve nessa pauta: <\/strong><\/p>\n\n\n<div class=\"wp-block-image\">\n<figure class=\"aligncenter size-full\"><img loading=\"lazy\" decoding=\"async\" width=\"499\" height=\"800\" src=\"https:\/\/dedemesquita.com.br\/wp-content\/uploads\/2023\/10\/WhatsApp-Image-2023-10-06-at-10.42.30-1.jpeg\" alt=\"\" class=\"wp-image-7490\"\/><figcaption class=\"wp-element-caption\">Camila Lima, do portal Cultura <\/figcaption><\/figure><\/div>\n\n<div class=\"wp-block-image\">\n<figure class=\"aligncenter size-full\"><img loading=\"lazy\" decoding=\"async\" width=\"720\" height=\"761\" src=\"https:\/\/dedemesquita.com.br\/wp-content\/uploads\/2023\/10\/WhatsApp-Image-2023-10-06-at-10.42.30.jpeg\" alt=\"\" class=\"wp-image-7489\"\/><figcaption class=\"wp-element-caption\">O fot\u00f3grafo Paulo Lisboa <\/figcaption><\/figure><\/div>\n\n<div class=\"wp-block-image\">\n<figure class=\"aligncenter size-full\"><img loading=\"lazy\" decoding=\"async\" width=\"686\" height=\"800\" src=\"https:\/\/dedemesquita.com.br\/wp-content\/uploads\/2023\/10\/WhatsApp-Image-2023-10-05-at-17.55.32.jpeg\" alt=\"\" class=\"wp-image-7488\"\/><figcaption class=\"wp-element-caption\">Fernando Sette na Bas\u00edlica, antes da apresenta\u00e7\u00e3o do manto<\/figcaption><\/figure><\/div>\n\n<div class=\"wp-block-image\">\n<figure class=\"aligncenter size-full\"><img loading=\"lazy\" decoding=\"async\" width=\"750\" height=\"500\" src=\"https:\/\/dedemesquita.com.br\/wp-content\/uploads\/2023\/10\/WhatsApp-Image-2023-10-05-at-21.13.35.jpeg\" alt=\"\" class=\"wp-image-7487\"\/><figcaption class=\"wp-element-caption\">Camila Lima e Maycon Nunes (foto de Fernando Sette)<\/figcaption><\/figure><\/div>\n\n<div class=\"wp-block-image\">\n<figure class=\"aligncenter size-full\"><img loading=\"lazy\" decoding=\"async\" width=\"718\" height=\"483\" src=\"https:\/\/dedemesquita.com.br\/wp-content\/uploads\/2023\/10\/WhatsApp-Image-2023-10-06-at-10.42.31-1.jpeg\" alt=\"\" class=\"wp-image-7491\"\/><figcaption class=\"wp-element-caption\">Babi Matoso, da comunica\u00e7\u00e3o da Bas\u00edlica e, um pouco atr\u00e1s dela, Bruna Carneiro, de O Liberal <\/figcaption><\/figure><\/div>\n\n<div class=\"wp-block-image\">\n<figure class=\"aligncenter size-full\"><img loading=\"lazy\" decoding=\"async\" width=\"699\" height=\"707\" src=\"https:\/\/dedemesquita.com.br\/wp-content\/uploads\/2023\/10\/WhatsApp-Image-2023-10-06-at-10.42.31-2.jpeg\" alt=\"\" class=\"wp-image-7492\"\/><figcaption class=\"wp-element-caption\">Carlos Renan, Karol Coelho, Babi Matoso e Rosana Pinto <\/figcaption><\/figure><\/div>\n\n<div class=\"wp-block-image\">\n<figure class=\"aligncenter size-full\"><img loading=\"lazy\" decoding=\"async\" width=\"717\" height=\"562\" src=\"https:\/\/dedemesquita.com.br\/wp-content\/uploads\/2023\/10\/WhatsApp-Image-2023-10-06-at-10.42.32.jpeg\" alt=\"\" class=\"wp-image-7493\"\/><figcaption class=\"wp-element-caption\">Rosana Pinto e o manto (foto de \u00cdcaro Farias) <\/figcaption><\/figure><\/div>\n\n<div class=\"wp-block-image\">\n<figure class=\"aligncenter size-full\"><img loading=\"lazy\" decoding=\"async\" width=\"650\" height=\"750\" src=\"https:\/\/dedemesquita.com.br\/wp-content\/uploads\/2023\/10\/WhatsApp-Image-2023-10-06-at-10.42.32-2.jpeg\" alt=\"\" class=\"wp-image-7494\"\/><figcaption class=\"wp-element-caption\">Vanessa Fortes, da TV Cultura, e Rosana Pinto<\/figcaption><\/figure><\/div>\n\n<div class=\"wp-block-image\">\n<figure class=\"aligncenter size-full\"><img loading=\"lazy\" decoding=\"async\" width=\"642\" height=\"750\" src=\"https:\/\/dedemesquita.com.br\/wp-content\/uploads\/2023\/10\/WhatsApp-Image-2023-10-06-at-10.42.32-1.jpeg\" alt=\"\" class=\"wp-image-7495\"\/><figcaption class=\"wp-element-caption\">Vanessa Fortes, Beatriz Reis e Thiago Gomes <\/figcaption><\/figure><\/div>\n\n<div class=\"wp-block-image\">\n<figure class=\"aligncenter size-full\"><img loading=\"lazy\" decoding=\"async\" width=\"750\" height=\"500\" src=\"https:\/\/dedemesquita.com.br\/wp-content\/uploads\/2023\/10\/WhatsApp-Image-2023-10-05-at-21.13.34.jpeg\" alt=\"\" class=\"wp-image-7496\"\/><figcaption class=\"wp-element-caption\">Maycon Nunes, da Secom-PA  (foto de Fernando Sette)<\/figcaption><\/figure><\/div>","protected":false},"excerpt":{"rendered":"<p>Bel\u00e9m, 6 de outubro de 2023 &#8211; Na noite de quinta-feira, 5, \u00e0s 19 horas, foi realizada a mais que tradicional apresenta\u00e7\u00e3o do novo manto que ir\u00e1 envolve a Imagem Peregrina de Nossa Senhora de Nazar\u00e9 nas prociss\u00f5es do C\u00edrio 2023. Esse momento \u00e9 muito aguardado e cheio de expectativas por todos que est\u00e3o dentro [&hellip;]<\/p>\n","protected":false},"author":2,"featured_media":7485,"comment_status":"open","ping_status":"open","sticky":false,"template":"","format":"standard","meta":{"footnotes":""},"categories":[51,14,29],"tags":[408,119,120,144,150],"class_list":["post-7483","post","type-post","status-publish","format-standard","has-post-thumbnail","hentry","category-destaque","category-imprensa","category-jornalismo","tag-cirio-2023","tag-jornalismo","tag-jornalistas-paraenses-em-acao","tag-o-liberal","tag-secom-pa"],"yoast_head":"<!-- This site is optimized with the Yoast SEO plugin v19.10 - https:\/\/yoast.com\/wordpress\/plugins\/seo\/ -->\n<title>C\u00edrio 2023 - parte 2: Apresenta\u00e7\u00e3o do manto de Nossa Senhora de Nazar\u00e9 - Ded\u00e9 Mesquita<\/title>\n<meta name=\"robots\" content=\"index, follow, max-snippet:-1, max-image-preview:large, max-video-preview:-1\" \/>\n<link rel=\"canonical\" href=\"https:\/\/dedemesquita.com.br\/?p=7483\" \/>\n<meta property=\"og:locale\" content=\"pt_BR\" \/>\n<meta property=\"og:type\" content=\"article\" \/>\n<meta property=\"og:title\" content=\"C\u00edrio 2023 - parte 2: Apresenta\u00e7\u00e3o do manto de Nossa Senhora de Nazar\u00e9 - Ded\u00e9 Mesquita\" \/>\n<meta property=\"og:description\" content=\"Bel\u00e9m, 6 de outubro de 2023 &#8211; Na noite de quinta-feira, 5, \u00e0s 19 horas, foi realizada a mais que tradicional apresenta\u00e7\u00e3o do novo manto que ir\u00e1 envolve a Imagem Peregrina de Nossa Senhora de Nazar\u00e9 nas prociss\u00f5es do C\u00edrio 2023. Esse momento \u00e9 muito aguardado e cheio de expectativas por todos que est\u00e3o dentro [&hellip;]\" \/>\n<meta property=\"og:url\" content=\"https:\/\/dedemesquita.com.br\/?p=7483\" \/>\n<meta property=\"og:site_name\" content=\"Ded\u00e9 Mesquita\" \/>\n<meta property=\"article:publisher\" content=\"https:\/\/www.facebook.com\/dede.mesquita\" \/>\n<meta property=\"article:published_time\" content=\"2023-10-06T14:42:38+00:00\" \/>\n<meta property=\"article:modified_time\" content=\"2023-10-07T14:38:59+00:00\" \/>\n<meta property=\"og:image\" content=\"https:\/\/dedemesquita.com.br\/wp-content\/uploads\/2023\/10\/capa2.jpeg\" \/>\n\t<meta property=\"og:image:width\" content=\"950\" \/>\n\t<meta property=\"og:image:height\" content=\"633\" \/>\n\t<meta property=\"og:image:type\" content=\"image\/jpeg\" \/>\n<meta name=\"author\" content=\"Ded\u00e9 Mesquita\" \/>\n<meta name=\"twitter:card\" content=\"summary_large_image\" \/>\n<meta name=\"twitter:creator\" content=\"@dedemesquita\" \/>\n<meta name=\"twitter:site\" content=\"@dedemesquita\" \/>\n<meta name=\"twitter:label1\" content=\"Escrito por\" \/>\n\t<meta name=\"twitter:data1\" content=\"Ded\u00e9 Mesquita\" \/>\n\t<meta name=\"twitter:label2\" content=\"Est. tempo de leitura\" \/>\n\t<meta name=\"twitter:data2\" content=\"1 minuto\" \/>\n<script type=\"application\/ld+json\" class=\"yoast-schema-graph\">{\"@context\":\"https:\/\/schema.org\",\"@graph\":[{\"@type\":\"WebPage\",\"@id\":\"https:\/\/dedemesquita.com.br\/?p=7483\",\"url\":\"https:\/\/dedemesquita.com.br\/?p=7483\",\"name\":\"C\u00edrio 2023 - parte 2: Apresenta\u00e7\u00e3o do manto de Nossa Senhora de Nazar\u00e9 - Ded\u00e9 Mesquita\",\"isPartOf\":{\"@id\":\"https:\/\/dedemesquita.com.br\/#website\"},\"datePublished\":\"2023-10-06T14:42:38+00:00\",\"dateModified\":\"2023-10-07T14:38:59+00:00\",\"author\":{\"@id\":\"https:\/\/dedemesquita.com.br\/#\/schema\/person\/36571f81dd2d76dc3ab37231542c9e24\"},\"breadcrumb\":{\"@id\":\"https:\/\/dedemesquita.com.br\/?p=7483#breadcrumb\"},\"inLanguage\":\"pt-BR\",\"potentialAction\":[{\"@type\":\"ReadAction\",\"target\":[\"https:\/\/dedemesquita.com.br\/?p=7483\"]}]},{\"@type\":\"BreadcrumbList\",\"@id\":\"https:\/\/dedemesquita.com.br\/?p=7483#breadcrumb\",\"itemListElement\":[{\"@type\":\"ListItem\",\"position\":1,\"name\":\"In\u00edcio\",\"item\":\"https:\/\/dedemesquita.com.br\/\"},{\"@type\":\"ListItem\",\"position\":2,\"name\":\"C\u00edrio 2023 &#8211; parte 2: Apresenta\u00e7\u00e3o do manto de Nossa Senhora de Nazar\u00e9\"}]},{\"@type\":\"WebSite\",\"@id\":\"https:\/\/dedemesquita.com.br\/#website\",\"url\":\"https:\/\/dedemesquita.com.br\/\",\"name\":\"Ded\u00e9 Mesquita\",\"description\":\"Um site que mostra os bastidores da imprensa no estado do Par\u00e1 e em Bel\u00e9m\",\"potentialAction\":[{\"@type\":\"SearchAction\",\"target\":{\"@type\":\"EntryPoint\",\"urlTemplate\":\"https:\/\/dedemesquita.com.br\/?s={search_term_string}\"},\"query-input\":\"required name=search_term_string\"}],\"inLanguage\":\"pt-BR\"},{\"@type\":\"Person\",\"@id\":\"https:\/\/dedemesquita.com.br\/#\/schema\/person\/36571f81dd2d76dc3ab37231542c9e24\",\"name\":\"Ded\u00e9 Mesquita\",\"image\":{\"@type\":\"ImageObject\",\"inLanguage\":\"pt-BR\",\"@id\":\"https:\/\/dedemesquita.com.br\/#\/schema\/person\/image\/\",\"url\":\"https:\/\/dedemesquita.com.br\/wp-content\/uploads\/2021\/02\/foto_perfil-150x150.jpg\",\"contentUrl\":\"https:\/\/dedemesquita.com.br\/wp-content\/uploads\/2021\/02\/foto_perfil-150x150.jpg\",\"caption\":\"Ded\u00e9 Mesquita\"},\"sameAs\":[\"https:\/\/dedemesquita.com.br\"]}]}<\/script>\n<!-- \/ Yoast SEO plugin. -->","yoast_head_json":{"title":"C\u00edrio 2023 - parte 2: Apresenta\u00e7\u00e3o do manto de Nossa Senhora de Nazar\u00e9 - Ded\u00e9 Mesquita","robots":{"index":"index","follow":"follow","max-snippet":"max-snippet:-1","max-image-preview":"max-image-preview:large","max-video-preview":"max-video-preview:-1"},"canonical":"https:\/\/dedemesquita.com.br\/?p=7483","og_locale":"pt_BR","og_type":"article","og_title":"C\u00edrio 2023 - parte 2: Apresenta\u00e7\u00e3o do manto de Nossa Senhora de Nazar\u00e9 - Ded\u00e9 Mesquita","og_description":"Bel\u00e9m, 6 de outubro de 2023 &#8211; Na noite de quinta-feira, 5, \u00e0s 19 horas, foi realizada a mais que tradicional apresenta\u00e7\u00e3o do novo manto que ir\u00e1 envolve a Imagem Peregrina de Nossa Senhora de Nazar\u00e9 nas prociss\u00f5es do C\u00edrio 2023. Esse momento \u00e9 muito aguardado e cheio de expectativas por todos que est\u00e3o dentro [&hellip;]","og_url":"https:\/\/dedemesquita.com.br\/?p=7483","og_site_name":"Ded\u00e9 Mesquita","article_publisher":"https:\/\/www.facebook.com\/dede.mesquita","article_published_time":"2023-10-06T14:42:38+00:00","article_modified_time":"2023-10-07T14:38:59+00:00","og_image":[{"width":950,"height":633,"url":"https:\/\/dedemesquita.com.br\/wp-content\/uploads\/2023\/10\/capa2.jpeg","type":"image\/jpeg"}],"author":"Ded\u00e9 Mesquita","twitter_card":"summary_large_image","twitter_creator":"@dedemesquita","twitter_site":"@dedemesquita","twitter_misc":{"Escrito por":"Ded\u00e9 Mesquita","Est. tempo de leitura":"1 minuto"},"schema":{"@context":"https:\/\/schema.org","@graph":[{"@type":"WebPage","@id":"https:\/\/dedemesquita.com.br\/?p=7483","url":"https:\/\/dedemesquita.com.br\/?p=7483","name":"C\u00edrio 2023 - parte 2: Apresenta\u00e7\u00e3o do manto de Nossa Senhora de Nazar\u00e9 - Ded\u00e9 Mesquita","isPartOf":{"@id":"https:\/\/dedemesquita.com.br\/#website"},"datePublished":"2023-10-06T14:42:38+00:00","dateModified":"2023-10-07T14:38:59+00:00","author":{"@id":"https:\/\/dedemesquita.com.br\/#\/schema\/person\/36571f81dd2d76dc3ab37231542c9e24"},"breadcrumb":{"@id":"https:\/\/dedemesquita.com.br\/?p=7483#breadcrumb"},"inLanguage":"pt-BR","potentialAction":[{"@type":"ReadAction","target":["https:\/\/dedemesquita.com.br\/?p=7483"]}]},{"@type":"BreadcrumbList","@id":"https:\/\/dedemesquita.com.br\/?p=7483#breadcrumb","itemListElement":[{"@type":"ListItem","position":1,"name":"In\u00edcio","item":"https:\/\/dedemesquita.com.br\/"},{"@type":"ListItem","position":2,"name":"C\u00edrio 2023 &#8211; parte 2: Apresenta\u00e7\u00e3o do manto de Nossa Senhora de Nazar\u00e9"}]},{"@type":"WebSite","@id":"https:\/\/dedemesquita.com.br\/#website","url":"https:\/\/dedemesquita.com.br\/","name":"Ded\u00e9 Mesquita","description":"Um site que mostra os bastidores da imprensa no estado do Par\u00e1 e em Bel\u00e9m","potentialAction":[{"@type":"SearchAction","target":{"@type":"EntryPoint","urlTemplate":"https:\/\/dedemesquita.com.br\/?s={search_term_string}"},"query-input":"required name=search_term_string"}],"inLanguage":"pt-BR"},{"@type":"Person","@id":"https:\/\/dedemesquita.com.br\/#\/schema\/person\/36571f81dd2d76dc3ab37231542c9e24","name":"Ded\u00e9 Mesquita","image":{"@type":"ImageObject","inLanguage":"pt-BR","@id":"https:\/\/dedemesquita.com.br\/#\/schema\/person\/image\/","url":"https:\/\/dedemesquita.com.br\/wp-content\/uploads\/2021\/02\/foto_perfil-150x150.jpg","contentUrl":"https:\/\/dedemesquita.com.br\/wp-content\/uploads\/2021\/02\/foto_perfil-150x150.jpg","caption":"Ded\u00e9 Mesquita"},"sameAs":["https:\/\/dedemesquita.com.br"]}]}},"_links":{"self":[{"href":"https:\/\/dedemesquita.com.br\/index.php?rest_route=\/wp\/v2\/posts\/7483"}],"collection":[{"href":"https:\/\/dedemesquita.com.br\/index.php?rest_route=\/wp\/v2\/posts"}],"about":[{"href":"https:\/\/dedemesquita.com.br\/index.php?rest_route=\/wp\/v2\/types\/post"}],"author":[{"embeddable":true,"href":"https:\/\/dedemesquita.com.br\/index.php?rest_route=\/wp\/v2\/users\/2"}],"replies":[{"embeddable":true,"href":"https:\/\/dedemesquita.com.br\/index.php?rest_route=%2Fwp%2Fv2%2Fcomments&post=7483"}],"version-history":[{"count":5,"href":"https:\/\/dedemesquita.com.br\/index.php?rest_route=\/wp\/v2\/posts\/7483\/revisions"}],"predecessor-version":[{"id":7547,"href":"https:\/\/dedemesquita.com.br\/index.php?rest_route=\/wp\/v2\/posts\/7483\/revisions\/7547"}],"wp:featuredmedia":[{"embeddable":true,"href":"https:\/\/dedemesquita.com.br\/index.php?rest_route=\/wp\/v2\/media\/7485"}],"wp:attachment":[{"href":"https:\/\/dedemesquita.com.br\/index.php?rest_route=%2Fwp%2Fv2%2Fmedia&parent=7483"}],"wp:term":[{"taxonomy":"category","embeddable":true,"href":"https:\/\/dedemesquita.com.br\/index.php?rest_route=%2Fwp%2Fv2%2Fcategories&post=7483"},{"taxonomy":"post_tag","embeddable":true,"href":"https:\/\/dedemesquita.com.br\/index.php?rest_route=%2Fwp%2Fv2%2Ftags&post=7483"}],"curies":[{"name":"wp","href":"https:\/\/api.w.org\/{rel}","templated":true}]}}