{"id":7422,"date":"2023-10-03T19:32:46","date_gmt":"2023-10-03T22:32:46","guid":{"rendered":"https:\/\/dedemesquita.com.br\/?p=7422"},"modified":"2023-10-03T20:04:24","modified_gmt":"2023-10-03T23:04:24","slug":"comecam-as-mudancas-na-comus-nathalia-lago-na-rba-tv-reitoria-da-ufpa-desvia-funcoes-de-cinegrafistas-e-outras-noticias-mais","status":"publish","type":"post","link":"https:\/\/dedemesquita.com.br\/?p=7422","title":{"rendered":"Come\u00e7am as mudan\u00e7as na Comus, Nathalia Lago na RBA TV, Reitoria da UFPA desvia fun\u00e7\u00f5es de cinegrafistas e outras not\u00edcias mais"},"content":{"rendered":"\n<p><strong>Bel\u00e9m, 3 de outubro de 2023 &#8211; <\/strong>E chegamos a mais uma semana com muitas novidades sobre a imprensa de Bel\u00e9m e do Par\u00e1.  Acompanhe abaixo porque tem v\u00e1rias coisas e mais uma den\u00fancia contra o &#8220;Brun\u00e3o&#8221;, o indefect\u00edvel apresentador-berrador da Rede TV Bel\u00e9m.  <\/p>\n\n\n\n<p><strong>Mudan\u00e7as na Comus &#8211; <\/strong>Quase uma semana depois da sa\u00edda de <strong>Keyla Negr\u00e3o<\/strong>, a <strong>Comus\/Ag\u00eancia Bel\u00e9m<\/strong> parece come\u00e7ar a entrar nos eixos. <strong>Marta Brasil<\/strong> assumiu a coordena\u00e7\u00e3o da Comus e j\u00e1 come\u00e7aram as mudan\u00e7as. A primeira, al\u00e9m da oficializa\u00e7\u00e3o de Marta, \u00e9 que <strong>Cleide Magalh\u00e3es<\/strong> deixou aquela coordenadoria e a fun\u00e7\u00e3o de diretora de jornalismo. Informa\u00e7\u00f5es d\u00e3o conta de que Marta vai fazer uma reforma completa na equipe, inclusive, como me disse uma fonte, <em>\u201cos f*d*d*s que dificultavam nossa vida l\u00e1. V\u00e3o todos rodar!\u201d<\/em>. Agora, me deu medAAAA!! Em tempo, sucesso e boa sorte, <strong>Marta<\/strong>! [tu vais precisar].<\/p>\n\n\n<div class=\"wp-block-image\">\n<figure class=\"aligncenter size-full\"><img loading=\"lazy\" decoding=\"async\" width=\"671\" height=\"648\" src=\"https:\/\/dedemesquita.com.br\/wp-content\/uploads\/2023\/10\/cleide-magalhaes.jpg\" alt=\"\" class=\"wp-image-7426\"\/><figcaption class=\"wp-element-caption\">Cleide Magalh\u00e3es deixou a Comus<\/figcaption><\/figure><\/div>\n\n<div class=\"wp-block-image\">\n<figure class=\"aligncenter size-full\"><img loading=\"lazy\" decoding=\"async\" width=\"551\" height=\"465\" src=\"https:\/\/dedemesquita.com.br\/wp-content\/uploads\/2023\/10\/marta-brasil-2.jpg\" alt=\"\" class=\"wp-image-7427\"\/><figcaption class=\"wp-element-caption\">Marta Brasil tem a miss\u00e3o de botar ordem na casa, digo, na Comus <\/figcaption><\/figure><\/div>\n\n\n<p><strong>RBA TV repaginada &#8211; <\/strong>Tamb\u00e9m um tempinho depois, a<strong> RBA TV<\/strong> bateu o martelo e contratou <strong>Nathalia Lago<\/strong>, que era da TV Record Bel\u00e9m e \u00e9 ex-miss, para o lugar de Daiane Balbinot, no programa \u201cBora Cidade\u201d, ao lado de Agenor Santos. Outra novidade \u00e9 que <strong>Marcos Aleixo<\/strong> assume, de vez, a apresenta\u00e7\u00e3o do \u201cBarra Pesada\u201d, substituindo o saudoso Anaice.<\/p>\n\n\n<div class=\"wp-block-image\">\n<figure class=\"aligncenter size-full\"><img loading=\"lazy\" decoding=\"async\" width=\"470\" height=\"531\" src=\"https:\/\/dedemesquita.com.br\/wp-content\/uploads\/2023\/10\/WhatsApp-Image-2023-10-03-at-19.05.42.jpeg\" alt=\"\" class=\"wp-image-7428\"\/><figcaption class=\"wp-element-caption\">Nathalia Lago refor\u00e7a o time de apresentadores da RBA TV <\/figcaption><\/figure><\/div>\n\n<div class=\"wp-block-image\">\n<figure class=\"aligncenter size-full\"><img loading=\"lazy\" decoding=\"async\" width=\"497\" height=\"337\" src=\"https:\/\/dedemesquita.com.br\/wp-content\/uploads\/2023\/10\/WhatsApp-Image-2023-10-03-at-19.12.36.jpeg\" alt=\"\" class=\"wp-image-7429\"\/><figcaption class=\"wp-element-caption\">Marcos Aleixo passa a apresentar, oficialmente, o &#8220;Barra Pesada&#8221; <\/figcaption><\/figure><\/div>\n\n\n<p><strong>Furtado &#8211; <\/strong>O jornalista <strong>Tiago Furtado<\/strong>, depois de tr\u00eas anos, est\u00e1 deixando a cidade de Altamira, onde chegou em 2020 para trabalhar na ag\u00eancia <strong>MassMedia<\/strong>, atendendo a Norte Energia; depois, ele passou \u00e0 comunica\u00e7\u00e3o da <strong>Prefeitura de Altamira<\/strong>, onde encerrou as atividades naquele munic\u00edpio.<\/p>\n\n\n<div class=\"wp-block-image\">\n<figure class=\"aligncenter size-full\"><img loading=\"lazy\" decoding=\"async\" width=\"606\" height=\"750\" src=\"https:\/\/dedemesquita.com.br\/wp-content\/uploads\/2023\/10\/Tiago-Furtado.jpeg\" alt=\"\" class=\"wp-image-7430\"\/><figcaption class=\"wp-element-caption\">Tiago Furtado est\u00e1 deixando Altamira <\/figcaption><\/figure><\/div>\n\n\n<p><strong>Psica &#8211; Yan Caldeira<\/strong>, at\u00e9 o final de 2023, ser\u00e1 o respons\u00e1vel pelo planejamento e gest\u00e3o de produ\u00e7\u00e3o de conte\u00fado do <strong>Festival Psica 2023<\/strong>.<\/p>\n\n\n<div class=\"wp-block-image\">\n<figure class=\"aligncenter size-full\"><img loading=\"lazy\" decoding=\"async\" width=\"574\" height=\"700\" src=\"https:\/\/dedemesquita.com.br\/wp-content\/uploads\/2023\/10\/Yan-Caldeira.jpeg\" alt=\"\" class=\"wp-image-7431\"\/><figcaption class=\"wp-element-caption\">Yan Caldeira na comunica\u00e7\u00e3o do Psica 2023 <\/figcaption><\/figure><\/div>\n\n\n<p><strong>\u00darsula &#8211; \u00darsula Ferro<\/strong>, que mora e trabalha em S\u00e3o Paulo, h\u00e1 algum tempo, come\u00e7ou a trabalhar na <strong>Ay\u00e1 Comidas Nativas<\/strong> como idealizadora, sonhadora e realizadora.<\/p>\n\n\n<div class=\"wp-block-image\">\n<figure class=\"aligncenter size-full\"><img loading=\"lazy\" decoding=\"async\" width=\"347\" height=\"433\" src=\"https:\/\/dedemesquita.com.br\/wp-content\/uploads\/2023\/10\/WhatsApp-Image-2023-10-03-at-19.34.26.jpeg\" alt=\"\" class=\"wp-image-7435\"\/><figcaption class=\"wp-element-caption\">\u00darsula Ferro \u00e9 a idealizadora da Ay\u00e1 Comidas Nativas <\/figcaption><\/figure><\/div>\n\n\n<p><strong>Desvio de fun\u00e7\u00e3o na Reitoria da UFPA &#8211; <\/strong>Uma den\u00fancia d\u00e1 conta de que <strong>cinegrafistas <\/strong>que prestam servi\u00e7o \u00e0 <strong>Reitoria da Universidade Federal do Par\u00e1 &#8211; UFPA<\/strong> trabalham 10 horas, todos os dias. Al\u00e9m de filmar, eles fazem fun\u00e7\u00f5es que <strong>n\u00e3o t\u00eam nada a ver com o trabalho de cinegrafista<\/strong>. Eles teriam que abrir salas de aulas para os alunos; pegam provas para colocar na sala de aula; vigiam os alunos para n\u00e3o colar nas provas; depois recolhem as provas; e limpam os quadros do audit\u00f3rio quando acabam as reuni\u00f5es. Al\u00e9m de filmar, fazer o corte na mesa, fazer \u00e1udio, que s\u00e3o servi\u00e7os normais de um profissional de audiovisual, eles fariam servi\u00e7os de almoxarifado, abrem e fecham quatro salas de aulas no total, todos os dias. <strong>Al\u00f4, Sinjor!<\/strong><\/p>\n\n\n<div class=\"wp-block-image\">\n<figure class=\"aligncenter size-full\"><img loading=\"lazy\" decoding=\"async\" width=\"750\" height=\"562\" src=\"https:\/\/dedemesquita.com.br\/wp-content\/uploads\/2023\/10\/UFPA.jpeg\" alt=\"\" class=\"wp-image-7432\"\/><figcaption class=\"wp-element-caption\">A Reitoria da UFPA precisa explicar umas coisas a\u00ed<\/figcaption><\/figure><\/div>\n\n\n<p><strong>Brun\u00e3o, o Homof\u00f3bico &#8211;<\/strong> Aquele apresentador que berra, todos os dias, na Rede TV Bel\u00e9m, o tal <strong>\u201cBrun\u00e3o\u201d<\/strong>, que se diz testa de ferro do dono daquela emissora, al\u00e9m de ser <strong>machista<\/strong> e <strong>mis\u00f3gino<\/strong>, como ele demonstra em suas berradas falas no ar, agora vai pegar mais um processo, dessa vez por <strong>homofobia<\/strong>, que \u00e9 crime previsto em Lei. Segundo consta, ele teria desrespeitado um ex-funcion\u00e1rio da TV com <strong>ofensas de cunho homof\u00f3bico<\/strong>. Mas como o castigo vem a cavalo, na semana passada, como acontece todo m\u00eas, <strong>a emissora teve a energia cortada por falta de pagamento<\/strong> [de novo??!!!]. Al\u00e9m disso, a <strong>Justi\u00e7a<\/strong>, na mesma semana, foi l\u00e1 e <strong>confiscou uma c\u00e2mera e um trip\u00e9<\/strong>, deixando a televis\u00e3o bem desfalcada.<\/p>\n\n\n<div class=\"wp-block-image\">\n<figure class=\"aligncenter size-full\"><img loading=\"lazy\" decoding=\"async\" width=\"763\" height=\"453\" src=\"https:\/\/dedemesquita.com.br\/wp-content\/uploads\/2023\/06\/WhatsApp-Image-2023-06-14-at-18.05.51.jpeg\" alt=\"\" class=\"wp-image-6713\"\/><figcaption class=\"wp-element-caption\">O que ser\u00e1 que Brun\u00e3o vai aprontar de novo? <\/figcaption><\/figure><\/div>\n\n\n<p><strong>Jornalista agredido ganha causa &#8211; <\/strong>No dia 1\u00ba de junho de 2022, Dia Nacional da Imprensa, o jornalista <strong>Waldiney Ferreira<\/strong> foi agredido com chute e soco pelo <strong>prefeito de Oriximin\u00e1-PA, Wiliam Fonseca<\/strong>, conhecido como <strong>Delegado Fonseca<\/strong>, logo ap\u00f3s o encerramento de na C\u00e2mara Municipal de Oriximin\u00e1. A senten\u00e7a, em primeiro grau, determina que o prefeito ter\u00e1 que pagar ao jornalista R$ 2.798,00, al\u00e9m de R$ 5 mil por dano moral, valor esse a ser devidamente acrescido de corre\u00e7\u00e3o monet\u00e1ria pelo INPC, a partir do evento danoso e juros de mora de 1% ao m\u00eas desde a cita\u00e7\u00e3o. O <strong>Sinjor-PA<\/strong> atuou junto ao jornalista Waldiney Ferreira acompanhando e denunciando o caso.<\/p>\n\n\n<div class=\"wp-block-image\">\n<figure class=\"aligncenter size-full\"><img loading=\"lazy\" decoding=\"async\" width=\"900\" height=\"332\" src=\"https:\/\/dedemesquita.com.br\/wp-content\/uploads\/2023\/09\/sinjor.jpg\" alt=\"\" class=\"wp-image-7387\" srcset=\"https:\/\/dedemesquita.com.br\/wp-content\/uploads\/2023\/09\/sinjor.jpg 900w, https:\/\/dedemesquita.com.br\/wp-content\/uploads\/2023\/09\/sinjor-768x283.jpg 768w\" sizes=\"(max-width: 900px) 100vw, 900px\" \/><figcaption class=\"wp-element-caption\">Sinjor-PA continua na luta pelos jornalistas  <\/figcaption><\/figure><\/div>\n\n\n<p><strong>O C\u00edrio j\u00e1 come\u00e7ou &#8211;<\/strong> Come\u00e7o hoje, 3, e agora, as postagens sobre a cobertura da imprensa da nossa maior festa, que celebra a Rainha da Amaz\u00f4nia, o C\u00edrio de Nossa Senhora de Nazar\u00e9. <\/p>\n\n\n<div class=\"wp-block-image\">\n<figure class=\"aligncenter size-full\"><img loading=\"lazy\" decoding=\"async\" width=\"750\" height=\"686\" src=\"https:\/\/dedemesquita.com.br\/wp-content\/uploads\/2023\/10\/WhatsApp-Image-2023-10-03-at-18.08.50-1.jpeg\" alt=\"\" class=\"wp-image-7433\"\/><figcaption class=\"wp-element-caption\">Jal\u00edlia Messias, da TV Liberal, em pauta na Casa de Pl\u00e1cido, na melhor pauta do ano em Bel\u00e9m e no Par\u00e1, o C\u00edrio de Nazar\u00e9 (foto de Vitor Souza Lima) <\/figcaption><\/figure><\/div>\n\n\n<p><strong>Setembro &#8211; <\/strong>No s\u00e1bado, 30, a imprensa marcou presen\u00e7a na cobertura do evento solid\u00e1rio <strong>&#8220;Setembro Amarelo &#8211; Goldens pela Vida&#8221;<\/strong>, na pra\u00e7a Batista Campos, em Bel\u00e9m, com a participa\u00e7\u00e3o de v\u00e1rias entidades como Ex\u00e9rcito, Pol\u00edcia Militar, secretarias da Prefeitura de Bel\u00e9m e outras. <\/p>\n\n\n<div class=\"wp-block-image\">\n<figure class=\"aligncenter size-full\"><img loading=\"lazy\" decoding=\"async\" width=\"750\" height=\"499\" src=\"https:\/\/dedemesquita.com.br\/wp-content\/uploads\/2023\/10\/WhatsApp-Image-2023-09-30-at-10.20.00.jpeg\" alt=\"\" class=\"wp-image-7439\" srcset=\"https:\/\/dedemesquita.com.br\/wp-content\/uploads\/2023\/10\/WhatsApp-Image-2023-09-30-at-10.20.00.jpeg 750w, https:\/\/dedemesquita.com.br\/wp-content\/uploads\/2023\/10\/WhatsApp-Image-2023-09-30-at-10.20.00-600x398.jpeg 600w\" sizes=\"(max-width: 750px) 100vw, 750px\" \/><figcaption class=\"wp-element-caption\">Colega jornalista entrevista o titular da SEGUP, Ualame Machado (foto de Adriano Nascimento) <\/figcaption><\/figure><\/div>\n\n<div class=\"wp-block-image\">\n<figure class=\"aligncenter size-full\"><img loading=\"lazy\" decoding=\"async\" width=\"750\" height=\"499\" src=\"https:\/\/dedemesquita.com.br\/wp-content\/uploads\/2023\/10\/WhatsApp-Image-2023-09-30-at-10.20.01.jpeg\" alt=\"\" class=\"wp-image-7440\" srcset=\"https:\/\/dedemesquita.com.br\/wp-content\/uploads\/2023\/10\/WhatsApp-Image-2023-09-30-at-10.20.01.jpeg 750w, https:\/\/dedemesquita.com.br\/wp-content\/uploads\/2023\/10\/WhatsApp-Image-2023-09-30-at-10.20.01-600x398.jpeg 600w\" sizes=\"(max-width: 750px) 100vw, 750px\" \/><figcaption class=\"wp-element-caption\">O evento levou muitos doguinhos \u00e0 pra\u00e7a Batista Campos (foto de Adriano Nascimento) <\/figcaption><\/figure><\/div>","protected":false},"excerpt":{"rendered":"<p>Bel\u00e9m, 3 de outubro de 2023 &#8211; E chegamos a mais uma semana com muitas novidades sobre a imprensa de Bel\u00e9m e do Par\u00e1. Acompanhe abaixo porque tem v\u00e1rias coisas e mais uma den\u00fancia contra o &#8220;Brun\u00e3o&#8221;, o indefect\u00edvel apresentador-berrador da Rede TV Bel\u00e9m. Mudan\u00e7as na Comus &#8211; Quase uma semana depois da sa\u00edda de [&hellip;]<\/p>\n","protected":false},"author":2,"featured_media":7425,"comment_status":"open","ping_status":"open","sticky":false,"template":"","format":"standard","meta":{"footnotes":""},"categories":[51,14,29],"tags":[136,119,120,145,192],"class_list":["post-7422","post","type-post","status-publish","format-standard","has-post-thumbnail","hentry","category-destaque","category-imprensa","category-jornalismo","tag-comus-agencia-belem","tag-jornalismo","tag-jornalistas-paraenses-em-acao","tag-rbatv","tag-ufpa"],"yoast_head":"<!-- This site is optimized with the Yoast SEO plugin v19.10 - https:\/\/yoast.com\/wordpress\/plugins\/seo\/ -->\n<title>Come\u00e7am as mudan\u00e7as na Comus, Nathalia Lago na RBA TV, Reitoria da UFPA desvia fun\u00e7\u00f5es de cinegrafistas e outras not\u00edcias mais - Ded\u00e9 Mesquita<\/title>\n<meta name=\"robots\" content=\"index, follow, max-snippet:-1, max-image-preview:large, max-video-preview:-1\" \/>\n<link rel=\"canonical\" href=\"https:\/\/dedemesquita.com.br\/?p=7422\" \/>\n<meta property=\"og:locale\" content=\"pt_BR\" \/>\n<meta property=\"og:type\" content=\"article\" \/>\n<meta property=\"og:title\" content=\"Come\u00e7am as mudan\u00e7as na Comus, Nathalia Lago na RBA TV, Reitoria da UFPA desvia fun\u00e7\u00f5es de cinegrafistas e outras not\u00edcias mais - Ded\u00e9 Mesquita\" \/>\n<meta property=\"og:description\" content=\"Bel\u00e9m, 3 de outubro de 2023 &#8211; E chegamos a mais uma semana com muitas novidades sobre a imprensa de Bel\u00e9m e do Par\u00e1. Acompanhe abaixo porque tem v\u00e1rias coisas e mais uma den\u00fancia contra o &#8220;Brun\u00e3o&#8221;, o indefect\u00edvel apresentador-berrador da Rede TV Bel\u00e9m. Mudan\u00e7as na Comus &#8211; Quase uma semana depois da sa\u00edda de [&hellip;]\" \/>\n<meta property=\"og:url\" content=\"https:\/\/dedemesquita.com.br\/?p=7422\" \/>\n<meta property=\"og:site_name\" content=\"Ded\u00e9 Mesquita\" \/>\n<meta property=\"article:publisher\" content=\"https:\/\/www.facebook.com\/dede.mesquita\" \/>\n<meta property=\"article:published_time\" content=\"2023-10-03T22:32:46+00:00\" \/>\n<meta property=\"article:modified_time\" content=\"2023-10-03T23:04:24+00:00\" \/>\n<meta property=\"og:image\" content=\"https:\/\/dedemesquita.com.br\/wp-content\/uploads\/2023\/10\/marta-brasil.jpg\" \/>\n\t<meta property=\"og:image:width\" content=\"753\" \/>\n\t<meta property=\"og:image:height\" content=\"453\" \/>\n\t<meta property=\"og:image:type\" content=\"image\/jpeg\" \/>\n<meta name=\"author\" content=\"Ded\u00e9 Mesquita\" \/>\n<meta name=\"twitter:card\" content=\"summary_large_image\" \/>\n<meta name=\"twitter:creator\" content=\"@dedemesquita\" \/>\n<meta name=\"twitter:site\" content=\"@dedemesquita\" \/>\n<meta name=\"twitter:label1\" content=\"Escrito por\" \/>\n\t<meta name=\"twitter:data1\" content=\"Ded\u00e9 Mesquita\" \/>\n\t<meta name=\"twitter:label2\" content=\"Est. tempo de leitura\" \/>\n\t<meta name=\"twitter:data2\" content=\"5 minutos\" \/>\n<script type=\"application\/ld+json\" class=\"yoast-schema-graph\">{\"@context\":\"https:\/\/schema.org\",\"@graph\":[{\"@type\":\"WebPage\",\"@id\":\"https:\/\/dedemesquita.com.br\/?p=7422\",\"url\":\"https:\/\/dedemesquita.com.br\/?p=7422\",\"name\":\"Come\u00e7am as mudan\u00e7as na Comus, Nathalia Lago na RBA TV, Reitoria da UFPA desvia fun\u00e7\u00f5es de cinegrafistas e outras not\u00edcias mais - Ded\u00e9 Mesquita\",\"isPartOf\":{\"@id\":\"https:\/\/dedemesquita.com.br\/#website\"},\"datePublished\":\"2023-10-03T22:32:46+00:00\",\"dateModified\":\"2023-10-03T23:04:24+00:00\",\"author\":{\"@id\":\"https:\/\/dedemesquita.com.br\/#\/schema\/person\/36571f81dd2d76dc3ab37231542c9e24\"},\"breadcrumb\":{\"@id\":\"https:\/\/dedemesquita.com.br\/?p=7422#breadcrumb\"},\"inLanguage\":\"pt-BR\",\"potentialAction\":[{\"@type\":\"ReadAction\",\"target\":[\"https:\/\/dedemesquita.com.br\/?p=7422\"]}]},{\"@type\":\"BreadcrumbList\",\"@id\":\"https:\/\/dedemesquita.com.br\/?p=7422#breadcrumb\",\"itemListElement\":[{\"@type\":\"ListItem\",\"position\":1,\"name\":\"In\u00edcio\",\"item\":\"https:\/\/dedemesquita.com.br\/\"},{\"@type\":\"ListItem\",\"position\":2,\"name\":\"Come\u00e7am as mudan\u00e7as na Comus, Nathalia Lago na RBA TV, Reitoria da UFPA desvia fun\u00e7\u00f5es de cinegrafistas e outras not\u00edcias mais\"}]},{\"@type\":\"WebSite\",\"@id\":\"https:\/\/dedemesquita.com.br\/#website\",\"url\":\"https:\/\/dedemesquita.com.br\/\",\"name\":\"Ded\u00e9 Mesquita\",\"description\":\"Um site que mostra os bastidores da imprensa no estado do Par\u00e1 e em Bel\u00e9m\",\"potentialAction\":[{\"@type\":\"SearchAction\",\"target\":{\"@type\":\"EntryPoint\",\"urlTemplate\":\"https:\/\/dedemesquita.com.br\/?s={search_term_string}\"},\"query-input\":\"required name=search_term_string\"}],\"inLanguage\":\"pt-BR\"},{\"@type\":\"Person\",\"@id\":\"https:\/\/dedemesquita.com.br\/#\/schema\/person\/36571f81dd2d76dc3ab37231542c9e24\",\"name\":\"Ded\u00e9 Mesquita\",\"image\":{\"@type\":\"ImageObject\",\"inLanguage\":\"pt-BR\",\"@id\":\"https:\/\/dedemesquita.com.br\/#\/schema\/person\/image\/\",\"url\":\"https:\/\/dedemesquita.com.br\/wp-content\/uploads\/2021\/02\/foto_perfil-150x150.jpg\",\"contentUrl\":\"https:\/\/dedemesquita.com.br\/wp-content\/uploads\/2021\/02\/foto_perfil-150x150.jpg\",\"caption\":\"Ded\u00e9 Mesquita\"},\"sameAs\":[\"https:\/\/dedemesquita.com.br\"]}]}<\/script>\n<!-- \/ Yoast SEO plugin. -->","yoast_head_json":{"title":"Come\u00e7am as mudan\u00e7as na Comus, Nathalia Lago na RBA TV, Reitoria da UFPA desvia fun\u00e7\u00f5es de cinegrafistas e outras not\u00edcias mais - Ded\u00e9 Mesquita","robots":{"index":"index","follow":"follow","max-snippet":"max-snippet:-1","max-image-preview":"max-image-preview:large","max-video-preview":"max-video-preview:-1"},"canonical":"https:\/\/dedemesquita.com.br\/?p=7422","og_locale":"pt_BR","og_type":"article","og_title":"Come\u00e7am as mudan\u00e7as na Comus, Nathalia Lago na RBA TV, Reitoria da UFPA desvia fun\u00e7\u00f5es de cinegrafistas e outras not\u00edcias mais - Ded\u00e9 Mesquita","og_description":"Bel\u00e9m, 3 de outubro de 2023 &#8211; E chegamos a mais uma semana com muitas novidades sobre a imprensa de Bel\u00e9m e do Par\u00e1. Acompanhe abaixo porque tem v\u00e1rias coisas e mais uma den\u00fancia contra o &#8220;Brun\u00e3o&#8221;, o indefect\u00edvel apresentador-berrador da Rede TV Bel\u00e9m. Mudan\u00e7as na Comus &#8211; Quase uma semana depois da sa\u00edda de [&hellip;]","og_url":"https:\/\/dedemesquita.com.br\/?p=7422","og_site_name":"Ded\u00e9 Mesquita","article_publisher":"https:\/\/www.facebook.com\/dede.mesquita","article_published_time":"2023-10-03T22:32:46+00:00","article_modified_time":"2023-10-03T23:04:24+00:00","og_image":[{"width":753,"height":453,"url":"https:\/\/dedemesquita.com.br\/wp-content\/uploads\/2023\/10\/marta-brasil.jpg","type":"image\/jpeg"}],"author":"Ded\u00e9 Mesquita","twitter_card":"summary_large_image","twitter_creator":"@dedemesquita","twitter_site":"@dedemesquita","twitter_misc":{"Escrito por":"Ded\u00e9 Mesquita","Est. tempo de leitura":"5 minutos"},"schema":{"@context":"https:\/\/schema.org","@graph":[{"@type":"WebPage","@id":"https:\/\/dedemesquita.com.br\/?p=7422","url":"https:\/\/dedemesquita.com.br\/?p=7422","name":"Come\u00e7am as mudan\u00e7as na Comus, Nathalia Lago na RBA TV, Reitoria da UFPA desvia fun\u00e7\u00f5es de cinegrafistas e outras not\u00edcias mais - Ded\u00e9 Mesquita","isPartOf":{"@id":"https:\/\/dedemesquita.com.br\/#website"},"datePublished":"2023-10-03T22:32:46+00:00","dateModified":"2023-10-03T23:04:24+00:00","author":{"@id":"https:\/\/dedemesquita.com.br\/#\/schema\/person\/36571f81dd2d76dc3ab37231542c9e24"},"breadcrumb":{"@id":"https:\/\/dedemesquita.com.br\/?p=7422#breadcrumb"},"inLanguage":"pt-BR","potentialAction":[{"@type":"ReadAction","target":["https:\/\/dedemesquita.com.br\/?p=7422"]}]},{"@type":"BreadcrumbList","@id":"https:\/\/dedemesquita.com.br\/?p=7422#breadcrumb","itemListElement":[{"@type":"ListItem","position":1,"name":"In\u00edcio","item":"https:\/\/dedemesquita.com.br\/"},{"@type":"ListItem","position":2,"name":"Come\u00e7am as mudan\u00e7as na Comus, Nathalia Lago na RBA TV, Reitoria da UFPA desvia fun\u00e7\u00f5es de cinegrafistas e outras not\u00edcias mais"}]},{"@type":"WebSite","@id":"https:\/\/dedemesquita.com.br\/#website","url":"https:\/\/dedemesquita.com.br\/","name":"Ded\u00e9 Mesquita","description":"Um site que mostra os bastidores da imprensa no estado do Par\u00e1 e em Bel\u00e9m","potentialAction":[{"@type":"SearchAction","target":{"@type":"EntryPoint","urlTemplate":"https:\/\/dedemesquita.com.br\/?s={search_term_string}"},"query-input":"required name=search_term_string"}],"inLanguage":"pt-BR"},{"@type":"Person","@id":"https:\/\/dedemesquita.com.br\/#\/schema\/person\/36571f81dd2d76dc3ab37231542c9e24","name":"Ded\u00e9 Mesquita","image":{"@type":"ImageObject","inLanguage":"pt-BR","@id":"https:\/\/dedemesquita.com.br\/#\/schema\/person\/image\/","url":"https:\/\/dedemesquita.com.br\/wp-content\/uploads\/2021\/02\/foto_perfil-150x150.jpg","contentUrl":"https:\/\/dedemesquita.com.br\/wp-content\/uploads\/2021\/02\/foto_perfil-150x150.jpg","caption":"Ded\u00e9 Mesquita"},"sameAs":["https:\/\/dedemesquita.com.br"]}]}},"_links":{"self":[{"href":"https:\/\/dedemesquita.com.br\/index.php?rest_route=\/wp\/v2\/posts\/7422"}],"collection":[{"href":"https:\/\/dedemesquita.com.br\/index.php?rest_route=\/wp\/v2\/posts"}],"about":[{"href":"https:\/\/dedemesquita.com.br\/index.php?rest_route=\/wp\/v2\/types\/post"}],"author":[{"embeddable":true,"href":"https:\/\/dedemesquita.com.br\/index.php?rest_route=\/wp\/v2\/users\/2"}],"replies":[{"embeddable":true,"href":"https:\/\/dedemesquita.com.br\/index.php?rest_route=%2Fwp%2Fv2%2Fcomments&post=7422"}],"version-history":[{"count":6,"href":"https:\/\/dedemesquita.com.br\/index.php?rest_route=\/wp\/v2\/posts\/7422\/revisions"}],"predecessor-version":[{"id":7442,"href":"https:\/\/dedemesquita.com.br\/index.php?rest_route=\/wp\/v2\/posts\/7422\/revisions\/7442"}],"wp:featuredmedia":[{"embeddable":true,"href":"https:\/\/dedemesquita.com.br\/index.php?rest_route=\/wp\/v2\/media\/7425"}],"wp:attachment":[{"href":"https:\/\/dedemesquita.com.br\/index.php?rest_route=%2Fwp%2Fv2%2Fmedia&parent=7422"}],"wp:term":[{"taxonomy":"category","embeddable":true,"href":"https:\/\/dedemesquita.com.br\/index.php?rest_route=%2Fwp%2Fv2%2Fcategories&post=7422"},{"taxonomy":"post_tag","embeddable":true,"href":"https:\/\/dedemesquita.com.br\/index.php?rest_route=%2Fwp%2Fv2%2Ftags&post=7422"}],"curies":[{"name":"wp","href":"https:\/\/api.w.org\/{rel}","templated":true}]}}