{"id":7415,"date":"2023-09-29T13:27:00","date_gmt":"2023-09-29T16:27:00","guid":{"rendered":"https:\/\/dedemesquita.com.br\/?p=7415"},"modified":"2023-09-29T14:00:33","modified_gmt":"2023-09-29T17:00:33","slug":"inauguracao-da-imagem-luminosa-de-nossa-senhora-de-nazare-e-na-quarta-feira-4-e-tera-atracoes-artisticas","status":"publish","type":"post","link":"https:\/\/dedemesquita.com.br\/?p=7415","title":{"rendered":"Inaugura\u00e7\u00e3o da imagem luminosa de Nossa Senhora de Nazar\u00e9 \u00e9 na quarta-feira, 4, e ter\u00e1 atra\u00e7\u00f5es art\u00edsticas"},"content":{"rendered":"\n<p><strong>Bel\u00e9m, 29 de setembro de 2023 &#8211; <\/strong>A j\u00e1 tradicional inaugura\u00e7\u00e3o da decora\u00e7\u00e3o luminosa de Nossa Senhora de Nazar\u00e9, cuja organiza\u00e7\u00e3o do evento est\u00e1 sob a responsabilidade da Secretaria Municipal de Urbanismo &#8211; Seurb, ser\u00e1 realizada junto com a Romaria do Translado dos Carros, na quarta-feira, dia 4 de outubro, a partir das 18 horas, no final da avenida Visconde de Souza Franco. Toda a programa\u00e7\u00e3o \u00e9 aberta ao p\u00fablico e j\u00e1 se constitui em um momento muito aguardado dentro da programa\u00e7\u00e3o do C\u00edrio de Nossa Senhora de Nazar\u00e9, que este ano ocorre no domingo, dia 8. <\/p>\n\n\n\n<p>As cantoras Sandra Duailibe e Natasha Rodrigues, al\u00e9m da banda da Guarda Municipal, ser\u00e3o as atra\u00e7\u00f5es confirmadas para essa grande festa promovida pela Prefeitura Municipal de Bel\u00e9m. No mesmo evento haver\u00e1 a abertura da exposi\u00e7\u00e3o fotogr\u00e1fica do C\u00edrio, com imagens da fot\u00f3grafa Lorena Fadul. <\/p>\n\n\n\n<p>\u201cA cada ano do evento, a nossa ideia \u00e9 trazer novidades, tanto na ilumina\u00e7\u00e3o, quanto no evento de inaugura\u00e7\u00e3o. Este ano, uma das novidades \u00e9 tamb\u00e9m a transmiss\u00e3o para quem n\u00e3o puder estar presente no dia do evento ou n\u00e3o mora em Bel\u00e9m. Vamos mostrar tudo o que acontece desde o in\u00edcio do evento at\u00e9 o final pelo perfil da Seurb no Instagram\u201d, antecipa, Deivison Alves, titular da Seurb. <\/p>\n\n\n<div class=\"wp-block-image\">\n<figure class=\"aligncenter size-full\"><img loading=\"lazy\" decoding=\"async\" width=\"800\" height=\"450\" src=\"https:\/\/dedemesquita.com.br\/wp-content\/uploads\/2023\/09\/WhatsApp-Image-2023-09-26-at-21.52.11.jpeg\" alt=\"\" class=\"wp-image-7418\" srcset=\"https:\/\/dedemesquita.com.br\/wp-content\/uploads\/2023\/09\/WhatsApp-Image-2023-09-26-at-21.52.11.jpeg 800w, https:\/\/dedemesquita.com.br\/wp-content\/uploads\/2023\/09\/WhatsApp-Image-2023-09-26-at-21.52.11-768x432.jpeg 768w\" sizes=\"(max-width: 800px) 100vw, 800px\" \/><figcaption class=\"wp-element-caption\">A imagem fica localizada no final da avenida Visconde de Souza Franco, mais conhecida como Doca <\/figcaption><\/figure><\/div>\n\n\n<p><strong>Bas\u00edlica <\/strong>&#8211; A Seurb tamb\u00e9m preparou uma r\u00e9plica de 6 metros de altura da Bas\u00edlica de Nossa Senhora de Nazar\u00e9 que ser\u00e1 instalada na Doca, ao lado da imagem A estrutura \u00e9 feita em metalon e ser\u00e1 revestida por uma lona plotada que vai reproduzir as faces frontais, laterais e traseira&nbsp;da Bas\u00edlica. O p\u00fablico vai poder entrar e visitar, a partir da quarta-feira, dia 4. <\/p>\n\n\n\n<p class=\"has-text-align-right\"><strong><em>Com informa\u00e7\u00f5es da assessoria de imprensa<\/em><\/strong> <\/p>\n","protected":false},"excerpt":{"rendered":"<p>Bel\u00e9m, 29 de setembro de 2023 &#8211; A j\u00e1 tradicional inaugura\u00e7\u00e3o da decora\u00e7\u00e3o luminosa de Nossa Senhora de Nazar\u00e9, cuja organiza\u00e7\u00e3o do evento est\u00e1 sob a responsabilidade da Secretaria Municipal de Urbanismo &#8211; Seurb, ser\u00e1 realizada junto com a Romaria do Translado dos Carros, na quarta-feira, dia 4 de outubro, a partir das 18 horas, [&hellip;]<\/p>\n","protected":false},"author":2,"featured_media":7417,"comment_status":"open","ping_status":"open","sticky":false,"template":"","format":"standard","meta":{"footnotes":""},"categories":[51,14,29],"tags":[408,136,119,120,496],"class_list":["post-7415","post","type-post","status-publish","format-standard","has-post-thumbnail","hentry","category-destaque","category-imprensa","category-jornalismo","tag-cirio-2023","tag-comus-agencia-belem","tag-jornalismo","tag-jornalistas-paraenses-em-acao","tag-seurb"],"yoast_head":"<!-- This site is optimized with the Yoast SEO plugin v19.10 - https:\/\/yoast.com\/wordpress\/plugins\/seo\/ -->\n<title>Inaugura\u00e7\u00e3o da imagem luminosa de Nossa Senhora de Nazar\u00e9 \u00e9 na quarta-feira, 4, e ter\u00e1 atra\u00e7\u00f5es art\u00edsticas - Ded\u00e9 Mesquita<\/title>\n<meta name=\"robots\" content=\"index, follow, max-snippet:-1, max-image-preview:large, max-video-preview:-1\" \/>\n<link rel=\"canonical\" href=\"https:\/\/dedemesquita.com.br\/?p=7415\" \/>\n<meta property=\"og:locale\" content=\"pt_BR\" \/>\n<meta property=\"og:type\" content=\"article\" \/>\n<meta property=\"og:title\" content=\"Inaugura\u00e7\u00e3o da imagem luminosa de Nossa Senhora de Nazar\u00e9 \u00e9 na quarta-feira, 4, e ter\u00e1 atra\u00e7\u00f5es art\u00edsticas - Ded\u00e9 Mesquita\" \/>\n<meta property=\"og:description\" content=\"Bel\u00e9m, 29 de setembro de 2023 &#8211; A j\u00e1 tradicional inaugura\u00e7\u00e3o da decora\u00e7\u00e3o luminosa de Nossa Senhora de Nazar\u00e9, cuja organiza\u00e7\u00e3o do evento est\u00e1 sob a responsabilidade da Secretaria Municipal de Urbanismo &#8211; Seurb, ser\u00e1 realizada junto com a Romaria do Translado dos Carros, na quarta-feira, dia 4 de outubro, a partir das 18 horas, [&hellip;]\" \/>\n<meta property=\"og:url\" content=\"https:\/\/dedemesquita.com.br\/?p=7415\" \/>\n<meta property=\"og:site_name\" content=\"Ded\u00e9 Mesquita\" \/>\n<meta property=\"article:publisher\" content=\"https:\/\/www.facebook.com\/dede.mesquita\" \/>\n<meta property=\"article:published_time\" content=\"2023-09-29T16:27:00+00:00\" \/>\n<meta property=\"article:modified_time\" content=\"2023-09-29T17:00:33+00:00\" \/>\n<meta property=\"og:image\" content=\"https:\/\/dedemesquita.com.br\/wp-content\/uploads\/2023\/09\/capa-1.jpeg\" \/>\n\t<meta property=\"og:image:width\" content=\"950\" \/>\n\t<meta property=\"og:image:height\" content=\"534\" \/>\n\t<meta property=\"og:image:type\" content=\"image\/jpeg\" \/>\n<meta name=\"author\" content=\"Ded\u00e9 Mesquita\" \/>\n<meta name=\"twitter:card\" content=\"summary_large_image\" \/>\n<meta name=\"twitter:creator\" content=\"@dedemesquita\" \/>\n<meta name=\"twitter:site\" content=\"@dedemesquita\" \/>\n<meta name=\"twitter:label1\" content=\"Escrito por\" \/>\n\t<meta name=\"twitter:data1\" content=\"Ded\u00e9 Mesquita\" \/>\n\t<meta name=\"twitter:label2\" content=\"Est. tempo de leitura\" \/>\n\t<meta name=\"twitter:data2\" content=\"2 minutos\" \/>\n<script type=\"application\/ld+json\" class=\"yoast-schema-graph\">{\"@context\":\"https:\/\/schema.org\",\"@graph\":[{\"@type\":\"WebPage\",\"@id\":\"https:\/\/dedemesquita.com.br\/?p=7415\",\"url\":\"https:\/\/dedemesquita.com.br\/?p=7415\",\"name\":\"Inaugura\u00e7\u00e3o da imagem luminosa de Nossa Senhora de Nazar\u00e9 \u00e9 na quarta-feira, 4, e ter\u00e1 atra\u00e7\u00f5es art\u00edsticas - Ded\u00e9 Mesquita\",\"isPartOf\":{\"@id\":\"https:\/\/dedemesquita.com.br\/#website\"},\"datePublished\":\"2023-09-29T16:27:00+00:00\",\"dateModified\":\"2023-09-29T17:00:33+00:00\",\"author\":{\"@id\":\"https:\/\/dedemesquita.com.br\/#\/schema\/person\/36571f81dd2d76dc3ab37231542c9e24\"},\"breadcrumb\":{\"@id\":\"https:\/\/dedemesquita.com.br\/?p=7415#breadcrumb\"},\"inLanguage\":\"pt-BR\",\"potentialAction\":[{\"@type\":\"ReadAction\",\"target\":[\"https:\/\/dedemesquita.com.br\/?p=7415\"]}]},{\"@type\":\"BreadcrumbList\",\"@id\":\"https:\/\/dedemesquita.com.br\/?p=7415#breadcrumb\",\"itemListElement\":[{\"@type\":\"ListItem\",\"position\":1,\"name\":\"In\u00edcio\",\"item\":\"https:\/\/dedemesquita.com.br\/\"},{\"@type\":\"ListItem\",\"position\":2,\"name\":\"Inaugura\u00e7\u00e3o da imagem luminosa de Nossa Senhora de Nazar\u00e9 \u00e9 na quarta-feira, 4, e ter\u00e1 atra\u00e7\u00f5es art\u00edsticas\"}]},{\"@type\":\"WebSite\",\"@id\":\"https:\/\/dedemesquita.com.br\/#website\",\"url\":\"https:\/\/dedemesquita.com.br\/\",\"name\":\"Ded\u00e9 Mesquita\",\"description\":\"Um site que mostra os bastidores da imprensa no estado do Par\u00e1 e em Bel\u00e9m\",\"potentialAction\":[{\"@type\":\"SearchAction\",\"target\":{\"@type\":\"EntryPoint\",\"urlTemplate\":\"https:\/\/dedemesquita.com.br\/?s={search_term_string}\"},\"query-input\":\"required name=search_term_string\"}],\"inLanguage\":\"pt-BR\"},{\"@type\":\"Person\",\"@id\":\"https:\/\/dedemesquita.com.br\/#\/schema\/person\/36571f81dd2d76dc3ab37231542c9e24\",\"name\":\"Ded\u00e9 Mesquita\",\"image\":{\"@type\":\"ImageObject\",\"inLanguage\":\"pt-BR\",\"@id\":\"https:\/\/dedemesquita.com.br\/#\/schema\/person\/image\/\",\"url\":\"https:\/\/dedemesquita.com.br\/wp-content\/uploads\/2021\/02\/foto_perfil-150x150.jpg\",\"contentUrl\":\"https:\/\/dedemesquita.com.br\/wp-content\/uploads\/2021\/02\/foto_perfil-150x150.jpg\",\"caption\":\"Ded\u00e9 Mesquita\"},\"sameAs\":[\"https:\/\/dedemesquita.com.br\"]}]}<\/script>\n<!-- \/ Yoast SEO plugin. -->","yoast_head_json":{"title":"Inaugura\u00e7\u00e3o da imagem luminosa de Nossa Senhora de Nazar\u00e9 \u00e9 na quarta-feira, 4, e ter\u00e1 atra\u00e7\u00f5es art\u00edsticas - Ded\u00e9 Mesquita","robots":{"index":"index","follow":"follow","max-snippet":"max-snippet:-1","max-image-preview":"max-image-preview:large","max-video-preview":"max-video-preview:-1"},"canonical":"https:\/\/dedemesquita.com.br\/?p=7415","og_locale":"pt_BR","og_type":"article","og_title":"Inaugura\u00e7\u00e3o da imagem luminosa de Nossa Senhora de Nazar\u00e9 \u00e9 na quarta-feira, 4, e ter\u00e1 atra\u00e7\u00f5es art\u00edsticas - Ded\u00e9 Mesquita","og_description":"Bel\u00e9m, 29 de setembro de 2023 &#8211; A j\u00e1 tradicional inaugura\u00e7\u00e3o da decora\u00e7\u00e3o luminosa de Nossa Senhora de Nazar\u00e9, cuja organiza\u00e7\u00e3o do evento est\u00e1 sob a responsabilidade da Secretaria Municipal de Urbanismo &#8211; Seurb, ser\u00e1 realizada junto com a Romaria do Translado dos Carros, na quarta-feira, dia 4 de outubro, a partir das 18 horas, [&hellip;]","og_url":"https:\/\/dedemesquita.com.br\/?p=7415","og_site_name":"Ded\u00e9 Mesquita","article_publisher":"https:\/\/www.facebook.com\/dede.mesquita","article_published_time":"2023-09-29T16:27:00+00:00","article_modified_time":"2023-09-29T17:00:33+00:00","og_image":[{"width":950,"height":534,"url":"https:\/\/dedemesquita.com.br\/wp-content\/uploads\/2023\/09\/capa-1.jpeg","type":"image\/jpeg"}],"author":"Ded\u00e9 Mesquita","twitter_card":"summary_large_image","twitter_creator":"@dedemesquita","twitter_site":"@dedemesquita","twitter_misc":{"Escrito por":"Ded\u00e9 Mesquita","Est. tempo de leitura":"2 minutos"},"schema":{"@context":"https:\/\/schema.org","@graph":[{"@type":"WebPage","@id":"https:\/\/dedemesquita.com.br\/?p=7415","url":"https:\/\/dedemesquita.com.br\/?p=7415","name":"Inaugura\u00e7\u00e3o da imagem luminosa de Nossa Senhora de Nazar\u00e9 \u00e9 na quarta-feira, 4, e ter\u00e1 atra\u00e7\u00f5es art\u00edsticas - Ded\u00e9 Mesquita","isPartOf":{"@id":"https:\/\/dedemesquita.com.br\/#website"},"datePublished":"2023-09-29T16:27:00+00:00","dateModified":"2023-09-29T17:00:33+00:00","author":{"@id":"https:\/\/dedemesquita.com.br\/#\/schema\/person\/36571f81dd2d76dc3ab37231542c9e24"},"breadcrumb":{"@id":"https:\/\/dedemesquita.com.br\/?p=7415#breadcrumb"},"inLanguage":"pt-BR","potentialAction":[{"@type":"ReadAction","target":["https:\/\/dedemesquita.com.br\/?p=7415"]}]},{"@type":"BreadcrumbList","@id":"https:\/\/dedemesquita.com.br\/?p=7415#breadcrumb","itemListElement":[{"@type":"ListItem","position":1,"name":"In\u00edcio","item":"https:\/\/dedemesquita.com.br\/"},{"@type":"ListItem","position":2,"name":"Inaugura\u00e7\u00e3o da imagem luminosa de Nossa Senhora de Nazar\u00e9 \u00e9 na quarta-feira, 4, e ter\u00e1 atra\u00e7\u00f5es art\u00edsticas"}]},{"@type":"WebSite","@id":"https:\/\/dedemesquita.com.br\/#website","url":"https:\/\/dedemesquita.com.br\/","name":"Ded\u00e9 Mesquita","description":"Um site que mostra os bastidores da imprensa no estado do Par\u00e1 e em Bel\u00e9m","potentialAction":[{"@type":"SearchAction","target":{"@type":"EntryPoint","urlTemplate":"https:\/\/dedemesquita.com.br\/?s={search_term_string}"},"query-input":"required name=search_term_string"}],"inLanguage":"pt-BR"},{"@type":"Person","@id":"https:\/\/dedemesquita.com.br\/#\/schema\/person\/36571f81dd2d76dc3ab37231542c9e24","name":"Ded\u00e9 Mesquita","image":{"@type":"ImageObject","inLanguage":"pt-BR","@id":"https:\/\/dedemesquita.com.br\/#\/schema\/person\/image\/","url":"https:\/\/dedemesquita.com.br\/wp-content\/uploads\/2021\/02\/foto_perfil-150x150.jpg","contentUrl":"https:\/\/dedemesquita.com.br\/wp-content\/uploads\/2021\/02\/foto_perfil-150x150.jpg","caption":"Ded\u00e9 Mesquita"},"sameAs":["https:\/\/dedemesquita.com.br"]}]}},"_links":{"self":[{"href":"https:\/\/dedemesquita.com.br\/index.php?rest_route=\/wp\/v2\/posts\/7415"}],"collection":[{"href":"https:\/\/dedemesquita.com.br\/index.php?rest_route=\/wp\/v2\/posts"}],"about":[{"href":"https:\/\/dedemesquita.com.br\/index.php?rest_route=\/wp\/v2\/types\/post"}],"author":[{"embeddable":true,"href":"https:\/\/dedemesquita.com.br\/index.php?rest_route=\/wp\/v2\/users\/2"}],"replies":[{"embeddable":true,"href":"https:\/\/dedemesquita.com.br\/index.php?rest_route=%2Fwp%2Fv2%2Fcomments&post=7415"}],"version-history":[{"count":4,"href":"https:\/\/dedemesquita.com.br\/index.php?rest_route=\/wp\/v2\/posts\/7415\/revisions"}],"predecessor-version":[{"id":7421,"href":"https:\/\/dedemesquita.com.br\/index.php?rest_route=\/wp\/v2\/posts\/7415\/revisions\/7421"}],"wp:featuredmedia":[{"embeddable":true,"href":"https:\/\/dedemesquita.com.br\/index.php?rest_route=\/wp\/v2\/media\/7417"}],"wp:attachment":[{"href":"https:\/\/dedemesquita.com.br\/index.php?rest_route=%2Fwp%2Fv2%2Fmedia&parent=7415"}],"wp:term":[{"taxonomy":"category","embeddable":true,"href":"https:\/\/dedemesquita.com.br\/index.php?rest_route=%2Fwp%2Fv2%2Fcategories&post=7415"},{"taxonomy":"post_tag","embeddable":true,"href":"https:\/\/dedemesquita.com.br\/index.php?rest_route=%2Fwp%2Fv2%2Ftags&post=7415"}],"curies":[{"name":"wp","href":"https:\/\/api.w.org\/{rel}","templated":true}]}}