{"id":7393,"date":"2023-09-27T08:52:32","date_gmt":"2023-09-27T11:52:32","guid":{"rendered":"https:\/\/dedemesquita.com.br\/?p=7393"},"modified":"2023-09-27T11:27:30","modified_gmt":"2023-09-27T14:27:30","slug":"keyla-negrao-deixa-a-comus-agencia-belem-e-mais-uma-saida-bombastica-da-tv-liberal","status":"publish","type":"post","link":"https:\/\/dedemesquita.com.br\/?p=7393","title":{"rendered":"Keyla Negr\u00e3o deixa a Comus\/Ag\u00eancia Bel\u00e9m e mais uma sa\u00edda bomb\u00e1stica da TV Liberal"},"content":{"rendered":"\n<p><strong>Bel\u00e9m, 27 de setembro de 2023 &#8211; <\/strong>Tamanha 22h30 de ter\u00e7a-feira, 26, e as mensagens no meu celular come\u00e7aram a pipocar com not\u00edcias da imprensa de Bel\u00e9m. Sim, meus caros, depois de 32 meses de mais e mais desmandos e muitos equ\u00edvocos \u00e0 frente da comunica\u00e7\u00e3o da <strong>Prefeitura Municipal de Bel\u00e9m &#8211; Comus &#8211;<\/strong> a jornalista de forma\u00e7\u00e3o e doutora <strong>Keyla Negr\u00e3o<\/strong> deixou aquela coordenadoria. <\/p>\n\n\n\n<p>Para o lugar dela, e em uma clara a\u00e7\u00e3o desesperada de [RE]construir a imagem, o prefeito de Bel\u00e9m, Edmilson Rodrigues chamou o publicit\u00e1rio <strong>Glauco Lima<\/strong>, que, nos \u00faltimos anos, morava e trabalhava em S\u00e3o Paulo [SP]. Para quem n\u00e3o o conhece, Glauco \u00e9 publicit\u00e1rio e costumeiramente atua no marketing de campanhas pol\u00edticas. Foi um dos s\u00f3cios da ag\u00eancia DC3, em Bel\u00e9m, que funcionava na avenida Gentil Bittencourt. <\/p>\n\n\n\n<p>Nem preciso falar das mensagens demonstrando al\u00edvio com a sa\u00edda de <strong>Keyla Negr\u00e3o<\/strong> que recebi. Tenho a informa\u00e7\u00e3o de que nem explicar direito aos, &#8211; poucos &#8211; pr\u00f3ximos, o que tinha ocorrido, ela se deu ao pr\u00e9stimo. Nem fez rodeios e j\u00e1 foi falando em um raro grupo de assessores no WhatsApp, em &#8220;transi\u00e7\u00e3o&#8221;,<strong> &#8220;amanh\u00e3, &#8216;Glauco&#8217; vai se apresentar&#8221;<\/strong>, &#8220;a transi\u00e7\u00e3o \u00e9 um processo de praxe&#8221;, e, ainda citou os quilombolas ancestrais. Nem preciso dizer que todos ficaram sem entender nada. <\/p>\n\n\n\n<p><strong>NOTA DA REDA\u00c7\u00c3O: <\/strong>Para variar s\u00f3 um pouco e mostrar a bagun\u00e7a que est\u00e1 na Comus\/Ag\u00eancia Bel\u00e9m, a informa\u00e7\u00e3o \u00e9 de que <strong>Glauco Lima<\/strong> n\u00e3o ser\u00e1 <strong>exatamente<\/strong> o coordenador de comunica\u00e7\u00e3o e que &#8220;indicaria e monitoraria os passos e caminhos da comunica\u00e7\u00e3o da Prefeitura de Bel\u00e9m&#8221; &#8211; e, de quebra, de Ed. O nome para o lugar de Keyla seria o da ex-adjunta dela, <strong>Marta Brasil<\/strong>, que \u00e9 jornalista com larga experi\u00eancia em reda\u00e7\u00e3o de jornal. A coordena\u00e7\u00e3o seria, digamos, <strong>dividida entre Glauco e Marta<\/strong>. <\/p>\n\n\n\n<p><strong>Al\u00edvio &#8211; <\/strong>Uma das mensagens, para mim, \u00e9 exemplar sobre a passagem da Keyla pela Comus: &#8220;Se esse novo coordenador souber, pelo menos, falar e se comunicar com os colegas e assessores, j\u00e1 estamos no lucro. Que ele fale uma l\u00edngua que a gente entenda&#8221;. <\/p>\n\n\n\n<p>Sobre Keyla, quero s\u00f3 deixar essa <strong>imagem<\/strong> que ela, que se mostra t\u00e3o avessa \u00e0s redes sociais, permitiu que fosse publicada, em meio \u00e0quela confus\u00e3o das respostas mal-educadas e sem no\u00e7\u00e3o que a comunica\u00e7\u00e3o da Sesan estava dando aos internautas. Avaliem! Uma coordenadora de comunica\u00e7\u00e3o, de uma Prefeitura t\u00e3o importante como a de Bel\u00e9m, se deu a esse <strong>pr\u00e9stimo: <\/strong><\/p>\n\n\n<div class=\"wp-block-image\">\n<figure class=\"aligncenter size-full\"><img loading=\"lazy\" decoding=\"async\" width=\"493\" height=\"800\" src=\"https:\/\/dedemesquita.com.br\/wp-content\/uploads\/2023\/09\/WhatsApp-Image-2023-07-01-at-20.19.51.jpeg\" alt=\"\" class=\"wp-image-7396\"\/><figcaption class=\"wp-element-caption\">Keyla e Madson Sousa mandando indiretinhas nos stories do Instagram<\/figcaption><\/figure><\/div>\n\n\n<p><strong>TV Liberal &#8211;<\/strong> Essa not\u00edcia tamb\u00e9m chegou tarde da noite: <strong>Gustavo Ferreira<\/strong>, o &#8220;menino do ouro&#8221;, est\u00e1 deixando a <strong>TV Liberal<\/strong>. Gustavo recebeu uma proposta irrecus\u00e1vel e est\u00e1 indo trabalhar na <strong>Globo Recife [PE]<\/strong>, onde j\u00e1 est\u00e1 <strong>M\u00e1rio Carvalho<\/strong>, que era da TV Liberal tamb\u00e9m. Essa informa\u00e7\u00e3o veio junto com as constata\u00e7\u00f5es de sempre: baixos sal\u00e1rios e muito, muito trabalho na emissora. Gustavo, que fica na TV Liberal s\u00f3 at\u00e9 a transmiss\u00e3o do C\u00edrio de Nazar\u00e9 2023, ser\u00e1 <strong>apresentador <\/strong>na emissora de Recife, fun\u00e7\u00e3o que ele assumiu algumas vezes na TV Liberal, como apresentador do Liberal Comunidade, \u00c9 do Par\u00e1 e algumas edi\u00e7\u00f5es de telejornais da casa. <\/p>\n\n\n<div class=\"wp-block-image\">\n<figure class=\"aligncenter size-full\"><img loading=\"lazy\" decoding=\"async\" width=\"700\" height=\"408\" src=\"https:\/\/dedemesquita.com.br\/wp-content\/uploads\/2023\/09\/WhatsApp-Image-2023-09-27-at-08.50.48.jpeg\" alt=\"\" class=\"wp-image-7398\"\/><figcaption class=\"wp-element-caption\">Gustavo Ferreira \u00e9 mais um jornalista que desfalca a TV Liberal <\/figcaption><\/figure><\/div>","protected":false},"excerpt":{"rendered":"<p>Bel\u00e9m, 27 de setembro de 2023 &#8211; Tamanha 22h30 de ter\u00e7a-feira, 26, e as mensagens no meu celular come\u00e7aram a pipocar com not\u00edcias da imprensa de Bel\u00e9m. Sim, meus caros, depois de 32 meses de mais e mais desmandos e muitos equ\u00edvocos \u00e0 frente da comunica\u00e7\u00e3o da Prefeitura Municipal de Bel\u00e9m &#8211; Comus &#8211; a [&hellip;]<\/p>\n","protected":false},"author":2,"featured_media":7395,"comment_status":"open","ping_status":"open","sticky":false,"template":"","format":"standard","meta":{"footnotes":""},"categories":[51,14,29],"tags":[136,494,119,120,137],"class_list":["post-7393","post","type-post","status-publish","format-standard","has-post-thumbnail","hentry","category-destaque","category-imprensa","category-jornalismo","tag-comus-agencia-belem","tag-globo-recife","tag-jornalismo","tag-jornalistas-paraenses-em-acao","tag-tv-liberal"],"yoast_head":"<!-- This site is optimized with the Yoast SEO plugin v19.10 - https:\/\/yoast.com\/wordpress\/plugins\/seo\/ -->\n<title>Keyla Negr\u00e3o deixa a Comus\/Ag\u00eancia Bel\u00e9m e mais uma sa\u00edda bomb\u00e1stica da TV Liberal - Ded\u00e9 Mesquita<\/title>\n<meta name=\"robots\" content=\"index, follow, max-snippet:-1, max-image-preview:large, max-video-preview:-1\" \/>\n<link rel=\"canonical\" href=\"https:\/\/dedemesquita.com.br\/?p=7393\" \/>\n<meta property=\"og:locale\" content=\"pt_BR\" \/>\n<meta property=\"og:type\" content=\"article\" \/>\n<meta property=\"og:title\" content=\"Keyla Negr\u00e3o deixa a Comus\/Ag\u00eancia Bel\u00e9m e mais uma sa\u00edda bomb\u00e1stica da TV Liberal - Ded\u00e9 Mesquita\" \/>\n<meta property=\"og:description\" content=\"Bel\u00e9m, 27 de setembro de 2023 &#8211; Tamanha 22h30 de ter\u00e7a-feira, 26, e as mensagens no meu celular come\u00e7aram a pipocar com not\u00edcias da imprensa de Bel\u00e9m. Sim, meus caros, depois de 32 meses de mais e mais desmandos e muitos equ\u00edvocos \u00e0 frente da comunica\u00e7\u00e3o da Prefeitura Municipal de Bel\u00e9m &#8211; Comus &#8211; a [&hellip;]\" \/>\n<meta property=\"og:url\" content=\"https:\/\/dedemesquita.com.br\/?p=7393\" \/>\n<meta property=\"og:site_name\" content=\"Ded\u00e9 Mesquita\" \/>\n<meta property=\"article:publisher\" content=\"https:\/\/www.facebook.com\/dede.mesquita\" \/>\n<meta property=\"article:published_time\" content=\"2023-09-27T11:52:32+00:00\" \/>\n<meta property=\"article:modified_time\" content=\"2023-09-27T14:27:30+00:00\" \/>\n<meta property=\"og:image\" content=\"https:\/\/dedemesquita.com.br\/wp-content\/uploads\/2023\/09\/glauco_lima.jpg\" \/>\n\t<meta property=\"og:image:width\" content=\"950\" \/>\n\t<meta property=\"og:image:height\" content=\"526\" \/>\n\t<meta property=\"og:image:type\" content=\"image\/jpeg\" \/>\n<meta name=\"author\" content=\"Ded\u00e9 Mesquita\" \/>\n<meta name=\"twitter:card\" content=\"summary_large_image\" \/>\n<meta name=\"twitter:creator\" content=\"@dedemesquita\" \/>\n<meta name=\"twitter:site\" content=\"@dedemesquita\" \/>\n<meta name=\"twitter:label1\" content=\"Escrito por\" \/>\n\t<meta name=\"twitter:data1\" content=\"Ded\u00e9 Mesquita\" \/>\n\t<meta name=\"twitter:label2\" content=\"Est. tempo de leitura\" \/>\n\t<meta name=\"twitter:data2\" content=\"3 minutos\" \/>\n<script type=\"application\/ld+json\" class=\"yoast-schema-graph\">{\"@context\":\"https:\/\/schema.org\",\"@graph\":[{\"@type\":\"WebPage\",\"@id\":\"https:\/\/dedemesquita.com.br\/?p=7393\",\"url\":\"https:\/\/dedemesquita.com.br\/?p=7393\",\"name\":\"Keyla Negr\u00e3o deixa a Comus\/Ag\u00eancia Bel\u00e9m e mais uma sa\u00edda bomb\u00e1stica da TV Liberal - Ded\u00e9 Mesquita\",\"isPartOf\":{\"@id\":\"https:\/\/dedemesquita.com.br\/#website\"},\"datePublished\":\"2023-09-27T11:52:32+00:00\",\"dateModified\":\"2023-09-27T14:27:30+00:00\",\"author\":{\"@id\":\"https:\/\/dedemesquita.com.br\/#\/schema\/person\/36571f81dd2d76dc3ab37231542c9e24\"},\"breadcrumb\":{\"@id\":\"https:\/\/dedemesquita.com.br\/?p=7393#breadcrumb\"},\"inLanguage\":\"pt-BR\",\"potentialAction\":[{\"@type\":\"ReadAction\",\"target\":[\"https:\/\/dedemesquita.com.br\/?p=7393\"]}]},{\"@type\":\"BreadcrumbList\",\"@id\":\"https:\/\/dedemesquita.com.br\/?p=7393#breadcrumb\",\"itemListElement\":[{\"@type\":\"ListItem\",\"position\":1,\"name\":\"In\u00edcio\",\"item\":\"https:\/\/dedemesquita.com.br\/\"},{\"@type\":\"ListItem\",\"position\":2,\"name\":\"Keyla Negr\u00e3o deixa a Comus\/Ag\u00eancia Bel\u00e9m e mais uma sa\u00edda bomb\u00e1stica da TV Liberal\"}]},{\"@type\":\"WebSite\",\"@id\":\"https:\/\/dedemesquita.com.br\/#website\",\"url\":\"https:\/\/dedemesquita.com.br\/\",\"name\":\"Ded\u00e9 Mesquita\",\"description\":\"Um site que mostra os bastidores da imprensa no estado do Par\u00e1 e em Bel\u00e9m\",\"potentialAction\":[{\"@type\":\"SearchAction\",\"target\":{\"@type\":\"EntryPoint\",\"urlTemplate\":\"https:\/\/dedemesquita.com.br\/?s={search_term_string}\"},\"query-input\":\"required name=search_term_string\"}],\"inLanguage\":\"pt-BR\"},{\"@type\":\"Person\",\"@id\":\"https:\/\/dedemesquita.com.br\/#\/schema\/person\/36571f81dd2d76dc3ab37231542c9e24\",\"name\":\"Ded\u00e9 Mesquita\",\"image\":{\"@type\":\"ImageObject\",\"inLanguage\":\"pt-BR\",\"@id\":\"https:\/\/dedemesquita.com.br\/#\/schema\/person\/image\/\",\"url\":\"https:\/\/dedemesquita.com.br\/wp-content\/uploads\/2021\/02\/foto_perfil-150x150.jpg\",\"contentUrl\":\"https:\/\/dedemesquita.com.br\/wp-content\/uploads\/2021\/02\/foto_perfil-150x150.jpg\",\"caption\":\"Ded\u00e9 Mesquita\"},\"sameAs\":[\"https:\/\/dedemesquita.com.br\"]}]}<\/script>\n<!-- \/ Yoast SEO plugin. -->","yoast_head_json":{"title":"Keyla Negr\u00e3o deixa a Comus\/Ag\u00eancia Bel\u00e9m e mais uma sa\u00edda bomb\u00e1stica da TV Liberal - Ded\u00e9 Mesquita","robots":{"index":"index","follow":"follow","max-snippet":"max-snippet:-1","max-image-preview":"max-image-preview:large","max-video-preview":"max-video-preview:-1"},"canonical":"https:\/\/dedemesquita.com.br\/?p=7393","og_locale":"pt_BR","og_type":"article","og_title":"Keyla Negr\u00e3o deixa a Comus\/Ag\u00eancia Bel\u00e9m e mais uma sa\u00edda bomb\u00e1stica da TV Liberal - Ded\u00e9 Mesquita","og_description":"Bel\u00e9m, 27 de setembro de 2023 &#8211; Tamanha 22h30 de ter\u00e7a-feira, 26, e as mensagens no meu celular come\u00e7aram a pipocar com not\u00edcias da imprensa de Bel\u00e9m. Sim, meus caros, depois de 32 meses de mais e mais desmandos e muitos equ\u00edvocos \u00e0 frente da comunica\u00e7\u00e3o da Prefeitura Municipal de Bel\u00e9m &#8211; Comus &#8211; a [&hellip;]","og_url":"https:\/\/dedemesquita.com.br\/?p=7393","og_site_name":"Ded\u00e9 Mesquita","article_publisher":"https:\/\/www.facebook.com\/dede.mesquita","article_published_time":"2023-09-27T11:52:32+00:00","article_modified_time":"2023-09-27T14:27:30+00:00","og_image":[{"width":950,"height":526,"url":"https:\/\/dedemesquita.com.br\/wp-content\/uploads\/2023\/09\/glauco_lima.jpg","type":"image\/jpeg"}],"author":"Ded\u00e9 Mesquita","twitter_card":"summary_large_image","twitter_creator":"@dedemesquita","twitter_site":"@dedemesquita","twitter_misc":{"Escrito por":"Ded\u00e9 Mesquita","Est. tempo de leitura":"3 minutos"},"schema":{"@context":"https:\/\/schema.org","@graph":[{"@type":"WebPage","@id":"https:\/\/dedemesquita.com.br\/?p=7393","url":"https:\/\/dedemesquita.com.br\/?p=7393","name":"Keyla Negr\u00e3o deixa a Comus\/Ag\u00eancia Bel\u00e9m e mais uma sa\u00edda bomb\u00e1stica da TV Liberal - Ded\u00e9 Mesquita","isPartOf":{"@id":"https:\/\/dedemesquita.com.br\/#website"},"datePublished":"2023-09-27T11:52:32+00:00","dateModified":"2023-09-27T14:27:30+00:00","author":{"@id":"https:\/\/dedemesquita.com.br\/#\/schema\/person\/36571f81dd2d76dc3ab37231542c9e24"},"breadcrumb":{"@id":"https:\/\/dedemesquita.com.br\/?p=7393#breadcrumb"},"inLanguage":"pt-BR","potentialAction":[{"@type":"ReadAction","target":["https:\/\/dedemesquita.com.br\/?p=7393"]}]},{"@type":"BreadcrumbList","@id":"https:\/\/dedemesquita.com.br\/?p=7393#breadcrumb","itemListElement":[{"@type":"ListItem","position":1,"name":"In\u00edcio","item":"https:\/\/dedemesquita.com.br\/"},{"@type":"ListItem","position":2,"name":"Keyla Negr\u00e3o deixa a Comus\/Ag\u00eancia Bel\u00e9m e mais uma sa\u00edda bomb\u00e1stica da TV Liberal"}]},{"@type":"WebSite","@id":"https:\/\/dedemesquita.com.br\/#website","url":"https:\/\/dedemesquita.com.br\/","name":"Ded\u00e9 Mesquita","description":"Um site que mostra os bastidores da imprensa no estado do Par\u00e1 e em Bel\u00e9m","potentialAction":[{"@type":"SearchAction","target":{"@type":"EntryPoint","urlTemplate":"https:\/\/dedemesquita.com.br\/?s={search_term_string}"},"query-input":"required name=search_term_string"}],"inLanguage":"pt-BR"},{"@type":"Person","@id":"https:\/\/dedemesquita.com.br\/#\/schema\/person\/36571f81dd2d76dc3ab37231542c9e24","name":"Ded\u00e9 Mesquita","image":{"@type":"ImageObject","inLanguage":"pt-BR","@id":"https:\/\/dedemesquita.com.br\/#\/schema\/person\/image\/","url":"https:\/\/dedemesquita.com.br\/wp-content\/uploads\/2021\/02\/foto_perfil-150x150.jpg","contentUrl":"https:\/\/dedemesquita.com.br\/wp-content\/uploads\/2021\/02\/foto_perfil-150x150.jpg","caption":"Ded\u00e9 Mesquita"},"sameAs":["https:\/\/dedemesquita.com.br"]}]}},"_links":{"self":[{"href":"https:\/\/dedemesquita.com.br\/index.php?rest_route=\/wp\/v2\/posts\/7393"}],"collection":[{"href":"https:\/\/dedemesquita.com.br\/index.php?rest_route=\/wp\/v2\/posts"}],"about":[{"href":"https:\/\/dedemesquita.com.br\/index.php?rest_route=\/wp\/v2\/types\/post"}],"author":[{"embeddable":true,"href":"https:\/\/dedemesquita.com.br\/index.php?rest_route=\/wp\/v2\/users\/2"}],"replies":[{"embeddable":true,"href":"https:\/\/dedemesquita.com.br\/index.php?rest_route=%2Fwp%2Fv2%2Fcomments&post=7393"}],"version-history":[{"count":6,"href":"https:\/\/dedemesquita.com.br\/index.php?rest_route=\/wp\/v2\/posts\/7393\/revisions"}],"predecessor-version":[{"id":7407,"href":"https:\/\/dedemesquita.com.br\/index.php?rest_route=\/wp\/v2\/posts\/7393\/revisions\/7407"}],"wp:featuredmedia":[{"embeddable":true,"href":"https:\/\/dedemesquita.com.br\/index.php?rest_route=\/wp\/v2\/media\/7395"}],"wp:attachment":[{"href":"https:\/\/dedemesquita.com.br\/index.php?rest_route=%2Fwp%2Fv2%2Fmedia&parent=7393"}],"wp:term":[{"taxonomy":"category","embeddable":true,"href":"https:\/\/dedemesquita.com.br\/index.php?rest_route=%2Fwp%2Fv2%2Fcategories&post=7393"},{"taxonomy":"post_tag","embeddable":true,"href":"https:\/\/dedemesquita.com.br\/index.php?rest_route=%2Fwp%2Fv2%2Ftags&post=7393"}],"curies":[{"name":"wp","href":"https:\/\/api.w.org\/{rel}","templated":true}]}}