{"id":7282,"date":"2023-09-09T09:00:48","date_gmt":"2023-09-09T12:00:48","guid":{"rendered":"https:\/\/dedemesquita.com.br\/?p=7282"},"modified":"2023-09-09T09:00:49","modified_gmt":"2023-09-09T12:00:49","slug":"jornalista-e-professor-rodolfo-marques-lanca-duas-obras-na-feira-pan-amazonica-do-livro","status":"publish","type":"post","link":"https:\/\/dedemesquita.com.br\/?p=7282","title":{"rendered":"Jornalista e professor Rodolfo Marques lan\u00e7a duas obras na Feira Pan-Amaz\u00f4nica do Livro"},"content":{"rendered":"\n<p><strong>Bel\u00e9m, 9 de setembro de 2023 &#8211; <\/strong>O professor universit\u00e1rio, da Unama, jornalista e agora escritor <strong>Rodolfo Marques<\/strong> lan\u00e7a os seus dois primeiros livros na 26\u00aa edi\u00e7\u00e3o da Feira Pan-Amaz\u00f4nica do Livro, que ser\u00e1 realizada entre 9 e 17 de setembro, no Hangar Centro de Conven\u00e7\u00f5es e Feiras da Amaz\u00f4nia, em Bel\u00e9m. <\/p>\n\n\n\n<p><strong>Neste domingo, dia 10, a partir das 17 horas<\/strong>, Rodolfo lan\u00e7a os livros \u201cA M\u00eddia Sob o Imp\u00e9rio da Lei\u201d, publicado pela editora paranaense Appris; e \u201cBel\u00e9m, Porto Alegre: Uni\u00e3o Paid\u00e9gua, Tch\u00ea! A saga de um doutorando paraense em solo ga\u00facho\u201d, da editora paulista Am\u00f3s. <strong>Os lan\u00e7amentos ser\u00e3o no estande dos Escritores e das Escritoras Paraenses.<\/strong><\/p>\n\n\n\n<p><strong>No s\u00e1bado, dia 16, \u00e0s 18h30<\/strong>, o escritor faz o lan\u00e7amento de \u201cBel\u00e9m, Porto Alegre: Uni\u00e3o Paid\u00e9gua, Tch\u00ea\u201d, no Ponto de Autor\/ Secult-PA.<\/p>\n\n\n\n<p>Os livros estar\u00e3o \u00e0 venda durante todo o evento. Reservas e contatos podem ser feitos pelo WhatsApp <strong>91 98127.9595<\/strong>; e pelo Instagram<strong> <a href=\"http:\/\/@rodolfo.smarques\">@rodolfo.smarques<\/a><\/strong><\/p>\n\n\n<div class=\"wp-block-image\">\n<figure class=\"aligncenter size-full\"><img loading=\"lazy\" decoding=\"async\" width=\"521\" height=\"800\" src=\"https:\/\/dedemesquita.com.br\/wp-content\/uploads\/2023\/09\/WhatsApp-Image-2023-09-08-at-08.07.47.jpeg\" alt=\"\" class=\"wp-image-7283\"\/><figcaption class=\"wp-element-caption\">Lan\u00e7amentos dos livros de Rodolfo Marques na Feira Pan-Amaz\u00f4nica do Livro 2023 <\/figcaption><\/figure><\/div>\n\n\n<p class=\"has-text-align-right\"><strong><em>Com informa\u00e7\u00f5es da assessoria de comunica\u00e7\u00e3o<\/em><\/strong><\/p>\n","protected":false},"excerpt":{"rendered":"<p>Bel\u00e9m, 9 de setembro de 2023 &#8211; O professor universit\u00e1rio, da Unama, jornalista e agora escritor Rodolfo Marques lan\u00e7a os seus dois primeiros livros na 26\u00aa edi\u00e7\u00e3o da Feira Pan-Amaz\u00f4nica do Livro, que ser\u00e1 realizada entre 9 e 17 de setembro, no Hangar Centro de Conven\u00e7\u00f5es e Feiras da Amaz\u00f4nia, em Bel\u00e9m. Neste domingo, dia [&hellip;]<\/p>\n","protected":false},"author":2,"featured_media":7285,"comment_status":"open","ping_status":"open","sticky":false,"template":"","format":"standard","meta":{"footnotes":""},"categories":[51,14,29],"tags":[479,119,120,481,480],"class_list":["post-7282","post","type-post","status-publish","format-standard","has-post-thumbnail","hentry","category-destaque","category-imprensa","category-jornalismo","tag-feira-pan-amazonica-do-livro","tag-jornalismo","tag-jornalistas-paraenses-em-acao","tag-rodolfo-marques","tag-secult-pa"],"yoast_head":"<!-- This site is optimized with the Yoast SEO plugin v19.10 - https:\/\/yoast.com\/wordpress\/plugins\/seo\/ -->\n<title>Jornalista e professor Rodolfo Marques lan\u00e7a duas obras na Feira Pan-Amaz\u00f4nica do Livro - Ded\u00e9 Mesquita<\/title>\n<meta name=\"robots\" content=\"index, follow, max-snippet:-1, max-image-preview:large, max-video-preview:-1\" \/>\n<link rel=\"canonical\" href=\"https:\/\/dedemesquita.com.br\/?p=7282\" \/>\n<meta property=\"og:locale\" content=\"pt_BR\" \/>\n<meta property=\"og:type\" content=\"article\" \/>\n<meta property=\"og:title\" content=\"Jornalista e professor Rodolfo Marques lan\u00e7a duas obras na Feira Pan-Amaz\u00f4nica do Livro - Ded\u00e9 Mesquita\" \/>\n<meta property=\"og:description\" content=\"Bel\u00e9m, 9 de setembro de 2023 &#8211; O professor universit\u00e1rio, da Unama, jornalista e agora escritor Rodolfo Marques lan\u00e7a os seus dois primeiros livros na 26\u00aa edi\u00e7\u00e3o da Feira Pan-Amaz\u00f4nica do Livro, que ser\u00e1 realizada entre 9 e 17 de setembro, no Hangar Centro de Conven\u00e7\u00f5es e Feiras da Amaz\u00f4nia, em Bel\u00e9m. Neste domingo, dia [&hellip;]\" \/>\n<meta property=\"og:url\" content=\"https:\/\/dedemesquita.com.br\/?p=7282\" \/>\n<meta property=\"og:site_name\" content=\"Ded\u00e9 Mesquita\" \/>\n<meta property=\"article:publisher\" content=\"https:\/\/www.facebook.com\/dede.mesquita\" \/>\n<meta property=\"article:published_time\" content=\"2023-09-09T12:00:48+00:00\" \/>\n<meta property=\"article:modified_time\" content=\"2023-09-09T12:00:49+00:00\" \/>\n<meta property=\"og:image\" content=\"https:\/\/dedemesquita.com.br\/wp-content\/uploads\/2023\/09\/rodolfo.jpg\" \/>\n\t<meta property=\"og:image:width\" content=\"950\" \/>\n\t<meta property=\"og:image:height\" content=\"647\" \/>\n\t<meta property=\"og:image:type\" content=\"image\/jpeg\" \/>\n<meta name=\"author\" content=\"Ded\u00e9 Mesquita\" \/>\n<meta name=\"twitter:card\" content=\"summary_large_image\" \/>\n<meta name=\"twitter:creator\" content=\"@dedemesquita\" \/>\n<meta name=\"twitter:site\" content=\"@dedemesquita\" \/>\n<meta name=\"twitter:label1\" content=\"Escrito por\" \/>\n\t<meta name=\"twitter:data1\" content=\"Ded\u00e9 Mesquita\" \/>\n\t<meta name=\"twitter:label2\" content=\"Est. tempo de leitura\" \/>\n\t<meta name=\"twitter:data2\" content=\"1 minuto\" \/>\n<script type=\"application\/ld+json\" class=\"yoast-schema-graph\">{\"@context\":\"https:\/\/schema.org\",\"@graph\":[{\"@type\":\"WebPage\",\"@id\":\"https:\/\/dedemesquita.com.br\/?p=7282\",\"url\":\"https:\/\/dedemesquita.com.br\/?p=7282\",\"name\":\"Jornalista e professor Rodolfo Marques lan\u00e7a duas obras na Feira Pan-Amaz\u00f4nica do Livro - Ded\u00e9 Mesquita\",\"isPartOf\":{\"@id\":\"https:\/\/dedemesquita.com.br\/#website\"},\"datePublished\":\"2023-09-09T12:00:48+00:00\",\"dateModified\":\"2023-09-09T12:00:49+00:00\",\"author\":{\"@id\":\"https:\/\/dedemesquita.com.br\/#\/schema\/person\/36571f81dd2d76dc3ab37231542c9e24\"},\"breadcrumb\":{\"@id\":\"https:\/\/dedemesquita.com.br\/?p=7282#breadcrumb\"},\"inLanguage\":\"pt-BR\",\"potentialAction\":[{\"@type\":\"ReadAction\",\"target\":[\"https:\/\/dedemesquita.com.br\/?p=7282\"]}]},{\"@type\":\"BreadcrumbList\",\"@id\":\"https:\/\/dedemesquita.com.br\/?p=7282#breadcrumb\",\"itemListElement\":[{\"@type\":\"ListItem\",\"position\":1,\"name\":\"In\u00edcio\",\"item\":\"https:\/\/dedemesquita.com.br\/\"},{\"@type\":\"ListItem\",\"position\":2,\"name\":\"Jornalista e professor Rodolfo Marques lan\u00e7a duas obras na Feira Pan-Amaz\u00f4nica do Livro\"}]},{\"@type\":\"WebSite\",\"@id\":\"https:\/\/dedemesquita.com.br\/#website\",\"url\":\"https:\/\/dedemesquita.com.br\/\",\"name\":\"Ded\u00e9 Mesquita\",\"description\":\"Um site que mostra os bastidores da imprensa no estado do Par\u00e1 e em Bel\u00e9m\",\"potentialAction\":[{\"@type\":\"SearchAction\",\"target\":{\"@type\":\"EntryPoint\",\"urlTemplate\":\"https:\/\/dedemesquita.com.br\/?s={search_term_string}\"},\"query-input\":\"required name=search_term_string\"}],\"inLanguage\":\"pt-BR\"},{\"@type\":\"Person\",\"@id\":\"https:\/\/dedemesquita.com.br\/#\/schema\/person\/36571f81dd2d76dc3ab37231542c9e24\",\"name\":\"Ded\u00e9 Mesquita\",\"image\":{\"@type\":\"ImageObject\",\"inLanguage\":\"pt-BR\",\"@id\":\"https:\/\/dedemesquita.com.br\/#\/schema\/person\/image\/\",\"url\":\"https:\/\/dedemesquita.com.br\/wp-content\/uploads\/2021\/02\/foto_perfil-150x150.jpg\",\"contentUrl\":\"https:\/\/dedemesquita.com.br\/wp-content\/uploads\/2021\/02\/foto_perfil-150x150.jpg\",\"caption\":\"Ded\u00e9 Mesquita\"},\"sameAs\":[\"https:\/\/dedemesquita.com.br\"]}]}<\/script>\n<!-- \/ Yoast SEO plugin. -->","yoast_head_json":{"title":"Jornalista e professor Rodolfo Marques lan\u00e7a duas obras na Feira Pan-Amaz\u00f4nica do Livro - Ded\u00e9 Mesquita","robots":{"index":"index","follow":"follow","max-snippet":"max-snippet:-1","max-image-preview":"max-image-preview:large","max-video-preview":"max-video-preview:-1"},"canonical":"https:\/\/dedemesquita.com.br\/?p=7282","og_locale":"pt_BR","og_type":"article","og_title":"Jornalista e professor Rodolfo Marques lan\u00e7a duas obras na Feira Pan-Amaz\u00f4nica do Livro - Ded\u00e9 Mesquita","og_description":"Bel\u00e9m, 9 de setembro de 2023 &#8211; O professor universit\u00e1rio, da Unama, jornalista e agora escritor Rodolfo Marques lan\u00e7a os seus dois primeiros livros na 26\u00aa edi\u00e7\u00e3o da Feira Pan-Amaz\u00f4nica do Livro, que ser\u00e1 realizada entre 9 e 17 de setembro, no Hangar Centro de Conven\u00e7\u00f5es e Feiras da Amaz\u00f4nia, em Bel\u00e9m. Neste domingo, dia [&hellip;]","og_url":"https:\/\/dedemesquita.com.br\/?p=7282","og_site_name":"Ded\u00e9 Mesquita","article_publisher":"https:\/\/www.facebook.com\/dede.mesquita","article_published_time":"2023-09-09T12:00:48+00:00","article_modified_time":"2023-09-09T12:00:49+00:00","og_image":[{"width":950,"height":647,"url":"https:\/\/dedemesquita.com.br\/wp-content\/uploads\/2023\/09\/rodolfo.jpg","type":"image\/jpeg"}],"author":"Ded\u00e9 Mesquita","twitter_card":"summary_large_image","twitter_creator":"@dedemesquita","twitter_site":"@dedemesquita","twitter_misc":{"Escrito por":"Ded\u00e9 Mesquita","Est. tempo de leitura":"1 minuto"},"schema":{"@context":"https:\/\/schema.org","@graph":[{"@type":"WebPage","@id":"https:\/\/dedemesquita.com.br\/?p=7282","url":"https:\/\/dedemesquita.com.br\/?p=7282","name":"Jornalista e professor Rodolfo Marques lan\u00e7a duas obras na Feira Pan-Amaz\u00f4nica do Livro - Ded\u00e9 Mesquita","isPartOf":{"@id":"https:\/\/dedemesquita.com.br\/#website"},"datePublished":"2023-09-09T12:00:48+00:00","dateModified":"2023-09-09T12:00:49+00:00","author":{"@id":"https:\/\/dedemesquita.com.br\/#\/schema\/person\/36571f81dd2d76dc3ab37231542c9e24"},"breadcrumb":{"@id":"https:\/\/dedemesquita.com.br\/?p=7282#breadcrumb"},"inLanguage":"pt-BR","potentialAction":[{"@type":"ReadAction","target":["https:\/\/dedemesquita.com.br\/?p=7282"]}]},{"@type":"BreadcrumbList","@id":"https:\/\/dedemesquita.com.br\/?p=7282#breadcrumb","itemListElement":[{"@type":"ListItem","position":1,"name":"In\u00edcio","item":"https:\/\/dedemesquita.com.br\/"},{"@type":"ListItem","position":2,"name":"Jornalista e professor Rodolfo Marques lan\u00e7a duas obras na Feira Pan-Amaz\u00f4nica do Livro"}]},{"@type":"WebSite","@id":"https:\/\/dedemesquita.com.br\/#website","url":"https:\/\/dedemesquita.com.br\/","name":"Ded\u00e9 Mesquita","description":"Um site que mostra os bastidores da imprensa no estado do Par\u00e1 e em Bel\u00e9m","potentialAction":[{"@type":"SearchAction","target":{"@type":"EntryPoint","urlTemplate":"https:\/\/dedemesquita.com.br\/?s={search_term_string}"},"query-input":"required name=search_term_string"}],"inLanguage":"pt-BR"},{"@type":"Person","@id":"https:\/\/dedemesquita.com.br\/#\/schema\/person\/36571f81dd2d76dc3ab37231542c9e24","name":"Ded\u00e9 Mesquita","image":{"@type":"ImageObject","inLanguage":"pt-BR","@id":"https:\/\/dedemesquita.com.br\/#\/schema\/person\/image\/","url":"https:\/\/dedemesquita.com.br\/wp-content\/uploads\/2021\/02\/foto_perfil-150x150.jpg","contentUrl":"https:\/\/dedemesquita.com.br\/wp-content\/uploads\/2021\/02\/foto_perfil-150x150.jpg","caption":"Ded\u00e9 Mesquita"},"sameAs":["https:\/\/dedemesquita.com.br"]}]}},"_links":{"self":[{"href":"https:\/\/dedemesquita.com.br\/index.php?rest_route=\/wp\/v2\/posts\/7282"}],"collection":[{"href":"https:\/\/dedemesquita.com.br\/index.php?rest_route=\/wp\/v2\/posts"}],"about":[{"href":"https:\/\/dedemesquita.com.br\/index.php?rest_route=\/wp\/v2\/types\/post"}],"author":[{"embeddable":true,"href":"https:\/\/dedemesquita.com.br\/index.php?rest_route=\/wp\/v2\/users\/2"}],"replies":[{"embeddable":true,"href":"https:\/\/dedemesquita.com.br\/index.php?rest_route=%2Fwp%2Fv2%2Fcomments&post=7282"}],"version-history":[{"count":1,"href":"https:\/\/dedemesquita.com.br\/index.php?rest_route=\/wp\/v2\/posts\/7282\/revisions"}],"predecessor-version":[{"id":7284,"href":"https:\/\/dedemesquita.com.br\/index.php?rest_route=\/wp\/v2\/posts\/7282\/revisions\/7284"}],"wp:featuredmedia":[{"embeddable":true,"href":"https:\/\/dedemesquita.com.br\/index.php?rest_route=\/wp\/v2\/media\/7285"}],"wp:attachment":[{"href":"https:\/\/dedemesquita.com.br\/index.php?rest_route=%2Fwp%2Fv2%2Fmedia&parent=7282"}],"wp:term":[{"taxonomy":"category","embeddable":true,"href":"https:\/\/dedemesquita.com.br\/index.php?rest_route=%2Fwp%2Fv2%2Fcategories&post=7282"},{"taxonomy":"post_tag","embeddable":true,"href":"https:\/\/dedemesquita.com.br\/index.php?rest_route=%2Fwp%2Fv2%2Ftags&post=7282"}],"curies":[{"name":"wp","href":"https:\/\/api.w.org\/{rel}","templated":true}]}}