{"id":7255,"date":"2023-09-08T14:31:42","date_gmt":"2023-09-08T17:31:42","guid":{"rendered":"https:\/\/dedemesquita.com.br\/?p=7255"},"modified":"2023-09-08T15:51:19","modified_gmt":"2023-09-08T18:51:19","slug":"jogo-da-selecao-brasileira-de-futebol-em-belem-movimenta-a-imprensa-paraense-e-nacional","status":"publish","type":"post","link":"https:\/\/dedemesquita.com.br\/?p=7255","title":{"rendered":"Jogo da Sele\u00e7\u00e3o Brasileira de Futebol em Bel\u00e9m movimenta a imprensa paraense e nacional"},"content":{"rendered":"\n<p><strong>Bel\u00e9m, 8 de setembro de 2023 &#8211;<\/strong> Esta semana em Bel\u00e9m est\u00e1 um alvoro\u00e7o s\u00f3 para a imprensa esportiva e tamb\u00e9m para o jornalismo de uma forma geral. Tudo por conta da Sele\u00e7\u00e3o Brasileira de Futebol que faz o primeiro jogo das Eliminat\u00f3rias da Copa do Mundo 2026, contra a Sele\u00e7\u00e3o da Bol\u00edvia, no est\u00e1dio Mangueir\u00e3o, na capital paraense. A \u00faltima vez em que a Sele\u00e7\u00e3o jogou em Bel\u00e9m foi em 2011, por isso, os &#8220;\u00e2nimos est\u00e3o em alta&#8221;. <\/p>\n\n\n\n<p>A imprensa do Brasil todo tamb\u00e9m est\u00e1 na cidade, mas a &#8220;farra&#8221; maior est\u00e1 sendo para os coleguinhas de Bel\u00e9m que est\u00e3o tendo muito trabalho para acompanhar os preparativos e treinos da Sele\u00e7\u00e3o Canarinho. <\/p>\n\n\n\n<p>A partida que d\u00e1 in\u00edcio aos preparativos do Brasil, visando \u00e0 Copa do Mundo de 2026, ser\u00e1 na noite desta sexta-feira, 8, \u00e0s 21h30, no est\u00e1dio Mangueir\u00e3o, com transmiss\u00e3o, ao vivo, pela TV Globo. <\/p>\n\n\n<div class=\"wp-block-image\">\n<figure class=\"aligncenter size-full\"><img loading=\"lazy\" decoding=\"async\" width=\"700\" height=\"521\" src=\"https:\/\/dedemesquita.com.br\/wp-content\/uploads\/2023\/09\/WhatsApp-Image-2023-09-08-at-14.01.04.jpeg\" alt=\"\" class=\"wp-image-7257\"\/><figcaption class=\"wp-element-caption\">Andrey Ara\u00fajo, rep\u00f3rter do SBT Par\u00e1 <\/figcaption><\/figure><\/div>\n\n<div class=\"wp-block-image\">\n<figure class=\"aligncenter size-full\"><img loading=\"lazy\" decoding=\"async\" width=\"800\" height=\"743\" src=\"https:\/\/dedemesquita.com.br\/wp-content\/uploads\/2023\/09\/WhatsApp-Image-2023-09-05-at-15.34.00.jpeg\" alt=\"\" class=\"wp-image-7258\" srcset=\"https:\/\/dedemesquita.com.br\/wp-content\/uploads\/2023\/09\/WhatsApp-Image-2023-09-05-at-15.34.00.jpeg 800w, https:\/\/dedemesquita.com.br\/wp-content\/uploads\/2023\/09\/WhatsApp-Image-2023-09-05-at-15.34.00-768x713.jpeg 768w\" sizes=\"(max-width: 800px) 100vw, 800px\" \/><figcaption class=\"wp-element-caption\">Bruno Cecim, da Secom-PA, Sidney Oliveira, Oswaldo Forte, Cezar Magalh\u00e3es, Raimundo Pacc\u00f3 e Fernando Torres <\/figcaption><\/figure><\/div>\n\n<div class=\"wp-block-image\">\n<figure class=\"aligncenter size-full\"><img loading=\"lazy\" decoding=\"async\" width=\"800\" height=\"633\" src=\"https:\/\/dedemesquita.com.br\/wp-content\/uploads\/2023\/09\/WhatsApp-Image-2023-09-06-at-11.53.18-1.jpeg\" alt=\"\" class=\"wp-image-7259\" srcset=\"https:\/\/dedemesquita.com.br\/wp-content\/uploads\/2023\/09\/WhatsApp-Image-2023-09-06-at-11.53.18-1.jpeg 800w, https:\/\/dedemesquita.com.br\/wp-content\/uploads\/2023\/09\/WhatsApp-Image-2023-09-06-at-11.53.18-1-768x608.jpeg 768w\" sizes=\"(max-width: 800px) 100vw, 800px\" \/><figcaption class=\"wp-element-caption\">Lino Machado, antes de ser afastado do trabalho pela RBA TV, Sidney Oliveira, Oswaldo Forte, Raimundo Pacc\u00f3 e Igor Mota <\/figcaption><\/figure><\/div>\n\n<div class=\"wp-block-image\">\n<figure class=\"aligncenter size-full\"><img loading=\"lazy\" decoding=\"async\" width=\"746\" height=\"800\" src=\"https:\/\/dedemesquita.com.br\/wp-content\/uploads\/2023\/09\/WhatsApp-Image-2023-09-08-at-07.22.57.jpeg\" alt=\"\" class=\"wp-image-7260\"\/><figcaption class=\"wp-element-caption\">Cezar Magalh\u00e3es em a\u00e7\u00e3o <\/figcaption><\/figure><\/div>\n\n<div class=\"wp-block-image\">\n<figure class=\"aligncenter size-full\"><img loading=\"lazy\" decoding=\"async\" width=\"800\" height=\"533\" src=\"https:\/\/dedemesquita.com.br\/wp-content\/uploads\/2023\/09\/WhatsApp-Image-2023-09-08-at-07.22.58.jpeg\" alt=\"\" class=\"wp-image-7261\" srcset=\"https:\/\/dedemesquita.com.br\/wp-content\/uploads\/2023\/09\/WhatsApp-Image-2023-09-08-at-07.22.58.jpeg 800w, https:\/\/dedemesquita.com.br\/wp-content\/uploads\/2023\/09\/WhatsApp-Image-2023-09-08-at-07.22.58-768x512.jpeg 768w\" sizes=\"(max-width: 800px) 100vw, 800px\" \/><figcaption class=\"wp-element-caption\">Magalha do jeitinho que ele gosta e de olho na cena <\/figcaption><\/figure><\/div>\n\n<div class=\"wp-block-image\">\n<figure class=\"aligncenter size-full\"><img loading=\"lazy\" decoding=\"async\" width=\"800\" height=\"600\" src=\"https:\/\/dedemesquita.com.br\/wp-content\/uploads\/2023\/09\/WhatsApp-Image-2023-09-08-at-07.22.58-1.jpeg\" alt=\"\" class=\"wp-image-7262\" srcset=\"https:\/\/dedemesquita.com.br\/wp-content\/uploads\/2023\/09\/WhatsApp-Image-2023-09-08-at-07.22.58-1.jpeg 800w, https:\/\/dedemesquita.com.br\/wp-content\/uploads\/2023\/09\/WhatsApp-Image-2023-09-08-at-07.22.58-1-768x576.jpeg 768w\" sizes=\"(max-width: 800px) 100vw, 800px\" \/><figcaption class=\"wp-element-caption\">Magalha mais feliz que &#8220;pinto no lixo&#8221; <\/figcaption><\/figure><\/div>\n\n<div class=\"wp-block-image\">\n<figure class=\"aligncenter size-full\"><img loading=\"lazy\" decoding=\"async\" width=\"800\" height=\"522\" src=\"https:\/\/dedemesquita.com.br\/wp-content\/uploads\/2023\/09\/WhatsApp-Image-2023-09-08-at-07.22.59.jpeg\" alt=\"\" class=\"wp-image-7263\" srcset=\"https:\/\/dedemesquita.com.br\/wp-content\/uploads\/2023\/09\/WhatsApp-Image-2023-09-08-at-07.22.59.jpeg 800w, https:\/\/dedemesquita.com.br\/wp-content\/uploads\/2023\/09\/WhatsApp-Image-2023-09-08-at-07.22.59-768x501.jpeg 768w\" sizes=\"(max-width: 800px) 100vw, 800px\" \/><figcaption class=\"wp-element-caption\">Cezar Magalh\u00e3es na sala de imprensa no est\u00e1dio Mangueir\u00e3o <\/figcaption><\/figure><\/div>\n\n<div class=\"wp-block-image\">\n<figure class=\"aligncenter size-full\"><img loading=\"lazy\" decoding=\"async\" width=\"607\" height=\"800\" src=\"https:\/\/dedemesquita.com.br\/wp-content\/uploads\/2023\/09\/374970917_844763417218025_8901353354313603547_n.jpg\" alt=\"\" class=\"wp-image-7264\"\/><figcaption class=\"wp-element-caption\">Tarso Sarraf em foto de Cezar Magalh\u00e3es<\/figcaption><\/figure><\/div>\n\n<div class=\"wp-block-image\">\n<figure class=\"aligncenter size-full\"><img loading=\"lazy\" decoding=\"async\" width=\"604\" height=\"800\" src=\"https:\/\/dedemesquita.com.br\/wp-content\/uploads\/2023\/09\/373488375_1372422407005201_6218633667872893195_n.jpg\" alt=\"\" class=\"wp-image-7265\"\/><figcaption class=\"wp-element-caption\">Wagner Santana, do Di\u00e1rio do Par\u00e1, em foto de Cezar Magalh\u00e3es.<\/figcaption><\/figure><\/div>\n\n<div class=\"wp-block-image\">\n<figure class=\"aligncenter size-full\"><img loading=\"lazy\" decoding=\"async\" width=\"637\" height=\"800\" src=\"https:\/\/dedemesquita.com.br\/wp-content\/uploads\/2023\/09\/WhatsApp-Image-2023-09-08-at-13.50.57.jpeg\" alt=\"\" class=\"wp-image-7266\"\/><figcaption class=\"wp-element-caption\">Wagner Santana e Lu\u00eds Roberto, narrador da TV Globo<\/figcaption><\/figure><\/div>\n\n<div class=\"wp-block-image\">\n<figure class=\"aligncenter size-full\"><img loading=\"lazy\" decoding=\"async\" width=\"685\" height=\"700\" src=\"https:\/\/dedemesquita.com.br\/wp-content\/uploads\/2023\/09\/WhatsApp-Image-2023-09-08-at-13.50.57-1.jpeg\" alt=\"\" class=\"wp-image-7267\"\/><figcaption class=\"wp-element-caption\">Wagner Santana e o t\u00e9cnico interino da Sele\u00e7\u00e3o Brasileira, Fernando Diniz, que tamb\u00e9m \u00e9 t\u00e9cnico do Fluminense <\/figcaption><\/figure><\/div>\n\n<div class=\"wp-block-image\">\n<figure class=\"aligncenter size-full\"><img loading=\"lazy\" decoding=\"async\" width=\"566\" height=\"800\" src=\"https:\/\/dedemesquita.com.br\/wp-content\/uploads\/2023\/09\/WhatsApp-Image-2023-09-08-at-13.50.57-2.jpeg\" alt=\"\" class=\"wp-image-7268\"\/><figcaption class=\"wp-element-caption\">Wagner Santana na sala de imprensa no est\u00e1dio Mangueir\u00e3o <\/figcaption><\/figure><\/div>\n\n<div class=\"wp-block-image\">\n<figure class=\"aligncenter size-full\"><img loading=\"lazy\" decoding=\"async\" width=\"548\" height=\"800\" src=\"https:\/\/dedemesquita.com.br\/wp-content\/uploads\/2023\/09\/WhatsApp-Image-2023-09-08-at-13.50.58.jpeg\" alt=\"\" class=\"wp-image-7269\"\/><figcaption class=\"wp-element-caption\">Tarso Sarraf aproveitou para entregar a Richarlison a foto dele que foi escolhida a Melhor Foto de Esporte em 2022 <\/figcaption><\/figure><\/div>\n\n<div class=\"wp-block-image\">\n<figure class=\"aligncenter size-full\"><img loading=\"lazy\" decoding=\"async\" width=\"684\" height=\"700\" src=\"https:\/\/dedemesquita.com.br\/wp-content\/uploads\/2023\/09\/WhatsApp-Image-2023-09-08-at-14.34.50.jpeg\" alt=\"\" class=\"wp-image-7271\"\/><figcaption class=\"wp-element-caption\">Laiana Damasceno, essa, sim, mais feliz que &#8220;a gar\u00e7a namoradeira do Veropa&#8221;, em a\u00e7\u00e3o no Mangueir\u00e3o (foto de Oswaldo Forte)<\/figcaption><\/figure><\/div>\n\n<div class=\"wp-block-image\">\n<figure class=\"aligncenter size-full\"><img loading=\"lazy\" decoding=\"async\" width=\"700\" height=\"629\" src=\"https:\/\/dedemesquita.com.br\/wp-content\/uploads\/2023\/09\/WhatsApp-Image-2023-09-08-at-14.36.18.jpeg\" alt=\"\" class=\"wp-image-7273\"\/><figcaption class=\"wp-element-caption\">Laiana Damasceno, Bruna Cabral (Miss SEEL) e Alexandre Alencar <\/figcaption><\/figure><\/div>\n\n<div class=\"wp-block-image\">\n<figure class=\"aligncenter size-full\"><img loading=\"lazy\" decoding=\"async\" width=\"577\" height=\"750\" src=\"https:\/\/dedemesquita.com.br\/wp-content\/uploads\/2023\/09\/WhatsApp-Image-2023-09-08-at-15.10.20-1.jpeg\" alt=\"\" class=\"wp-image-7276\"\/><figcaption class=\"wp-element-caption\">Mayra Leal, do SBT Par\u00e1, e Filipe Bispo Vale <\/figcaption><\/figure><\/div>\n\n<div class=\"wp-block-image\">\n<figure class=\"aligncenter size-full\"><img loading=\"lazy\" decoding=\"async\" width=\"573\" height=\"750\" src=\"https:\/\/dedemesquita.com.br\/wp-content\/uploads\/2023\/09\/WhatsApp-Image-2023-09-08-at-15.10.21.jpeg\" alt=\"\" class=\"wp-image-7278\"\/><figcaption class=\"wp-element-caption\">Marx Vasconcelos, Filipe Bispo Vale, Raimundo Pacc\u00f3 e Sidney Oliveira <\/figcaption><\/figure><\/div>","protected":false},"excerpt":{"rendered":"<p>Bel\u00e9m, 8 de setembro de 2023 &#8211; Esta semana em Bel\u00e9m est\u00e1 um alvoro\u00e7o s\u00f3 para a imprensa esportiva e tamb\u00e9m para o jornalismo de uma forma geral. Tudo por conta da Sele\u00e7\u00e3o Brasileira de Futebol que faz o primeiro jogo das Eliminat\u00f3rias da Copa do Mundo 2026, contra a Sele\u00e7\u00e3o da Bol\u00edvia, no est\u00e1dio [&hellip;]<\/p>\n","protected":false},"author":2,"featured_media":7256,"comment_status":"open","ping_status":"open","sticky":false,"template":"","format":"standard","meta":{"footnotes":""},"categories":[51,14,29],"tags":[477,181,119,120,144,145,478],"class_list":["post-7255","post","type-post","status-publish","format-standard","has-post-thumbnail","hentry","category-destaque","category-imprensa","category-jornalismo","tag-cbf","tag-diario-do-para","tag-jornalismo","tag-jornalistas-paraenses-em-acao","tag-o-liberal","tag-rbatv","tag-selecao-brasileira-de-futebol"],"yoast_head":"<!-- This site is optimized with the Yoast SEO plugin v19.10 - https:\/\/yoast.com\/wordpress\/plugins\/seo\/ -->\n<title>Jogo da Sele\u00e7\u00e3o Brasileira de Futebol em Bel\u00e9m movimenta a imprensa paraense e nacional - Ded\u00e9 Mesquita<\/title>\n<meta name=\"robots\" content=\"index, follow, max-snippet:-1, max-image-preview:large, max-video-preview:-1\" \/>\n<link rel=\"canonical\" href=\"https:\/\/dedemesquita.com.br\/?p=7255\" \/>\n<meta property=\"og:locale\" content=\"pt_BR\" \/>\n<meta property=\"og:type\" content=\"article\" \/>\n<meta property=\"og:title\" content=\"Jogo da Sele\u00e7\u00e3o Brasileira de Futebol em Bel\u00e9m movimenta a imprensa paraense e nacional - Ded\u00e9 Mesquita\" \/>\n<meta property=\"og:description\" content=\"Bel\u00e9m, 8 de setembro de 2023 &#8211; Esta semana em Bel\u00e9m est\u00e1 um alvoro\u00e7o s\u00f3 para a imprensa esportiva e tamb\u00e9m para o jornalismo de uma forma geral. Tudo por conta da Sele\u00e7\u00e3o Brasileira de Futebol que faz o primeiro jogo das Eliminat\u00f3rias da Copa do Mundo 2026, contra a Sele\u00e7\u00e3o da Bol\u00edvia, no est\u00e1dio [&hellip;]\" \/>\n<meta property=\"og:url\" content=\"https:\/\/dedemesquita.com.br\/?p=7255\" \/>\n<meta property=\"og:site_name\" content=\"Ded\u00e9 Mesquita\" \/>\n<meta property=\"article:publisher\" content=\"https:\/\/www.facebook.com\/dede.mesquita\" \/>\n<meta property=\"article:published_time\" content=\"2023-09-08T17:31:42+00:00\" \/>\n<meta property=\"article:modified_time\" content=\"2023-09-08T18:51:19+00:00\" \/>\n<meta property=\"og:image\" content=\"https:\/\/dedemesquita.com.br\/wp-content\/uploads\/2023\/09\/WhatsApp-Image-2023-09-06-at-11.53.18.jpeg\" \/>\n\t<meta property=\"og:image:width\" content=\"900\" \/>\n\t<meta property=\"og:image:height\" content=\"599\" \/>\n\t<meta property=\"og:image:type\" content=\"image\/jpeg\" \/>\n<meta name=\"author\" content=\"Ded\u00e9 Mesquita\" \/>\n<meta name=\"twitter:card\" content=\"summary_large_image\" \/>\n<meta name=\"twitter:creator\" content=\"@dedemesquita\" \/>\n<meta name=\"twitter:site\" content=\"@dedemesquita\" \/>\n<meta name=\"twitter:label1\" content=\"Escrito por\" \/>\n\t<meta name=\"twitter:data1\" content=\"Ded\u00e9 Mesquita\" \/>\n\t<meta name=\"twitter:label2\" content=\"Est. tempo de leitura\" \/>\n\t<meta name=\"twitter:data2\" content=\"2 minutos\" \/>\n<script type=\"application\/ld+json\" class=\"yoast-schema-graph\">{\"@context\":\"https:\/\/schema.org\",\"@graph\":[{\"@type\":\"WebPage\",\"@id\":\"https:\/\/dedemesquita.com.br\/?p=7255\",\"url\":\"https:\/\/dedemesquita.com.br\/?p=7255\",\"name\":\"Jogo da Sele\u00e7\u00e3o Brasileira de Futebol em Bel\u00e9m movimenta a imprensa paraense e nacional - Ded\u00e9 Mesquita\",\"isPartOf\":{\"@id\":\"https:\/\/dedemesquita.com.br\/#website\"},\"datePublished\":\"2023-09-08T17:31:42+00:00\",\"dateModified\":\"2023-09-08T18:51:19+00:00\",\"author\":{\"@id\":\"https:\/\/dedemesquita.com.br\/#\/schema\/person\/36571f81dd2d76dc3ab37231542c9e24\"},\"breadcrumb\":{\"@id\":\"https:\/\/dedemesquita.com.br\/?p=7255#breadcrumb\"},\"inLanguage\":\"pt-BR\",\"potentialAction\":[{\"@type\":\"ReadAction\",\"target\":[\"https:\/\/dedemesquita.com.br\/?p=7255\"]}]},{\"@type\":\"BreadcrumbList\",\"@id\":\"https:\/\/dedemesquita.com.br\/?p=7255#breadcrumb\",\"itemListElement\":[{\"@type\":\"ListItem\",\"position\":1,\"name\":\"In\u00edcio\",\"item\":\"https:\/\/dedemesquita.com.br\/\"},{\"@type\":\"ListItem\",\"position\":2,\"name\":\"Jogo da Sele\u00e7\u00e3o Brasileira de Futebol em Bel\u00e9m movimenta a imprensa paraense e nacional\"}]},{\"@type\":\"WebSite\",\"@id\":\"https:\/\/dedemesquita.com.br\/#website\",\"url\":\"https:\/\/dedemesquita.com.br\/\",\"name\":\"Ded\u00e9 Mesquita\",\"description\":\"Um site que mostra os bastidores da imprensa no estado do Par\u00e1 e em Bel\u00e9m\",\"potentialAction\":[{\"@type\":\"SearchAction\",\"target\":{\"@type\":\"EntryPoint\",\"urlTemplate\":\"https:\/\/dedemesquita.com.br\/?s={search_term_string}\"},\"query-input\":\"required name=search_term_string\"}],\"inLanguage\":\"pt-BR\"},{\"@type\":\"Person\",\"@id\":\"https:\/\/dedemesquita.com.br\/#\/schema\/person\/36571f81dd2d76dc3ab37231542c9e24\",\"name\":\"Ded\u00e9 Mesquita\",\"image\":{\"@type\":\"ImageObject\",\"inLanguage\":\"pt-BR\",\"@id\":\"https:\/\/dedemesquita.com.br\/#\/schema\/person\/image\/\",\"url\":\"https:\/\/dedemesquita.com.br\/wp-content\/uploads\/2021\/02\/foto_perfil-150x150.jpg\",\"contentUrl\":\"https:\/\/dedemesquita.com.br\/wp-content\/uploads\/2021\/02\/foto_perfil-150x150.jpg\",\"caption\":\"Ded\u00e9 Mesquita\"},\"sameAs\":[\"https:\/\/dedemesquita.com.br\"]}]}<\/script>\n<!-- \/ Yoast SEO plugin. -->","yoast_head_json":{"title":"Jogo da Sele\u00e7\u00e3o Brasileira de Futebol em Bel\u00e9m movimenta a imprensa paraense e nacional - Ded\u00e9 Mesquita","robots":{"index":"index","follow":"follow","max-snippet":"max-snippet:-1","max-image-preview":"max-image-preview:large","max-video-preview":"max-video-preview:-1"},"canonical":"https:\/\/dedemesquita.com.br\/?p=7255","og_locale":"pt_BR","og_type":"article","og_title":"Jogo da Sele\u00e7\u00e3o Brasileira de Futebol em Bel\u00e9m movimenta a imprensa paraense e nacional - Ded\u00e9 Mesquita","og_description":"Bel\u00e9m, 8 de setembro de 2023 &#8211; Esta semana em Bel\u00e9m est\u00e1 um alvoro\u00e7o s\u00f3 para a imprensa esportiva e tamb\u00e9m para o jornalismo de uma forma geral. Tudo por conta da Sele\u00e7\u00e3o Brasileira de Futebol que faz o primeiro jogo das Eliminat\u00f3rias da Copa do Mundo 2026, contra a Sele\u00e7\u00e3o da Bol\u00edvia, no est\u00e1dio [&hellip;]","og_url":"https:\/\/dedemesquita.com.br\/?p=7255","og_site_name":"Ded\u00e9 Mesquita","article_publisher":"https:\/\/www.facebook.com\/dede.mesquita","article_published_time":"2023-09-08T17:31:42+00:00","article_modified_time":"2023-09-08T18:51:19+00:00","og_image":[{"width":900,"height":599,"url":"https:\/\/dedemesquita.com.br\/wp-content\/uploads\/2023\/09\/WhatsApp-Image-2023-09-06-at-11.53.18.jpeg","type":"image\/jpeg"}],"author":"Ded\u00e9 Mesquita","twitter_card":"summary_large_image","twitter_creator":"@dedemesquita","twitter_site":"@dedemesquita","twitter_misc":{"Escrito por":"Ded\u00e9 Mesquita","Est. tempo de leitura":"2 minutos"},"schema":{"@context":"https:\/\/schema.org","@graph":[{"@type":"WebPage","@id":"https:\/\/dedemesquita.com.br\/?p=7255","url":"https:\/\/dedemesquita.com.br\/?p=7255","name":"Jogo da Sele\u00e7\u00e3o Brasileira de Futebol em Bel\u00e9m movimenta a imprensa paraense e nacional - Ded\u00e9 Mesquita","isPartOf":{"@id":"https:\/\/dedemesquita.com.br\/#website"},"datePublished":"2023-09-08T17:31:42+00:00","dateModified":"2023-09-08T18:51:19+00:00","author":{"@id":"https:\/\/dedemesquita.com.br\/#\/schema\/person\/36571f81dd2d76dc3ab37231542c9e24"},"breadcrumb":{"@id":"https:\/\/dedemesquita.com.br\/?p=7255#breadcrumb"},"inLanguage":"pt-BR","potentialAction":[{"@type":"ReadAction","target":["https:\/\/dedemesquita.com.br\/?p=7255"]}]},{"@type":"BreadcrumbList","@id":"https:\/\/dedemesquita.com.br\/?p=7255#breadcrumb","itemListElement":[{"@type":"ListItem","position":1,"name":"In\u00edcio","item":"https:\/\/dedemesquita.com.br\/"},{"@type":"ListItem","position":2,"name":"Jogo da Sele\u00e7\u00e3o Brasileira de Futebol em Bel\u00e9m movimenta a imprensa paraense e nacional"}]},{"@type":"WebSite","@id":"https:\/\/dedemesquita.com.br\/#website","url":"https:\/\/dedemesquita.com.br\/","name":"Ded\u00e9 Mesquita","description":"Um site que mostra os bastidores da imprensa no estado do Par\u00e1 e em Bel\u00e9m","potentialAction":[{"@type":"SearchAction","target":{"@type":"EntryPoint","urlTemplate":"https:\/\/dedemesquita.com.br\/?s={search_term_string}"},"query-input":"required name=search_term_string"}],"inLanguage":"pt-BR"},{"@type":"Person","@id":"https:\/\/dedemesquita.com.br\/#\/schema\/person\/36571f81dd2d76dc3ab37231542c9e24","name":"Ded\u00e9 Mesquita","image":{"@type":"ImageObject","inLanguage":"pt-BR","@id":"https:\/\/dedemesquita.com.br\/#\/schema\/person\/image\/","url":"https:\/\/dedemesquita.com.br\/wp-content\/uploads\/2021\/02\/foto_perfil-150x150.jpg","contentUrl":"https:\/\/dedemesquita.com.br\/wp-content\/uploads\/2021\/02\/foto_perfil-150x150.jpg","caption":"Ded\u00e9 Mesquita"},"sameAs":["https:\/\/dedemesquita.com.br"]}]}},"_links":{"self":[{"href":"https:\/\/dedemesquita.com.br\/index.php?rest_route=\/wp\/v2\/posts\/7255"}],"collection":[{"href":"https:\/\/dedemesquita.com.br\/index.php?rest_route=\/wp\/v2\/posts"}],"about":[{"href":"https:\/\/dedemesquita.com.br\/index.php?rest_route=\/wp\/v2\/types\/post"}],"author":[{"embeddable":true,"href":"https:\/\/dedemesquita.com.br\/index.php?rest_route=\/wp\/v2\/users\/2"}],"replies":[{"embeddable":true,"href":"https:\/\/dedemesquita.com.br\/index.php?rest_route=%2Fwp%2Fv2%2Fcomments&post=7255"}],"version-history":[{"count":4,"href":"https:\/\/dedemesquita.com.br\/index.php?rest_route=\/wp\/v2\/posts\/7255\/revisions"}],"predecessor-version":[{"id":7281,"href":"https:\/\/dedemesquita.com.br\/index.php?rest_route=\/wp\/v2\/posts\/7255\/revisions\/7281"}],"wp:featuredmedia":[{"embeddable":true,"href":"https:\/\/dedemesquita.com.br\/index.php?rest_route=\/wp\/v2\/media\/7256"}],"wp:attachment":[{"href":"https:\/\/dedemesquita.com.br\/index.php?rest_route=%2Fwp%2Fv2%2Fmedia&parent=7255"}],"wp:term":[{"taxonomy":"category","embeddable":true,"href":"https:\/\/dedemesquita.com.br\/index.php?rest_route=%2Fwp%2Fv2%2Fcategories&post=7255"},{"taxonomy":"post_tag","embeddable":true,"href":"https:\/\/dedemesquita.com.br\/index.php?rest_route=%2Fwp%2Fv2%2Ftags&post=7255"}],"curies":[{"name":"wp","href":"https:\/\/api.w.org\/{rel}","templated":true}]}}