{"id":7249,"date":"2023-09-06T20:26:49","date_gmt":"2023-09-06T23:26:49","guid":{"rendered":"https:\/\/dedemesquita.com.br\/?p=7249"},"modified":"2023-09-06T20:26:50","modified_gmt":"2023-09-06T23:26:50","slug":"depois-de-pergunta-desastrosa-em-coletiva-de-imprensa-da-selecao-brasileira-rba-tv-afasta-reporter","status":"publish","type":"post","link":"https:\/\/dedemesquita.com.br\/?p=7249","title":{"rendered":"Depois de pergunta desastrosa em coletiva de imprensa da Sele\u00e7\u00e3o Brasileira, RBA TV afasta rep\u00f3rter"},"content":{"rendered":"\n<p><strong>Bel\u00e9m, 6 de setembro de 2023 &#8211;<\/strong> Na ter\u00e7a-feira, 5, durante uma coletiva de imprensa com os jogadores da Sele\u00e7\u00e3o Brasileira de Futebol, que est\u00e1 em Bel\u00e9m para a primeira partida da Eliminat\u00f3rias para Copa do Mundo de 2026, uma pergunta desastrosa do rep\u00f3rter <strong>Lino Machado<\/strong>, da <strong>RBA TV<\/strong>, ganhou repercuss\u00e3o nacional. <\/p>\n\n\n\n<p>O escolhido para a entrevista foi o goleiro Lucas Perri que ficou claramente constrangido quando Lino perguntou a ele se os jogadores da Sele\u00e7\u00e3o Brasileiras &#8211; e colegas de Perri &#8211; estariam &#8220;solid\u00e1rios&#8221; com o atacante Anthony, que foi cortado da Sele\u00e7\u00e3o, em Bel\u00e9m, depois que den\u00fancias de viol\u00eancia dom\u00e9stica dele contra a namorada vieram a p\u00fablico. <\/p>\n\n\n\n<p>&#8220;A solidariedade <strong>de voc\u00eas<\/strong> para com Anthony, nesse momento dif\u00edcil <strong>dele<\/strong>?&#8221;, diz Lino na fala dele. <\/p>\n\n\n\n<p>Anthony havia sido convocado e foi cortado depois. <\/p>\n\n\n\n<p>E <strong>Lino Machado<\/strong> resolveu fazer a pergunta mais inesperada &#8211; para ficar s\u00f3 nesta palavra &#8211; talvez achando que o corte de Anthony tenha sido &#8220;demais&#8221;. <\/p>\n\n\n\n<p>A indigitada pergunta foi parar v\u00e1rios sites do Brasil todo. Como o perfil no X, antigo Twitter, do jornalista Andr\u00e9 Rizek. <\/p>\n\n\n\n<p><strong>Veja aqui:<\/strong> <\/p>\n\n\n\n<figure class=\"wp-block-video\"><video controls src=\"https:\/\/dedemesquita.com.br\/wp-content\/uploads\/2023\/09\/ssstwitter.com_1693999941278.mp4\"><\/video><figcaption class=\"wp-element-caption\">A pergunta feita por Lino Machado<\/figcaption><\/figure>\n\n\n\n<p>Depois da grande repercuss\u00e3o, a RBA TV divulgou uma nota em seu perfil no Instagram, afirmando que &#8220;provid\u00eancias internas que o caso requer&#8221; j\u00e1 foram tomadas. Mas segundo a &#8220;rede corredor&#8221;, Machado estaria afastado de suas fun\u00e7\u00f5es &#8220;por tempo indeterminado&#8221;.  <\/p>\n\n\n<div class=\"wp-block-image\">\n<figure class=\"aligncenter size-full\"><img loading=\"lazy\" decoding=\"async\" width=\"559\" height=\"700\" src=\"https:\/\/dedemesquita.com.br\/wp-content\/uploads\/2023\/09\/WhatsApp-Image-2023-09-06-at-19.56.56.jpeg\" alt=\"\" class=\"wp-image-7252\"\/><figcaption class=\"wp-element-caption\">Ignorem, por favor, o erro grave de portugu\u00eas na nota <\/figcaption><\/figure><\/div>","protected":false},"excerpt":{"rendered":"<p>Bel\u00e9m, 6 de setembro de 2023 &#8211; Na ter\u00e7a-feira, 5, durante uma coletiva de imprensa com os jogadores da Sele\u00e7\u00e3o Brasileira de Futebol, que est\u00e1 em Bel\u00e9m para a primeira partida da Eliminat\u00f3rias para Copa do Mundo de 2026, uma pergunta desastrosa do rep\u00f3rter Lino Machado, da RBA TV, ganhou repercuss\u00e3o nacional. O escolhido para [&hellip;]<\/p>\n","protected":false},"author":2,"featured_media":7253,"comment_status":"open","ping_status":"open","sticky":false,"template":"","format":"standard","meta":{"footnotes":""},"categories":[51,14,29],"tags":[119,120,145],"class_list":["post-7249","post","type-post","status-publish","format-standard","has-post-thumbnail","hentry","category-destaque","category-imprensa","category-jornalismo","tag-jornalismo","tag-jornalistas-paraenses-em-acao","tag-rbatv"],"yoast_head":"<!-- This site is optimized with the Yoast SEO plugin v19.10 - https:\/\/yoast.com\/wordpress\/plugins\/seo\/ -->\n<title>Depois de pergunta desastrosa em coletiva de imprensa da Sele\u00e7\u00e3o Brasileira, RBA TV afasta rep\u00f3rter - Ded\u00e9 Mesquita<\/title>\n<meta name=\"robots\" content=\"index, follow, max-snippet:-1, max-image-preview:large, max-video-preview:-1\" \/>\n<link rel=\"canonical\" href=\"https:\/\/dedemesquita.com.br\/?p=7249\" \/>\n<meta property=\"og:locale\" content=\"pt_BR\" \/>\n<meta property=\"og:type\" content=\"article\" \/>\n<meta property=\"og:title\" content=\"Depois de pergunta desastrosa em coletiva de imprensa da Sele\u00e7\u00e3o Brasileira, RBA TV afasta rep\u00f3rter - Ded\u00e9 Mesquita\" \/>\n<meta property=\"og:description\" content=\"Bel\u00e9m, 6 de setembro de 2023 &#8211; Na ter\u00e7a-feira, 5, durante uma coletiva de imprensa com os jogadores da Sele\u00e7\u00e3o Brasileira de Futebol, que est\u00e1 em Bel\u00e9m para a primeira partida da Eliminat\u00f3rias para Copa do Mundo de 2026, uma pergunta desastrosa do rep\u00f3rter Lino Machado, da RBA TV, ganhou repercuss\u00e3o nacional. O escolhido para [&hellip;]\" \/>\n<meta property=\"og:url\" content=\"https:\/\/dedemesquita.com.br\/?p=7249\" \/>\n<meta property=\"og:site_name\" content=\"Ded\u00e9 Mesquita\" \/>\n<meta property=\"article:publisher\" content=\"https:\/\/www.facebook.com\/dede.mesquita\" \/>\n<meta property=\"article:published_time\" content=\"2023-09-06T23:26:49+00:00\" \/>\n<meta property=\"article:modified_time\" content=\"2023-09-06T23:26:50+00:00\" \/>\n<meta property=\"og:image\" content=\"https:\/\/dedemesquita.com.br\/wp-content\/uploads\/2023\/09\/WhatsApp-Image-2023-09-06-at-20.24.31.jpeg\" \/>\n\t<meta property=\"og:image:width\" content=\"796\" \/>\n\t<meta property=\"og:image:height\" content=\"386\" \/>\n\t<meta property=\"og:image:type\" content=\"image\/jpeg\" \/>\n<meta name=\"author\" content=\"Ded\u00e9 Mesquita\" \/>\n<meta name=\"twitter:card\" content=\"summary_large_image\" \/>\n<meta name=\"twitter:creator\" content=\"@dedemesquita\" \/>\n<meta name=\"twitter:site\" content=\"@dedemesquita\" \/>\n<meta name=\"twitter:label1\" content=\"Escrito por\" \/>\n\t<meta name=\"twitter:data1\" content=\"Ded\u00e9 Mesquita\" \/>\n\t<meta name=\"twitter:label2\" content=\"Est. tempo de leitura\" \/>\n\t<meta name=\"twitter:data2\" content=\"1 minuto\" \/>\n<script type=\"application\/ld+json\" class=\"yoast-schema-graph\">{\"@context\":\"https:\/\/schema.org\",\"@graph\":[{\"@type\":\"WebPage\",\"@id\":\"https:\/\/dedemesquita.com.br\/?p=7249\",\"url\":\"https:\/\/dedemesquita.com.br\/?p=7249\",\"name\":\"Depois de pergunta desastrosa em coletiva de imprensa da Sele\u00e7\u00e3o Brasileira, RBA TV afasta rep\u00f3rter - Ded\u00e9 Mesquita\",\"isPartOf\":{\"@id\":\"https:\/\/dedemesquita.com.br\/#website\"},\"datePublished\":\"2023-09-06T23:26:49+00:00\",\"dateModified\":\"2023-09-06T23:26:50+00:00\",\"author\":{\"@id\":\"https:\/\/dedemesquita.com.br\/#\/schema\/person\/36571f81dd2d76dc3ab37231542c9e24\"},\"breadcrumb\":{\"@id\":\"https:\/\/dedemesquita.com.br\/?p=7249#breadcrumb\"},\"inLanguage\":\"pt-BR\",\"potentialAction\":[{\"@type\":\"ReadAction\",\"target\":[\"https:\/\/dedemesquita.com.br\/?p=7249\"]}]},{\"@type\":\"BreadcrumbList\",\"@id\":\"https:\/\/dedemesquita.com.br\/?p=7249#breadcrumb\",\"itemListElement\":[{\"@type\":\"ListItem\",\"position\":1,\"name\":\"In\u00edcio\",\"item\":\"https:\/\/dedemesquita.com.br\/\"},{\"@type\":\"ListItem\",\"position\":2,\"name\":\"Depois de pergunta desastrosa em coletiva de imprensa da Sele\u00e7\u00e3o Brasileira, RBA TV afasta rep\u00f3rter\"}]},{\"@type\":\"WebSite\",\"@id\":\"https:\/\/dedemesquita.com.br\/#website\",\"url\":\"https:\/\/dedemesquita.com.br\/\",\"name\":\"Ded\u00e9 Mesquita\",\"description\":\"Um site que mostra os bastidores da imprensa no estado do Par\u00e1 e em Bel\u00e9m\",\"potentialAction\":[{\"@type\":\"SearchAction\",\"target\":{\"@type\":\"EntryPoint\",\"urlTemplate\":\"https:\/\/dedemesquita.com.br\/?s={search_term_string}\"},\"query-input\":\"required name=search_term_string\"}],\"inLanguage\":\"pt-BR\"},{\"@type\":\"Person\",\"@id\":\"https:\/\/dedemesquita.com.br\/#\/schema\/person\/36571f81dd2d76dc3ab37231542c9e24\",\"name\":\"Ded\u00e9 Mesquita\",\"image\":{\"@type\":\"ImageObject\",\"inLanguage\":\"pt-BR\",\"@id\":\"https:\/\/dedemesquita.com.br\/#\/schema\/person\/image\/\",\"url\":\"https:\/\/dedemesquita.com.br\/wp-content\/uploads\/2021\/02\/foto_perfil-150x150.jpg\",\"contentUrl\":\"https:\/\/dedemesquita.com.br\/wp-content\/uploads\/2021\/02\/foto_perfil-150x150.jpg\",\"caption\":\"Ded\u00e9 Mesquita\"},\"sameAs\":[\"https:\/\/dedemesquita.com.br\"]}]}<\/script>\n<!-- \/ Yoast SEO plugin. -->","yoast_head_json":{"title":"Depois de pergunta desastrosa em coletiva de imprensa da Sele\u00e7\u00e3o Brasileira, RBA TV afasta rep\u00f3rter - Ded\u00e9 Mesquita","robots":{"index":"index","follow":"follow","max-snippet":"max-snippet:-1","max-image-preview":"max-image-preview:large","max-video-preview":"max-video-preview:-1"},"canonical":"https:\/\/dedemesquita.com.br\/?p=7249","og_locale":"pt_BR","og_type":"article","og_title":"Depois de pergunta desastrosa em coletiva de imprensa da Sele\u00e7\u00e3o Brasileira, RBA TV afasta rep\u00f3rter - Ded\u00e9 Mesquita","og_description":"Bel\u00e9m, 6 de setembro de 2023 &#8211; Na ter\u00e7a-feira, 5, durante uma coletiva de imprensa com os jogadores da Sele\u00e7\u00e3o Brasileira de Futebol, que est\u00e1 em Bel\u00e9m para a primeira partida da Eliminat\u00f3rias para Copa do Mundo de 2026, uma pergunta desastrosa do rep\u00f3rter Lino Machado, da RBA TV, ganhou repercuss\u00e3o nacional. O escolhido para [&hellip;]","og_url":"https:\/\/dedemesquita.com.br\/?p=7249","og_site_name":"Ded\u00e9 Mesquita","article_publisher":"https:\/\/www.facebook.com\/dede.mesquita","article_published_time":"2023-09-06T23:26:49+00:00","article_modified_time":"2023-09-06T23:26:50+00:00","og_image":[{"width":796,"height":386,"url":"https:\/\/dedemesquita.com.br\/wp-content\/uploads\/2023\/09\/WhatsApp-Image-2023-09-06-at-20.24.31.jpeg","type":"image\/jpeg"}],"author":"Ded\u00e9 Mesquita","twitter_card":"summary_large_image","twitter_creator":"@dedemesquita","twitter_site":"@dedemesquita","twitter_misc":{"Escrito por":"Ded\u00e9 Mesquita","Est. tempo de leitura":"1 minuto"},"schema":{"@context":"https:\/\/schema.org","@graph":[{"@type":"WebPage","@id":"https:\/\/dedemesquita.com.br\/?p=7249","url":"https:\/\/dedemesquita.com.br\/?p=7249","name":"Depois de pergunta desastrosa em coletiva de imprensa da Sele\u00e7\u00e3o Brasileira, RBA TV afasta rep\u00f3rter - Ded\u00e9 Mesquita","isPartOf":{"@id":"https:\/\/dedemesquita.com.br\/#website"},"datePublished":"2023-09-06T23:26:49+00:00","dateModified":"2023-09-06T23:26:50+00:00","author":{"@id":"https:\/\/dedemesquita.com.br\/#\/schema\/person\/36571f81dd2d76dc3ab37231542c9e24"},"breadcrumb":{"@id":"https:\/\/dedemesquita.com.br\/?p=7249#breadcrumb"},"inLanguage":"pt-BR","potentialAction":[{"@type":"ReadAction","target":["https:\/\/dedemesquita.com.br\/?p=7249"]}]},{"@type":"BreadcrumbList","@id":"https:\/\/dedemesquita.com.br\/?p=7249#breadcrumb","itemListElement":[{"@type":"ListItem","position":1,"name":"In\u00edcio","item":"https:\/\/dedemesquita.com.br\/"},{"@type":"ListItem","position":2,"name":"Depois de pergunta desastrosa em coletiva de imprensa da Sele\u00e7\u00e3o Brasileira, RBA TV afasta rep\u00f3rter"}]},{"@type":"WebSite","@id":"https:\/\/dedemesquita.com.br\/#website","url":"https:\/\/dedemesquita.com.br\/","name":"Ded\u00e9 Mesquita","description":"Um site que mostra os bastidores da imprensa no estado do Par\u00e1 e em Bel\u00e9m","potentialAction":[{"@type":"SearchAction","target":{"@type":"EntryPoint","urlTemplate":"https:\/\/dedemesquita.com.br\/?s={search_term_string}"},"query-input":"required name=search_term_string"}],"inLanguage":"pt-BR"},{"@type":"Person","@id":"https:\/\/dedemesquita.com.br\/#\/schema\/person\/36571f81dd2d76dc3ab37231542c9e24","name":"Ded\u00e9 Mesquita","image":{"@type":"ImageObject","inLanguage":"pt-BR","@id":"https:\/\/dedemesquita.com.br\/#\/schema\/person\/image\/","url":"https:\/\/dedemesquita.com.br\/wp-content\/uploads\/2021\/02\/foto_perfil-150x150.jpg","contentUrl":"https:\/\/dedemesquita.com.br\/wp-content\/uploads\/2021\/02\/foto_perfil-150x150.jpg","caption":"Ded\u00e9 Mesquita"},"sameAs":["https:\/\/dedemesquita.com.br"]}]}},"_links":{"self":[{"href":"https:\/\/dedemesquita.com.br\/index.php?rest_route=\/wp\/v2\/posts\/7249"}],"collection":[{"href":"https:\/\/dedemesquita.com.br\/index.php?rest_route=\/wp\/v2\/posts"}],"about":[{"href":"https:\/\/dedemesquita.com.br\/index.php?rest_route=\/wp\/v2\/types\/post"}],"author":[{"embeddable":true,"href":"https:\/\/dedemesquita.com.br\/index.php?rest_route=\/wp\/v2\/users\/2"}],"replies":[{"embeddable":true,"href":"https:\/\/dedemesquita.com.br\/index.php?rest_route=%2Fwp%2Fv2%2Fcomments&post=7249"}],"version-history":[{"count":1,"href":"https:\/\/dedemesquita.com.br\/index.php?rest_route=\/wp\/v2\/posts\/7249\/revisions"}],"predecessor-version":[{"id":7254,"href":"https:\/\/dedemesquita.com.br\/index.php?rest_route=\/wp\/v2\/posts\/7249\/revisions\/7254"}],"wp:featuredmedia":[{"embeddable":true,"href":"https:\/\/dedemesquita.com.br\/index.php?rest_route=\/wp\/v2\/media\/7253"}],"wp:attachment":[{"href":"https:\/\/dedemesquita.com.br\/index.php?rest_route=%2Fwp%2Fv2%2Fmedia&parent=7249"}],"wp:term":[{"taxonomy":"category","embeddable":true,"href":"https:\/\/dedemesquita.com.br\/index.php?rest_route=%2Fwp%2Fv2%2Fcategories&post=7249"},{"taxonomy":"post_tag","embeddable":true,"href":"https:\/\/dedemesquita.com.br\/index.php?rest_route=%2Fwp%2Fv2%2Ftags&post=7249"}],"curies":[{"name":"wp","href":"https:\/\/api.w.org\/{rel}","templated":true}]}}