{"id":720,"date":"2021-01-08T14:40:00","date_gmt":"2021-01-08T17:40:00","guid":{"rendered":"https:\/\/dedemesquita.com.br\/?p=720"},"modified":"2021-03-01T13:28:24","modified_gmt":"2021-03-01T16:28:24","slug":"ano-de-2021-comeca-agitado-com-as-mudancas-nas-redacoes-do-para","status":"publish","type":"post","link":"https:\/\/dedemesquita.com.br\/?p=720","title":{"rendered":"Ano de 2021 come\u00e7a agitado com as mudan\u00e7as nas reda\u00e7\u00f5es do Par\u00e1"},"content":{"rendered":"\n<p>Como andam as mudan\u00e7as nas reda\u00e7\u00f5es? Em polvorosa. Muitas mudan\u00e7as, especialmente, nas assessorias de comunica\u00e7\u00e3o do servi\u00e7o p\u00fablico. E vamos a elas.<\/p>\n\n\n\n<p><strong>Comus\/ Ag\u00eancia Bel\u00e9m &#8211;<\/strong> A reda\u00e7\u00e3o com maior n\u00famero de mudan\u00e7as \u00e9 a Comus\/ Ag\u00eancia Bel\u00e9m, da Prefeitura de Bel\u00e9m. Com o t\u00e9rmino da gest\u00e3o do prefeito Zenaldo Coutinho, a antiga equipe deixou a reda\u00e7\u00e3o em quase a sua totalidade. Deixaram a Comus:&nbsp; Adriana Pereira, Karla Pereira, Jamyla Magno, Andrey Ara\u00fajo, Beto Rufino, Rick Miranda, Renata Gaia, Priscilla Toscano, S\u00e9rgio Ch\u00eane, e os fot\u00f3grafos Oswaldo Forte, Fernando Sette e T\u00e1ssia Barros.&nbsp;<\/p>\n\n\n\n<p>Alguns jornalistas da antiga equipe que s\u00e3o da administra\u00e7\u00e3o indireta, os que s\u00e3o efetivos ou os que t\u00eam contratos ainda a vencer, ficaram. S\u00e3o eles: Esperan\u00e7a Bessa (SeMOB), Luis Miranda (Semec), Roberta Corr\u00eaa (Secon), M\u00e1rcia Moraes (Funpapa), Tha\u00eds Veiga (GMB), T\u00e1bita Oliveira, Amanda Cardoso e Carla Fischer (Semec), Noely Lima (Comus), Victor Fonseca (Sejel), Paula Barbosa (Sesma), Jo\u00e3o Gomes, Neldson Neves, L\u00edlian Leit\u00e3o e Lene Tavares (Comus) e a fot\u00f3grafa Alessandra Serr\u00e3o (na Funpapa).&nbsp;<\/p>\n\n\n\n<p>Como todos devem saber, a nova coordenadora da Comus \u00e9 Keyla Negr\u00e3o, que tem como adjunta, Enize Vidigal. Enize, que foi assessora de comunica\u00e7\u00e3o de Edmilson Rodrigues na C\u00e2mara Federal e tem passagem pelos jornais O Liberal e Di\u00e1rio do Par\u00e1, por ora, acumula as fun\u00e7\u00f5es de adjunta e de \u2018rep\u00f3rter da agenda do prefeito\u2019.<\/p>\n\n\n\n<p>Os novos coleguinhas na Comus s\u00e3o Danielle Bastos (Sesma), Juliana Brito (Fumbel), Joyce Ferreira (fotografia), Byanka Arruda (Ascom IASB) e Madson Sousa (Comus). Na fotografia est\u00e1 o M\u00e1cio Ferreira, que tem passagens pelo jornal O Liberal e Secom-PA. Mas outros coleguinhas devem ser nomeados. S\u00e3o especulados os nomes de M\u00e1rcia Lima e Walrimar Santos.&nbsp;<\/p>\n\n\n\n<p><strong>Rauland &#8211;<\/strong> Andrey Ara\u00fajo, com passagens pela RecordTV, SBT Par\u00e1 e Comus, agora est\u00e1 na r\u00e1dio Rauland, no setor jornal\u00edstico da R\u00e1dio, na produ\u00e7\u00e3o do \u201cShow da Manh\u00e3\u201d e do Rauland Not\u00edcias. Al\u00e9m dessas fun\u00e7\u00f5es, ele \u00e9 a voz dos destaques da reda\u00e7\u00e3o.&nbsp;<\/p>\n\n\n\n<p><strong>SBT Par\u00e1 &#8211;<\/strong> Depois da sa\u00edda do apresentador Waldo Souza do SBT Par\u00e1, a jornalista Nara Bandeira assumiu a apresenta\u00e7\u00e3o do telejornal \u201cSBT Par\u00e1\u201d. Agora, ela \u00e9 rep\u00f3rter de rede e editora do mesmo setor.&nbsp;<\/p>\n\n\n\n<p><strong>Prefeitura de Paragominas &#8211;<\/strong> O jornalista Ronaldo Gillet, com passagens pela editoria de esportes da RecordTV e portal Roma News, assumiu a Superintend\u00eancia de Comunica\u00e7\u00e3o da Prefeitura de Paragominas, na regi\u00e3o nordeste do Par\u00e1. Amanda Silva, ex-produtora da Record est\u00e1 com ele, assumindo a assessoria da gest\u00e3o de Luc\u00eddio Paes, o novo prefeito de Paragominas.&nbsp;<\/p>\n\n\n\n<p><strong>Adepar\u00e1 &#8211; <\/strong>A jornalista Aline Negr\u00e3o \u00e9 mais uma jornalista a integrar o time da Adepar\u00e1, ao lado de Aycha Nunes, Manuela Viana e Lorena Beltr\u00e3o.&nbsp;<\/p>\n\n\n\n<p><strong>O Liberal &#8211; <\/strong>A jornalista e influencer Amanda Campelo deixou a Reda\u00e7\u00e3o Integrada O Liberal. Ali\u00e1s, s\u00f3 relembrando que a chefia de reda\u00e7\u00e3o desse ve\u00edculo passou para Cary John Oliveira.&nbsp;<\/p>\n\n\n\n<p><strong>Portal Lunetas &#8211; <\/strong>As jornalistas Chris Reis de Manaus (AM), C\u00e9lia Fernanda e \u00c9lida Cristo, do Par\u00e1 (PA) s\u00e3o as novas correspondentes nacionais para a Amaz\u00f4nia do portal Lunetas. As tr\u00eas profissionais foram escolhidas pela dire\u00e7\u00e3o do portal que \u00e9 baseada em S\u00e3o Paulo e \u00e9 um canal totalmente dedicado \u00e0 inf\u00e2ncia no Brasil.&nbsp;<\/p>\n\n\n\n<p>Fernanda mora atualmente em Bragan\u00e7a e trabalhou na produ\u00e7\u00e3o da TV Liberal. Ela fala do orgulho de fazer parte do Lunetas. \u201cMe sinto feliz e grata por conseguir um lugar nesse projeto t\u00e3o importante que \u00e9 o Lunetas. Mais feliz ainda em ver que tr\u00eas mulheres da regi\u00e3o Norte foram escolhidas. O sentimento \u00e9 de alegria e esperan\u00e7a\u201d, descreveu.<\/p>\n","protected":false},"excerpt":{"rendered":"<p>Como andam as mudan\u00e7as nas reda\u00e7\u00f5es? Em polvorosa. Muitas mudan\u00e7as, especialmente, nas assessorias de comunica\u00e7\u00e3o do servi\u00e7o p\u00fablico. E vamos a elas. Comus\/ Ag\u00eancia Bel\u00e9m &#8211; A reda\u00e7\u00e3o com maior n\u00famero de mudan\u00e7as \u00e9 a Comus\/ Ag\u00eancia Bel\u00e9m, da Prefeitura de Bel\u00e9m. Com o t\u00e9rmino da gest\u00e3o do prefeito Zenaldo Coutinho, a antiga equipe deixou [&hellip;]<\/p>\n","protected":false},"author":2,"featured_media":0,"comment_status":"open","ping_status":"open","sticky":false,"template":"","format":"standard","meta":{"footnotes":""},"categories":[14],"tags":[61],"class_list":["post-720","post","type-post","status-publish","format-standard","hentry","category-imprensa","tag-danca-das-cadeiras"],"yoast_head":"<!-- This site is optimized with the Yoast SEO plugin v19.10 - https:\/\/yoast.com\/wordpress\/plugins\/seo\/ -->\n<title>Ano de 2021 come\u00e7a agitado com as mudan\u00e7as nas reda\u00e7\u00f5es do Par\u00e1 - Ded\u00e9 Mesquita<\/title>\n<meta name=\"robots\" content=\"index, follow, max-snippet:-1, max-image-preview:large, max-video-preview:-1\" \/>\n<link rel=\"canonical\" href=\"https:\/\/dedemesquita.com.br\/?p=720\" \/>\n<meta property=\"og:locale\" content=\"pt_BR\" \/>\n<meta property=\"og:type\" content=\"article\" \/>\n<meta property=\"og:title\" content=\"Ano de 2021 come\u00e7a agitado com as mudan\u00e7as nas reda\u00e7\u00f5es do Par\u00e1 - Ded\u00e9 Mesquita\" \/>\n<meta property=\"og:description\" content=\"Como andam as mudan\u00e7as nas reda\u00e7\u00f5es? Em polvorosa. Muitas mudan\u00e7as, especialmente, nas assessorias de comunica\u00e7\u00e3o do servi\u00e7o p\u00fablico. E vamos a elas. Comus\/ Ag\u00eancia Bel\u00e9m &#8211; A reda\u00e7\u00e3o com maior n\u00famero de mudan\u00e7as \u00e9 a Comus\/ Ag\u00eancia Bel\u00e9m, da Prefeitura de Bel\u00e9m. Com o t\u00e9rmino da gest\u00e3o do prefeito Zenaldo Coutinho, a antiga equipe deixou [&hellip;]\" \/>\n<meta property=\"og:url\" content=\"https:\/\/dedemesquita.com.br\/?p=720\" \/>\n<meta property=\"og:site_name\" content=\"Ded\u00e9 Mesquita\" \/>\n<meta property=\"article:publisher\" content=\"https:\/\/www.facebook.com\/dede.mesquita\" \/>\n<meta property=\"article:published_time\" content=\"2021-01-08T17:40:00+00:00\" \/>\n<meta property=\"article:modified_time\" content=\"2021-03-01T16:28:24+00:00\" \/>\n<meta name=\"author\" content=\"Ded\u00e9 Mesquita\" \/>\n<meta name=\"twitter:card\" content=\"summary_large_image\" \/>\n<meta name=\"twitter:creator\" content=\"@dedemesquita\" \/>\n<meta name=\"twitter:site\" content=\"@dedemesquita\" \/>\n<meta name=\"twitter:label1\" content=\"Escrito por\" \/>\n\t<meta name=\"twitter:data1\" content=\"Ded\u00e9 Mesquita\" \/>\n\t<meta name=\"twitter:label2\" content=\"Est. tempo de leitura\" \/>\n\t<meta name=\"twitter:data2\" content=\"3 minutos\" \/>\n<script type=\"application\/ld+json\" class=\"yoast-schema-graph\">{\"@context\":\"https:\/\/schema.org\",\"@graph\":[{\"@type\":\"WebPage\",\"@id\":\"https:\/\/dedemesquita.com.br\/?p=720\",\"url\":\"https:\/\/dedemesquita.com.br\/?p=720\",\"name\":\"Ano de 2021 come\u00e7a agitado com as mudan\u00e7as nas reda\u00e7\u00f5es do Par\u00e1 - Ded\u00e9 Mesquita\",\"isPartOf\":{\"@id\":\"https:\/\/dedemesquita.com.br\/#website\"},\"datePublished\":\"2021-01-08T17:40:00+00:00\",\"dateModified\":\"2021-03-01T16:28:24+00:00\",\"author\":{\"@id\":\"https:\/\/dedemesquita.com.br\/#\/schema\/person\/36571f81dd2d76dc3ab37231542c9e24\"},\"breadcrumb\":{\"@id\":\"https:\/\/dedemesquita.com.br\/?p=720#breadcrumb\"},\"inLanguage\":\"pt-BR\",\"potentialAction\":[{\"@type\":\"ReadAction\",\"target\":[\"https:\/\/dedemesquita.com.br\/?p=720\"]}]},{\"@type\":\"BreadcrumbList\",\"@id\":\"https:\/\/dedemesquita.com.br\/?p=720#breadcrumb\",\"itemListElement\":[{\"@type\":\"ListItem\",\"position\":1,\"name\":\"In\u00edcio\",\"item\":\"https:\/\/dedemesquita.com.br\/\"},{\"@type\":\"ListItem\",\"position\":2,\"name\":\"Ano de 2021 come\u00e7a agitado com as mudan\u00e7as nas reda\u00e7\u00f5es do Par\u00e1\"}]},{\"@type\":\"WebSite\",\"@id\":\"https:\/\/dedemesquita.com.br\/#website\",\"url\":\"https:\/\/dedemesquita.com.br\/\",\"name\":\"Ded\u00e9 Mesquita\",\"description\":\"Um site que mostra os bastidores da imprensa no estado do Par\u00e1 e em Bel\u00e9m\",\"potentialAction\":[{\"@type\":\"SearchAction\",\"target\":{\"@type\":\"EntryPoint\",\"urlTemplate\":\"https:\/\/dedemesquita.com.br\/?s={search_term_string}\"},\"query-input\":\"required name=search_term_string\"}],\"inLanguage\":\"pt-BR\"},{\"@type\":\"Person\",\"@id\":\"https:\/\/dedemesquita.com.br\/#\/schema\/person\/36571f81dd2d76dc3ab37231542c9e24\",\"name\":\"Ded\u00e9 Mesquita\",\"image\":{\"@type\":\"ImageObject\",\"inLanguage\":\"pt-BR\",\"@id\":\"https:\/\/dedemesquita.com.br\/#\/schema\/person\/image\/\",\"url\":\"https:\/\/dedemesquita.com.br\/wp-content\/uploads\/2021\/02\/foto_perfil-150x150.jpg\",\"contentUrl\":\"https:\/\/dedemesquita.com.br\/wp-content\/uploads\/2021\/02\/foto_perfil-150x150.jpg\",\"caption\":\"Ded\u00e9 Mesquita\"},\"sameAs\":[\"https:\/\/dedemesquita.com.br\"]}]}<\/script>\n<!-- \/ Yoast SEO plugin. -->","yoast_head_json":{"title":"Ano de 2021 come\u00e7a agitado com as mudan\u00e7as nas reda\u00e7\u00f5es do Par\u00e1 - Ded\u00e9 Mesquita","robots":{"index":"index","follow":"follow","max-snippet":"max-snippet:-1","max-image-preview":"max-image-preview:large","max-video-preview":"max-video-preview:-1"},"canonical":"https:\/\/dedemesquita.com.br\/?p=720","og_locale":"pt_BR","og_type":"article","og_title":"Ano de 2021 come\u00e7a agitado com as mudan\u00e7as nas reda\u00e7\u00f5es do Par\u00e1 - Ded\u00e9 Mesquita","og_description":"Como andam as mudan\u00e7as nas reda\u00e7\u00f5es? Em polvorosa. Muitas mudan\u00e7as, especialmente, nas assessorias de comunica\u00e7\u00e3o do servi\u00e7o p\u00fablico. E vamos a elas. Comus\/ Ag\u00eancia Bel\u00e9m &#8211; A reda\u00e7\u00e3o com maior n\u00famero de mudan\u00e7as \u00e9 a Comus\/ Ag\u00eancia Bel\u00e9m, da Prefeitura de Bel\u00e9m. Com o t\u00e9rmino da gest\u00e3o do prefeito Zenaldo Coutinho, a antiga equipe deixou [&hellip;]","og_url":"https:\/\/dedemesquita.com.br\/?p=720","og_site_name":"Ded\u00e9 Mesquita","article_publisher":"https:\/\/www.facebook.com\/dede.mesquita","article_published_time":"2021-01-08T17:40:00+00:00","article_modified_time":"2021-03-01T16:28:24+00:00","author":"Ded\u00e9 Mesquita","twitter_card":"summary_large_image","twitter_creator":"@dedemesquita","twitter_site":"@dedemesquita","twitter_misc":{"Escrito por":"Ded\u00e9 Mesquita","Est. tempo de leitura":"3 minutos"},"schema":{"@context":"https:\/\/schema.org","@graph":[{"@type":"WebPage","@id":"https:\/\/dedemesquita.com.br\/?p=720","url":"https:\/\/dedemesquita.com.br\/?p=720","name":"Ano de 2021 come\u00e7a agitado com as mudan\u00e7as nas reda\u00e7\u00f5es do Par\u00e1 - Ded\u00e9 Mesquita","isPartOf":{"@id":"https:\/\/dedemesquita.com.br\/#website"},"datePublished":"2021-01-08T17:40:00+00:00","dateModified":"2021-03-01T16:28:24+00:00","author":{"@id":"https:\/\/dedemesquita.com.br\/#\/schema\/person\/36571f81dd2d76dc3ab37231542c9e24"},"breadcrumb":{"@id":"https:\/\/dedemesquita.com.br\/?p=720#breadcrumb"},"inLanguage":"pt-BR","potentialAction":[{"@type":"ReadAction","target":["https:\/\/dedemesquita.com.br\/?p=720"]}]},{"@type":"BreadcrumbList","@id":"https:\/\/dedemesquita.com.br\/?p=720#breadcrumb","itemListElement":[{"@type":"ListItem","position":1,"name":"In\u00edcio","item":"https:\/\/dedemesquita.com.br\/"},{"@type":"ListItem","position":2,"name":"Ano de 2021 come\u00e7a agitado com as mudan\u00e7as nas reda\u00e7\u00f5es do Par\u00e1"}]},{"@type":"WebSite","@id":"https:\/\/dedemesquita.com.br\/#website","url":"https:\/\/dedemesquita.com.br\/","name":"Ded\u00e9 Mesquita","description":"Um site que mostra os bastidores da imprensa no estado do Par\u00e1 e em Bel\u00e9m","potentialAction":[{"@type":"SearchAction","target":{"@type":"EntryPoint","urlTemplate":"https:\/\/dedemesquita.com.br\/?s={search_term_string}"},"query-input":"required name=search_term_string"}],"inLanguage":"pt-BR"},{"@type":"Person","@id":"https:\/\/dedemesquita.com.br\/#\/schema\/person\/36571f81dd2d76dc3ab37231542c9e24","name":"Ded\u00e9 Mesquita","image":{"@type":"ImageObject","inLanguage":"pt-BR","@id":"https:\/\/dedemesquita.com.br\/#\/schema\/person\/image\/","url":"https:\/\/dedemesquita.com.br\/wp-content\/uploads\/2021\/02\/foto_perfil-150x150.jpg","contentUrl":"https:\/\/dedemesquita.com.br\/wp-content\/uploads\/2021\/02\/foto_perfil-150x150.jpg","caption":"Ded\u00e9 Mesquita"},"sameAs":["https:\/\/dedemesquita.com.br"]}]}},"_links":{"self":[{"href":"https:\/\/dedemesquita.com.br\/index.php?rest_route=\/wp\/v2\/posts\/720"}],"collection":[{"href":"https:\/\/dedemesquita.com.br\/index.php?rest_route=\/wp\/v2\/posts"}],"about":[{"href":"https:\/\/dedemesquita.com.br\/index.php?rest_route=\/wp\/v2\/types\/post"}],"author":[{"embeddable":true,"href":"https:\/\/dedemesquita.com.br\/index.php?rest_route=\/wp\/v2\/users\/2"}],"replies":[{"embeddable":true,"href":"https:\/\/dedemesquita.com.br\/index.php?rest_route=%2Fwp%2Fv2%2Fcomments&post=720"}],"version-history":[{"count":1,"href":"https:\/\/dedemesquita.com.br\/index.php?rest_route=\/wp\/v2\/posts\/720\/revisions"}],"predecessor-version":[{"id":721,"href":"https:\/\/dedemesquita.com.br\/index.php?rest_route=\/wp\/v2\/posts\/720\/revisions\/721"}],"wp:attachment":[{"href":"https:\/\/dedemesquita.com.br\/index.php?rest_route=%2Fwp%2Fv2%2Fmedia&parent=720"}],"wp:term":[{"taxonomy":"category","embeddable":true,"href":"https:\/\/dedemesquita.com.br\/index.php?rest_route=%2Fwp%2Fv2%2Fcategories&post=720"},{"taxonomy":"post_tag","embeddable":true,"href":"https:\/\/dedemesquita.com.br\/index.php?rest_route=%2Fwp%2Fv2%2Ftags&post=720"}],"curies":[{"name":"wp","href":"https:\/\/api.w.org\/{rel}","templated":true}]}}