{"id":7166,"date":"2023-08-25T09:22:20","date_gmt":"2023-08-25T12:22:20","guid":{"rendered":"https:\/\/dedemesquita.com.br\/?p=7166"},"modified":"2023-08-25T15:41:36","modified_gmt":"2023-08-25T18:41:36","slug":"audiovisual-e-musica-paraenses-ficam-mais-tristes-com-a-partida-de-leo-plato","status":"publish","type":"post","link":"https:\/\/dedemesquita.com.br\/?p=7166","title":{"rendered":"Audiovisual e m\u00fasica paraenses ficam mais tristes com a partida de L\u00e9o Plat\u00f4"},"content":{"rendered":"\n<p><strong>Bel\u00e9m, 25 de agosto de 2023 &#8211;<\/strong> Quando uma pessoa muito jovem morre, a sensa\u00e7\u00e3o de tristeza e vazio vem em uma onda forte. Quando se sabe que essa pessoa ainda tinha muito a contribuir com a cultura, de uma forma geral, usando o seu talento para enriquecer ainda mais o cinema e a m\u00fasica, a tristeza fica maior ainda&#8230;<\/p>\n\n\n\n<p>Morreu na noite de quinta-feira, 24, \u00e0s 21h, o publicit\u00e1rio paraense <strong>Leonardo Augusto<\/strong>, o <strong>L\u00e9o Plat\u00f4<\/strong>, que ficou conhecido por ter nos legado o curta-metragem &#8220;A Encantada do Brega&#8221;, feito h\u00e1 oito anos, que foi o embri\u00e3o da webs\u00e9rie &#8220;Sampleados&#8221;, um sucesso incontest\u00e1vel da produ\u00e7\u00e3o audiovisual paraense. <\/p>\n\n\n\n<p>L\u00e9o morreu em consequ\u00eancia \u00e0 uma parada cardiorrespirat\u00f3ria, mas os sinais de que ele n\u00e3o estava bem de sa\u00fade surgiram no domingo, dia 20, quando ele teve uma queda brusca de press\u00e3o e febre. Foi internado, intubado, mas, infelizmente, n\u00e3o resistiu. <\/p>\n\n\n<div class=\"wp-block-image\">\n<figure class=\"aligncenter size-full\"><img loading=\"lazy\" decoding=\"async\" width=\"850\" height=\"532\" src=\"https:\/\/dedemesquita.com.br\/wp-content\/uploads\/2023\/08\/leo1.jpeg\" alt=\"\" class=\"wp-image-7168\" srcset=\"https:\/\/dedemesquita.com.br\/wp-content\/uploads\/2023\/08\/leo1.jpeg 850w, https:\/\/dedemesquita.com.br\/wp-content\/uploads\/2023\/08\/leo1-768x481.jpeg 768w\" sizes=\"(max-width: 850px) 100vw, 850px\" \/><figcaption class=\"wp-element-caption\">Erika Siqueira, Eduardo Auad e L\u00e9o Plat\u00f4 na cobertura da coletiva da &#8220;Varanda de Nazar\u00e9&#8221;, em 2021, em Bel\u00e9m, ainda com ecos da pandemia de covid-19 (foto de Ded\u00e9 Mesquita)<\/figcaption><\/figure><\/div>\n\n\n<p><strong>Brega na veia &#8211; <\/strong>Para quem ainda n\u00e3o sabe, tanto o curta, como a s\u00e9rie, s\u00e3o exemplares de uma sacada muito boa de L\u00e9o, quando ele criou hist\u00f3rias a partir dos cl\u00e1ssicos do brega paraense, transportando-os para a linguagem audiovisual. Nos filmes, os atores, cantores e convidados entravam &#8220;na onda&#8221; e, n\u00e3o s\u00f3 atuavam em personagens t\u00edpicos paraenses, como colocavam o &#8220;gog\u00f3&#8221; para jogo e cantavam.  Toda a produ\u00e7\u00e3o da Plat\u00f4 Produ\u00e7\u00f5es \u00e9 encontrada no YouTube.<\/p>\n\n\n\n<p>N\u00e3o fui muito pr\u00f3xima de L\u00e9o, mas sempre que nos encontr\u00e1vamos era uma alegria s\u00f3. L\u00e9o era de uma intensidade \u00e0 toda prova. Super ligado e &#8220;plugado no 220W&#8221;. Parecia saber\/ sentir que a passagem dele por este plano seria breve. <\/p>\n\n\n\n<p>L\u00e9o tinha apenas 29 anos e nunca ser\u00e1 um clich\u00ea dizer que ele tinha toda uma vida &#8211; de criatividade, inquietude e sucesso &#8211; pela frente. L\u00e9o dirigiu tamb\u00e9m programas da s\u00e9rie &#8220;Sons do Par\u00e1&#8221;, da TV Liberal, e comerciais para ag\u00eancias de publicidade de Bel\u00e9m, como a Griffo. <\/p>\n\n\n\n<p>Deixo aqui os meus mais sinceros sentimentos \u00e0 fam\u00edlia dele, em especial \u00e0 jornalista e professora Erika Siqueira, que era tia de L\u00e9o, o amava incondicionalmente e trabalhava com ele na produ\u00e7\u00e3o dos epis\u00f3dios de &#8220;Sampleados&#8221; e na produtora de uma forma sempre presente. <\/p>\n\n\n\n<p>O <strong>vel\u00f3rio de L\u00e9o<\/strong> ser\u00e1 nesta sexta-feira, 25, na capela Recanto da Saudade, na rua Domingos Marreiros, 1536, no bairro do Umarizal. Vai ser celebrada uma <strong>missa de corpo presente, no s\u00e1bado, 26, \u00e0s 13 horas<\/strong>, seguida de <strong>cortejo f\u00fanebre e sepultamento, a partir das 15 horas<\/strong>, no cemit\u00e9rio Recanto da Saudade, na rodovia BR 316. <\/p>\n\n\n\n<p>Paz \u00e0 alma de L\u00e9o, que brilhe sempre a estrela dele no c\u00e9u! <\/p>\n\n\n\n<figure class=\"wp-block-video aligncenter\"><video controls src=\"https:\/\/dedemesquita.com.br\/wp-content\/uploads\/2023\/08\/WhatsApp-Video-2023-08-25-at-07.42.41.mp4\"><\/video><figcaption class=\"wp-element-caption\">L\u00e9o Plat\u00f4 em v\u00eddeo, de poucos meses atr\u00e1s, quando ele dirigiu um comercial para a ag\u00eancia Griffo  <\/figcaption><\/figure>\n\n\n\n<p> <\/p>\n","protected":false},"excerpt":{"rendered":"<p>Bel\u00e9m, 25 de agosto de 2023 &#8211; Quando uma pessoa muito jovem morre, a sensa\u00e7\u00e3o de tristeza e vazio vem em uma onda forte. Quando se sabe que essa pessoa ainda tinha muito a contribuir com a cultura, de uma forma geral, usando o seu talento para enriquecer ainda mais o cinema e a m\u00fasica, [&hellip;]<\/p>\n","protected":false},"author":2,"featured_media":7169,"comment_status":"open","ping_status":"open","sticky":false,"template":"","format":"standard","meta":{"footnotes":""},"categories":[51,14,29],"tags":[467,119,120,466,465,137],"class_list":["post-7166","post","type-post","status-publish","format-standard","has-post-thumbnail","hentry","category-destaque","category-imprensa","category-jornalismo","tag-griffo","tag-jornalismo","tag-jornalistas-paraenses-em-acao","tag-leo-plato","tag-plato-producoes","tag-tv-liberal"],"yoast_head":"<!-- This site is optimized with the Yoast SEO plugin v19.10 - https:\/\/yoast.com\/wordpress\/plugins\/seo\/ -->\n<title>Audiovisual e m\u00fasica paraenses ficam mais tristes com a partida de L\u00e9o Plat\u00f4 - Ded\u00e9 Mesquita<\/title>\n<meta name=\"robots\" content=\"index, follow, max-snippet:-1, max-image-preview:large, max-video-preview:-1\" \/>\n<link rel=\"canonical\" href=\"https:\/\/dedemesquita.com.br\/?p=7166\" \/>\n<meta property=\"og:locale\" content=\"pt_BR\" \/>\n<meta property=\"og:type\" content=\"article\" \/>\n<meta property=\"og:title\" content=\"Audiovisual e m\u00fasica paraenses ficam mais tristes com a partida de L\u00e9o Plat\u00f4 - Ded\u00e9 Mesquita\" \/>\n<meta property=\"og:description\" content=\"Bel\u00e9m, 25 de agosto de 2023 &#8211; Quando uma pessoa muito jovem morre, a sensa\u00e7\u00e3o de tristeza e vazio vem em uma onda forte. Quando se sabe que essa pessoa ainda tinha muito a contribuir com a cultura, de uma forma geral, usando o seu talento para enriquecer ainda mais o cinema e a m\u00fasica, [&hellip;]\" \/>\n<meta property=\"og:url\" content=\"https:\/\/dedemesquita.com.br\/?p=7166\" \/>\n<meta property=\"og:site_name\" content=\"Ded\u00e9 Mesquita\" \/>\n<meta property=\"article:publisher\" content=\"https:\/\/www.facebook.com\/dede.mesquita\" \/>\n<meta property=\"article:published_time\" content=\"2023-08-25T12:22:20+00:00\" \/>\n<meta property=\"article:modified_time\" content=\"2023-08-25T18:41:36+00:00\" \/>\n<meta property=\"og:image\" content=\"https:\/\/dedemesquita.com.br\/wp-content\/uploads\/2023\/08\/leo2.jpeg\" \/>\n\t<meta property=\"og:image:width\" content=\"950\" \/>\n\t<meta property=\"og:image:height\" content=\"591\" \/>\n\t<meta property=\"og:image:type\" content=\"image\/jpeg\" \/>\n<meta name=\"author\" content=\"Ded\u00e9 Mesquita\" \/>\n<meta name=\"twitter:card\" content=\"summary_large_image\" \/>\n<meta name=\"twitter:creator\" content=\"@dedemesquita\" \/>\n<meta name=\"twitter:site\" content=\"@dedemesquita\" \/>\n<meta name=\"twitter:label1\" content=\"Escrito por\" \/>\n\t<meta name=\"twitter:data1\" content=\"Ded\u00e9 Mesquita\" \/>\n\t<meta name=\"twitter:label2\" content=\"Est. tempo de leitura\" \/>\n\t<meta name=\"twitter:data2\" content=\"3 minutos\" \/>\n<script type=\"application\/ld+json\" class=\"yoast-schema-graph\">{\"@context\":\"https:\/\/schema.org\",\"@graph\":[{\"@type\":\"WebPage\",\"@id\":\"https:\/\/dedemesquita.com.br\/?p=7166\",\"url\":\"https:\/\/dedemesquita.com.br\/?p=7166\",\"name\":\"Audiovisual e m\u00fasica paraenses ficam mais tristes com a partida de L\u00e9o Plat\u00f4 - Ded\u00e9 Mesquita\",\"isPartOf\":{\"@id\":\"https:\/\/dedemesquita.com.br\/#website\"},\"datePublished\":\"2023-08-25T12:22:20+00:00\",\"dateModified\":\"2023-08-25T18:41:36+00:00\",\"author\":{\"@id\":\"https:\/\/dedemesquita.com.br\/#\/schema\/person\/36571f81dd2d76dc3ab37231542c9e24\"},\"breadcrumb\":{\"@id\":\"https:\/\/dedemesquita.com.br\/?p=7166#breadcrumb\"},\"inLanguage\":\"pt-BR\",\"potentialAction\":[{\"@type\":\"ReadAction\",\"target\":[\"https:\/\/dedemesquita.com.br\/?p=7166\"]}]},{\"@type\":\"BreadcrumbList\",\"@id\":\"https:\/\/dedemesquita.com.br\/?p=7166#breadcrumb\",\"itemListElement\":[{\"@type\":\"ListItem\",\"position\":1,\"name\":\"In\u00edcio\",\"item\":\"https:\/\/dedemesquita.com.br\/\"},{\"@type\":\"ListItem\",\"position\":2,\"name\":\"Audiovisual e m\u00fasica paraenses ficam mais tristes com a partida de L\u00e9o Plat\u00f4\"}]},{\"@type\":\"WebSite\",\"@id\":\"https:\/\/dedemesquita.com.br\/#website\",\"url\":\"https:\/\/dedemesquita.com.br\/\",\"name\":\"Ded\u00e9 Mesquita\",\"description\":\"Um site que mostra os bastidores da imprensa no estado do Par\u00e1 e em Bel\u00e9m\",\"potentialAction\":[{\"@type\":\"SearchAction\",\"target\":{\"@type\":\"EntryPoint\",\"urlTemplate\":\"https:\/\/dedemesquita.com.br\/?s={search_term_string}\"},\"query-input\":\"required name=search_term_string\"}],\"inLanguage\":\"pt-BR\"},{\"@type\":\"Person\",\"@id\":\"https:\/\/dedemesquita.com.br\/#\/schema\/person\/36571f81dd2d76dc3ab37231542c9e24\",\"name\":\"Ded\u00e9 Mesquita\",\"image\":{\"@type\":\"ImageObject\",\"inLanguage\":\"pt-BR\",\"@id\":\"https:\/\/dedemesquita.com.br\/#\/schema\/person\/image\/\",\"url\":\"https:\/\/dedemesquita.com.br\/wp-content\/uploads\/2021\/02\/foto_perfil-150x150.jpg\",\"contentUrl\":\"https:\/\/dedemesquita.com.br\/wp-content\/uploads\/2021\/02\/foto_perfil-150x150.jpg\",\"caption\":\"Ded\u00e9 Mesquita\"},\"sameAs\":[\"https:\/\/dedemesquita.com.br\"]}]}<\/script>\n<!-- \/ Yoast SEO plugin. -->","yoast_head_json":{"title":"Audiovisual e m\u00fasica paraenses ficam mais tristes com a partida de L\u00e9o Plat\u00f4 - Ded\u00e9 Mesquita","robots":{"index":"index","follow":"follow","max-snippet":"max-snippet:-1","max-image-preview":"max-image-preview:large","max-video-preview":"max-video-preview:-1"},"canonical":"https:\/\/dedemesquita.com.br\/?p=7166","og_locale":"pt_BR","og_type":"article","og_title":"Audiovisual e m\u00fasica paraenses ficam mais tristes com a partida de L\u00e9o Plat\u00f4 - Ded\u00e9 Mesquita","og_description":"Bel\u00e9m, 25 de agosto de 2023 &#8211; Quando uma pessoa muito jovem morre, a sensa\u00e7\u00e3o de tristeza e vazio vem em uma onda forte. Quando se sabe que essa pessoa ainda tinha muito a contribuir com a cultura, de uma forma geral, usando o seu talento para enriquecer ainda mais o cinema e a m\u00fasica, [&hellip;]","og_url":"https:\/\/dedemesquita.com.br\/?p=7166","og_site_name":"Ded\u00e9 Mesquita","article_publisher":"https:\/\/www.facebook.com\/dede.mesquita","article_published_time":"2023-08-25T12:22:20+00:00","article_modified_time":"2023-08-25T18:41:36+00:00","og_image":[{"width":950,"height":591,"url":"https:\/\/dedemesquita.com.br\/wp-content\/uploads\/2023\/08\/leo2.jpeg","type":"image\/jpeg"}],"author":"Ded\u00e9 Mesquita","twitter_card":"summary_large_image","twitter_creator":"@dedemesquita","twitter_site":"@dedemesquita","twitter_misc":{"Escrito por":"Ded\u00e9 Mesquita","Est. tempo de leitura":"3 minutos"},"schema":{"@context":"https:\/\/schema.org","@graph":[{"@type":"WebPage","@id":"https:\/\/dedemesquita.com.br\/?p=7166","url":"https:\/\/dedemesquita.com.br\/?p=7166","name":"Audiovisual e m\u00fasica paraenses ficam mais tristes com a partida de L\u00e9o Plat\u00f4 - Ded\u00e9 Mesquita","isPartOf":{"@id":"https:\/\/dedemesquita.com.br\/#website"},"datePublished":"2023-08-25T12:22:20+00:00","dateModified":"2023-08-25T18:41:36+00:00","author":{"@id":"https:\/\/dedemesquita.com.br\/#\/schema\/person\/36571f81dd2d76dc3ab37231542c9e24"},"breadcrumb":{"@id":"https:\/\/dedemesquita.com.br\/?p=7166#breadcrumb"},"inLanguage":"pt-BR","potentialAction":[{"@type":"ReadAction","target":["https:\/\/dedemesquita.com.br\/?p=7166"]}]},{"@type":"BreadcrumbList","@id":"https:\/\/dedemesquita.com.br\/?p=7166#breadcrumb","itemListElement":[{"@type":"ListItem","position":1,"name":"In\u00edcio","item":"https:\/\/dedemesquita.com.br\/"},{"@type":"ListItem","position":2,"name":"Audiovisual e m\u00fasica paraenses ficam mais tristes com a partida de L\u00e9o Plat\u00f4"}]},{"@type":"WebSite","@id":"https:\/\/dedemesquita.com.br\/#website","url":"https:\/\/dedemesquita.com.br\/","name":"Ded\u00e9 Mesquita","description":"Um site que mostra os bastidores da imprensa no estado do Par\u00e1 e em Bel\u00e9m","potentialAction":[{"@type":"SearchAction","target":{"@type":"EntryPoint","urlTemplate":"https:\/\/dedemesquita.com.br\/?s={search_term_string}"},"query-input":"required name=search_term_string"}],"inLanguage":"pt-BR"},{"@type":"Person","@id":"https:\/\/dedemesquita.com.br\/#\/schema\/person\/36571f81dd2d76dc3ab37231542c9e24","name":"Ded\u00e9 Mesquita","image":{"@type":"ImageObject","inLanguage":"pt-BR","@id":"https:\/\/dedemesquita.com.br\/#\/schema\/person\/image\/","url":"https:\/\/dedemesquita.com.br\/wp-content\/uploads\/2021\/02\/foto_perfil-150x150.jpg","contentUrl":"https:\/\/dedemesquita.com.br\/wp-content\/uploads\/2021\/02\/foto_perfil-150x150.jpg","caption":"Ded\u00e9 Mesquita"},"sameAs":["https:\/\/dedemesquita.com.br"]}]}},"_links":{"self":[{"href":"https:\/\/dedemesquita.com.br\/index.php?rest_route=\/wp\/v2\/posts\/7166"}],"collection":[{"href":"https:\/\/dedemesquita.com.br\/index.php?rest_route=\/wp\/v2\/posts"}],"about":[{"href":"https:\/\/dedemesquita.com.br\/index.php?rest_route=\/wp\/v2\/types\/post"}],"author":[{"embeddable":true,"href":"https:\/\/dedemesquita.com.br\/index.php?rest_route=\/wp\/v2\/users\/2"}],"replies":[{"embeddable":true,"href":"https:\/\/dedemesquita.com.br\/index.php?rest_route=%2Fwp%2Fv2%2Fcomments&post=7166"}],"version-history":[{"count":8,"href":"https:\/\/dedemesquita.com.br\/index.php?rest_route=\/wp\/v2\/posts\/7166\/revisions"}],"predecessor-version":[{"id":7181,"href":"https:\/\/dedemesquita.com.br\/index.php?rest_route=\/wp\/v2\/posts\/7166\/revisions\/7181"}],"wp:featuredmedia":[{"embeddable":true,"href":"https:\/\/dedemesquita.com.br\/index.php?rest_route=\/wp\/v2\/media\/7169"}],"wp:attachment":[{"href":"https:\/\/dedemesquita.com.br\/index.php?rest_route=%2Fwp%2Fv2%2Fmedia&parent=7166"}],"wp:term":[{"taxonomy":"category","embeddable":true,"href":"https:\/\/dedemesquita.com.br\/index.php?rest_route=%2Fwp%2Fv2%2Fcategories&post=7166"},{"taxonomy":"post_tag","embeddable":true,"href":"https:\/\/dedemesquita.com.br\/index.php?rest_route=%2Fwp%2Fv2%2Ftags&post=7166"}],"curies":[{"name":"wp","href":"https:\/\/api.w.org\/{rel}","templated":true}]}}