{"id":7154,"date":"2023-08-17T14:46:37","date_gmt":"2023-08-17T17:46:37","guid":{"rendered":"https:\/\/dedemesquita.com.br\/?p=7154"},"modified":"2023-08-17T14:59:42","modified_gmt":"2023-08-17T17:59:42","slug":"sinjor-pa-promove-assembleia-com-vistas-a-eleicao-de-dezembro-e-descarta-chapa-unica-no-processo","status":"publish","type":"post","link":"https:\/\/dedemesquita.com.br\/?p=7154","title":{"rendered":"Sinjor-PA promove assembleia com vistas \u00e0 elei\u00e7\u00e3o de dezembro e descarta &#8216;chapa \u00fanica&#8217; no processo"},"content":{"rendered":"\n<p>E voltamos em edi\u00e7\u00e3o extraordin\u00e1ria por conta de not\u00edcias bem urgentes. Veja abaixo:<\/p>\n\n\n\n<p><strong>Elei\u00e7\u00e3o &#8211;<\/strong> O <strong>Sindicato dos Jornalistas do Par\u00e1 &#8211; Sinjor-PA<\/strong> divulgou e anunciou na quinta-feira passada, 10, o in\u00edcio do processo para as elei\u00e7\u00f5es para essa entidade, <strong>ao tri\u00eanio 2023\/2026<\/strong>, que ser\u00e3o realizadas em dezembro deste ano. Haver\u00e1 uma <strong>Assembleia Geral Extraordin\u00e1ria<\/strong> para instaurar o processo eleitoral para a escolha de nova Diretoria; elei\u00e7\u00e3o de Comiss\u00e3o Eleitoral respons\u00e1vel pela condu\u00e7\u00e3o do respectivo pleito; e aprecia\u00e7\u00e3o e aprova\u00e7\u00e3o do Regimento Eleitoral <strong>ser\u00e1 realizada nesta sexta-feira, 18, \u00e0s 19 horas, de maneira h\u00edbrida, presencial e por videoconfer\u00eancia<\/strong>. O local \u00e9 a sede do Sindicato dos Banc\u00e1rios do Par\u00e1, localizada na rua Vinte e Oito de Setembro, n\u00ba 1210.<\/p>\n\n\n<div class=\"wp-block-image\">\n<figure class=\"aligncenter size-full\"><img loading=\"lazy\" decoding=\"async\" width=\"700\" height=\"629\" src=\"https:\/\/dedemesquita.com.br\/wp-content\/uploads\/2023\/08\/a2.jpg\" alt=\"\" class=\"wp-image-7158\"\/><figcaption class=\"wp-element-caption\">Edital publicado no jornal O Liberal, em postagem das redes sociais do Sinjor-PA <\/figcaption><\/figure><\/div>\n\n\n<p><strong>N\u00e3o \u00e0 Chapa \u00danica &#8211; <\/strong>Ainda no tema, o presidente do Sinjor-PA, Vito Gemaque, questionado sobre uma nota divulgada na <strong>coluna Rep\u00f3rter Di\u00e1rio<\/strong>, do <strong>jornal Di\u00e1rio do Par\u00e1<\/strong>, esclarece que <strong>N\u00c3O <\/strong>houve acordo para que uma chapa \u00fanica estivesse na disputa da elei\u00e7\u00e3o do Sindicato. O candidato derrotado na \u00faltima elei\u00e7\u00e3o, <strong>Evandro Correa<\/strong>, em reuni\u00e3o com a diretoria do Sinjor, sugeriu a cria\u00e7\u00e3o de uma chapa \u00fanica tendo Evandro como presidente e Vito, como vice, e, depois de muitas pondera\u00e7\u00f5es, a proposta foi recusada pela atual diretoria. O Sinjor desmente, assim, a nota do <strong>jornal Di\u00e1rio do Par\u00e1<\/strong>, publicada na ter\u00e7a-feira, dia 15. <\/p>\n\n\n<div class=\"wp-block-image\">\n<figure class=\"aligncenter size-full\"><img loading=\"lazy\" decoding=\"async\" width=\"394\" height=\"246\" src=\"https:\/\/dedemesquita.com.br\/wp-content\/uploads\/2023\/08\/WhatsApp-Image-2023-08-15-at-22.03.59.jpeg\" alt=\"\" class=\"wp-image-7157\"\/><figcaption class=\"wp-element-caption\">Nota publicada no jornal Di\u00e1rio do Par\u00e1 na ter\u00e7a-feira, 15<\/figcaption><\/figure><\/div>\n\n\n<p><strong>Greve na RBA Parauapebas &#8211;<\/strong> Falando em Di\u00e1rio do Par\u00e1, o grupo ao qual ele \u00e9 agregado, <strong>Rede Brasil Amaz\u00f4nia &#8211; RBA<\/strong>, est\u00e1 com um \u201cpepino\u201d para resolver: os funcion\u00e1rios da <strong>RBATV de Parauapebas<\/strong>, regi\u00e3o sudeste do Par\u00e1, <strong>est\u00e3o em greve <\/strong>desde a \u00faltima segunda-feira, 14, em virtude a dois meses sem receber os sal\u00e1rios. A emissora l\u00e1 \u00e9 <strong>afiliada a RBATV Bel\u00e9m, do grupo RBA<\/strong>, mas \u00e9 independente em rela\u00e7\u00e3o \u00e0 gest\u00e3o e ao RH. As informa\u00e7\u00f5es d\u00e3o conta que essa emissora pode perder o contrato de retransmiss\u00e3o da RBATV Bel\u00e9m por causa desse problema. O <strong>Sinjor-PA <\/strong>est\u00e1 no circuito, tentando uma solu\u00e7\u00e3o para o assunto.<\/p>\n\n\n<div class=\"wp-block-image\">\n<figure class=\"aligncenter size-full\"><img loading=\"lazy\" decoding=\"async\" width=\"700\" height=\"393\" src=\"https:\/\/dedemesquita.com.br\/wp-content\/uploads\/2023\/08\/pebas.jpg\" alt=\"\" class=\"wp-image-7162\"\/><figcaption class=\"wp-element-caption\">Desde segunda-feira, 14, funcion\u00e1rios da TV RBA Parauapebas est\u00e3o em greve <\/figcaption><\/figure><\/div>\n\n\n<p><strong>Amaz\u00f4nia L\u00edquida &#8211; <\/strong>O fot\u00f3grafo <strong>Tarso Sarraf <\/strong>est\u00e1 com uma exposi\u00e7\u00e3o em cartaz em Bel\u00e9m. \u00c9 a nova edi\u00e7\u00e3o de \u201cAmaz\u00f4nia L\u00edquida\u201d, na qual a artista pl\u00e1stica <strong>Rose Maiorana<\/strong> faz intervers\u00f5es sobre fotografias de Tarso. A mostra, que j\u00e1 esteve em cartaz em S\u00e3o Paulo, foi aberta na quinta-feira, 10, na <strong>galeria no Museu de Artes Brasil &#8211; Estados Unidos &#8211; Mabeu<\/strong>, em Batista Campos. Nesta edi\u00e7\u00e3o, entraram mais de 30 obras in\u00e9ditas feitas entre a primeira exposi\u00e7\u00e3o em S\u00e3o Paulo e Bel\u00e9m. A exposi\u00e7\u00e3o pode ser visitada <strong>gratuitamente<\/strong> pelo p\u00fablico, das 14h \u00e0s 18h, <strong>at\u00e9 o dia 16 de setembro<\/strong>.<\/p>\n\n\n<div class=\"wp-block-image\">\n<figure class=\"aligncenter size-full\"><img loading=\"lazy\" decoding=\"async\" width=\"750\" height=\"522\" src=\"https:\/\/dedemesquita.com.br\/wp-content\/uploads\/2023\/08\/WhatsApp-Image-2023-08-17-at-13.40.23.jpeg\" alt=\"\" class=\"wp-image-7156\"\/><figcaption class=\"wp-element-caption\">Rose Maiorana e Tarso Sarraf na abertura da exposi\u00e7\u00e3o &#8220;Amaz\u00f4nia L\u00edquida&#8221; em Bel\u00e9m <\/figcaption><\/figure><\/div>\n\n\n<p><strong>Cas\u00f3rio &#8211;<\/strong> A jornalista paraense <strong>Bianca Levy<\/strong>, que se mudou para Natal &#8211; RN, se casou com <strong>Charles Vasconcelos<\/strong>, na quinta-feira, dia 10. Felicidades. <\/p>\n\n\n<div class=\"wp-block-image\">\n<figure class=\"aligncenter size-full\"><img loading=\"lazy\" decoding=\"async\" width=\"750\" height=\"489\" src=\"https:\/\/dedemesquita.com.br\/wp-content\/uploads\/2023\/08\/Biana-Levy.jpg\" alt=\"\" class=\"wp-image-7155\"\/><figcaption class=\"wp-element-caption\">Bianca e Charles no dia do casamento deles <\/figcaption><\/figure><\/div>\n\n\n<p><strong>Anivers\u00e1rio &#8211;<\/strong> O site <strong>O Antag\u00f4nico<\/strong>, do jornalista <strong>Evandro Correa<\/strong>, completou dois anos de funda\u00e7\u00e3o. Para celebrar a data, cantor Paulo Ricardo, ex-RPM, fez um show fechado para convidados, <strong>no s\u00e1bado, dia 5 passado<\/strong>, no residencial Montenegro Boulevard, na avenida Augusto Montenegro, em Bel\u00e9m.<\/p>\n\n\n<div class=\"wp-block-image\">\n<figure class=\"aligncenter size-full\"><img loading=\"lazy\" decoding=\"async\" width=\"750\" height=\"507\" src=\"https:\/\/dedemesquita.com.br\/wp-content\/uploads\/2023\/08\/WhatsApp-Image-2023-08-17-at-14.40.33.jpeg\" alt=\"\" class=\"wp-image-7160\"\/><figcaption class=\"wp-element-caption\">O cantor Paulo Ricardo foi a atra\u00e7\u00e3o do show que celebrou os dois anos de funda\u00e7\u00e3o do site O Antag\u00f4nico <\/figcaption><\/figure><\/div>","protected":false},"excerpt":{"rendered":"<p>E voltamos em edi\u00e7\u00e3o extraordin\u00e1ria por conta de not\u00edcias bem urgentes. Veja abaixo: Elei\u00e7\u00e3o &#8211; O Sindicato dos Jornalistas do Par\u00e1 &#8211; Sinjor-PA divulgou e anunciou na quinta-feira passada, 10, o in\u00edcio do processo para as elei\u00e7\u00f5es para essa entidade, ao tri\u00eanio 2023\/2026, que ser\u00e3o realizadas em dezembro deste ano. Haver\u00e1 uma Assembleia Geral Extraordin\u00e1ria [&hellip;]<\/p>\n","protected":false},"author":2,"featured_media":7159,"comment_status":"open","ping_status":"open","sticky":false,"template":"","format":"standard","meta":{"footnotes":""},"categories":[51,14,29],"tags":[119,120,235,144,464,145,130],"class_list":["post-7154","post","type-post","status-publish","format-standard","has-post-thumbnail","hentry","category-destaque","category-imprensa","category-jornalismo","tag-jornalismo","tag-jornalistas-paraenses-em-acao","tag-o-antagonico","tag-o-liberal","tag-rba-parauapebas","tag-rbatv","tag-sinjor-pa"],"yoast_head":"<!-- This site is optimized with the Yoast SEO plugin v19.10 - https:\/\/yoast.com\/wordpress\/plugins\/seo\/ -->\n<title>Sinjor-PA promove assembleia com vistas \u00e0 elei\u00e7\u00e3o de dezembro e descarta &#039;chapa \u00fanica&#039; no processo - Ded\u00e9 Mesquita<\/title>\n<meta name=\"robots\" content=\"index, follow, max-snippet:-1, max-image-preview:large, max-video-preview:-1\" \/>\n<link rel=\"canonical\" href=\"https:\/\/dedemesquita.com.br\/?p=7154\" \/>\n<meta property=\"og:locale\" content=\"pt_BR\" \/>\n<meta property=\"og:type\" content=\"article\" \/>\n<meta property=\"og:title\" content=\"Sinjor-PA promove assembleia com vistas \u00e0 elei\u00e7\u00e3o de dezembro e descarta &#039;chapa \u00fanica&#039; no processo - Ded\u00e9 Mesquita\" \/>\n<meta property=\"og:description\" content=\"E voltamos em edi\u00e7\u00e3o extraordin\u00e1ria por conta de not\u00edcias bem urgentes. Veja abaixo: Elei\u00e7\u00e3o &#8211; O Sindicato dos Jornalistas do Par\u00e1 &#8211; Sinjor-PA divulgou e anunciou na quinta-feira passada, 10, o in\u00edcio do processo para as elei\u00e7\u00f5es para essa entidade, ao tri\u00eanio 2023\/2026, que ser\u00e3o realizadas em dezembro deste ano. Haver\u00e1 uma Assembleia Geral Extraordin\u00e1ria [&hellip;]\" \/>\n<meta property=\"og:url\" content=\"https:\/\/dedemesquita.com.br\/?p=7154\" \/>\n<meta property=\"og:site_name\" content=\"Ded\u00e9 Mesquita\" \/>\n<meta property=\"article:publisher\" content=\"https:\/\/www.facebook.com\/dede.mesquita\" \/>\n<meta property=\"article:published_time\" content=\"2023-08-17T17:46:37+00:00\" \/>\n<meta property=\"article:modified_time\" content=\"2023-08-17T17:59:42+00:00\" \/>\n<meta property=\"og:image\" content=\"https:\/\/dedemesquita.com.br\/wp-content\/uploads\/2023\/08\/a3.jpg\" \/>\n\t<meta property=\"og:image:width\" content=\"950\" \/>\n\t<meta property=\"og:image:height\" content=\"863\" \/>\n\t<meta property=\"og:image:type\" content=\"image\/jpeg\" \/>\n<meta name=\"author\" content=\"Ded\u00e9 Mesquita\" \/>\n<meta name=\"twitter:card\" content=\"summary_large_image\" \/>\n<meta name=\"twitter:creator\" content=\"@dedemesquita\" \/>\n<meta name=\"twitter:site\" content=\"@dedemesquita\" \/>\n<meta name=\"twitter:label1\" content=\"Escrito por\" \/>\n\t<meta name=\"twitter:data1\" content=\"Ded\u00e9 Mesquita\" \/>\n\t<meta name=\"twitter:label2\" content=\"Est. tempo de leitura\" \/>\n\t<meta name=\"twitter:data2\" content=\"3 minutos\" \/>\n<script type=\"application\/ld+json\" class=\"yoast-schema-graph\">{\"@context\":\"https:\/\/schema.org\",\"@graph\":[{\"@type\":\"WebPage\",\"@id\":\"https:\/\/dedemesquita.com.br\/?p=7154\",\"url\":\"https:\/\/dedemesquita.com.br\/?p=7154\",\"name\":\"Sinjor-PA promove assembleia com vistas \u00e0 elei\u00e7\u00e3o de dezembro e descarta 'chapa \u00fanica' no processo - Ded\u00e9 Mesquita\",\"isPartOf\":{\"@id\":\"https:\/\/dedemesquita.com.br\/#website\"},\"datePublished\":\"2023-08-17T17:46:37+00:00\",\"dateModified\":\"2023-08-17T17:59:42+00:00\",\"author\":{\"@id\":\"https:\/\/dedemesquita.com.br\/#\/schema\/person\/36571f81dd2d76dc3ab37231542c9e24\"},\"breadcrumb\":{\"@id\":\"https:\/\/dedemesquita.com.br\/?p=7154#breadcrumb\"},\"inLanguage\":\"pt-BR\",\"potentialAction\":[{\"@type\":\"ReadAction\",\"target\":[\"https:\/\/dedemesquita.com.br\/?p=7154\"]}]},{\"@type\":\"BreadcrumbList\",\"@id\":\"https:\/\/dedemesquita.com.br\/?p=7154#breadcrumb\",\"itemListElement\":[{\"@type\":\"ListItem\",\"position\":1,\"name\":\"In\u00edcio\",\"item\":\"https:\/\/dedemesquita.com.br\/\"},{\"@type\":\"ListItem\",\"position\":2,\"name\":\"Sinjor-PA promove assembleia com vistas \u00e0 elei\u00e7\u00e3o de dezembro e descarta &#8216;chapa \u00fanica&#8217; no processo\"}]},{\"@type\":\"WebSite\",\"@id\":\"https:\/\/dedemesquita.com.br\/#website\",\"url\":\"https:\/\/dedemesquita.com.br\/\",\"name\":\"Ded\u00e9 Mesquita\",\"description\":\"Um site que mostra os bastidores da imprensa no estado do Par\u00e1 e em Bel\u00e9m\",\"potentialAction\":[{\"@type\":\"SearchAction\",\"target\":{\"@type\":\"EntryPoint\",\"urlTemplate\":\"https:\/\/dedemesquita.com.br\/?s={search_term_string}\"},\"query-input\":\"required name=search_term_string\"}],\"inLanguage\":\"pt-BR\"},{\"@type\":\"Person\",\"@id\":\"https:\/\/dedemesquita.com.br\/#\/schema\/person\/36571f81dd2d76dc3ab37231542c9e24\",\"name\":\"Ded\u00e9 Mesquita\",\"image\":{\"@type\":\"ImageObject\",\"inLanguage\":\"pt-BR\",\"@id\":\"https:\/\/dedemesquita.com.br\/#\/schema\/person\/image\/\",\"url\":\"https:\/\/dedemesquita.com.br\/wp-content\/uploads\/2021\/02\/foto_perfil-150x150.jpg\",\"contentUrl\":\"https:\/\/dedemesquita.com.br\/wp-content\/uploads\/2021\/02\/foto_perfil-150x150.jpg\",\"caption\":\"Ded\u00e9 Mesquita\"},\"sameAs\":[\"https:\/\/dedemesquita.com.br\"]}]}<\/script>\n<!-- \/ Yoast SEO plugin. -->","yoast_head_json":{"title":"Sinjor-PA promove assembleia com vistas \u00e0 elei\u00e7\u00e3o de dezembro e descarta 'chapa \u00fanica' no processo - Ded\u00e9 Mesquita","robots":{"index":"index","follow":"follow","max-snippet":"max-snippet:-1","max-image-preview":"max-image-preview:large","max-video-preview":"max-video-preview:-1"},"canonical":"https:\/\/dedemesquita.com.br\/?p=7154","og_locale":"pt_BR","og_type":"article","og_title":"Sinjor-PA promove assembleia com vistas \u00e0 elei\u00e7\u00e3o de dezembro e descarta 'chapa \u00fanica' no processo - Ded\u00e9 Mesquita","og_description":"E voltamos em edi\u00e7\u00e3o extraordin\u00e1ria por conta de not\u00edcias bem urgentes. Veja abaixo: Elei\u00e7\u00e3o &#8211; O Sindicato dos Jornalistas do Par\u00e1 &#8211; Sinjor-PA divulgou e anunciou na quinta-feira passada, 10, o in\u00edcio do processo para as elei\u00e7\u00f5es para essa entidade, ao tri\u00eanio 2023\/2026, que ser\u00e3o realizadas em dezembro deste ano. Haver\u00e1 uma Assembleia Geral Extraordin\u00e1ria [&hellip;]","og_url":"https:\/\/dedemesquita.com.br\/?p=7154","og_site_name":"Ded\u00e9 Mesquita","article_publisher":"https:\/\/www.facebook.com\/dede.mesquita","article_published_time":"2023-08-17T17:46:37+00:00","article_modified_time":"2023-08-17T17:59:42+00:00","og_image":[{"width":950,"height":863,"url":"https:\/\/dedemesquita.com.br\/wp-content\/uploads\/2023\/08\/a3.jpg","type":"image\/jpeg"}],"author":"Ded\u00e9 Mesquita","twitter_card":"summary_large_image","twitter_creator":"@dedemesquita","twitter_site":"@dedemesquita","twitter_misc":{"Escrito por":"Ded\u00e9 Mesquita","Est. tempo de leitura":"3 minutos"},"schema":{"@context":"https:\/\/schema.org","@graph":[{"@type":"WebPage","@id":"https:\/\/dedemesquita.com.br\/?p=7154","url":"https:\/\/dedemesquita.com.br\/?p=7154","name":"Sinjor-PA promove assembleia com vistas \u00e0 elei\u00e7\u00e3o de dezembro e descarta 'chapa \u00fanica' no processo - Ded\u00e9 Mesquita","isPartOf":{"@id":"https:\/\/dedemesquita.com.br\/#website"},"datePublished":"2023-08-17T17:46:37+00:00","dateModified":"2023-08-17T17:59:42+00:00","author":{"@id":"https:\/\/dedemesquita.com.br\/#\/schema\/person\/36571f81dd2d76dc3ab37231542c9e24"},"breadcrumb":{"@id":"https:\/\/dedemesquita.com.br\/?p=7154#breadcrumb"},"inLanguage":"pt-BR","potentialAction":[{"@type":"ReadAction","target":["https:\/\/dedemesquita.com.br\/?p=7154"]}]},{"@type":"BreadcrumbList","@id":"https:\/\/dedemesquita.com.br\/?p=7154#breadcrumb","itemListElement":[{"@type":"ListItem","position":1,"name":"In\u00edcio","item":"https:\/\/dedemesquita.com.br\/"},{"@type":"ListItem","position":2,"name":"Sinjor-PA promove assembleia com vistas \u00e0 elei\u00e7\u00e3o de dezembro e descarta &#8216;chapa \u00fanica&#8217; no processo"}]},{"@type":"WebSite","@id":"https:\/\/dedemesquita.com.br\/#website","url":"https:\/\/dedemesquita.com.br\/","name":"Ded\u00e9 Mesquita","description":"Um site que mostra os bastidores da imprensa no estado do Par\u00e1 e em Bel\u00e9m","potentialAction":[{"@type":"SearchAction","target":{"@type":"EntryPoint","urlTemplate":"https:\/\/dedemesquita.com.br\/?s={search_term_string}"},"query-input":"required name=search_term_string"}],"inLanguage":"pt-BR"},{"@type":"Person","@id":"https:\/\/dedemesquita.com.br\/#\/schema\/person\/36571f81dd2d76dc3ab37231542c9e24","name":"Ded\u00e9 Mesquita","image":{"@type":"ImageObject","inLanguage":"pt-BR","@id":"https:\/\/dedemesquita.com.br\/#\/schema\/person\/image\/","url":"https:\/\/dedemesquita.com.br\/wp-content\/uploads\/2021\/02\/foto_perfil-150x150.jpg","contentUrl":"https:\/\/dedemesquita.com.br\/wp-content\/uploads\/2021\/02\/foto_perfil-150x150.jpg","caption":"Ded\u00e9 Mesquita"},"sameAs":["https:\/\/dedemesquita.com.br"]}]}},"_links":{"self":[{"href":"https:\/\/dedemesquita.com.br\/index.php?rest_route=\/wp\/v2\/posts\/7154"}],"collection":[{"href":"https:\/\/dedemesquita.com.br\/index.php?rest_route=\/wp\/v2\/posts"}],"about":[{"href":"https:\/\/dedemesquita.com.br\/index.php?rest_route=\/wp\/v2\/types\/post"}],"author":[{"embeddable":true,"href":"https:\/\/dedemesquita.com.br\/index.php?rest_route=\/wp\/v2\/users\/2"}],"replies":[{"embeddable":true,"href":"https:\/\/dedemesquita.com.br\/index.php?rest_route=%2Fwp%2Fv2%2Fcomments&post=7154"}],"version-history":[{"count":3,"href":"https:\/\/dedemesquita.com.br\/index.php?rest_route=\/wp\/v2\/posts\/7154\/revisions"}],"predecessor-version":[{"id":7164,"href":"https:\/\/dedemesquita.com.br\/index.php?rest_route=\/wp\/v2\/posts\/7154\/revisions\/7164"}],"wp:featuredmedia":[{"embeddable":true,"href":"https:\/\/dedemesquita.com.br\/index.php?rest_route=\/wp\/v2\/media\/7159"}],"wp:attachment":[{"href":"https:\/\/dedemesquita.com.br\/index.php?rest_route=%2Fwp%2Fv2%2Fmedia&parent=7154"}],"wp:term":[{"taxonomy":"category","embeddable":true,"href":"https:\/\/dedemesquita.com.br\/index.php?rest_route=%2Fwp%2Fv2%2Fcategories&post=7154"},{"taxonomy":"post_tag","embeddable":true,"href":"https:\/\/dedemesquita.com.br\/index.php?rest_route=%2Fwp%2Fv2%2Ftags&post=7154"}],"curies":[{"name":"wp","href":"https:\/\/api.w.org\/{rel}","templated":true}]}}