{"id":7142,"date":"2023-08-15T14:59:42","date_gmt":"2023-08-15T17:59:42","guid":{"rendered":"https:\/\/dedemesquita.com.br\/?p=7142"},"modified":"2023-08-15T14:59:43","modified_gmt":"2023-08-15T17:59:43","slug":"roma-news-nao-apresenta-defesa-sobre-irregularidades-trabalhistas-em-acao-do-sinjor-e-outras-novidades-da-imprensa","status":"publish","type":"post","link":"https:\/\/dedemesquita.com.br\/?p=7142","title":{"rendered":"Roma News n\u00e3o apresenta defesa sobre irregularidades trabalhistas em a\u00e7\u00e3o do Sinjor e outras novidades da imprensa"},"content":{"rendered":"\n<p><strong>Bel\u00e9m, 15 de agosto de 2023 &#8211; <\/strong>Come\u00e7amos a ter\u00e7a-feira &#8211; e feriado no Par\u00e1 &#8211; com uma not\u00edcia muito importante para os coleguinhas que passaram pelo portal <strong>Roma News<\/strong> e tiveram seus direitos trabalhistas desrespeitados por aquela empresa. <\/p>\n\n\n\n<p><strong>A\u00e7\u00e3o do Sinjor contra Roma News &#8211; <\/strong>A Justi\u00e7a do Trabalho realizou a primeira audi\u00eancia sobre a a\u00e7\u00e3o coletiva do <strong>Sindicato de Jornalistas no Estado do Par\u00e1 &#8211; Sinjor-PA<\/strong> contra o grupo <strong>Roma News <\/strong>por atraso de sal\u00e1rio, n\u00e3o pagamento de horas extras, intervalos, n\u00e3o concess\u00e3o de f\u00e9rias, n\u00e3o pagamento do Fundo de Garantia do Tempo de Servi\u00e7o \u2013 FGTS, entre outras irregularidades. O juiz da 7\u00aa Vara do Trabalho de Bel\u00e9m, Andr\u00e9 Maroja, realizou a audi\u00eancia entre as partes por teleconfer\u00eancia na \u00faltima segunda-feira, dia 7. Participaram da audi\u00eancia o presidente do Sinjor-PA, <strong>Vito Gemaque<\/strong>, e o advogado Luan Concei\u00e7\u00e3o. O Sindicato entrou com processo contra o portal Roma News, com a assessoria jur\u00eddica do escrit\u00f3rio Oliveira da Concei\u00e7\u00e3o Filho Advogados, no dia 23 de junho deste ano, com o valor da causa em R$ 500 mil. <strong>O portal Roma News, de propriedade do empres\u00e1rio Romulo Maiorana Jr., n\u00e3o apresentou documentos que contrapusessem a den\u00fancia do sindicato. <\/strong>O Roma News \u00e9 conhecido por diversas irregularidades e den\u00fancias trabalhistas graves. O Sinjor-PA orienta a jornalistas e ex-trabalhadores, que passaram nos \u00faltimos cinco anos pelo grupo Roma News, a procurarem o Sindicato para se informar sobre a a\u00e7\u00e3o. <strong>O empregado que tem ou teve o sal\u00e1rio atrasado de forma frequente ou por v\u00e1rios meses, pode solicitar a chamada rescis\u00e3o indireta do contrato de trabalho<\/strong>, j\u00e1 que o patr\u00e3o est\u00e1 cometendo uma falta grave \u00e0 medida que est\u00e1 descumprindo com as cl\u00e1usulas contratuais.<\/p>\n\n\n<div class=\"wp-block-image\">\n<figure class=\"aligncenter size-full\"><img loading=\"lazy\" decoding=\"async\" width=\"708\" height=\"446\" src=\"https:\/\/dedemesquita.com.br\/wp-content\/uploads\/2023\/08\/Luan-Conceicao-e-Vito-Gemaque.jpg\" alt=\"\" class=\"wp-image-7147\"\/><figcaption class=\"wp-element-caption\">O advogado Luan Concei\u00e7\u00e3o e o presidente do Sinjor-PA, Vito Gemaque, durante a audi\u00eancia da Justi\u00e7a do Trabalho em a\u00e7\u00e3o contra o portal Roma News <\/figcaption><\/figure><\/div>\n\n\n<p><strong>Rog\u00e9rio deixa o Di\u00e1rio &#8211;<\/strong> Depois de quase 20 anos, <strong>Rog\u00e9rio Uch\u00f4a<\/strong> deixou o jornal <strong>Di\u00e1rio do Par\u00e1<\/strong>, onde come\u00e7ou como fot\u00f3grafo e depois assumiu o cargo de editor de fotografia. Ele continua, por\u00e9m, na Ag\u00eancia Par\u00e1\/ Secom-PA.<\/p>\n\n\n<div class=\"wp-block-image\">\n<figure class=\"aligncenter size-full\"><img loading=\"lazy\" decoding=\"async\" width=\"396\" height=\"580\" src=\"https:\/\/dedemesquita.com.br\/wp-content\/uploads\/2023\/08\/WhatsApp-Image-2023-08-15-at-14.47.06.jpeg\" alt=\"\" class=\"wp-image-7148\"\/><figcaption class=\"wp-element-caption\">Rog\u00e9rio Uch\u00f4a deixou o jornal Di\u00e1rio do Par\u00e1 <\/figcaption><\/figure><\/div>\n\n\n<p><strong>Redig &#8211; <\/strong>A jornalista <strong>Danielle Redig<\/strong>, que mora e trabalha em Parauapebas, no sudeste do Par\u00e1, assumiu o cargo de gerente de comunica\u00e7\u00e3o na empresa mineradora <strong>Metais B\u00e1sicos Atl\u00e2ntico Sul<\/strong>.<\/p>\n\n\n<div class=\"wp-block-image\">\n<figure class=\"aligncenter size-full\"><img loading=\"lazy\" decoding=\"async\" width=\"477\" height=\"550\" src=\"https:\/\/dedemesquita.com.br\/wp-content\/uploads\/2023\/08\/WhatsApp-Image-2023-08-15-at-14.49.15.jpeg\" alt=\"\" class=\"wp-image-7149\"\/><figcaption class=\"wp-element-caption\">Danielle Redig est\u00e1 em novo cargo, ainda na \u00e1rea da minera\u00e7\u00e3o <\/figcaption><\/figure><\/div>\n\n\n<p><strong>Tamires &#8211; <\/strong>A rep\u00f3rter <strong>Tamires Porteglio<\/strong> participou da C\u00fapula da Amaz\u00f4nia atuando pela <strong>RedeTV! Bel\u00e9m<\/strong>.<\/p>\n\n\n<div class=\"wp-block-image\">\n<figure class=\"aligncenter size-full\"><img loading=\"lazy\" decoding=\"async\" width=\"760\" height=\"800\" src=\"https:\/\/dedemesquita.com.br\/wp-content\/uploads\/2023\/08\/Tamires-Porteglio.jpg\" alt=\"\" class=\"wp-image-7143\"\/><figcaption class=\"wp-element-caption\">Tamires Porteglio durante a cobertura da C\u00fapula da Amaz\u00f4nia <\/figcaption><\/figure><\/div>\n\n\n<p><strong>Calazans &#8211; <\/strong>O publicit\u00e1rio <strong>Jos\u00e9 Calazans<\/strong> est\u00e1 aprendendo tudo sobre o Banco Pan, porque \u00e9 o cliente que ele atende h\u00e1 quatro semanas, trabalhando como <em>data insights<\/em> no est\u00fadio de conte\u00fado global <strong>Snack Content.<\/strong><\/p>\n\n\n<div class=\"wp-block-image\">\n<figure class=\"aligncenter size-full\"><img loading=\"lazy\" decoding=\"async\" width=\"463\" height=\"464\" src=\"https:\/\/dedemesquita.com.br\/wp-content\/uploads\/2023\/08\/Calazans.jpg\" alt=\"\" class=\"wp-image-7151\" srcset=\"https:\/\/dedemesquita.com.br\/wp-content\/uploads\/2023\/08\/Calazans.jpg 463w, https:\/\/dedemesquita.com.br\/wp-content\/uploads\/2023\/08\/Calazans-150x150.jpg 150w\" sizes=\"(max-width: 463px) 100vw, 463px\" \/><figcaption class=\"wp-element-caption\">Jos\u00e9 Calazans come\u00e7ou em novo trabalho <\/figcaption><\/figure><\/div>\n\n\n<p><strong>Danin &#8211;<\/strong> <strong>Ana Danin<\/strong>, depois de passar pelo projeto Liberal Amazon, de <strong>O Liberal<\/strong>, est\u00e1 no portal <strong>PIM Amaz\u00f4nia<\/strong>, desde julho passado como editora executiva, e pelo qual participou da cobertura da C\u00fapula da Amaz\u00f4nia.<\/p>\n\n\n<div class=\"wp-block-image\">\n<figure class=\"aligncenter size-full\"><img loading=\"lazy\" decoding=\"async\" width=\"679\" height=\"729\" src=\"https:\/\/dedemesquita.com.br\/wp-content\/uploads\/2023\/08\/Ana-Danin.jpg\" alt=\"\" class=\"wp-image-7144\"\/><figcaption class=\"wp-element-caption\">Ana Danin come\u00e7ou no cargo de editora executiva no portal PIM Amaz\u00f4nia <\/figcaption><\/figure><\/div>\n\n\n<p><strong>Carmem lan\u00e7a livro &#8211; <\/strong>A jornalista <strong>Carmem Palheta<\/strong> vai lan\u00e7ar o primeiro livro dela, <strong>\u201cA Borboleta Azul e Outras Cr\u00f4nicas &#8211; Afeitos e Afetos\u201d<\/strong>, com edi\u00e7\u00e3o de Liss\u00e2nder Amaral e produ\u00e7\u00e3o da editora Labrador. Ser\u00e1 <strong>no dia 13 de setembro, no Espa\u00e7o Cultural N\u00e1 Figueredo, em Bel\u00e9m<\/strong>, mas antes, no dia 6 de setembro, ela vai estar na Bienal do Livro do Rio de Janeiro.<\/p>\n\n\n<div class=\"wp-block-image\">\n<figure class=\"aligncenter size-full\"><img loading=\"lazy\" decoding=\"async\" width=\"700\" height=\"673\" src=\"https:\/\/dedemesquita.com.br\/wp-content\/uploads\/2023\/08\/Carmem-Palheta.jpg\" alt=\"\" class=\"wp-image-7145\"\/><figcaption class=\"wp-element-caption\">Carmem Palheta vai lan\u00e7ar livro em setembro pr\u00f3ximo <\/figcaption><\/figure><\/div>\n\n\n<p><strong>Reportagens de Zaghetto &#8211; Sonia Zaghetto<\/strong> come\u00e7ou a publicar as reportagens que produziu no estado do Amap\u00e1, na \u00e1rea do Oiapoque, com den\u00fancias e muitas informa\u00e7\u00f5es sobre a situa\u00e7\u00e3o daquelas popula\u00e7\u00f5es. A s\u00e9rie de reportagens pode ser acessadas no site de Sonia, neste link <a href=\"https:\/\/soniazaghetto.com\/\"><strong>https:\/\/soniazaghetto.com\/<\/strong><\/a><\/p>\n\n\n<div class=\"wp-block-image\">\n<figure class=\"aligncenter size-full\"><img loading=\"lazy\" decoding=\"async\" width=\"750\" height=\"549\" src=\"https:\/\/dedemesquita.com.br\/wp-content\/uploads\/2023\/08\/WhatsApp-Image-2023-08-15-at-14.17.10.jpeg\" alt=\"\" class=\"wp-image-7146\"\/><figcaption class=\"wp-element-caption\">A primeira reportagem de Sonia Zaghetto no Amap\u00e1 j\u00e1 pode ser conferida <\/figcaption><\/figure><\/div>","protected":false},"excerpt":{"rendered":"<p>Bel\u00e9m, 15 de agosto de 2023 &#8211; Come\u00e7amos a ter\u00e7a-feira &#8211; e feriado no Par\u00e1 &#8211; com uma not\u00edcia muito importante para os coleguinhas que passaram pelo portal Roma News e tiveram seus direitos trabalhistas desrespeitados por aquela empresa. A\u00e7\u00e3o do Sinjor contra Roma News &#8211; A Justi\u00e7a do Trabalho realizou a primeira audi\u00eancia sobre [&hellip;]<\/p>\n","protected":false},"author":2,"featured_media":7152,"comment_status":"open","ping_status":"open","sticky":false,"template":"","format":"standard","meta":{"footnotes":""},"categories":[51,14,29],"tags":[181,119,120,463,426,183,130,397,456],"class_list":["post-7142","post","type-post","status-publish","format-standard","has-post-thumbnail","hentry","category-destaque","category-imprensa","category-jornalismo","tag-diario-do-para","tag-jornalismo","tag-jornalistas-paraenses-em-acao","tag-pim-amazonia","tag-rede-tv-belem","tag-roma-news","tag-sinjor-pa","tag-sonia-zaghetto-2","tag-vale"],"yoast_head":"<!-- This site is optimized with the Yoast SEO plugin v19.10 - https:\/\/yoast.com\/wordpress\/plugins\/seo\/ -->\n<title>Roma News n\u00e3o apresenta defesa sobre irregularidades trabalhistas em a\u00e7\u00e3o do Sinjor e outras novidades da imprensa - Ded\u00e9 Mesquita<\/title>\n<meta name=\"robots\" content=\"index, follow, max-snippet:-1, max-image-preview:large, max-video-preview:-1\" \/>\n<link rel=\"canonical\" href=\"https:\/\/dedemesquita.com.br\/?p=7142\" \/>\n<meta property=\"og:locale\" content=\"pt_BR\" \/>\n<meta property=\"og:type\" content=\"article\" \/>\n<meta property=\"og:title\" content=\"Roma News n\u00e3o apresenta defesa sobre irregularidades trabalhistas em a\u00e7\u00e3o do Sinjor e outras novidades da imprensa - Ded\u00e9 Mesquita\" \/>\n<meta property=\"og:description\" content=\"Bel\u00e9m, 15 de agosto de 2023 &#8211; Come\u00e7amos a ter\u00e7a-feira &#8211; e feriado no Par\u00e1 &#8211; com uma not\u00edcia muito importante para os coleguinhas que passaram pelo portal Roma News e tiveram seus direitos trabalhistas desrespeitados por aquela empresa. A\u00e7\u00e3o do Sinjor contra Roma News &#8211; A Justi\u00e7a do Trabalho realizou a primeira audi\u00eancia sobre [&hellip;]\" \/>\n<meta property=\"og:url\" content=\"https:\/\/dedemesquita.com.br\/?p=7142\" \/>\n<meta property=\"og:site_name\" content=\"Ded\u00e9 Mesquita\" \/>\n<meta property=\"article:publisher\" content=\"https:\/\/www.facebook.com\/dede.mesquita\" \/>\n<meta property=\"article:published_time\" content=\"2023-08-15T17:59:42+00:00\" \/>\n<meta property=\"article:modified_time\" content=\"2023-08-15T17:59:43+00:00\" \/>\n<meta property=\"og:image\" content=\"https:\/\/dedemesquita.com.br\/wp-content\/uploads\/2023\/08\/WhatsApp-Image-2023-08-15-at-14.58.36.jpeg\" \/>\n\t<meta property=\"og:image:width\" content=\"591\" \/>\n\t<meta property=\"og:image:height\" content=\"408\" \/>\n\t<meta property=\"og:image:type\" content=\"image\/jpeg\" \/>\n<meta name=\"author\" content=\"Ded\u00e9 Mesquita\" \/>\n<meta name=\"twitter:card\" content=\"summary_large_image\" \/>\n<meta name=\"twitter:creator\" content=\"@dedemesquita\" \/>\n<meta name=\"twitter:site\" content=\"@dedemesquita\" \/>\n<meta name=\"twitter:label1\" content=\"Escrito por\" \/>\n\t<meta name=\"twitter:data1\" content=\"Ded\u00e9 Mesquita\" \/>\n\t<meta name=\"twitter:label2\" content=\"Est. tempo de leitura\" \/>\n\t<meta name=\"twitter:data2\" content=\"4 minutos\" \/>\n<script type=\"application\/ld+json\" class=\"yoast-schema-graph\">{\"@context\":\"https:\/\/schema.org\",\"@graph\":[{\"@type\":\"WebPage\",\"@id\":\"https:\/\/dedemesquita.com.br\/?p=7142\",\"url\":\"https:\/\/dedemesquita.com.br\/?p=7142\",\"name\":\"Roma News n\u00e3o apresenta defesa sobre irregularidades trabalhistas em a\u00e7\u00e3o do Sinjor e outras novidades da imprensa - Ded\u00e9 Mesquita\",\"isPartOf\":{\"@id\":\"https:\/\/dedemesquita.com.br\/#website\"},\"datePublished\":\"2023-08-15T17:59:42+00:00\",\"dateModified\":\"2023-08-15T17:59:43+00:00\",\"author\":{\"@id\":\"https:\/\/dedemesquita.com.br\/#\/schema\/person\/36571f81dd2d76dc3ab37231542c9e24\"},\"breadcrumb\":{\"@id\":\"https:\/\/dedemesquita.com.br\/?p=7142#breadcrumb\"},\"inLanguage\":\"pt-BR\",\"potentialAction\":[{\"@type\":\"ReadAction\",\"target\":[\"https:\/\/dedemesquita.com.br\/?p=7142\"]}]},{\"@type\":\"BreadcrumbList\",\"@id\":\"https:\/\/dedemesquita.com.br\/?p=7142#breadcrumb\",\"itemListElement\":[{\"@type\":\"ListItem\",\"position\":1,\"name\":\"In\u00edcio\",\"item\":\"https:\/\/dedemesquita.com.br\/\"},{\"@type\":\"ListItem\",\"position\":2,\"name\":\"Roma News n\u00e3o apresenta defesa sobre irregularidades trabalhistas em a\u00e7\u00e3o do Sinjor e outras novidades da imprensa\"}]},{\"@type\":\"WebSite\",\"@id\":\"https:\/\/dedemesquita.com.br\/#website\",\"url\":\"https:\/\/dedemesquita.com.br\/\",\"name\":\"Ded\u00e9 Mesquita\",\"description\":\"Um site que mostra os bastidores da imprensa no estado do Par\u00e1 e em Bel\u00e9m\",\"potentialAction\":[{\"@type\":\"SearchAction\",\"target\":{\"@type\":\"EntryPoint\",\"urlTemplate\":\"https:\/\/dedemesquita.com.br\/?s={search_term_string}\"},\"query-input\":\"required name=search_term_string\"}],\"inLanguage\":\"pt-BR\"},{\"@type\":\"Person\",\"@id\":\"https:\/\/dedemesquita.com.br\/#\/schema\/person\/36571f81dd2d76dc3ab37231542c9e24\",\"name\":\"Ded\u00e9 Mesquita\",\"image\":{\"@type\":\"ImageObject\",\"inLanguage\":\"pt-BR\",\"@id\":\"https:\/\/dedemesquita.com.br\/#\/schema\/person\/image\/\",\"url\":\"https:\/\/dedemesquita.com.br\/wp-content\/uploads\/2021\/02\/foto_perfil-150x150.jpg\",\"contentUrl\":\"https:\/\/dedemesquita.com.br\/wp-content\/uploads\/2021\/02\/foto_perfil-150x150.jpg\",\"caption\":\"Ded\u00e9 Mesquita\"},\"sameAs\":[\"https:\/\/dedemesquita.com.br\"]}]}<\/script>\n<!-- \/ Yoast SEO plugin. -->","yoast_head_json":{"title":"Roma News n\u00e3o apresenta defesa sobre irregularidades trabalhistas em a\u00e7\u00e3o do Sinjor e outras novidades da imprensa - Ded\u00e9 Mesquita","robots":{"index":"index","follow":"follow","max-snippet":"max-snippet:-1","max-image-preview":"max-image-preview:large","max-video-preview":"max-video-preview:-1"},"canonical":"https:\/\/dedemesquita.com.br\/?p=7142","og_locale":"pt_BR","og_type":"article","og_title":"Roma News n\u00e3o apresenta defesa sobre irregularidades trabalhistas em a\u00e7\u00e3o do Sinjor e outras novidades da imprensa - Ded\u00e9 Mesquita","og_description":"Bel\u00e9m, 15 de agosto de 2023 &#8211; Come\u00e7amos a ter\u00e7a-feira &#8211; e feriado no Par\u00e1 &#8211; com uma not\u00edcia muito importante para os coleguinhas que passaram pelo portal Roma News e tiveram seus direitos trabalhistas desrespeitados por aquela empresa. A\u00e7\u00e3o do Sinjor contra Roma News &#8211; A Justi\u00e7a do Trabalho realizou a primeira audi\u00eancia sobre [&hellip;]","og_url":"https:\/\/dedemesquita.com.br\/?p=7142","og_site_name":"Ded\u00e9 Mesquita","article_publisher":"https:\/\/www.facebook.com\/dede.mesquita","article_published_time":"2023-08-15T17:59:42+00:00","article_modified_time":"2023-08-15T17:59:43+00:00","og_image":[{"width":591,"height":408,"url":"https:\/\/dedemesquita.com.br\/wp-content\/uploads\/2023\/08\/WhatsApp-Image-2023-08-15-at-14.58.36.jpeg","type":"image\/jpeg"}],"author":"Ded\u00e9 Mesquita","twitter_card":"summary_large_image","twitter_creator":"@dedemesquita","twitter_site":"@dedemesquita","twitter_misc":{"Escrito por":"Ded\u00e9 Mesquita","Est. tempo de leitura":"4 minutos"},"schema":{"@context":"https:\/\/schema.org","@graph":[{"@type":"WebPage","@id":"https:\/\/dedemesquita.com.br\/?p=7142","url":"https:\/\/dedemesquita.com.br\/?p=7142","name":"Roma News n\u00e3o apresenta defesa sobre irregularidades trabalhistas em a\u00e7\u00e3o do Sinjor e outras novidades da imprensa - Ded\u00e9 Mesquita","isPartOf":{"@id":"https:\/\/dedemesquita.com.br\/#website"},"datePublished":"2023-08-15T17:59:42+00:00","dateModified":"2023-08-15T17:59:43+00:00","author":{"@id":"https:\/\/dedemesquita.com.br\/#\/schema\/person\/36571f81dd2d76dc3ab37231542c9e24"},"breadcrumb":{"@id":"https:\/\/dedemesquita.com.br\/?p=7142#breadcrumb"},"inLanguage":"pt-BR","potentialAction":[{"@type":"ReadAction","target":["https:\/\/dedemesquita.com.br\/?p=7142"]}]},{"@type":"BreadcrumbList","@id":"https:\/\/dedemesquita.com.br\/?p=7142#breadcrumb","itemListElement":[{"@type":"ListItem","position":1,"name":"In\u00edcio","item":"https:\/\/dedemesquita.com.br\/"},{"@type":"ListItem","position":2,"name":"Roma News n\u00e3o apresenta defesa sobre irregularidades trabalhistas em a\u00e7\u00e3o do Sinjor e outras novidades da imprensa"}]},{"@type":"WebSite","@id":"https:\/\/dedemesquita.com.br\/#website","url":"https:\/\/dedemesquita.com.br\/","name":"Ded\u00e9 Mesquita","description":"Um site que mostra os bastidores da imprensa no estado do Par\u00e1 e em Bel\u00e9m","potentialAction":[{"@type":"SearchAction","target":{"@type":"EntryPoint","urlTemplate":"https:\/\/dedemesquita.com.br\/?s={search_term_string}"},"query-input":"required name=search_term_string"}],"inLanguage":"pt-BR"},{"@type":"Person","@id":"https:\/\/dedemesquita.com.br\/#\/schema\/person\/36571f81dd2d76dc3ab37231542c9e24","name":"Ded\u00e9 Mesquita","image":{"@type":"ImageObject","inLanguage":"pt-BR","@id":"https:\/\/dedemesquita.com.br\/#\/schema\/person\/image\/","url":"https:\/\/dedemesquita.com.br\/wp-content\/uploads\/2021\/02\/foto_perfil-150x150.jpg","contentUrl":"https:\/\/dedemesquita.com.br\/wp-content\/uploads\/2021\/02\/foto_perfil-150x150.jpg","caption":"Ded\u00e9 Mesquita"},"sameAs":["https:\/\/dedemesquita.com.br"]}]}},"_links":{"self":[{"href":"https:\/\/dedemesquita.com.br\/index.php?rest_route=\/wp\/v2\/posts\/7142"}],"collection":[{"href":"https:\/\/dedemesquita.com.br\/index.php?rest_route=\/wp\/v2\/posts"}],"about":[{"href":"https:\/\/dedemesquita.com.br\/index.php?rest_route=\/wp\/v2\/types\/post"}],"author":[{"embeddable":true,"href":"https:\/\/dedemesquita.com.br\/index.php?rest_route=\/wp\/v2\/users\/2"}],"replies":[{"embeddable":true,"href":"https:\/\/dedemesquita.com.br\/index.php?rest_route=%2Fwp%2Fv2%2Fcomments&post=7142"}],"version-history":[{"count":2,"href":"https:\/\/dedemesquita.com.br\/index.php?rest_route=\/wp\/v2\/posts\/7142\/revisions"}],"predecessor-version":[{"id":7153,"href":"https:\/\/dedemesquita.com.br\/index.php?rest_route=\/wp\/v2\/posts\/7142\/revisions\/7153"}],"wp:featuredmedia":[{"embeddable":true,"href":"https:\/\/dedemesquita.com.br\/index.php?rest_route=\/wp\/v2\/media\/7152"}],"wp:attachment":[{"href":"https:\/\/dedemesquita.com.br\/index.php?rest_route=%2Fwp%2Fv2%2Fmedia&parent=7142"}],"wp:term":[{"taxonomy":"category","embeddable":true,"href":"https:\/\/dedemesquita.com.br\/index.php?rest_route=%2Fwp%2Fv2%2Fcategories&post=7142"},{"taxonomy":"post_tag","embeddable":true,"href":"https:\/\/dedemesquita.com.br\/index.php?rest_route=%2Fwp%2Fv2%2Ftags&post=7142"}],"curies":[{"name":"wp","href":"https:\/\/api.w.org\/{rel}","templated":true}]}}