{"id":7079,"date":"2023-08-10T18:42:17","date_gmt":"2023-08-10T21:42:17","guid":{"rendered":"https:\/\/dedemesquita.com.br\/?p=7079"},"modified":"2023-08-10T18:51:34","modified_gmt":"2023-08-10T21:51:34","slug":"cupula-da-amazonia-se-encerra-em-belem-com-dois-dias-de-muito-trabalho-da-imprensa","status":"publish","type":"post","link":"https:\/\/dedemesquita.com.br\/?p=7079","title":{"rendered":"C\u00fapula da Amaz\u00f4nia se encerra em Bel\u00e9m com dois dias de muito trabalho da imprensa"},"content":{"rendered":"\n<p><strong>Bel\u00e9m, 10 de agosto de 2023 &#8211; <\/strong>Na ter\u00e7a-feira, 7, e quarta-feira, 8, Bel\u00e9m sediou a &#8220;C\u00fapula da Amaz\u00f4nia&#8221;, evento logo em seguida ao evento &#8220;Di\u00e1logos Amaz\u00f4nicos&#8221;, que discutiu quest\u00f5es pertinentes \u00e0 regi\u00e3o amaz\u00f4nica, como desmatamento zero, desenvolvimento sustent\u00e1vel no bioma amaz\u00f4nico, mudan\u00e7as clim\u00e1ticas, sustentabilidade, preserva\u00e7\u00e3o da floresta, garimpo e outros mais. O local das discuss\u00f5es foi o Hangar &#8211; Conven\u00e7\u00f5es e Feiras da Amaz\u00f4nia.  <\/p>\n\n\n\n<p>A divulga\u00e7\u00e3o da &#8220;Declara\u00e7\u00e3o de Bel\u00e9m&#8221; pelos presidentes dos Estados Partes da Organiza\u00e7\u00e3o do Tratado de Coopera\u00e7\u00e3o Amaz\u00f4nica &#8211; OTCA encerrou o primeiro dia do evento, que teve a participa\u00e7\u00e3o do presidente do Brasil, Luiz In\u00e1cio Lula da Silva [PT], al\u00e9m de presidentes e\/ou representantes dos outros pa\u00edses da Am\u00e9rica do Sul que s\u00e3o parte e t\u00eam influ\u00eancia direta da chamada Amaz\u00f4nia Legal. <\/p>\n\n\n\n<p><strong>Imprensa &#8211;<\/strong> Foram dois dias de muito trabalho para a imprensa de Bel\u00e9m, do Par\u00e1, do Brasil e do mundo. Foi divulgado que cerca de 400 jornalistas foram credenciados, incluindo a\u00ed profissionais de pa\u00edses que nem mandaram representantes ao evento. A &#8220;C\u00fapula da Amaz\u00f4nia&#8221; foi uma mostra do que ser\u00e1 a COP 30, programada tamb\u00e9m para ser realizada em Bel\u00e9m, em 2025. <\/p>\n\n\n\n<p>Os coleguinhas da imprensa com que falei foram un\u00e2nimes em elogiar a estrutura dispon\u00edvel para eles. O <strong>sal\u00e3o B, do Hangar<\/strong>, foi transformado em uma imensa <strong>Sala de Imprensa<\/strong>, com internet, tomadas e bancadas \u00e0 disposi\u00e7\u00e3o de todos. Os colegas tiveram caf\u00e9 da manh\u00e3, lanche, almo\u00e7o e jantar servidos, al\u00e9m de \u00e1gua, sucos e caf\u00e9. Foi um &#8220;mimo s\u00f3&#8221;, assim falando. <\/p>\n\n\n\n<p><strong><em>PS: coleguinha, se tu tens fotos dessa cobertura, manda para este site, via minhas redes sociais, para aumentar o registro das atividades do evento.<\/em><\/strong><\/p>\n\n\n\n<p><strong>Veja quem passou por l\u00e1:<\/strong><\/p>\n\n\n<div class=\"wp-block-image\">\n<figure class=\"aligncenter size-full\"><img loading=\"lazy\" decoding=\"async\" width=\"850\" height=\"566\" src=\"https:\/\/dedemesquita.com.br\/wp-content\/uploads\/2023\/08\/WhatsApp-Image-2023-08-09-at-18.33.50-2.jpeg\" alt=\"\" class=\"wp-image-7108\" srcset=\"https:\/\/dedemesquita.com.br\/wp-content\/uploads\/2023\/08\/WhatsApp-Image-2023-08-09-at-18.33.50-2.jpeg 850w, https:\/\/dedemesquita.com.br\/wp-content\/uploads\/2023\/08\/WhatsApp-Image-2023-08-09-at-18.33.50-2-768x511.jpeg 768w\" sizes=\"(max-width: 850px) 100vw, 850px\" \/><figcaption class=\"wp-element-caption\">A arte da espera, com Oswaldo Forte, Raimundo Pacc\u00f3, Mauro \u00c2ngelo, M\u00e1rcio Nagano e Bruno Cruz <\/figcaption><\/figure><\/div>\n\n<div class=\"wp-block-image\">\n<figure class=\"aligncenter size-full\"><img loading=\"lazy\" decoding=\"async\" width=\"850\" height=\"566\" src=\"https:\/\/dedemesquita.com.br\/wp-content\/uploads\/2023\/08\/WhatsApp-Image-2023-08-09-at-18.34.07.jpeg\" alt=\"\" class=\"wp-image-7081\" srcset=\"https:\/\/dedemesquita.com.br\/wp-content\/uploads\/2023\/08\/WhatsApp-Image-2023-08-09-at-18.34.07.jpeg 850w, https:\/\/dedemesquita.com.br\/wp-content\/uploads\/2023\/08\/WhatsApp-Image-2023-08-09-at-18.34.07-768x511.jpeg 768w\" sizes=\"(max-width: 850px) 100vw, 850px\" \/><figcaption class=\"wp-element-caption\">Todo mundo a postos: Oswaldo Forte, Jo\u00e3o Ramid e Marx Vasconcelos em primeiro plano<\/figcaption><\/figure><\/div>\n\n<div class=\"wp-block-image\">\n<figure class=\"aligncenter size-full\"><img loading=\"lazy\" decoding=\"async\" width=\"850\" height=\"566\" src=\"https:\/\/dedemesquita.com.br\/wp-content\/uploads\/2023\/08\/WhatsApp-Image-2023-08-09-at-18.33.50-1.jpeg\" alt=\"\" class=\"wp-image-7082\" srcset=\"https:\/\/dedemesquita.com.br\/wp-content\/uploads\/2023\/08\/WhatsApp-Image-2023-08-09-at-18.33.50-1.jpeg 850w, https:\/\/dedemesquita.com.br\/wp-content\/uploads\/2023\/08\/WhatsApp-Image-2023-08-09-at-18.33.50-1-768x511.jpeg 768w\" sizes=\"(max-width: 850px) 100vw, 850px\" \/><figcaption class=\"wp-element-caption\">Os &#8220;meninos da imagem&#8221; de prontid\u00e3o, Ao fundo, Marx Vasconcelos e Jo\u00e3o Gomes<\/figcaption><\/figure><\/div>\n\n<div class=\"wp-block-image\">\n<figure class=\"aligncenter size-full\"><img loading=\"lazy\" decoding=\"async\" width=\"800\" height=\"600\" src=\"https:\/\/dedemesquita.com.br\/wp-content\/uploads\/2023\/08\/WhatsApp-Image-2023-08-09-at-18.27.08.jpeg\" alt=\"\" class=\"wp-image-7084\" srcset=\"https:\/\/dedemesquita.com.br\/wp-content\/uploads\/2023\/08\/WhatsApp-Image-2023-08-09-at-18.27.08.jpeg 800w, https:\/\/dedemesquita.com.br\/wp-content\/uploads\/2023\/08\/WhatsApp-Image-2023-08-09-at-18.27.08-768x576.jpeg 768w\" sizes=\"(max-width: 800px) 100vw, 800px\" \/><figcaption class=\"wp-element-caption\">Oswaldo Forte e Jumbinho, cinegrafista da TV Cultura. E de pano de fundo, a imensa Sala de Imprensa <\/figcaption><\/figure><\/div>\n\n<div class=\"wp-block-image\">\n<figure class=\"aligncenter size-full\"><img loading=\"lazy\" decoding=\"async\" width=\"651\" height=\"750\" src=\"https:\/\/dedemesquita.com.br\/wp-content\/uploads\/2023\/08\/WhatsApp-Image-2023-08-10-at-17.10.31-1.jpeg\" alt=\"\" class=\"wp-image-7085\"\/><figcaption class=\"wp-element-caption\">Reginaldo Gon\u00e7alves, cinegrafista da TV Liberal <\/figcaption><\/figure><\/div>\n\n<div class=\"wp-block-image\">\n<figure class=\"aligncenter size-full\"><img loading=\"lazy\" decoding=\"async\" width=\"800\" height=\"600\" src=\"https:\/\/dedemesquita.com.br\/wp-content\/uploads\/2023\/08\/WhatsApp-Image-2023-08-09-at-18.27.07.jpeg\" alt=\"\" class=\"wp-image-7105\" srcset=\"https:\/\/dedemesquita.com.br\/wp-content\/uploads\/2023\/08\/WhatsApp-Image-2023-08-09-at-18.27.07.jpeg 800w, https:\/\/dedemesquita.com.br\/wp-content\/uploads\/2023\/08\/WhatsApp-Image-2023-08-09-at-18.27.07-768x576.jpeg 768w\" sizes=\"(max-width: 800px) 100vw, 800px\" \/><figcaption class=\"wp-element-caption\">Oswaldo Forte e Ricardo Stucker, o &#8220;fot\u00f3grafo do Lula&#8221; <\/figcaption><\/figure><\/div>\n\n<div class=\"wp-block-image\">\n<figure class=\"aligncenter size-full\"><img loading=\"lazy\" decoding=\"async\" width=\"665\" height=\"750\" src=\"https:\/\/dedemesquita.com.br\/wp-content\/uploads\/2023\/08\/WhatsApp-Image-2023-08-10-at-17.10.31-2.jpeg\" alt=\"\" class=\"wp-image-7086\"\/><figcaption class=\"wp-element-caption\">Marx Furtado na cobertura para a ag\u00eancia Futura Press<\/figcaption><\/figure><\/div>\n\n<div class=\"wp-block-image\">\n<figure class=\"aligncenter size-full\"><img loading=\"lazy\" decoding=\"async\" width=\"522\" height=\"750\" src=\"https:\/\/dedemesquita.com.br\/wp-content\/uploads\/2023\/08\/WhatsApp-Image-2023-08-10-at-17.10.31-3.jpeg\" alt=\"\" class=\"wp-image-7087\"\/><figcaption class=\"wp-element-caption\">Tarso Sarraf, de O Liberal, e Daleth Oliveira, do site Uma Gota no Oceano e revista Cenarium Amaz\u00f4nia <\/figcaption><\/figure><\/div>\n\n<div class=\"wp-block-image\">\n<figure class=\"aligncenter size-full\"><img loading=\"lazy\" decoding=\"async\" width=\"580\" height=\"750\" src=\"https:\/\/dedemesquita.com.br\/wp-content\/uploads\/2023\/08\/WhatsApp-Image-2023-08-10-at-17.10.32.jpeg\" alt=\"\" class=\"wp-image-7088\"\/><figcaption class=\"wp-element-caption\">Fabyo Cruz e Cl\u00e9o Soares, do jornal O Liberal <\/figcaption><\/figure><\/div>\n\n<div class=\"wp-block-image\">\n<figure class=\"aligncenter size-full\"><img loading=\"lazy\" decoding=\"async\" width=\"590\" height=\"700\" src=\"https:\/\/dedemesquita.com.br\/wp-content\/uploads\/2023\/08\/WhatsApp-Image-2023-08-10-at-17.10.32-1.jpeg\" alt=\"\" class=\"wp-image-7089\"\/><figcaption class=\"wp-element-caption\">Osmar J\u00fanior e Oswaldo Forte <\/figcaption><\/figure><\/div>\n\n<div class=\"wp-block-image\">\n<figure class=\"aligncenter size-full\"><img loading=\"lazy\" decoding=\"async\" width=\"466\" height=\"523\" src=\"https:\/\/dedemesquita.com.br\/wp-content\/uploads\/2023\/08\/WhatsApp-Image-2023-08-09-at-10.23.49.jpeg\" alt=\"\" class=\"wp-image-7090\"\/><figcaption class=\"wp-element-caption\">Evaristo S\u00e1, Eraldo Peres, Ricardo Stucker, diretamente de Bras\u00edlia &#8211; DF, e Raimundo Pacc\u00f3 <\/figcaption><\/figure><\/div>\n\n<div class=\"wp-block-image\">\n<figure class=\"aligncenter size-full\"><img loading=\"lazy\" decoding=\"async\" width=\"652\" height=\"700\" src=\"https:\/\/dedemesquita.com.br\/wp-content\/uploads\/2023\/08\/WhatsApp-Image-2023-08-09-at-10.46.51.jpeg\" alt=\"\" class=\"wp-image-7091\"\/><figcaption class=\"wp-element-caption\">Fabiano Villela, da Globo Minas Gerais, refor\u00e7ou a cobertura, e Mois\u00e9s Nascimento, cinegrafista da TV Liberal <\/figcaption><\/figure><\/div>\n\n<div class=\"wp-block-image\">\n<figure class=\"aligncenter size-full\"><img loading=\"lazy\" decoding=\"async\" width=\"656\" height=\"700\" src=\"https:\/\/dedemesquita.com.br\/wp-content\/uploads\/2023\/08\/WhatsApp-Image-2023-08-09-at-10.46.51-1.jpeg\" alt=\"\" class=\"wp-image-7092\"\/><figcaption class=\"wp-element-caption\">Reginaldo Gon\u00e7alves e M\u00e1rcio Greick, da TV Liberal, e Fabiano Villel<\/figcaption><\/figure><\/div>\n\n<div class=\"wp-block-image\">\n<figure class=\"aligncenter size-full\"><img loading=\"lazy\" decoding=\"async\" width=\"717\" height=\"501\" src=\"https:\/\/dedemesquita.com.br\/wp-content\/uploads\/2023\/08\/WhatsApp-Image-2023-08-09-at-10.46.52.jpeg\" alt=\"\" class=\"wp-image-7093\"\/><figcaption class=\"wp-element-caption\">Mayra Leal e Andrei Ara\u00fajo do SBT Par\u00e1 <\/figcaption><\/figure><\/div>\n\n<div class=\"wp-block-image\">\n<figure class=\"aligncenter size-full\"><img loading=\"lazy\" decoding=\"async\" width=\"631\" height=\"700\" src=\"https:\/\/dedemesquita.com.br\/wp-content\/uploads\/2023\/08\/WhatsApp-Image-2023-08-09-at-10.46.52-1.jpeg\" alt=\"\" class=\"wp-image-7094\"\/><figcaption class=\"wp-element-caption\">Guilherme Guerreiro Neto, Nathalia Melo e Thalmus Gama <\/figcaption><\/figure><\/div>\n\n<div class=\"wp-block-image\">\n<figure class=\"aligncenter size-full\"><img loading=\"lazy\" decoding=\"async\" width=\"702\" height=\"498\" src=\"https:\/\/dedemesquita.com.br\/wp-content\/uploads\/2023\/08\/WhatsApp-Image-2023-08-09-at-10.46.52-2.jpeg\" alt=\"\" class=\"wp-image-7095\"\/><figcaption class=\"wp-element-caption\">Vanessa Fortes, da TV Cultura, e Marcos Uch\u00f4a, da comunica\u00e7\u00e3o da Presid\u00eancia da Rep\u00fablica <\/figcaption><\/figure><\/div>\n\n<div class=\"wp-block-image\">\n<figure class=\"aligncenter size-full\"><img loading=\"lazy\" decoding=\"async\" width=\"695\" height=\"700\" src=\"https:\/\/dedemesquita.com.br\/wp-content\/uploads\/2023\/08\/WhatsApp-Image-2023-08-09-at-10.46.53.jpeg\" alt=\"\" class=\"wp-image-7096\" srcset=\"https:\/\/dedemesquita.com.br\/wp-content\/uploads\/2023\/08\/WhatsApp-Image-2023-08-09-at-10.46.53.jpeg 695w, https:\/\/dedemesquita.com.br\/wp-content\/uploads\/2023\/08\/WhatsApp-Image-2023-08-09-at-10.46.53-150x150.jpeg 150w\" sizes=\"(max-width: 695px) 100vw, 695px\" \/><figcaption class=\"wp-element-caption\">Marcos Uch\u00f4a e Anna Paula Mello <\/figcaption><\/figure><\/div>\n\n<div class=\"wp-block-image\">\n<figure class=\"aligncenter size-full\"><img loading=\"lazy\" decoding=\"async\" width=\"701\" height=\"700\" src=\"https:\/\/dedemesquita.com.br\/wp-content\/uploads\/2023\/08\/WhatsApp-Image-2023-08-09-at-10.46.53-1.jpeg\" alt=\"\" class=\"wp-image-7097\" srcset=\"https:\/\/dedemesquita.com.br\/wp-content\/uploads\/2023\/08\/WhatsApp-Image-2023-08-09-at-10.46.53-1.jpeg 701w, https:\/\/dedemesquita.com.br\/wp-content\/uploads\/2023\/08\/WhatsApp-Image-2023-08-09-at-10.46.53-1-150x150.jpeg 150w\" sizes=\"(max-width: 701px) 100vw, 701px\" \/><figcaption class=\"wp-element-caption\">Igor Mota e Bruno Cruz<\/figcaption><\/figure><\/div>\n\n<div class=\"wp-block-image\">\n<figure class=\"aligncenter size-full\"><img loading=\"lazy\" decoding=\"async\" width=\"630\" height=\"800\" src=\"https:\/\/dedemesquita.com.br\/wp-content\/uploads\/2023\/08\/WhatsApp-Image-2023-08-09-at-10.46.54.jpeg\" alt=\"\" class=\"wp-image-7098\"\/><figcaption class=\"wp-element-caption\">Thalmus Gama, das m\u00eddias sociais da Secom\/ Governo do Par\u00e1 <\/figcaption><\/figure><\/div>\n\n<div class=\"wp-block-image\">\n<figure class=\"aligncenter size-full\"><img loading=\"lazy\" decoding=\"async\" width=\"594\" height=\"800\" src=\"https:\/\/dedemesquita.com.br\/wp-content\/uploads\/2023\/08\/WhatsApp-Image-2023-08-09-at-10.46.54-1.jpeg\" alt=\"\" class=\"wp-image-7099\"\/><figcaption class=\"wp-element-caption\">Oswaldo Forte <\/figcaption><\/figure><\/div>\n\n<div class=\"wp-block-image\">\n<figure class=\"aligncenter size-full\"><img loading=\"lazy\" decoding=\"async\" width=\"573\" height=\"800\" src=\"https:\/\/dedemesquita.com.br\/wp-content\/uploads\/2023\/08\/WhatsApp-Image-2023-08-09-at-10.46.54-2.jpeg\" alt=\"\" class=\"wp-image-7100\"\/><figcaption class=\"wp-element-caption\">Chris Machado do portal Roma News <\/figcaption><\/figure><\/div>\n\n<div class=\"wp-block-image\">\n<figure class=\"aligncenter size-full\"><img loading=\"lazy\" decoding=\"async\" width=\"605\" height=\"800\" src=\"https:\/\/dedemesquita.com.br\/wp-content\/uploads\/2023\/08\/WhatsApp-Image-2023-08-09-at-10.46.55.jpeg\" alt=\"\" class=\"wp-image-7101\"\/><figcaption class=\"wp-element-caption\">Nilson Cortinhas que cobriu o evento pela CNN <\/figcaption><\/figure><\/div>\n\n<div class=\"wp-block-image\">\n<figure class=\"aligncenter size-full\"><img loading=\"lazy\" decoding=\"async\" width=\"696\" height=\"800\" src=\"https:\/\/dedemesquita.com.br\/wp-content\/uploads\/2023\/08\/WhatsApp-Image-2023-08-09-at-20.08.17.jpeg\" alt=\"\" class=\"wp-image-7102\"\/><figcaption class=\"wp-element-caption\">Marco Santos, Tarso Sarraf, Raimundo Pacc\u00f3 e Oswaldo Forte (foto de Marco Santos)<\/figcaption><\/figure><\/div>\n\n<div class=\"wp-block-image\">\n<figure class=\"aligncenter size-full\"><img loading=\"lazy\" decoding=\"async\" width=\"800\" height=\"600\" src=\"https:\/\/dedemesquita.com.br\/wp-content\/uploads\/2023\/08\/WhatsApp-Image-2023-08-09-at-18.27.05.jpeg\" alt=\"\" class=\"wp-image-7103\" srcset=\"https:\/\/dedemesquita.com.br\/wp-content\/uploads\/2023\/08\/WhatsApp-Image-2023-08-09-at-18.27.05.jpeg 800w, https:\/\/dedemesquita.com.br\/wp-content\/uploads\/2023\/08\/WhatsApp-Image-2023-08-09-at-18.27.05-768x576.jpeg 768w\" sizes=\"(max-width: 800px) 100vw, 800px\" \/><figcaption class=\"wp-element-caption\">Igor Mota, Paulo Castro e Oswaldo Forte (foto de Igor Mota)<\/figcaption><\/figure><\/div>\n\n<div class=\"wp-block-image\">\n<figure class=\"aligncenter size-full\"><img loading=\"lazy\" decoding=\"async\" width=\"800\" height=\"600\" src=\"https:\/\/dedemesquita.com.br\/wp-content\/uploads\/2023\/08\/WhatsApp-Image-2023-08-09-at-18.27.06.jpeg\" alt=\"\" class=\"wp-image-7104\" srcset=\"https:\/\/dedemesquita.com.br\/wp-content\/uploads\/2023\/08\/WhatsApp-Image-2023-08-09-at-18.27.06.jpeg 800w, https:\/\/dedemesquita.com.br\/wp-content\/uploads\/2023\/08\/WhatsApp-Image-2023-08-09-at-18.27.06-768x576.jpeg 768w\" sizes=\"(max-width: 800px) 100vw, 800px\" \/><figcaption class=\"wp-element-caption\">Oswaldo Forte, Raimundo Pacc\u00f3, Evaristo S\u00e1 e Eraldo Peres (foto de Oswaldo Forte)<\/figcaption><\/figure><\/div>\n\n<div class=\"wp-block-image\">\n<figure class=\"aligncenter size-full\"><img loading=\"lazy\" decoding=\"async\" width=\"800\" height=\"600\" src=\"https:\/\/dedemesquita.com.br\/wp-content\/uploads\/2023\/08\/WhatsApp-Image-2023-08-09-at-18.27.07-2.jpeg\" alt=\"\" class=\"wp-image-7106\" srcset=\"https:\/\/dedemesquita.com.br\/wp-content\/uploads\/2023\/08\/WhatsApp-Image-2023-08-09-at-18.27.07-2.jpeg 800w, https:\/\/dedemesquita.com.br\/wp-content\/uploads\/2023\/08\/WhatsApp-Image-2023-08-09-at-18.27.07-2-768x576.jpeg 768w\" sizes=\"(max-width: 800px) 100vw, 800px\" \/><figcaption class=\"wp-element-caption\">Bruno Cecim, da Secom-PA, e Oswaldo Forte <\/figcaption><\/figure><\/div>\n\n<div class=\"wp-block-image\">\n<figure class=\"aligncenter size-full\"><img loading=\"lazy\" decoding=\"async\" width=\"800\" height=\"600\" src=\"https:\/\/dedemesquita.com.br\/wp-content\/uploads\/2023\/08\/WhatsApp-Image-2023-08-09-at-18.27.07-3.jpeg\" alt=\"\" class=\"wp-image-7107\" srcset=\"https:\/\/dedemesquita.com.br\/wp-content\/uploads\/2023\/08\/WhatsApp-Image-2023-08-09-at-18.27.07-3.jpeg 800w, https:\/\/dedemesquita.com.br\/wp-content\/uploads\/2023\/08\/WhatsApp-Image-2023-08-09-at-18.27.07-3-768x576.jpeg 768w\" sizes=\"(max-width: 800px) 100vw, 800px\" \/><figcaption class=\"wp-element-caption\">Marco Santos, o &#8220;fot\u00f3grafo do Heldisssss&#8221;, e Oswaldo Forte<\/figcaption><\/figure><\/div>\n\n<div class=\"wp-block-image\">\n<figure class=\"aligncenter size-full\"><img loading=\"lazy\" decoding=\"async\" width=\"709\" height=\"750\" src=\"https:\/\/dedemesquita.com.br\/wp-content\/uploads\/2023\/08\/Laiana-Damasceno.jpg\" alt=\"\" class=\"wp-image-7112\"\/><figcaption class=\"wp-element-caption\">Laiana Damasceno, que veio do Rio de Janeiro, onde est\u00e1 morando, e cobriu os eventos como<em> frila<\/em> pelo portal Roma News<\/figcaption><\/figure><\/div>\n\n<div class=\"wp-block-image\">\n<figure class=\"aligncenter size-full\"><img loading=\"lazy\" decoding=\"async\" width=\"642\" height=\"750\" src=\"https:\/\/dedemesquita.com.br\/wp-content\/uploads\/2023\/08\/WhatsApp-Image-2023-08-10-at-17.10.31.jpeg\" alt=\"\" class=\"wp-image-7111\"\/><figcaption class=\"wp-element-caption\">E depois da trabalheira toda, a baga\u00e7a [ops!], com Sancha Luna, Vanessa Fortes, Bruna Lima, Daleth Oliveira, Camila Azevedo, Mayra Leal, Anna Paula Mello, e at\u00e9 o S\u00e9rgio Ch\u00eane, meio escondidinho ali no fundo <\/figcaption><\/figure><\/div>","protected":false},"excerpt":{"rendered":"<p>Bel\u00e9m, 10 de agosto de 2023 &#8211; Na ter\u00e7a-feira, 7, e quarta-feira, 8, Bel\u00e9m sediou a &#8220;C\u00fapula da Amaz\u00f4nia&#8221;, evento logo em seguida ao evento &#8220;Di\u00e1logos Amaz\u00f4nicos&#8221;, que discutiu quest\u00f5es pertinentes \u00e0 regi\u00e3o amaz\u00f4nica, como desmatamento zero, desenvolvimento sustent\u00e1vel no bioma amaz\u00f4nico, mudan\u00e7as clim\u00e1ticas, sustentabilidade, preserva\u00e7\u00e3o da floresta, garimpo e outros mais. O local das [&hellip;]<\/p>\n","protected":false},"author":2,"featured_media":7080,"comment_status":"open","ping_status":"open","sticky":false,"template":"","format":"standard","meta":{"footnotes":""},"categories":[51,14,29],"tags":[181,119,120,144,145,427,150,197,137],"class_list":["post-7079","post","type-post","status-publish","format-standard","has-post-thumbnail","hentry","category-destaque","category-imprensa","category-jornalismo","tag-diario-do-para","tag-jornalismo","tag-jornalistas-paraenses-em-acao","tag-o-liberal","tag-rbatv","tag-secom-brasil","tag-secom-pa","tag-tv-cultura","tag-tv-liberal"],"yoast_head":"<!-- This site is optimized with the Yoast SEO plugin v19.10 - https:\/\/yoast.com\/wordpress\/plugins\/seo\/ -->\n<title>C\u00fapula da Amaz\u00f4nia se encerra em Bel\u00e9m com dois dias de muito trabalho da imprensa - Ded\u00e9 Mesquita<\/title>\n<meta name=\"robots\" content=\"index, follow, max-snippet:-1, max-image-preview:large, max-video-preview:-1\" \/>\n<link rel=\"canonical\" href=\"https:\/\/dedemesquita.com.br\/?p=7079\" \/>\n<meta property=\"og:locale\" content=\"pt_BR\" \/>\n<meta property=\"og:type\" content=\"article\" \/>\n<meta property=\"og:title\" content=\"C\u00fapula da Amaz\u00f4nia se encerra em Bel\u00e9m com dois dias de muito trabalho da imprensa - Ded\u00e9 Mesquita\" \/>\n<meta property=\"og:description\" content=\"Bel\u00e9m, 10 de agosto de 2023 &#8211; Na ter\u00e7a-feira, 7, e quarta-feira, 8, Bel\u00e9m sediou a &#8220;C\u00fapula da Amaz\u00f4nia&#8221;, evento logo em seguida ao evento &#8220;Di\u00e1logos Amaz\u00f4nicos&#8221;, que discutiu quest\u00f5es pertinentes \u00e0 regi\u00e3o amaz\u00f4nica, como desmatamento zero, desenvolvimento sustent\u00e1vel no bioma amaz\u00f4nico, mudan\u00e7as clim\u00e1ticas, sustentabilidade, preserva\u00e7\u00e3o da floresta, garimpo e outros mais. O local das [&hellip;]\" \/>\n<meta property=\"og:url\" content=\"https:\/\/dedemesquita.com.br\/?p=7079\" \/>\n<meta property=\"og:site_name\" content=\"Ded\u00e9 Mesquita\" \/>\n<meta property=\"article:publisher\" content=\"https:\/\/www.facebook.com\/dede.mesquita\" \/>\n<meta property=\"article:published_time\" content=\"2023-08-10T21:42:17+00:00\" \/>\n<meta property=\"article:modified_time\" content=\"2023-08-10T21:51:34+00:00\" \/>\n<meta property=\"og:image\" content=\"https:\/\/dedemesquita.com.br\/wp-content\/uploads\/2023\/08\/WhatsApp-Image-2023-08-09-at-18.34.43.jpeg\" \/>\n\t<meta property=\"og:image:width\" content=\"950\" \/>\n\t<meta property=\"og:image:height\" content=\"632\" \/>\n\t<meta property=\"og:image:type\" content=\"image\/jpeg\" \/>\n<meta name=\"author\" content=\"Ded\u00e9 Mesquita\" \/>\n<meta name=\"twitter:card\" content=\"summary_large_image\" \/>\n<meta name=\"twitter:creator\" content=\"@dedemesquita\" \/>\n<meta name=\"twitter:site\" content=\"@dedemesquita\" \/>\n<meta name=\"twitter:label1\" content=\"Escrito por\" \/>\n\t<meta name=\"twitter:data1\" content=\"Ded\u00e9 Mesquita\" \/>\n\t<meta name=\"twitter:label2\" content=\"Est. tempo de leitura\" \/>\n\t<meta name=\"twitter:data2\" content=\"3 minutos\" \/>\n<script type=\"application\/ld+json\" class=\"yoast-schema-graph\">{\"@context\":\"https:\/\/schema.org\",\"@graph\":[{\"@type\":\"WebPage\",\"@id\":\"https:\/\/dedemesquita.com.br\/?p=7079\",\"url\":\"https:\/\/dedemesquita.com.br\/?p=7079\",\"name\":\"C\u00fapula da Amaz\u00f4nia se encerra em Bel\u00e9m com dois dias de muito trabalho da imprensa - Ded\u00e9 Mesquita\",\"isPartOf\":{\"@id\":\"https:\/\/dedemesquita.com.br\/#website\"},\"datePublished\":\"2023-08-10T21:42:17+00:00\",\"dateModified\":\"2023-08-10T21:51:34+00:00\",\"author\":{\"@id\":\"https:\/\/dedemesquita.com.br\/#\/schema\/person\/36571f81dd2d76dc3ab37231542c9e24\"},\"breadcrumb\":{\"@id\":\"https:\/\/dedemesquita.com.br\/?p=7079#breadcrumb\"},\"inLanguage\":\"pt-BR\",\"potentialAction\":[{\"@type\":\"ReadAction\",\"target\":[\"https:\/\/dedemesquita.com.br\/?p=7079\"]}]},{\"@type\":\"BreadcrumbList\",\"@id\":\"https:\/\/dedemesquita.com.br\/?p=7079#breadcrumb\",\"itemListElement\":[{\"@type\":\"ListItem\",\"position\":1,\"name\":\"In\u00edcio\",\"item\":\"https:\/\/dedemesquita.com.br\/\"},{\"@type\":\"ListItem\",\"position\":2,\"name\":\"C\u00fapula da Amaz\u00f4nia se encerra em Bel\u00e9m com dois dias de muito trabalho da imprensa\"}]},{\"@type\":\"WebSite\",\"@id\":\"https:\/\/dedemesquita.com.br\/#website\",\"url\":\"https:\/\/dedemesquita.com.br\/\",\"name\":\"Ded\u00e9 Mesquita\",\"description\":\"Um site que mostra os bastidores da imprensa no estado do Par\u00e1 e em Bel\u00e9m\",\"potentialAction\":[{\"@type\":\"SearchAction\",\"target\":{\"@type\":\"EntryPoint\",\"urlTemplate\":\"https:\/\/dedemesquita.com.br\/?s={search_term_string}\"},\"query-input\":\"required name=search_term_string\"}],\"inLanguage\":\"pt-BR\"},{\"@type\":\"Person\",\"@id\":\"https:\/\/dedemesquita.com.br\/#\/schema\/person\/36571f81dd2d76dc3ab37231542c9e24\",\"name\":\"Ded\u00e9 Mesquita\",\"image\":{\"@type\":\"ImageObject\",\"inLanguage\":\"pt-BR\",\"@id\":\"https:\/\/dedemesquita.com.br\/#\/schema\/person\/image\/\",\"url\":\"https:\/\/dedemesquita.com.br\/wp-content\/uploads\/2021\/02\/foto_perfil-150x150.jpg\",\"contentUrl\":\"https:\/\/dedemesquita.com.br\/wp-content\/uploads\/2021\/02\/foto_perfil-150x150.jpg\",\"caption\":\"Ded\u00e9 Mesquita\"},\"sameAs\":[\"https:\/\/dedemesquita.com.br\"]}]}<\/script>\n<!-- \/ Yoast SEO plugin. -->","yoast_head_json":{"title":"C\u00fapula da Amaz\u00f4nia se encerra em Bel\u00e9m com dois dias de muito trabalho da imprensa - Ded\u00e9 Mesquita","robots":{"index":"index","follow":"follow","max-snippet":"max-snippet:-1","max-image-preview":"max-image-preview:large","max-video-preview":"max-video-preview:-1"},"canonical":"https:\/\/dedemesquita.com.br\/?p=7079","og_locale":"pt_BR","og_type":"article","og_title":"C\u00fapula da Amaz\u00f4nia se encerra em Bel\u00e9m com dois dias de muito trabalho da imprensa - Ded\u00e9 Mesquita","og_description":"Bel\u00e9m, 10 de agosto de 2023 &#8211; Na ter\u00e7a-feira, 7, e quarta-feira, 8, Bel\u00e9m sediou a &#8220;C\u00fapula da Amaz\u00f4nia&#8221;, evento logo em seguida ao evento &#8220;Di\u00e1logos Amaz\u00f4nicos&#8221;, que discutiu quest\u00f5es pertinentes \u00e0 regi\u00e3o amaz\u00f4nica, como desmatamento zero, desenvolvimento sustent\u00e1vel no bioma amaz\u00f4nico, mudan\u00e7as clim\u00e1ticas, sustentabilidade, preserva\u00e7\u00e3o da floresta, garimpo e outros mais. O local das [&hellip;]","og_url":"https:\/\/dedemesquita.com.br\/?p=7079","og_site_name":"Ded\u00e9 Mesquita","article_publisher":"https:\/\/www.facebook.com\/dede.mesquita","article_published_time":"2023-08-10T21:42:17+00:00","article_modified_time":"2023-08-10T21:51:34+00:00","og_image":[{"width":950,"height":632,"url":"https:\/\/dedemesquita.com.br\/wp-content\/uploads\/2023\/08\/WhatsApp-Image-2023-08-09-at-18.34.43.jpeg","type":"image\/jpeg"}],"author":"Ded\u00e9 Mesquita","twitter_card":"summary_large_image","twitter_creator":"@dedemesquita","twitter_site":"@dedemesquita","twitter_misc":{"Escrito por":"Ded\u00e9 Mesquita","Est. tempo de leitura":"3 minutos"},"schema":{"@context":"https:\/\/schema.org","@graph":[{"@type":"WebPage","@id":"https:\/\/dedemesquita.com.br\/?p=7079","url":"https:\/\/dedemesquita.com.br\/?p=7079","name":"C\u00fapula da Amaz\u00f4nia se encerra em Bel\u00e9m com dois dias de muito trabalho da imprensa - Ded\u00e9 Mesquita","isPartOf":{"@id":"https:\/\/dedemesquita.com.br\/#website"},"datePublished":"2023-08-10T21:42:17+00:00","dateModified":"2023-08-10T21:51:34+00:00","author":{"@id":"https:\/\/dedemesquita.com.br\/#\/schema\/person\/36571f81dd2d76dc3ab37231542c9e24"},"breadcrumb":{"@id":"https:\/\/dedemesquita.com.br\/?p=7079#breadcrumb"},"inLanguage":"pt-BR","potentialAction":[{"@type":"ReadAction","target":["https:\/\/dedemesquita.com.br\/?p=7079"]}]},{"@type":"BreadcrumbList","@id":"https:\/\/dedemesquita.com.br\/?p=7079#breadcrumb","itemListElement":[{"@type":"ListItem","position":1,"name":"In\u00edcio","item":"https:\/\/dedemesquita.com.br\/"},{"@type":"ListItem","position":2,"name":"C\u00fapula da Amaz\u00f4nia se encerra em Bel\u00e9m com dois dias de muito trabalho da imprensa"}]},{"@type":"WebSite","@id":"https:\/\/dedemesquita.com.br\/#website","url":"https:\/\/dedemesquita.com.br\/","name":"Ded\u00e9 Mesquita","description":"Um site que mostra os bastidores da imprensa no estado do Par\u00e1 e em Bel\u00e9m","potentialAction":[{"@type":"SearchAction","target":{"@type":"EntryPoint","urlTemplate":"https:\/\/dedemesquita.com.br\/?s={search_term_string}"},"query-input":"required name=search_term_string"}],"inLanguage":"pt-BR"},{"@type":"Person","@id":"https:\/\/dedemesquita.com.br\/#\/schema\/person\/36571f81dd2d76dc3ab37231542c9e24","name":"Ded\u00e9 Mesquita","image":{"@type":"ImageObject","inLanguage":"pt-BR","@id":"https:\/\/dedemesquita.com.br\/#\/schema\/person\/image\/","url":"https:\/\/dedemesquita.com.br\/wp-content\/uploads\/2021\/02\/foto_perfil-150x150.jpg","contentUrl":"https:\/\/dedemesquita.com.br\/wp-content\/uploads\/2021\/02\/foto_perfil-150x150.jpg","caption":"Ded\u00e9 Mesquita"},"sameAs":["https:\/\/dedemesquita.com.br"]}]}},"_links":{"self":[{"href":"https:\/\/dedemesquita.com.br\/index.php?rest_route=\/wp\/v2\/posts\/7079"}],"collection":[{"href":"https:\/\/dedemesquita.com.br\/index.php?rest_route=\/wp\/v2\/posts"}],"about":[{"href":"https:\/\/dedemesquita.com.br\/index.php?rest_route=\/wp\/v2\/types\/post"}],"author":[{"embeddable":true,"href":"https:\/\/dedemesquita.com.br\/index.php?rest_route=\/wp\/v2\/users\/2"}],"replies":[{"embeddable":true,"href":"https:\/\/dedemesquita.com.br\/index.php?rest_route=%2Fwp%2Fv2%2Fcomments&post=7079"}],"version-history":[{"count":4,"href":"https:\/\/dedemesquita.com.br\/index.php?rest_route=\/wp\/v2\/posts\/7079\/revisions"}],"predecessor-version":[{"id":7114,"href":"https:\/\/dedemesquita.com.br\/index.php?rest_route=\/wp\/v2\/posts\/7079\/revisions\/7114"}],"wp:featuredmedia":[{"embeddable":true,"href":"https:\/\/dedemesquita.com.br\/index.php?rest_route=\/wp\/v2\/media\/7080"}],"wp:attachment":[{"href":"https:\/\/dedemesquita.com.br\/index.php?rest_route=%2Fwp%2Fv2%2Fmedia&parent=7079"}],"wp:term":[{"taxonomy":"category","embeddable":true,"href":"https:\/\/dedemesquita.com.br\/index.php?rest_route=%2Fwp%2Fv2%2Fcategories&post=7079"},{"taxonomy":"post_tag","embeddable":true,"href":"https:\/\/dedemesquita.com.br\/index.php?rest_route=%2Fwp%2Fv2%2Ftags&post=7079"}],"curies":[{"name":"wp","href":"https:\/\/api.w.org\/{rel}","templated":true}]}}